{"id":191233,"date":"2026-01-22T08:00:31","date_gmt":"2026-01-22T07:00:31","guid":{"rendered":"https:\/\/graziamagazine.com\/es\/?post_type=articles&#038;p=191233"},"modified":"2026-01-22T04:25:50","modified_gmt":"2026-01-22T03:25:50","slug":"los-mejores-looks-del-desfile-masculino-de-dior-fw26","status":"publish","type":"articles","link":"https:\/\/graziamagazine.com\/es\/articles\/los-mejores-looks-del-desfile-masculino-de-dior-fw26\/","title":{"rendered":"Los mejores looks del desfile masculino de Dior FW26"},"content":{"rendered":"<p>En su segundo desfile de Dior Men\u2019s Winter 2026-27, Jonathan Anderson recorre la historia con una perspectiva de la alta costura del dise\u00f1ador Paul Poiret y lo reinterpreta al lenguaje de hoy. Sastrer\u00eda precia, prendas exteriores con dramatismo, y una l\u00ednea difuminando los l\u00edmites entre lo masculino y lo femenino muestra el presente de Anderson con elegancia (y mucha audacia para el mercado actual). En esta mezcla explosiva, punk, oriental y arist\u00f3crata, hay una lectura juguetona en los c\u00f3digos de Dior por parte de su nuevo director creativo.<\/p>\n<h3>PRIMER LOOK<\/h3>\n<figure id=\"attachment_165013\" class=\"wp-caption alignnone\" style=\"width: 900px\" aria-describedby=\"caption-attachment-165013\"><img loading=\"lazy\" decoding=\"async\" class=\"wp-image-165013 size-full\" src=\"https:\/\/graziamagazine.com\/mx\/wp-content\/uploads\/sites\/13\/2026\/01\/top-10-looks-del-desfile-de-dior-aw26-9.jpg\" alt=\"Top 10 looks del desfile de Dior AW26\" width=\"900\" height=\"1200\" \/><\/figure>\n<p>El look de apertura de la colecci\u00f3n Dior Oto\u00f1o\/Invierno 2026 fue un tributo rendido al legendario modisto Paul Poiret. Anderson elabor\u00f3 este look de abertura basado en un vestido de gala de Poiret de 1925,<\/p>\n<h3>SEGUNDO LOOK DE POIRET<\/h3>\n<figure id=\"attachment_165005\" class=\"wp-caption alignnone\" style=\"width: 900px\" aria-describedby=\"caption-attachment-165005\"><img loading=\"lazy\" decoding=\"async\" class=\"wp-image-165005 size-full\" src=\"https:\/\/graziamagazine.com\/mx\/wp-content\/uploads\/sites\/13\/2026\/01\/top-10-looks-del-desfile-de-dior-aw26-1.jpg\" alt=\"Top 10 looks del desfile de Dior AW26\" width=\"900\" height=\"1200\" \/><\/figure>\n<p>Jonathan Anderson disuelve con \u00e9xito las barreras de g\u00e9nero de la moda moderna, demostrando c\u00f3mo las referencias de archivo pueden transformarse en algo de relevancia hoy en d\u00eda.<\/p>\n<h3>ARISTOCRACIA CON ESP\u00cdRITU DIOR<\/h3>\n<figure id=\"attachment_165012\" class=\"wp-caption alignnone\" style=\"width: 792px\" aria-describedby=\"caption-attachment-165012\"><img loading=\"lazy\" decoding=\"async\" class=\"wp-image-165012 size-full\" src=\"https:\/\/graziamagazine.com\/mx\/wp-content\/uploads\/sites\/13\/2026\/01\/top-10-looks-del-desfile-de-dior-aw26-8-e1769051462388.jpg\" alt=\"Top 10 looks del desfile de Dior AW26\" width=\"792\" height=\"1178\" \/><\/figure>\n<p>En la colecci\u00f3n se presume un choque de referencias bastante fuerte, tanto que, dice Anderson, \u201cest\u00e1 impulsada por la acci\u00f3n por este descubrimiento, esta joven aristocracia con esp\u00edritu Dior establece nuevas conexiones estil\u00edsticas\u201d, seg\u00fan apuntan varios medios de moda.<\/p>\n<h3>MODA EXUBERANTE<\/h3>\n<figure id=\"attachment_165014\" class=\"wp-caption alignnone\" style=\"width: 810px\" aria-describedby=\"caption-attachment-165014\"><img loading=\"lazy\" decoding=\"async\" class=\"wp-image-165014 size-full\" src=\"https:\/\/graziamagazine.com\/mx\/wp-content\/uploads\/sites\/13\/2026\/01\/top-10-looks-del-desfile-de-dior-aw26-10-e1769051493831.jpg\" alt=\"Top 10 looks del desfile de Dior AW26\" width=\"810\" height=\"1180\" \/><\/figure>\n<p>Por un lado hay gui\u00f1os de Glam Rock, con maximalismo desenfadado, y por otro est\u00e1 presente la sastrer\u00eda que impone el mercado.<\/p>\n<h3>NUEVAS PROPORCIONES<\/h3>\n<figure id=\"attachment_165008\" class=\"wp-caption alignnone\" style=\"width: 900px\" aria-describedby=\"caption-attachment-165008\"><img loading=\"lazy\" decoding=\"async\" class=\"wp-image-165008 size-full\" src=\"https:\/\/graziamagazine.com\/mx\/wp-content\/uploads\/sites\/13\/2026\/01\/top-10-looks-del-desfile-de-dior-aw26-4.jpg\" alt=\"Top 10 looks del desfile de Dior AW26\" width=\"900\" height=\"1200\" \/><\/figure>\n<p>Los looks de traje se sit\u00faan entre la sastrer\u00eda relajada y las proporciones exageradas, ilustrando el rango de Anderson en lo que respecta a la moda de hoy en d\u00eda.<\/p>\n<h3>NUEVO ESTILISMO<\/h3>\n<figure id=\"attachment_165007\" class=\"wp-caption alignnone\" style=\"width: 900px\" aria-describedby=\"caption-attachment-165007\"><img loading=\"lazy\" decoding=\"async\" class=\"wp-image-165007 size-full\" src=\"https:\/\/graziamagazine.com\/mx\/wp-content\/uploads\/sites\/13\/2026\/01\/top-10-looks-del-desfile-de-dior-aw26-3.jpg\" alt=\"Top 10 looks del desfile de Dior AW26\" width=\"900\" height=\"1200\" \/><\/figure>\n<p>El gui\u00f1o fue sutil entre ciertos dise\u00f1os, con un toque de estructura y uso de tejidos que se sienten <em>cozy<\/em>.<\/p>\n<h3>SASTRER\u00cdA EN VANGUARDIA<\/h3>\n<figure id=\"attachment_165006\" class=\"wp-caption alignnone\" style=\"width: 900px\" aria-describedby=\"caption-attachment-165006\"><img loading=\"lazy\" decoding=\"async\" class=\"wp-image-165006 size-full\" src=\"https:\/\/graziamagazine.com\/mx\/wp-content\/uploads\/sites\/13\/2026\/01\/top-10-looks-del-desfile-de-dior-aw26-2.jpg\" alt=\"Top 10 looks del desfile de Dior AW26\" width=\"900\" height=\"1200\" \/><\/figure>\n<p>Con chaquetas de esmoquin cortas de un solo bot\u00f3n, solapas redondeadas y un cuello victoriano plisado, Anderson juega con este traje b\u00e1sico y redefine sus reglas.<\/p>\n<h3>MINI Y MAXI<\/h3>\n<figure id=\"attachment_165009\" class=\"wp-caption alignnone\" style=\"width: 900px\" aria-describedby=\"caption-attachment-165009\"><img loading=\"lazy\" decoding=\"async\" class=\"wp-image-165009 size-full\" src=\"https:\/\/graziamagazine.com\/mx\/wp-content\/uploads\/sites\/13\/2026\/01\/top-10-looks-del-desfile-de-dior-aw26-5.jpg\" alt=\"Top 10 looks del desfile de Dior AW26\" width=\"900\" height=\"1200\" \/><\/figure>\n<p>Las enormes mangas de faux fur en tonos jaspeados se vuelven partidarios en la nueva esencia invernal de Anderson.<\/p>\n<h3>MILITARISMO EST\u00c9TICO<\/h3>\n<figure id=\"attachment_165010\" class=\"wp-caption alignnone\" style=\"width: 900px\" aria-describedby=\"caption-attachment-165010\"><img loading=\"lazy\" decoding=\"async\" class=\"wp-image-165010 size-full\" src=\"https:\/\/graziamagazine.com\/mx\/wp-content\/uploads\/sites\/13\/2026\/01\/top-10-looks-del-desfile-de-dior-aw26-6.jpg\" alt=\"Top 10 looks del desfile de Dior AW26\" width=\"900\" height=\"1200\" \/><\/figure>\n<p>El hombre Dior de esta muestra combina elementos de uniforme militar con accesorios disruptivos.<\/p>\n<h3>THE DRAMA LOOK<\/h3>\n<figure id=\"attachment_165011\" class=\"wp-caption alignnone\" style=\"width: 900px\" aria-describedby=\"caption-attachment-165011\"><img loading=\"lazy\" decoding=\"async\" class=\"wp-image-165011 size-full\" src=\"https:\/\/graziamagazine.com\/mx\/wp-content\/uploads\/sites\/13\/2026\/01\/top-10-looks-del-desfile-de-dior-aw26-7.jpg\" alt=\"Top 10 looks del desfile de Dior AW26\" width=\"900\" height=\"1200\" \/><\/figure>\n<p>Los looks imponentes se vuelven imprescindibles en la colecci\u00f3n, con juego de capas y texturas para crear un nuevo di\u00e1logo entre lo cl\u00e1sico de la casa Dior y el surrealismo contempor\u00e1neo de Anderson.<\/p>\n<p><em>*Im\u00e1genes: cortes\u00eda<\/em><\/p>\n","protected":false},"author":16349,"featured_media":191236,"template":"","format":"standard","categories":[1],"acf":[],"yoast_head":"<!-- This site is optimized with the Yoast SEO Premium plugin v18.5 (Yoast SEO v20.4) - https:\/\/yoast.com\/wordpress\/plugins\/seo\/ -->\n<title>Los mejores looks del desfile masculino de Dior FW26<\/title>\n<meta name=\"description\" content=\"La segunda colecci\u00f3n masculina de Jonathan Anderson para la maison deja claro c\u00f3mo es el nuevo hombre Dior que brilla.\" \/>\n<meta name=\"robots\" content=\"index, follow, max-snippet:-1, max-image-preview:large, max-video-preview:-1\" \/>\n<link rel=\"canonical\" href=\"https:\/\/graziamagazine.com\/es\/articles\/los-mejores-looks-del-desfile-masculino-de-dior-fw26\/\" \/>\n<meta property=\"og:locale\" content=\"es_ES\" \/>\n<meta property=\"og:type\" content=\"article\" \/>\n<meta property=\"og:title\" content=\"Los mejores looks del desfile masculino de Dior FW26\" \/>\n<meta property=\"og:description\" content=\"La segunda colecci\u00f3n masculina de Jonathan Anderson para la maison deja claro c\u00f3mo es el nuevo hombre Dior que brilla.\" \/>\n<meta property=\"og:url\" content=\"https:\/\/graziamagazine.com\/es\/articles\/los-mejores-looks-del-desfile-masculino-de-dior-fw26\/\" \/>\n<meta property=\"og:site_name\" content=\"Grazia\" \/>\n<meta property=\"article:modified_time\" content=\"2026-01-22T03:25:50+00:00\" \/>\n<meta property=\"og:image\" content=\"https:\/\/graziamagazine.com\/es\/wp-content\/uploads\/sites\/12\/2026\/01\/DIOR_W_26_27_FINALE.jpg\" \/>\n\t<meta property=\"og:image:width\" content=\"740\" \/>\n\t<meta property=\"og:image:height\" content=\"475\" \/>\n\t<meta property=\"og:image:type\" content=\"image\/jpeg\" \/>\n<meta name=\"twitter:card\" content=\"summary_large_image\" \/>\n<meta name=\"twitter:label1\" content=\"Est. reading time\" \/>\n\t<meta name=\"twitter:data1\" content=\"4 minutos\" \/>\n<script type=\"application\/ld+json\" class=\"yoast-schema-graph\">{\"@context\":\"https:\/\/schema.org\",\"@graph\":[{\"@type\":\"WebPage\",\"@id\":\"https:\/\/graziamagazine.com\/es\/articles\/los-mejores-looks-del-desfile-masculino-de-dior-fw26\/\",\"url\":\"https:\/\/graziamagazine.com\/es\/articles\/los-mejores-looks-del-desfile-masculino-de-dior-fw26\/\",\"name\":\"Los mejores looks del desfile masculino de Dior FW26\",\"isPartOf\":{\"@id\":\"https:\/\/graziamagazine.com\/es\/#website\"},\"datePublished\":\"2026-01-22T07:00:31+00:00\",\"dateModified\":\"2026-01-22T03:25:50+00:00\",\"description\":\"La segunda colecci\u00f3n masculina de Jonathan Anderson para la maison deja claro c\u00f3mo es el nuevo hombre Dior que brilla.\",\"breadcrumb\":{\"@id\":\"https:\/\/graziamagazine.com\/es\/articles\/los-mejores-looks-del-desfile-masculino-de-dior-fw26\/#breadcrumb\"},\"inLanguage\":\"es\",\"potentialAction\":[{\"@type\":\"ReadAction\",\"target\":[\"https:\/\/graziamagazine.com\/es\/articles\/los-mejores-looks-del-desfile-masculino-de-dior-fw26\/\"]}]},{\"@type\":\"BreadcrumbList\",\"@id\":\"https:\/\/graziamagazine.com\/es\/articles\/los-mejores-looks-del-desfile-masculino-de-dior-fw26\/#breadcrumb\",\"itemListElement\":[{\"@type\":\"ListItem\",\"position\":1,\"name\":\"Portada\",\"item\":\"https:\/\/graziamagazine.com\/es\/\"},{\"@type\":\"ListItem\",\"position\":2,\"name\":\"Los mejores looks del desfile masculino de Dior FW26\"}]},{\"@type\":\"WebSite\",\"@id\":\"https:\/\/graziamagazine.com\/es\/#website\",\"url\":\"https:\/\/graziamagazine.com\/es\/\",\"name\":\"Grazia\",\"description\":\"Moda, belleza, celebrities, estilo de vida...\",\"potentialAction\":[{\"@type\":\"SearchAction\",\"target\":{\"@type\":\"EntryPoint\",\"urlTemplate\":\"https:\/\/graziamagazine.com\/es\/?s={search_term_string}\"},\"query-input\":\"required name=search_term_string\"}],\"inLanguage\":\"es\"}]}<\/script>\n<!-- \/ Yoast SEO Premium plugin. -->","yoast_head_json":{"title":"Los mejores looks del desfile masculino de Dior FW26","description":"La segunda colecci\u00f3n masculina de Jonathan Anderson para la maison deja claro c\u00f3mo es el nuevo hombre Dior que brilla.","robots":{"index":"index","follow":"follow","max-snippet":"max-snippet:-1","max-image-preview":"max-image-preview:large","max-video-preview":"max-video-preview:-1"},"canonical":"https:\/\/graziamagazine.com\/es\/articles\/los-mejores-looks-del-desfile-masculino-de-dior-fw26\/","og_locale":"es_ES","og_type":"article","og_title":"Los mejores looks del desfile masculino de Dior FW26","og_description":"La segunda colecci\u00f3n masculina de Jonathan Anderson para la maison deja claro c\u00f3mo es el nuevo hombre Dior que brilla.","og_url":"https:\/\/graziamagazine.com\/es\/articles\/los-mejores-looks-del-desfile-masculino-de-dior-fw26\/","og_site_name":"Grazia","article_modified_time":"2026-01-22T03:25:50+00:00","og_image":[{"width":740,"height":475,"url":"https:\/\/graziamagazine.com\/es\/wp-content\/uploads\/sites\/12\/2026\/01\/DIOR_W_26_27_FINALE.jpg","type":"image\/jpeg"}],"twitter_card":"summary_large_image","twitter_misc":{"Est. reading time":"4 minutos"},"schema":{"@context":"https:\/\/schema.org","@graph":[{"@type":"WebPage","@id":"https:\/\/graziamagazine.com\/es\/articles\/los-mejores-looks-del-desfile-masculino-de-dior-fw26\/","url":"https:\/\/graziamagazine.com\/es\/articles\/los-mejores-looks-del-desfile-masculino-de-dior-fw26\/","name":"Los mejores looks del desfile masculino de Dior FW26","isPartOf":{"@id":"https:\/\/graziamagazine.com\/es\/#website"},"datePublished":"2026-01-22T07:00:31+00:00","dateModified":"2026-01-22T03:25:50+00:00","description":"La segunda colecci\u00f3n masculina de Jonathan Anderson para la maison deja claro c\u00f3mo es el nuevo hombre Dior que brilla.","breadcrumb":{"@id":"https:\/\/graziamagazine.com\/es\/articles\/los-mejores-looks-del-desfile-masculino-de-dior-fw26\/#breadcrumb"},"inLanguage":"es","potentialAction":[{"@type":"ReadAction","target":["https:\/\/graziamagazine.com\/es\/articles\/los-mejores-looks-del-desfile-masculino-de-dior-fw26\/"]}]},{"@type":"BreadcrumbList","@id":"https:\/\/graziamagazine.com\/es\/articles\/los-mejores-looks-del-desfile-masculino-de-dior-fw26\/#breadcrumb","itemListElement":[{"@type":"ListItem","position":1,"name":"Portada","item":"https:\/\/graziamagazine.com\/es\/"},{"@type":"ListItem","position":2,"name":"Los mejores looks del desfile masculino de Dior FW26"}]},{"@type":"WebSite","@id":"https:\/\/graziamagazine.com\/es\/#website","url":"https:\/\/graziamagazine.com\/es\/","name":"Grazia","description":"Moda, belleza, celebrities, estilo de vida...","potentialAction":[{"@type":"SearchAction","target":{"@type":"EntryPoint","urlTemplate":"https:\/\/graziamagazine.com\/es\/?s={search_term_string}"},"query-input":"required name=search_term_string"}],"inLanguage":"es"}]}},"jetpack_sharing_enabled":true,"distributor_meta":false,"distributor_terms":false,"distributor_media":false,"distributor_original_site_name":"Grazia","distributor_original_site_url":"https:\/\/graziamagazine.com\/es","push-errors":false,"_links":{"self":[{"href":"https:\/\/graziamagazine.com\/es\/wp-json\/wp\/v2\/articles\/191233"}],"collection":[{"href":"https:\/\/graziamagazine.com\/es\/wp-json\/wp\/v2\/articles"}],"about":[{"href":"https:\/\/graziamagazine.com\/es\/wp-json\/wp\/v2\/types\/articles"}],"author":[{"embeddable":true,"href":"https:\/\/graziamagazine.com\/es\/wp-json\/wp\/v2\/users\/16349"}],"wp:featuredmedia":[{"embeddable":true,"href":"https:\/\/graziamagazine.com\/es\/wp-json\/wp\/v2\/media\/191236"}],"wp:attachment":[{"href":"https:\/\/graziamagazine.com\/es\/wp-json\/wp\/v2\/media?parent=191233"}],"wp:term":[{"taxonomy":"category","embeddable":true,"href":"https:\/\/graziamagazine.com\/es\/wp-json\/wp\/v2\/categories?post=191233"}],"curies":[{"name":"wp","href":"https:\/\/api.w.org\/{rel}","templated":true}]}}