{"id":191226,"date":"2026-01-21T13:06:15","date_gmt":"2026-01-21T12:06:15","guid":{"rendered":"https:\/\/graziamagazine.com\/es\/?post_type=articles&#038;p=191226"},"modified":"2026-01-21T13:06:15","modified_gmt":"2026-01-21T12:06:15","slug":"jennifer-connelly-musa-de-la-coleccion-ss26-de-louis-vuitton","status":"publish","type":"articles","link":"https:\/\/graziamagazine.com\/es\/articles\/jennifer-connelly-musa-de-la-coleccion-ss26-de-louis-vuitton\/","title":{"rendered":"Jennifer Connelly, musa de la colecci\u00f3n SS26 de Louis Vuitton"},"content":{"rendered":"<p class=\"x_MsoNormal\">Fotografiada por Cass Bird, la campa\u00f1a captura la esencia misma del desfile de Nicolas Ghesqui\u00e8re, Director Art\u00edstico de las Colecciones Femeninas, que tuvo lugar en los apartamentos de verano de Ana de Austria dentro del Louvre. La colecci\u00f3n celebra el arte de vivir, la intimidad y la libertad sin l\u00edmites del \u00e1mbito privado.<\/p>\n<p class=\"x_MsoNormal\">Jennifer Connelly, ba\u00f1ada por el suave resplandor de su refugio personal, encarna la esencia de la colecci\u00f3n. Capturada en momentos de serena reflexi\u00f3n, absorta en las p\u00e1ginas de un libro querido, luce las texturas refinadas y las draper\u00edas fluidas de la colecci\u00f3n como una segunda piel, con prendas que evocan confort y una feminidad innegable. Jennifer Connelly protagoniza la campa\u00f1a con una serie de siluetas y conjuntos inspirados en la lencer\u00eda, con cascadas blancas y rosas que evocan cortinas drapeadas con pliegues y dobleces.<\/p>\n<p><img loading=\"lazy\" decoding=\"async\" class=\"aligncenter size-full wp-image-191229\" src=\"https:\/\/graziamagazine.com\/es\/wp-content\/uploads\/sites\/12\/2026\/01\/Jennifer_Connelly_1-copia-e1768997069207.jpeg\" alt=\"\" width=\"897\" height=\"1031\" srcset=\"https:\/\/graziamagazine.com\/es\/wp-content\/uploads\/sites\/12\/2026\/01\/Jennifer_Connelly_1-copia-e1768997069207.jpeg 897w, https:\/\/graziamagazine.com\/es\/wp-content\/uploads\/sites\/12\/2026\/01\/Jennifer_Connelly_1-copia-e1768997069207-261x300.jpeg 261w, https:\/\/graziamagazine.com\/es\/wp-content\/uploads\/sites\/12\/2026\/01\/Jennifer_Connelly_1-copia-e1768997069207-891x1024.jpeg 891w, https:\/\/graziamagazine.com\/es\/wp-content\/uploads\/sites\/12\/2026\/01\/Jennifer_Connelly_1-copia-e1768997069207-768x883.jpeg 768w, https:\/\/graziamagazine.com\/es\/wp-content\/uploads\/sites\/12\/2026\/01\/Jennifer_Connelly_1-copia-e1768997069207-400x460.jpeg 400w, https:\/\/graziamagazine.com\/es\/wp-content\/uploads\/sites\/12\/2026\/01\/Jennifer_Connelly_1-copia-e1768997069207-155x178.jpeg 155w\" sizes=\"(max-width: 897px) 100vw, 897px\" \/><\/p>\n<p class=\"x_MsoNormal\">Los conjuntos en blanco, por su parte, recuerdan la facilidad de los voluminosos lienzos de cama, s\u00edmbolo de la suavidad y la serenidad del espacio femenino. Adem\u00e1s, los bordados florales con flecos celebran el meticuloso\u00a0<i>savoir-faire<\/i>\u00a0de la Maison, mientras que las formas arquitect\u00f3nicas encarnan la direcci\u00f3n art\u00edstica de Nicolas Ghesqui\u00e8re.<\/p>\n<p><img loading=\"lazy\" decoding=\"async\" class=\"aligncenter size-full wp-image-191228\" src=\"https:\/\/graziamagazine.com\/es\/wp-content\/uploads\/sites\/12\/2026\/01\/Jennifer_Connelly_3-copia-e1768997094313.jpeg\" alt=\"\" width=\"1811\" height=\"1015\" srcset=\"https:\/\/graziamagazine.com\/es\/wp-content\/uploads\/sites\/12\/2026\/01\/Jennifer_Connelly_3-copia-e1768997094313.jpeg 1811w, https:\/\/graziamagazine.com\/es\/wp-content\/uploads\/sites\/12\/2026\/01\/Jennifer_Connelly_3-copia-e1768997094313-300x168.jpeg 300w, https:\/\/graziamagazine.com\/es\/wp-content\/uploads\/sites\/12\/2026\/01\/Jennifer_Connelly_3-copia-e1768997094313-1024x574.jpeg 1024w, https:\/\/graziamagazine.com\/es\/wp-content\/uploads\/sites\/12\/2026\/01\/Jennifer_Connelly_3-copia-e1768997094313-768x430.jpeg 768w, https:\/\/graziamagazine.com\/es\/wp-content\/uploads\/sites\/12\/2026\/01\/Jennifer_Connelly_3-copia-e1768997094313-1536x861.jpeg 1536w, https:\/\/graziamagazine.com\/es\/wp-content\/uploads\/sites\/12\/2026\/01\/Jennifer_Connelly_3-copia-e1768997094313-400x224.jpeg 400w, https:\/\/graziamagazine.com\/es\/wp-content\/uploads\/sites\/12\/2026\/01\/Jennifer_Connelly_3-copia-e1768997094313-155x87.jpeg 155w\" sizes=\"(max-width: 1811px) 100vw, 1811px\" \/><\/p>\n<p class=\"x_MsoNormal\">El bolso Express, una evoluci\u00f3n diaria y femenina del legendario Speedy, transformado ahora en un compa\u00f1ero flexible para la viajera urbana, se presenta en una paleta de tonos coloridos como Rose Atomic y Vanille. A su vez, el Squire, en la estela del Alma \u2014tambi\u00e9n nacido de la transformaci\u00f3n de un accesorio de viaje, el neceser\u2014 se reinterpreta como un bolso femenino en Monogram, mientras que el No\u00e9 Trunk incorpora el encanto de los detalles r\u00edgidos en las esquinas. La colecci\u00f3n marca una gran expansi\u00f3n de una l\u00ednea de nuevas formas e iconos revitalizados.<\/p>\n<p><img loading=\"lazy\" decoding=\"async\" class=\"aligncenter size-full wp-image-191230\" src=\"https:\/\/graziamagazine.com\/es\/wp-content\/uploads\/sites\/12\/2026\/01\/Jennifer_Connelly_2-copia-scaled-e1768997124700.jpeg\" alt=\"\" width=\"1949\" height=\"2222\" srcset=\"https:\/\/graziamagazine.com\/es\/wp-content\/uploads\/sites\/12\/2026\/01\/Jennifer_Connelly_2-copia-scaled-e1768997124700.jpeg 1949w, https:\/\/graziamagazine.com\/es\/wp-content\/uploads\/sites\/12\/2026\/01\/Jennifer_Connelly_2-copia-scaled-e1768997124700-263x300.jpeg 263w, https:\/\/graziamagazine.com\/es\/wp-content\/uploads\/sites\/12\/2026\/01\/Jennifer_Connelly_2-copia-scaled-e1768997124700-898x1024.jpeg 898w, https:\/\/graziamagazine.com\/es\/wp-content\/uploads\/sites\/12\/2026\/01\/Jennifer_Connelly_2-copia-scaled-e1768997124700-768x876.jpeg 768w, https:\/\/graziamagazine.com\/es\/wp-content\/uploads\/sites\/12\/2026\/01\/Jennifer_Connelly_2-copia-scaled-e1768997124700-1347x1536.jpeg 1347w, https:\/\/graziamagazine.com\/es\/wp-content\/uploads\/sites\/12\/2026\/01\/Jennifer_Connelly_2-copia-scaled-e1768997124700-1796x2048.jpeg 1796w, https:\/\/graziamagazine.com\/es\/wp-content\/uploads\/sites\/12\/2026\/01\/Jennifer_Connelly_2-copia-scaled-e1768997124700-400x456.jpeg 400w, https:\/\/graziamagazine.com\/es\/wp-content\/uploads\/sites\/12\/2026\/01\/Jennifer_Connelly_2-copia-scaled-e1768997124700-155x177.jpeg 155w\" sizes=\"(max-width: 1949px) 100vw, 1949px\" \/><\/p>\n<p>La <span data-olk-copy-source=\"MessageBody\">colecci\u00f3n de joyer\u00eda LV Cube, inspirada en el hist\u00f3rico juego Pateki de Gaston\u00a0<span class=\"markey9h6wn3t\" data-markjs=\"true\" data-ogac=\"\" data-ogab=\"\" data-ogsc=\"\" data-ogsb=\"\">Vuitton<\/span>\u00a0y entrelazada con la emblem\u00e1tica firma Damier, invita a explorar el arte de la superposici\u00f3n, introduciendo una nueva gama en plata. Por \u00faltimo, surge la Sneakerina, que encarna la idea de la musa moderna y reimagina el calzado a trav\u00e9s de un equilibrio l\u00fadico y elegante que apuesta por la comodidad y la gracia, en versiones coloridas o en tonos lisos blanco, marr\u00f3n o negro, complementando los mules Haven.<\/span><\/p>\n<p><em>*Im\u00e1genes: cortes\u00eda<\/em><\/p>\n","protected":false},"author":11653,"featured_media":191227,"template":"","format":"standard","categories":[1],"acf":[],"yoast_head":"<!-- This site is optimized with the Yoast SEO Premium plugin v18.5 (Yoast SEO v20.4) - https:\/\/yoast.com\/wordpress\/plugins\/seo\/ -->\n<title>Jennifer Connelly, musa de la colecci\u00f3n SS26 de Louis Vuitton<\/title>\n<meta name=\"description\" content=\"La actriz y embajadora de la Maison protagoniza la campa\u00f1a m\u00e1s reciente fotografiada por Cass Bird y con el color del a\u00f1o como protagonista.\" \/>\n<meta name=\"robots\" content=\"index, follow, max-snippet:-1, max-image-preview:large, max-video-preview:-1\" \/>\n<link rel=\"canonical\" href=\"https:\/\/graziamagazine.com\/es\/articles\/jennifer-connelly-musa-de-la-coleccion-ss26-de-louis-vuitton\/\" \/>\n<meta property=\"og:locale\" content=\"es_ES\" \/>\n<meta property=\"og:type\" content=\"article\" \/>\n<meta property=\"og:title\" content=\"Jennifer Connelly, musa de la colecci\u00f3n SS26 de Louis Vuitton\" \/>\n<meta property=\"og:description\" content=\"La actriz y embajadora de la Maison protagoniza la campa\u00f1a m\u00e1s reciente fotografiada por Cass Bird y con el color del a\u00f1o como protagonista.\" \/>\n<meta property=\"og:url\" content=\"https:\/\/graziamagazine.com\/es\/articles\/jennifer-connelly-musa-de-la-coleccion-ss26-de-louis-vuitton\/\" \/>\n<meta property=\"og:site_name\" content=\"Grazia\" \/>\n<meta property=\"og:image\" content=\"https:\/\/graziamagazine.com\/es\/wp-content\/uploads\/sites\/12\/2026\/01\/Jennifer_Connelly_4-copia-e1768996839842.jpeg\" \/>\n\t<meta property=\"og:image:width\" content=\"1808\" \/>\n\t<meta property=\"og:image:height\" content=\"1015\" \/>\n\t<meta property=\"og:image:type\" content=\"image\/jpeg\" \/>\n<meta name=\"twitter:card\" content=\"summary_large_image\" \/>\n<meta name=\"twitter:label1\" content=\"Est. reading time\" \/>\n\t<meta name=\"twitter:data1\" content=\"3 minutos\" \/>\n<script type=\"application\/ld+json\" class=\"yoast-schema-graph\">{\"@context\":\"https:\/\/schema.org\",\"@graph\":[{\"@type\":\"WebPage\",\"@id\":\"https:\/\/graziamagazine.com\/es\/articles\/jennifer-connelly-musa-de-la-coleccion-ss26-de-louis-vuitton\/\",\"url\":\"https:\/\/graziamagazine.com\/es\/articles\/jennifer-connelly-musa-de-la-coleccion-ss26-de-louis-vuitton\/\",\"name\":\"Jennifer Connelly, musa de la colecci\u00f3n SS26 de Louis Vuitton\",\"isPartOf\":{\"@id\":\"https:\/\/graziamagazine.com\/es\/#website\"},\"datePublished\":\"2026-01-21T12:06:15+00:00\",\"dateModified\":\"2026-01-21T12:06:15+00:00\",\"description\":\"La actriz y embajadora de la Maison protagoniza la campa\u00f1a m\u00e1s reciente fotografiada por Cass Bird y con el color del a\u00f1o como protagonista.\",\"breadcrumb\":{\"@id\":\"https:\/\/graziamagazine.com\/es\/articles\/jennifer-connelly-musa-de-la-coleccion-ss26-de-louis-vuitton\/#breadcrumb\"},\"inLanguage\":\"es\",\"potentialAction\":[{\"@type\":\"ReadAction\",\"target\":[\"https:\/\/graziamagazine.com\/es\/articles\/jennifer-connelly-musa-de-la-coleccion-ss26-de-louis-vuitton\/\"]}]},{\"@type\":\"BreadcrumbList\",\"@id\":\"https:\/\/graziamagazine.com\/es\/articles\/jennifer-connelly-musa-de-la-coleccion-ss26-de-louis-vuitton\/#breadcrumb\",\"itemListElement\":[{\"@type\":\"ListItem\",\"position\":1,\"name\":\"Portada\",\"item\":\"https:\/\/graziamagazine.com\/es\/\"},{\"@type\":\"ListItem\",\"position\":2,\"name\":\"Jennifer Connelly, musa de la colecci\u00f3n SS26 de Louis Vuitton\"}]},{\"@type\":\"WebSite\",\"@id\":\"https:\/\/graziamagazine.com\/es\/#website\",\"url\":\"https:\/\/graziamagazine.com\/es\/\",\"name\":\"Grazia\",\"description\":\"Moda, belleza, celebrities, estilo de vida...\",\"potentialAction\":[{\"@type\":\"SearchAction\",\"target\":{\"@type\":\"EntryPoint\",\"urlTemplate\":\"https:\/\/graziamagazine.com\/es\/?s={search_term_string}\"},\"query-input\":\"required name=search_term_string\"}],\"inLanguage\":\"es\"}]}<\/script>\n<!-- \/ Yoast SEO Premium plugin. -->","yoast_head_json":{"title":"Jennifer Connelly, musa de la colecci\u00f3n SS26 de Louis Vuitton","description":"La actriz y embajadora de la Maison protagoniza la campa\u00f1a m\u00e1s reciente fotografiada por Cass Bird y con el color del a\u00f1o como protagonista.","robots":{"index":"index","follow":"follow","max-snippet":"max-snippet:-1","max-image-preview":"max-image-preview:large","max-video-preview":"max-video-preview:-1"},"canonical":"https:\/\/graziamagazine.com\/es\/articles\/jennifer-connelly-musa-de-la-coleccion-ss26-de-louis-vuitton\/","og_locale":"es_ES","og_type":"article","og_title":"Jennifer Connelly, musa de la colecci\u00f3n SS26 de Louis Vuitton","og_description":"La actriz y embajadora de la Maison protagoniza la campa\u00f1a m\u00e1s reciente fotografiada por Cass Bird y con el color del a\u00f1o como protagonista.","og_url":"https:\/\/graziamagazine.com\/es\/articles\/jennifer-connelly-musa-de-la-coleccion-ss26-de-louis-vuitton\/","og_site_name":"Grazia","og_image":[{"width":1808,"height":1015,"url":"https:\/\/graziamagazine.com\/es\/wp-content\/uploads\/sites\/12\/2026\/01\/Jennifer_Connelly_4-copia-e1768996839842.jpeg","type":"image\/jpeg"}],"twitter_card":"summary_large_image","twitter_misc":{"Est. reading time":"3 minutos"},"schema":{"@context":"https:\/\/schema.org","@graph":[{"@type":"WebPage","@id":"https:\/\/graziamagazine.com\/es\/articles\/jennifer-connelly-musa-de-la-coleccion-ss26-de-louis-vuitton\/","url":"https:\/\/graziamagazine.com\/es\/articles\/jennifer-connelly-musa-de-la-coleccion-ss26-de-louis-vuitton\/","name":"Jennifer Connelly, musa de la colecci\u00f3n SS26 de Louis Vuitton","isPartOf":{"@id":"https:\/\/graziamagazine.com\/es\/#website"},"datePublished":"2026-01-21T12:06:15+00:00","dateModified":"2026-01-21T12:06:15+00:00","description":"La actriz y embajadora de la Maison protagoniza la campa\u00f1a m\u00e1s reciente fotografiada por Cass Bird y con el color del a\u00f1o como protagonista.","breadcrumb":{"@id":"https:\/\/graziamagazine.com\/es\/articles\/jennifer-connelly-musa-de-la-coleccion-ss26-de-louis-vuitton\/#breadcrumb"},"inLanguage":"es","potentialAction":[{"@type":"ReadAction","target":["https:\/\/graziamagazine.com\/es\/articles\/jennifer-connelly-musa-de-la-coleccion-ss26-de-louis-vuitton\/"]}]},{"@type":"BreadcrumbList","@id":"https:\/\/graziamagazine.com\/es\/articles\/jennifer-connelly-musa-de-la-coleccion-ss26-de-louis-vuitton\/#breadcrumb","itemListElement":[{"@type":"ListItem","position":1,"name":"Portada","item":"https:\/\/graziamagazine.com\/es\/"},{"@type":"ListItem","position":2,"name":"Jennifer Connelly, musa de la colecci\u00f3n SS26 de Louis Vuitton"}]},{"@type":"WebSite","@id":"https:\/\/graziamagazine.com\/es\/#website","url":"https:\/\/graziamagazine.com\/es\/","name":"Grazia","description":"Moda, belleza, celebrities, estilo de vida...","potentialAction":[{"@type":"SearchAction","target":{"@type":"EntryPoint","urlTemplate":"https:\/\/graziamagazine.com\/es\/?s={search_term_string}"},"query-input":"required name=search_term_string"}],"inLanguage":"es"}]}},"jetpack_sharing_enabled":true,"distributor_meta":false,"distributor_terms":false,"distributor_media":false,"distributor_original_site_name":"Grazia","distributor_original_site_url":"https:\/\/graziamagazine.com\/es","push-errors":false,"_links":{"self":[{"href":"https:\/\/graziamagazine.com\/es\/wp-json\/wp\/v2\/articles\/191226"}],"collection":[{"href":"https:\/\/graziamagazine.com\/es\/wp-json\/wp\/v2\/articles"}],"about":[{"href":"https:\/\/graziamagazine.com\/es\/wp-json\/wp\/v2\/types\/articles"}],"author":[{"embeddable":true,"href":"https:\/\/graziamagazine.com\/es\/wp-json\/wp\/v2\/users\/11653"}],"wp:featuredmedia":[{"embeddable":true,"href":"https:\/\/graziamagazine.com\/es\/wp-json\/wp\/v2\/media\/191227"}],"wp:attachment":[{"href":"https:\/\/graziamagazine.com\/es\/wp-json\/wp\/v2\/media?parent=191226"}],"wp:term":[{"taxonomy":"category","embeddable":true,"href":"https:\/\/graziamagazine.com\/es\/wp-json\/wp\/v2\/categories?post=191226"}],"curies":[{"name":"wp","href":"https:\/\/api.w.org\/{rel}","templated":true}]}}