{"id":191195,"date":"2026-01-21T08:00:37","date_gmt":"2026-01-21T07:00:37","guid":{"rendered":"https:\/\/graziamagazine.com\/es\/?post_type=articles&#038;p=191195"},"modified":"2026-01-21T11:47:38","modified_gmt":"2026-01-21T10:47:38","slug":"jonathan-anderson-reinventa-el-iconico-book-tote-de-dior","status":"publish","type":"articles","link":"https:\/\/graziamagazine.com\/es\/articles\/jonathan-anderson-reinventa-el-iconico-book-tote-de-dior\/","title":{"rendered":"Jonathan Anderson reinventa el ic\u00f3nico Book Tote de Dior"},"content":{"rendered":"<p>Esta temporada, uno de los iconos m\u00e1s reconocibles del armario contempor\u00e1neo se reinventa con una ambici\u00f3n po\u00e9tica: <strong>el cl\u00e1sico <em><a href=\"https:\/\/www.dior.com\/en_us\/fashion\/products\/M1296ZTQR_M981_TU?utm_source=chatgpt.com\" target=\"_blank\">Dior Book Tote<\/a><\/em><\/strong> y sus nuevas versiones <em>Book Covers<\/em>. M\u00e1s que bolsos, son <strong>objetos narrativos<\/strong> en los que la alta costura se encuentra con la gran literatura.<\/p>\n<h3>Un homenaje po\u00e9tico a la literatura universal<\/h3>\n<p>Bajo la visi\u00f3n del director creativo <strong>Jonathan Anderson<\/strong>, el <em>Book Tote<\/em> \u2014 tradicionalmente concebido como un accesorio lo suficientemente amplio para llevar libros \u2014 toma literalmente ese esp\u00edritu: <strong>las emblem\u00e1ticas portadas de novelas cl\u00e1sicas son bordadas sobre la estructura del bolso<\/strong>, como si cada pieza fuese una historia que puedes llevar a diario.<\/p>\n<p>Entre las novelas escogidas como protagonistas de esta colecci\u00f3n est\u00e1n:<\/p>\n<ul>\n<li><strong>Dr\u00e1cula<\/strong>, de <em>Bram Stoker<\/em> \u2014 un cl\u00e1sico g\u00f3tico que cobra vida en un amarillo vibrante y profundo.<\/li>\n<li><strong>Ulysses<\/strong>, de <em>James Joyce<\/em> \u2014 un gui\u00f1o a las ra\u00edces literarias irlandesas del propio Anderson.<\/li>\n<li><strong>In Cold Blood<\/strong>, de <em>Truman Capote<\/em> \u2014 una obra maestra del <em>true crime<\/em> que cruza fronteras entre realidad y narrativa.<\/li>\n<li><strong>Les Fleurs du Mal<\/strong>, de <em>Charles Baudelaire<\/em> \u2014 elegancia decididamente francesa, po\u00e9tica y melanc\u00f3lica.<\/li>\n<\/ul>\n<p><img loading=\"lazy\" decoding=\"async\" class=\"aligncenter size-full wp-image-191196\" src=\"https:\/\/graziamagazine.com\/es\/wp-content\/uploads\/sites\/12\/2026\/01\/DIOR_BOOK_TOTE_2.gif\" alt=\"\" width=\"521\" height=\"651\" \/><\/p>\n<p>La colecci\u00f3n tambi\u00e9n hace espacio para t\u00edtulos como <em>Madame Bovary<\/em>, <em>Les Liaisons Dangereuses<\/em> y <em>Bonjour Tristesse<\/em>, creando as\u00ed un puente <em>literario-geogr\u00e1fico<\/em> entre Irlanda, Francia y Estados Unidos.<\/p>\n<h3>Artesan\u00eda y practicidad: el savoir-faire de Dior<\/h3>\n<p>Estos nuevos <em>Book Covers<\/em> no son meras impresiones gr\u00e1ficas: cada portada est\u00e1 <strong>bordada con precisi\u00f3n artesanal sobre el tejido del bolso<\/strong>, un verdadero sello del savoir-faire de los Ateliers Dior. Los tama\u00f1os disponibles \u2014 <em>mini<\/em>, <em>medium<\/em> y <em>large<\/em> \u2014 est\u00e1n pensados para distintos estilos de vida: desde la bolsa de diario funcional hasta el accesorio statement que transforma cualquier look.<\/p>\n<ul>\n<li>El <strong>modelo grande<\/strong> viene con <strong>cierre magn\u00e9tico<\/strong>, ideal para quien lo usa como bolso de prop\u00f3sito diario.<\/li>\n<li>Los <strong>mediano y mini<\/strong> cuentan con <strong>correas de hombro ajustables y desmontables<\/strong>, permitiendo versatilidad de uso.<\/li>\n<li>Todas las versiones llevan discretamente el <strong>logotipo de Dior bordado en la parte frontal<\/strong>, signo de sofisticaci\u00f3n y estilo.<\/li>\n<\/ul>\n<p><img loading=\"lazy\" decoding=\"async\" class=\"aligncenter size-full wp-image-191198\" src=\"https:\/\/graziamagazine.com\/es\/wp-content\/uploads\/sites\/12\/2026\/01\/telva-3.jpg\" alt=\"\" width=\"1002\" height=\"1252\" srcset=\"https:\/\/graziamagazine.com\/es\/wp-content\/uploads\/sites\/12\/2026\/01\/telva-3.jpg 1002w, https:\/\/graziamagazine.com\/es\/wp-content\/uploads\/sites\/12\/2026\/01\/telva-3-240x300.jpg 240w, https:\/\/graziamagazine.com\/es\/wp-content\/uploads\/sites\/12\/2026\/01\/telva-3-820x1024.jpg 820w, https:\/\/graziamagazine.com\/es\/wp-content\/uploads\/sites\/12\/2026\/01\/telva-3-768x960.jpg 768w, https:\/\/graziamagazine.com\/es\/wp-content\/uploads\/sites\/12\/2026\/01\/telva-3-400x500.jpg 400w, https:\/\/graziamagazine.com\/es\/wp-content\/uploads\/sites\/12\/2026\/01\/telva-3-155x194.jpg 155w\" sizes=\"(max-width: 1002px) 100vw, 1002px\" \/><\/p>\n<blockquote><p>Disponibles en tres refinados tama\u00f1os (grande, mediano y mini), estos exclusivos Dior Book Totes exhiben la excepcional artesan\u00eda de los Ateliers.<\/p><\/blockquote>\n<h3>Cuando la moda dialoga con la cultura<\/h3>\n<p>Lo que hace especial a esta colecci\u00f3n no es solo su est\u00e9tica \u2014que de por s\u00ed ya es poderosa\u2014 sino la <strong>conexi\u00f3n emocional con la literatura<\/strong>. En tiempos donde las narrativas se cruzan con la identidad personal, Anderson transforma un bolso ic\u00f3nico en un <strong>lenguaje visual<\/strong> que expresa qui\u00e9n eres y qu\u00e9 historias te acompa\u00f1an.<\/p>\n<p>Este gesto va m\u00e1s all\u00e1 de la est\u00e9tica: es una invitaci\u00f3n a leer el mundo (y a nosotras mismas) con m\u00e1s profundidad. Como si cada pieza fuese una <strong>peque\u00f1a biblioteca port\u00e1til<\/strong>, que mezcla cultura, moda, memoria y estilo.<\/p>\n<p><img loading=\"lazy\" decoding=\"async\" class=\"aligncenter size-full wp-image-191197\" src=\"https:\/\/graziamagazine.com\/es\/wp-content\/uploads\/sites\/12\/2026\/01\/dior.jpg\" alt=\"\" width=\"1440\" height=\"1920\" srcset=\"https:\/\/graziamagazine.com\/es\/wp-content\/uploads\/sites\/12\/2026\/01\/dior.jpg 1440w, https:\/\/graziamagazine.com\/es\/wp-content\/uploads\/sites\/12\/2026\/01\/dior-225x300.jpg 225w, https:\/\/graziamagazine.com\/es\/wp-content\/uploads\/sites\/12\/2026\/01\/dior-768x1024.jpg 768w, https:\/\/graziamagazine.com\/es\/wp-content\/uploads\/sites\/12\/2026\/01\/dior-1152x1536.jpg 1152w, https:\/\/graziamagazine.com\/es\/wp-content\/uploads\/sites\/12\/2026\/01\/dior-400x533.jpg 400w, https:\/\/graziamagazine.com\/es\/wp-content\/uploads\/sites\/12\/2026\/01\/dior-155x207.jpg 155w\" sizes=\"(max-width: 1440px) 100vw, 1440px\" \/><\/p>\n<h3>Piezas destacadas de inspiraci\u00f3n literaria<\/h3>\n<p>Aunque los <em>Book Covers<\/em> est\u00e1n disponibles oficialmente desde enero de 2026, ya anticipan ser uno de los lanzamientos de temporada m\u00e1s comentados. Aqu\u00ed algunas versiones que encajan con este esp\u00edritu narrativo:<\/p>\n<ul>\n<li><strong><a href=\"https:\/\/www.dior.com\/en_us\/fashion\/products\/M1349PEWL_M38I_TU?utm_source=chatgpt.com\" target=\"_blank\">Women Dior Large Dior Book Tote Beige, Pink And Black Book C<\/a><\/strong>, una reinterpretaci\u00f3n del cl\u00e1sico con cubierta de libro bordada;<\/li>\n<li><strong><a href=\"https:\/\/www.dior.com\/en_us\/fashion\/products\/1BTSH295JAF_H56E_TU?utm_source=chatgpt.com\" target=\"_blank\">Dior &#8211; Large Dior Book Tote Blue and White Book Cover Embroi<\/a><\/strong>, el homenaje a <em>Les Fleurs du Mal<\/em>;<\/li>\n<li><strong><a href=\"https:\/\/www.dior.com\/en_us\/fashion\/products\/M1404PEHN_M10I_TU?utm_source=chatgpt.com\" target=\"_blank\">Women Dior Small Dior Book Tote With Strap Beige And Red Boo<\/a><\/strong>, una versi\u00f3n de bolsillo con <em>Madame Bovary<\/em>;<\/li>\n<li><strong><a href=\"https:\/\/www.dior.com\/en_us\/fashion\/products\/M1354PEHO_M19I_TU?utm_source=chatgpt.com\" target=\"_blank\">Women Dior Medium Dior Book Tote With Strap And Green Book C<\/a><\/strong>, simboliza <em>Les Liaisons Dangereuses<\/em>.<\/li>\n<\/ul>\n<p><img loading=\"lazy\" decoding=\"async\" class=\"aligncenter size-full wp-image-191200\" src=\"https:\/\/graziamagazine.com\/es\/wp-content\/uploads\/sites\/12\/2026\/01\/telva-1.jpg\" alt=\"\" width=\"1080\" height=\"1350\" srcset=\"https:\/\/graziamagazine.com\/es\/wp-content\/uploads\/sites\/12\/2026\/01\/telva-1.jpg 1080w, https:\/\/graziamagazine.com\/es\/wp-content\/uploads\/sites\/12\/2026\/01\/telva-1-240x300.jpg 240w, https:\/\/graziamagazine.com\/es\/wp-content\/uploads\/sites\/12\/2026\/01\/telva-1-819x1024.jpg 819w, https:\/\/graziamagazine.com\/es\/wp-content\/uploads\/sites\/12\/2026\/01\/telva-1-768x960.jpg 768w, https:\/\/graziamagazine.com\/es\/wp-content\/uploads\/sites\/12\/2026\/01\/telva-1-400x500.jpg 400w, https:\/\/graziamagazine.com\/es\/wp-content\/uploads\/sites\/12\/2026\/01\/telva-1-155x194.jpg 155w\" sizes=\"(max-width: 1080px) 100vw, 1080px\" \/><\/p>\n<p>Estos modelos funcionan tanto como <strong>accesorios de moda<\/strong> como piezas con sentido cultural, perfectos para quienes buscan elegancia y significado en una sola declaraci\u00f3n de estilo.<\/p>\n<p>Piezas fascinantes y narrativas que abren un nuevo cap\u00edtulo y que pueden ser tuyas porque ya est\u00e1n a la venta en las tiendas Dior y la web de la maison.<\/p>\n<p><em>*Im\u00e1genes: cortes\u00eda<\/em><\/p>\n","protected":false},"author":11653,"featured_media":191201,"template":"","format":"standard","categories":[1],"acf":[],"yoast_head":"<!-- This site is optimized with the Yoast SEO Premium plugin v18.5 (Yoast SEO v20.4) - https:\/\/yoast.com\/wordpress\/plugins\/seo\/ -->\n<title>Jonathan Anderson reinventa el ic\u00f3nico Book Tote de Dior<\/title>\n<meta name=\"description\" content=\"Tradicionalmente concebido como accesorio lo suficientemente amplio para llevar libros, ahora se convierte en una pieza clave de tus looks.\" \/>\n<meta name=\"robots\" content=\"index, follow, max-snippet:-1, max-image-preview:large, max-video-preview:-1\" \/>\n<link rel=\"canonical\" href=\"https:\/\/graziamagazine.com\/es\/articles\/jonathan-anderson-reinventa-el-iconico-book-tote-de-dior\/\" \/>\n<meta property=\"og:locale\" content=\"es_ES\" \/>\n<meta property=\"og:type\" content=\"article\" \/>\n<meta property=\"og:title\" content=\"Jonathan Anderson reinventa el ic\u00f3nico Book Tote de Dior\" \/>\n<meta property=\"og:description\" content=\"Tradicionalmente concebido como accesorio lo suficientemente amplio para llevar libros, ahora se convierte en una pieza clave de tus looks.\" \/>\n<meta property=\"og:url\" content=\"https:\/\/graziamagazine.com\/es\/articles\/jonathan-anderson-reinventa-el-iconico-book-tote-de-dior\/\" \/>\n<meta property=\"og:site_name\" content=\"Grazia\" \/>\n<meta property=\"article:modified_time\" content=\"2026-01-21T10:47:38+00:00\" \/>\n<meta property=\"og:image\" content=\"https:\/\/graziamagazine.com\/es\/wp-content\/uploads\/sites\/12\/2026\/01\/telva-e1768908717800.jpg\" \/>\n\t<meta property=\"og:image:width\" content=\"1064\" \/>\n\t<meta property=\"og:image:height\" content=\"949\" \/>\n\t<meta property=\"og:image:type\" content=\"image\/jpeg\" \/>\n<meta name=\"twitter:card\" content=\"summary_large_image\" \/>\n<meta name=\"twitter:label1\" content=\"Est. reading time\" \/>\n\t<meta name=\"twitter:data1\" content=\"4 minutos\" \/>\n<script type=\"application\/ld+json\" class=\"yoast-schema-graph\">{\"@context\":\"https:\/\/schema.org\",\"@graph\":[{\"@type\":\"WebPage\",\"@id\":\"https:\/\/graziamagazine.com\/es\/articles\/jonathan-anderson-reinventa-el-iconico-book-tote-de-dior\/\",\"url\":\"https:\/\/graziamagazine.com\/es\/articles\/jonathan-anderson-reinventa-el-iconico-book-tote-de-dior\/\",\"name\":\"Jonathan Anderson reinventa el ic\u00f3nico Book Tote de Dior\",\"isPartOf\":{\"@id\":\"https:\/\/graziamagazine.com\/es\/#website\"},\"datePublished\":\"2026-01-21T07:00:37+00:00\",\"dateModified\":\"2026-01-21T10:47:38+00:00\",\"description\":\"Tradicionalmente concebido como accesorio lo suficientemente amplio para llevar libros, ahora se convierte en una pieza clave de tus looks.\",\"breadcrumb\":{\"@id\":\"https:\/\/graziamagazine.com\/es\/articles\/jonathan-anderson-reinventa-el-iconico-book-tote-de-dior\/#breadcrumb\"},\"inLanguage\":\"es\",\"potentialAction\":[{\"@type\":\"ReadAction\",\"target\":[\"https:\/\/graziamagazine.com\/es\/articles\/jonathan-anderson-reinventa-el-iconico-book-tote-de-dior\/\"]}]},{\"@type\":\"BreadcrumbList\",\"@id\":\"https:\/\/graziamagazine.com\/es\/articles\/jonathan-anderson-reinventa-el-iconico-book-tote-de-dior\/#breadcrumb\",\"itemListElement\":[{\"@type\":\"ListItem\",\"position\":1,\"name\":\"Portada\",\"item\":\"https:\/\/graziamagazine.com\/es\/\"},{\"@type\":\"ListItem\",\"position\":2,\"name\":\"Jonathan Anderson reinventa el ic\u00f3nico Book Tote de Dior\"}]},{\"@type\":\"WebSite\",\"@id\":\"https:\/\/graziamagazine.com\/es\/#website\",\"url\":\"https:\/\/graziamagazine.com\/es\/\",\"name\":\"Grazia\",\"description\":\"Moda, belleza, celebrities, estilo de vida...\",\"potentialAction\":[{\"@type\":\"SearchAction\",\"target\":{\"@type\":\"EntryPoint\",\"urlTemplate\":\"https:\/\/graziamagazine.com\/es\/?s={search_term_string}\"},\"query-input\":\"required name=search_term_string\"}],\"inLanguage\":\"es\"}]}<\/script>\n<!-- \/ Yoast SEO Premium plugin. -->","yoast_head_json":{"title":"Jonathan Anderson reinventa el ic\u00f3nico Book Tote de Dior","description":"Tradicionalmente concebido como accesorio lo suficientemente amplio para llevar libros, ahora se convierte en una pieza clave de tus looks.","robots":{"index":"index","follow":"follow","max-snippet":"max-snippet:-1","max-image-preview":"max-image-preview:large","max-video-preview":"max-video-preview:-1"},"canonical":"https:\/\/graziamagazine.com\/es\/articles\/jonathan-anderson-reinventa-el-iconico-book-tote-de-dior\/","og_locale":"es_ES","og_type":"article","og_title":"Jonathan Anderson reinventa el ic\u00f3nico Book Tote de Dior","og_description":"Tradicionalmente concebido como accesorio lo suficientemente amplio para llevar libros, ahora se convierte en una pieza clave de tus looks.","og_url":"https:\/\/graziamagazine.com\/es\/articles\/jonathan-anderson-reinventa-el-iconico-book-tote-de-dior\/","og_site_name":"Grazia","article_modified_time":"2026-01-21T10:47:38+00:00","og_image":[{"width":1064,"height":949,"url":"https:\/\/graziamagazine.com\/es\/wp-content\/uploads\/sites\/12\/2026\/01\/telva-e1768908717800.jpg","type":"image\/jpeg"}],"twitter_card":"summary_large_image","twitter_misc":{"Est. reading time":"4 minutos"},"schema":{"@context":"https:\/\/schema.org","@graph":[{"@type":"WebPage","@id":"https:\/\/graziamagazine.com\/es\/articles\/jonathan-anderson-reinventa-el-iconico-book-tote-de-dior\/","url":"https:\/\/graziamagazine.com\/es\/articles\/jonathan-anderson-reinventa-el-iconico-book-tote-de-dior\/","name":"Jonathan Anderson reinventa el ic\u00f3nico Book Tote de Dior","isPartOf":{"@id":"https:\/\/graziamagazine.com\/es\/#website"},"datePublished":"2026-01-21T07:00:37+00:00","dateModified":"2026-01-21T10:47:38+00:00","description":"Tradicionalmente concebido como accesorio lo suficientemente amplio para llevar libros, ahora se convierte en una pieza clave de tus looks.","breadcrumb":{"@id":"https:\/\/graziamagazine.com\/es\/articles\/jonathan-anderson-reinventa-el-iconico-book-tote-de-dior\/#breadcrumb"},"inLanguage":"es","potentialAction":[{"@type":"ReadAction","target":["https:\/\/graziamagazine.com\/es\/articles\/jonathan-anderson-reinventa-el-iconico-book-tote-de-dior\/"]}]},{"@type":"BreadcrumbList","@id":"https:\/\/graziamagazine.com\/es\/articles\/jonathan-anderson-reinventa-el-iconico-book-tote-de-dior\/#breadcrumb","itemListElement":[{"@type":"ListItem","position":1,"name":"Portada","item":"https:\/\/graziamagazine.com\/es\/"},{"@type":"ListItem","position":2,"name":"Jonathan Anderson reinventa el ic\u00f3nico Book Tote de Dior"}]},{"@type":"WebSite","@id":"https:\/\/graziamagazine.com\/es\/#website","url":"https:\/\/graziamagazine.com\/es\/","name":"Grazia","description":"Moda, belleza, celebrities, estilo de vida...","potentialAction":[{"@type":"SearchAction","target":{"@type":"EntryPoint","urlTemplate":"https:\/\/graziamagazine.com\/es\/?s={search_term_string}"},"query-input":"required name=search_term_string"}],"inLanguage":"es"}]}},"jetpack_sharing_enabled":true,"distributor_meta":false,"distributor_terms":false,"distributor_media":false,"distributor_original_site_name":"Grazia","distributor_original_site_url":"https:\/\/graziamagazine.com\/es","push-errors":false,"_links":{"self":[{"href":"https:\/\/graziamagazine.com\/es\/wp-json\/wp\/v2\/articles\/191195"}],"collection":[{"href":"https:\/\/graziamagazine.com\/es\/wp-json\/wp\/v2\/articles"}],"about":[{"href":"https:\/\/graziamagazine.com\/es\/wp-json\/wp\/v2\/types\/articles"}],"author":[{"embeddable":true,"href":"https:\/\/graziamagazine.com\/es\/wp-json\/wp\/v2\/users\/11653"}],"wp:featuredmedia":[{"embeddable":true,"href":"https:\/\/graziamagazine.com\/es\/wp-json\/wp\/v2\/media\/191201"}],"wp:attachment":[{"href":"https:\/\/graziamagazine.com\/es\/wp-json\/wp\/v2\/media?parent=191195"}],"wp:term":[{"taxonomy":"category","embeddable":true,"href":"https:\/\/graziamagazine.com\/es\/wp-json\/wp\/v2\/categories?post=191195"}],"curies":[{"name":"wp","href":"https:\/\/api.w.org\/{rel}","templated":true}]}}