{"id":191147,"date":"2026-01-19T08:00:30","date_gmt":"2026-01-19T07:00:30","guid":{"rendered":"https:\/\/graziamagazine.com\/es\/?post_type=articles&#038;p=191147"},"modified":"2026-01-19T04:36:36","modified_gmt":"2026-01-19T03:36:36","slug":"sirat-consigue-5-galardones-en-los-premios-del-cine-europeo","status":"publish","type":"articles","link":"https:\/\/graziamagazine.com\/es\/articles\/sirat-consigue-5-galardones-en-los-premios-del-cine-europeo\/","title":{"rendered":"&#8216;Sirat&#8217;, consigue 5 galardones en los Premios del Cine Europeo"},"content":{"rendered":"<p>Dirigida por\u00a0Oliver Laxe, contin\u00faa su exitoso recorrido internacional\u00a0en los\u00a0Premios del Cine Europeo\u00a0al alzarse con 5 galardones:\u00a0Mejor fotograf\u00eda\u00a0(Mauro Herce),\u00a0Mejor direcci\u00f3n de casting\u00a0(Nadia Acimi, Lu\u00eds B\u00e9rtolo, Mar\u00eda Rodrigo),\u00a0Mejor montaje\u00a0(Crist\u00f3bal Fern\u00e1ndez),\u00a0Mejor dise\u00f1o de producci\u00f3n\u00a0(Laia Ateca),\u00a0Mejor sonido\u00a0(Yasmina Praderas, Amanda Villavieja y Laia Casanovas).\u00a0&#8216;Sirat&#8217; es un original\u00a0Movistar Plus+\u00a0producido en colaboraci\u00f3n con\u00a0Filmes da Ermida, El Deseo, Uri Films\u00a0y\u00a04a4 Productions.<\/p>\n<p>Original Movistar Plus+, la pel\u00edcula part\u00eda con 9 nominaciones, r\u00e9cord hist\u00f3rico para un t\u00edtulo espa\u00f1ol en los Premios del Cine Europeo, y adem\u00e1s ha sido incluida en las <em>shortlists\u00a0<\/em>de los Oscar\u00ae en 5 categor\u00edas y de los BAFTA en 2, \u2018Sirat\u2019 suma premios y nominaciones en los principales galardones a nivel internacional.<strong data-start=\"1947\" data-end=\"2125\" data-olk-copy-source=\"MessageBody\"><br \/>\n<\/strong><\/p>\n<h3><strong data-olk-copy-source=\"MessageBody\">Camino de los Oscar<\/strong><\/h3>\n<p data-start=\"2586\" data-end=\"3002\">\u2018Sirat\u2019, de Oliver Laxe, ha hecho historia en el cine espa\u00f1ol\u00a0al ser <strong>incluida por la Academia de Cine de Hollywood en la prelista de pel\u00edculas que optar\u00e1n a la nominaci\u00f3n al Oscar\u00ae en cinco categor\u00edas<\/strong>: Mejor pel\u00edcula internacional, Mejor fotograf\u00eda (Mauro Herce), Mejor m\u00fasica original (Kangding Ray), Mejor sonido (Laia Casanovas, Amanda Villavieja y Yasmina Praderas) y Mejor casting (Nadia Acimi y Luis B\u00e9rtolo).\u00a0La pel\u00edcula original Movistar Plus+ contin\u00faa as\u00ed\u00a0una carrera internacional marcada por el reconocimiento de la cr\u00edtica, los festivales y los principales premios de la industria. Las nominaciones definitivas a los Oscar\u00ae se dar\u00e1n a conocer el pr\u00f3ximo\u00a022 de enero en un acto en Los \u00c1ngeles que podr\u00e1 seguirse en directo en Movistar Plus+.<\/p>\n<p>&#8216;Sirat&#8217;\u00a0<strong>tambi\u00e9n ha entrado en\u00a0 la prelista de los premios\u00a0BAFTA<\/strong>, los galardones de la Academia Brit\u00e1nica, en las categor\u00edas de Mejor pel\u00edcula de habla no inglesa y Mejor casting.<\/p>\n<p data-start=\"2586\" data-end=\"3002\"><img loading=\"lazy\" decoding=\"async\" class=\"aligncenter size-full wp-image-191150\" src=\"https:\/\/graziamagazine.com\/es\/wp-content\/uploads\/sites\/12\/2026\/01\/sirat-68a99ef42c15e-copia.jpg\" alt=\"\" width=\"1200\" height=\"600\" srcset=\"https:\/\/graziamagazine.com\/es\/wp-content\/uploads\/sites\/12\/2026\/01\/sirat-68a99ef42c15e-copia.jpg 1200w, https:\/\/graziamagazine.com\/es\/wp-content\/uploads\/sites\/12\/2026\/01\/sirat-68a99ef42c15e-copia-300x150.jpg 300w, https:\/\/graziamagazine.com\/es\/wp-content\/uploads\/sites\/12\/2026\/01\/sirat-68a99ef42c15e-copia-1024x512.jpg 1024w, https:\/\/graziamagazine.com\/es\/wp-content\/uploads\/sites\/12\/2026\/01\/sirat-68a99ef42c15e-copia-768x384.jpg 768w, https:\/\/graziamagazine.com\/es\/wp-content\/uploads\/sites\/12\/2026\/01\/sirat-68a99ef42c15e-copia-400x200.jpg 400w, https:\/\/graziamagazine.com\/es\/wp-content\/uploads\/sites\/12\/2026\/01\/sirat-68a99ef42c15e-copia-155x78.jpg 155w\" sizes=\"(max-width: 1200px) 100vw, 1200px\" \/><\/p>\n<h3><strong data-olk-copy-source=\"MessageBody\">Recorrido de premios<\/strong><\/h3>\n<p><strong data-start=\"3307\" data-end=\"3391\">&#8216;Sirat&#8217; tuvo su estreno mundial en la Secci\u00f3n Oficial del 78\u00ba Festival de Cannes<\/strong>, donde fue galardonada con el\u00a0<strong data-start=\"3422\" data-end=\"3452\">Premio del Jurado ex aequo<\/strong>, el\u00a0<strong data-start=\"3457\" data-end=\"3485\">Premio Cannes Soundtrack<\/strong>\u00a0para Kangding Ray y el gui\u00f1o del\u00a0<strong data-start=\"3519\" data-end=\"3558\">Gran Premio del Jurado del Palm Dog<\/strong>.\u00a0En su recorrido por festivales, ha sido reconocida como\u00a0<strong data-start=\"3629\" data-end=\"3647\">Mejor Pel\u00edcula<\/strong>\u00a0en el Festival Internacional de Cine de Chicago, en el Festival de Denver (Premio Krzysztof Kieslowski) y en el Festival de Cine de Montclair, adem\u00e1s de lograr el\u00a0<strong data-start=\"3811\" data-end=\"3836\">premio a Mejor M\u00fasica<\/strong>\u00a0otorgado por la Asociaci\u00f3n de la Cr\u00edtica de Cine de Los \u00c1ngeles (LAFCA).<\/p>\n<p data-start=\"3911\" data-end=\"4310\">Desde su presentaci\u00f3n, la pel\u00edcula de Oliver Laxe se ha situado tambi\u00e9n en las listas de favoritas de la cr\u00edtica para los principales premios de la industria cinematogr\u00e1fica. Tras sus nominaciones en los\u00a0Globos de Oro, los\u00a0Critics Choice Awards\u00a0y los\u00a0Gotham Awards, y a la espera de conocer las candidaturas definitivas a los Oscar\u00ae, \u2018Sirat\u2019 es actualmente candidata a los siguientes galardones:<\/p>\n<ul>\n<li><a href=\"https:\/\/movistarplus.us18.list-manage.com\/track\/click?u=0dfe34473811352b19c645ac3&amp;id=08f0ff49f4&amp;e=dee278a1ca\"title=\"https:\/\/movistarplus.us18.list-manage.com\/track\/click?u=0dfe34473811352b19c645ac3&amp;id=08f0ff49f4&amp;e=dee278a1ca\"  target=\"_blank\" rel=\"noopener noreferrer\" data-auth=\"NotApplicable\" data-linkindex=\"0\" target=\"_blank\"><strong data-olk-copy-source=\"MessageBody\">Premios Goya<\/strong><\/a>:\u00a0Mejor pel\u00edcula, Mejor direcci\u00f3n (Oliver Laxe), Mejor guion original (Oliver Laxe y Santiago Fillol), Mejor m\u00fasica original (Kangding Ray), Mejor direcci\u00f3n de producci\u00f3n (Oriol Maym\u00f3), Mejor direcci\u00f3n de fotograf\u00eda (Mauro Herce), Mejor montaje (Crist\u00f3bal Fern\u00e1ndez), Mejor direcci\u00f3n de arte (Laia Ateca), Mejor maquillaje y peluquer\u00eda (Zaira Eva Ad\u00e9n), Mejor sonido (Amanda Villavieja, Laia Casanovas y Yasmina Praderas) y Mejores efectos especiales (Pep Claret,\u00a0Llu\u00eds Rivera y Benjam\u00edn Ageorges).<\/li>\n<li><strong>Independent Spirit Awards<\/strong>: Mejor pel\u00edcula internacional independiente.<\/li>\n<li><strong>Premios Gaud\u00ed<\/strong>: Mejor pel\u00edcula en lengua no catalana, Mejor direcci\u00f3n (Oliver Laxe), Mejor Actor (Sergi L\u00f3pez), Mejor direcci\u00f3n de producci\u00f3n\u00a0(Oriol Maym\u00f3), Mejor direcci\u00f3n art\u00edstica (Laia Ateca), Mejor montaje (Crist\u00f3bal Fern\u00e1ndez), Mejor m\u00fasica original (Kanding Ray), Mejor fotograf\u00eda (Mauro Herce), Mejor vestuario (Nadia Acimi), Mejor sonido (Amanda Villavieja, Laia Casanovas y Yasmina Pradreas), Mejores efectos visuales (Pep Claret, Llu\u00eds Rivera y Benjamin Ageorges) y Mejor maquillaje y peluquer\u00eda (Zaira Eva Ad\u00e9n).<\/li>\n<\/ul>\n<p><img loading=\"lazy\" decoding=\"async\" class=\"aligncenter size-full wp-image-191149\" src=\"https:\/\/graziamagazine.com\/es\/wp-content\/uploads\/sites\/12\/2026\/01\/SiratDancing.jpg\" alt=\"\" width=\"1200\" height=\"700\" srcset=\"https:\/\/graziamagazine.com\/es\/wp-content\/uploads\/sites\/12\/2026\/01\/SiratDancing.jpg 1200w, https:\/\/graziamagazine.com\/es\/wp-content\/uploads\/sites\/12\/2026\/01\/SiratDancing-300x175.jpg 300w, https:\/\/graziamagazine.com\/es\/wp-content\/uploads\/sites\/12\/2026\/01\/SiratDancing-1024x597.jpg 1024w, https:\/\/graziamagazine.com\/es\/wp-content\/uploads\/sites\/12\/2026\/01\/SiratDancing-768x448.jpg 768w, https:\/\/graziamagazine.com\/es\/wp-content\/uploads\/sites\/12\/2026\/01\/SiratDancing-400x233.jpg 400w, https:\/\/graziamagazine.com\/es\/wp-content\/uploads\/sites\/12\/2026\/01\/SiratDancing-155x90.jpg 155w\" sizes=\"(max-width: 1200px) 100vw, 1200px\" \/><\/p>\n<div>\n<p data-start=\"5440\" data-end=\"5936\">Adem\u00e1s,\u00a0<strong data-start=\"5448\" data-end=\"5514\">\u2018Sirat\u2019 ha sido reconocida entre las mejores pel\u00edculas del a\u00f1o<\/strong>\u00a0por entidades de prestigio como el\u00a0<strong data-start=\"5550\" data-end=\"5578\">National Board of Review<\/strong>\u00a0(top 5 de mejores pel\u00edculas internacionales), la revista\u00a0<strong data-start=\"5636\" data-end=\"5655\">Sight and Sound<\/strong>\u00a0del British Film Institute (top 4 de lo mejor del a\u00f1o),\u00a0<strong data-start=\"5712\" data-end=\"5738\">The Hollywood Reporter<\/strong>\u00a0(Top 3 de las 10 mejores pel\u00edculas de 2026),\u00a0<strong data-start=\"5784\" data-end=\"5797\">IndieWire<\/strong>\u00a0(top 8 de las mejores pel\u00edculas y top 6 de los mejores directores) o\u00a0<strong data-start=\"5867\" data-end=\"5885\">The New Yorker<\/strong>, que la ha elegido como la mejor pel\u00edcula del a\u00f1o.<\/p>\n<p data-start=\"5440\" data-end=\"5936\"><em>*Im\u00e1genes: Getty Images y cortes\u00eda\u00a0<\/em><\/p>\n<\/div>\n","protected":false},"author":11653,"featured_media":191151,"template":"","format":"standard","categories":[2971],"acf":{"banner":""},"yoast_head":"<!-- This site is optimized with the Yoast SEO Premium plugin v18.5 (Yoast SEO v20.4) - https:\/\/yoast.com\/wordpress\/plugins\/seo\/ -->\n<title>&#039;Sirat&#039;, consigue 5 galardones en los Premios del Cine Europeo<\/title>\n<meta name=\"description\" content=\"La pel\u00edcula, que ha hecho historia en el cine espa\u00f1ol, tambi\u00e9n ha conseguido 11 nominaciones en los pr\u00f3ximos Premios Goya.\" \/>\n<meta name=\"robots\" content=\"index, follow, max-snippet:-1, max-image-preview:large, max-video-preview:-1\" \/>\n<link rel=\"canonical\" href=\"https:\/\/graziamagazine.com\/es\/articles\/sirat-consigue-5-galardones-en-los-premios-del-cine-europeo\/\" \/>\n<meta property=\"og:locale\" content=\"es_ES\" \/>\n<meta property=\"og:type\" content=\"article\" \/>\n<meta property=\"og:title\" content=\"&#039;Sirat&#039;, consigue 5 galardones en los Premios del Cine Europeo\" \/>\n<meta property=\"og:description\" content=\"La pel\u00edcula, que ha hecho historia en el cine espa\u00f1ol, tambi\u00e9n ha conseguido 11 nominaciones en los pr\u00f3ximos Premios Goya.\" \/>\n<meta property=\"og:url\" content=\"https:\/\/graziamagazine.com\/es\/articles\/sirat-consigue-5-galardones-en-los-premios-del-cine-europeo\/\" \/>\n<meta property=\"og:site_name\" content=\"Grazia\" \/>\n<meta property=\"article:modified_time\" content=\"2026-01-19T03:36:36+00:00\" \/>\n<meta property=\"og:image\" content=\"https:\/\/graziamagazine.com\/es\/wp-content\/uploads\/sites\/12\/2026\/01\/sirat-premios-del-cine-europeo-cine-con-n-copia.jpg\" \/>\n\t<meta property=\"og:image:width\" content=\"1200\" \/>\n\t<meta property=\"og:image:height\" content=\"675\" \/>\n\t<meta property=\"og:image:type\" content=\"image\/jpeg\" \/>\n<meta name=\"twitter:card\" content=\"summary_large_image\" \/>\n<meta name=\"twitter:label1\" content=\"Est. reading time\" \/>\n\t<meta name=\"twitter:data1\" content=\"4 minutos\" \/>\n<script type=\"application\/ld+json\" class=\"yoast-schema-graph\">{\"@context\":\"https:\/\/schema.org\",\"@graph\":[{\"@type\":\"WebPage\",\"@id\":\"https:\/\/graziamagazine.com\/es\/articles\/sirat-consigue-5-galardones-en-los-premios-del-cine-europeo\/\",\"url\":\"https:\/\/graziamagazine.com\/es\/articles\/sirat-consigue-5-galardones-en-los-premios-del-cine-europeo\/\",\"name\":\"'Sirat', consigue 5 galardones en los Premios del Cine Europeo\",\"isPartOf\":{\"@id\":\"https:\/\/graziamagazine.com\/es\/#website\"},\"datePublished\":\"2026-01-19T07:00:30+00:00\",\"dateModified\":\"2026-01-19T03:36:36+00:00\",\"description\":\"La pel\u00edcula, que ha hecho historia en el cine espa\u00f1ol, tambi\u00e9n ha conseguido 11 nominaciones en los pr\u00f3ximos Premios Goya.\",\"breadcrumb\":{\"@id\":\"https:\/\/graziamagazine.com\/es\/articles\/sirat-consigue-5-galardones-en-los-premios-del-cine-europeo\/#breadcrumb\"},\"inLanguage\":\"es\",\"potentialAction\":[{\"@type\":\"ReadAction\",\"target\":[\"https:\/\/graziamagazine.com\/es\/articles\/sirat-consigue-5-galardones-en-los-premios-del-cine-europeo\/\"]}]},{\"@type\":\"BreadcrumbList\",\"@id\":\"https:\/\/graziamagazine.com\/es\/articles\/sirat-consigue-5-galardones-en-los-premios-del-cine-europeo\/#breadcrumb\",\"itemListElement\":[{\"@type\":\"ListItem\",\"position\":1,\"name\":\"Portada\",\"item\":\"https:\/\/graziamagazine.com\/es\/\"},{\"@type\":\"ListItem\",\"position\":2,\"name\":\"&#8216;Sirat&#8217;, consigue 5 galardones en los Premios del Cine Europeo\"}]},{\"@type\":\"WebSite\",\"@id\":\"https:\/\/graziamagazine.com\/es\/#website\",\"url\":\"https:\/\/graziamagazine.com\/es\/\",\"name\":\"Grazia\",\"description\":\"Moda, belleza, celebrities, estilo de vida...\",\"potentialAction\":[{\"@type\":\"SearchAction\",\"target\":{\"@type\":\"EntryPoint\",\"urlTemplate\":\"https:\/\/graziamagazine.com\/es\/?s={search_term_string}\"},\"query-input\":\"required name=search_term_string\"}],\"inLanguage\":\"es\"}]}<\/script>\n<!-- \/ Yoast SEO Premium plugin. -->","yoast_head_json":{"title":"'Sirat', consigue 5 galardones en los Premios del Cine Europeo","description":"La pel\u00edcula, que ha hecho historia en el cine espa\u00f1ol, tambi\u00e9n ha conseguido 11 nominaciones en los pr\u00f3ximos Premios Goya.","robots":{"index":"index","follow":"follow","max-snippet":"max-snippet:-1","max-image-preview":"max-image-preview:large","max-video-preview":"max-video-preview:-1"},"canonical":"https:\/\/graziamagazine.com\/es\/articles\/sirat-consigue-5-galardones-en-los-premios-del-cine-europeo\/","og_locale":"es_ES","og_type":"article","og_title":"'Sirat', consigue 5 galardones en los Premios del Cine Europeo","og_description":"La pel\u00edcula, que ha hecho historia en el cine espa\u00f1ol, tambi\u00e9n ha conseguido 11 nominaciones en los pr\u00f3ximos Premios Goya.","og_url":"https:\/\/graziamagazine.com\/es\/articles\/sirat-consigue-5-galardones-en-los-premios-del-cine-europeo\/","og_site_name":"Grazia","article_modified_time":"2026-01-19T03:36:36+00:00","og_image":[{"width":1200,"height":675,"url":"https:\/\/graziamagazine.com\/es\/wp-content\/uploads\/sites\/12\/2026\/01\/sirat-premios-del-cine-europeo-cine-con-n-copia.jpg","type":"image\/jpeg"}],"twitter_card":"summary_large_image","twitter_misc":{"Est. reading time":"4 minutos"},"schema":{"@context":"https:\/\/schema.org","@graph":[{"@type":"WebPage","@id":"https:\/\/graziamagazine.com\/es\/articles\/sirat-consigue-5-galardones-en-los-premios-del-cine-europeo\/","url":"https:\/\/graziamagazine.com\/es\/articles\/sirat-consigue-5-galardones-en-los-premios-del-cine-europeo\/","name":"'Sirat', consigue 5 galardones en los Premios del Cine Europeo","isPartOf":{"@id":"https:\/\/graziamagazine.com\/es\/#website"},"datePublished":"2026-01-19T07:00:30+00:00","dateModified":"2026-01-19T03:36:36+00:00","description":"La pel\u00edcula, que ha hecho historia en el cine espa\u00f1ol, tambi\u00e9n ha conseguido 11 nominaciones en los pr\u00f3ximos Premios Goya.","breadcrumb":{"@id":"https:\/\/graziamagazine.com\/es\/articles\/sirat-consigue-5-galardones-en-los-premios-del-cine-europeo\/#breadcrumb"},"inLanguage":"es","potentialAction":[{"@type":"ReadAction","target":["https:\/\/graziamagazine.com\/es\/articles\/sirat-consigue-5-galardones-en-los-premios-del-cine-europeo\/"]}]},{"@type":"BreadcrumbList","@id":"https:\/\/graziamagazine.com\/es\/articles\/sirat-consigue-5-galardones-en-los-premios-del-cine-europeo\/#breadcrumb","itemListElement":[{"@type":"ListItem","position":1,"name":"Portada","item":"https:\/\/graziamagazine.com\/es\/"},{"@type":"ListItem","position":2,"name":"&#8216;Sirat&#8217;, consigue 5 galardones en los Premios del Cine Europeo"}]},{"@type":"WebSite","@id":"https:\/\/graziamagazine.com\/es\/#website","url":"https:\/\/graziamagazine.com\/es\/","name":"Grazia","description":"Moda, belleza, celebrities, estilo de vida...","potentialAction":[{"@type":"SearchAction","target":{"@type":"EntryPoint","urlTemplate":"https:\/\/graziamagazine.com\/es\/?s={search_term_string}"},"query-input":"required name=search_term_string"}],"inLanguage":"es"}]}},"jetpack_sharing_enabled":true,"distributor_meta":false,"distributor_terms":false,"distributor_media":false,"distributor_original_site_name":"Grazia","distributor_original_site_url":"https:\/\/graziamagazine.com\/es","push-errors":false,"_links":{"self":[{"href":"https:\/\/graziamagazine.com\/es\/wp-json\/wp\/v2\/articles\/191147"}],"collection":[{"href":"https:\/\/graziamagazine.com\/es\/wp-json\/wp\/v2\/articles"}],"about":[{"href":"https:\/\/graziamagazine.com\/es\/wp-json\/wp\/v2\/types\/articles"}],"author":[{"embeddable":true,"href":"https:\/\/graziamagazine.com\/es\/wp-json\/wp\/v2\/users\/11653"}],"wp:featuredmedia":[{"embeddable":true,"href":"https:\/\/graziamagazine.com\/es\/wp-json\/wp\/v2\/media\/191151"}],"wp:attachment":[{"href":"https:\/\/graziamagazine.com\/es\/wp-json\/wp\/v2\/media?parent=191147"}],"wp:term":[{"taxonomy":"category","embeddable":true,"href":"https:\/\/graziamagazine.com\/es\/wp-json\/wp\/v2\/categories?post=191147"}],"curies":[{"name":"wp","href":"https:\/\/api.w.org\/{rel}","templated":true}]}}