{"id":190956,"date":"2026-01-12T14:13:43","date_gmt":"2026-01-12T13:13:43","guid":{"rendered":"https:\/\/graziamagazine.com\/es\/?post_type=articles&#038;p=190956"},"modified":"2026-01-12T14:22:48","modified_gmt":"2026-01-12T13:22:48","slug":"las-parejas-mas-estilosas-de-los-globos-de-oro-2026","status":"publish","type":"articles","link":"https:\/\/graziamagazine.com\/es\/articles\/las-parejas-mas-estilosas-de-los-globos-de-oro-2026\/","title":{"rendered":"Las parejas m\u00e1s estilosas de los Globos de Oro 2026"},"content":{"rendered":"<p data-path-to-node=\"3\">La alfombra roja de los <b data-path-to-node=\"3\" data-index-in-node=\"24\">Golden Globes<\/b>\u00a0 2026 no es solo el term\u00f3metro que marca el inicio de la temporada de premios, sino la vitrina definitiva donde la moda y el romance convergen en una coreograf\u00eda de flashes y sofisticaci\u00f3n. Este a\u00f1o, la pasarela se transform\u00f3 en un escenario de dualidades magn\u00e9ticas: desde la sobriedad del minimalismo coordinado hasta la audacia de texturas disruptivas y vol\u00famenes arquitect\u00f3nicos.<\/p>\n<p data-path-to-node=\"4\">M\u00e1s all\u00e1 de los dise\u00f1os individuales, la verdadera narrativa de la noche la escribieron las parejas. A trav\u00e9s de sus elecciones estil\u00edsticas, los d\u00faos m\u00e1s influyentes de la industria nos recordaron que el mejor accesorio para un dise\u00f1o de alta costura es, sin duda, la armon\u00eda compartida.<\/p>\n<p data-path-to-node=\"4\">En esta edici\u00f3n, presenciamos una oda a la elegancia atemporal, donde el cl\u00e1sico esmoquin y el vestido de gala se reinventaron bajo una luz de modernidad, demostrando que cuando el estilo se vive de a dos, el impacto visual es sencillamente inolvidable.<\/p>\n<h3 data-path-to-node=\"4\">Kylie Jenner y Timoth\u00e9e Chalamet<\/h3>\n<p data-path-to-node=\"4\"><img decoding=\"async\" src=\"https:\/\/media.gq.com.mx\/photos\/69645d69b3b677a59680e9b5\/16:9\/w_2560%2Cc_limit\/Golden_Globes_2026_mejores_momentos_2255792568.jpg\" alt=\"Golden Globes 2026: los mejores momentos de la ceremonia | GQ\" \/><\/p>\n<h3 id=\"leighton-meester-y-adam-brody\" class=\"body-h3 css-1e2qoaz emevuu60\" data-node-id=\"15\">LEIGHTON MEESTER Y ADAM BRODY<\/h3>\n<p><img decoding=\"async\" src=\"https:\/\/www.laprensa.hn\/binrepository\/1200x1800\/0c0\/0d0\/none\/11004\/LRTV\/parejas-golden-globes-2_13199829_20260111181940.jpg\" alt=\"Las parejas que deslumbraron en los Globos de Oro 2026\" \/><\/p>\n<h3 id=\"mila-kunis-y-ashton-kutcher\" class=\"body-h3 css-1e2qoaz emevuu60\" data-node-id=\"23\">MILA KUNIS Y ASHTON KUTCHER<\/h3>\n<p><img decoding=\"async\" src=\"https:\/\/www.hola.com\/horizon\/original_aspect_ratio\/f5df1c80efbc-gettyimages-2255787985.jpg\" alt=\"Las parejas m\u00e1s rom\u00e1nticas de los Globos de Oro 2026\" \/><\/p>\n<div class=\"body_content_break_6\" data-node-id=\"24\"><\/div>\n<h3>Selena Gomez y Benny Blanco<\/h3>\n<p><img loading=\"lazy\" decoding=\"async\" class=\"alignnone wp-image-164403 size-full\" src=\"https:\/\/graziamagazine.com\/mx\/wp-content\/uploads\/sites\/13\/2026\/01\/GettyImages-2255772316-scaled.jpg\" alt=\"\" width=\"1707\" height=\"2560\" \/><\/p>\n<h3>John Krasinski y Emily Blun<\/h3>\n<p><img decoding=\"async\" src=\"https:\/\/imagenes.elpais.com\/resizer\/v2\/C7WUNOSGEBC3XBU5PLAH6W3RAE.jpg?auth=b46d82031a76ed8ea7526a3c89a867d025c0e8be14b1689f5fc88d82101d55aa&amp;width=1960\" \/><\/p>\n<h3>Priyanka Chopra y Nick Jonas<\/h3>\n<p><img decoding=\"async\" src=\"https:\/\/imagenes.elpais.com\/resizer\/v2\/7FSUDCMQORARLJLHWQJNYXZMRQ.jpg?auth=865f472055b272b4056ad904f49404d3fa3a215a0fb4fa32b371d218de0caa29&amp;width=1960\" \/><\/p>\n<h3>Walton Goggins y Nadia Conners<\/h3>\n<p><img loading=\"lazy\" decoding=\"async\" class=\"aligncenter size-full wp-image-190965\" src=\"https:\/\/graziamagazine.com\/es\/wp-content\/uploads\/sites\/12\/2026\/01\/harpersbazaares-1.jpg\" alt=\"\" width=\"1440\" height=\"1939\" srcset=\"https:\/\/graziamagazine.com\/es\/wp-content\/uploads\/sites\/12\/2026\/01\/harpersbazaares-1.jpg 1440w, https:\/\/graziamagazine.com\/es\/wp-content\/uploads\/sites\/12\/2026\/01\/harpersbazaares-1-223x300.jpg 223w, https:\/\/graziamagazine.com\/es\/wp-content\/uploads\/sites\/12\/2026\/01\/harpersbazaares-1-760x1024.jpg 760w, https:\/\/graziamagazine.com\/es\/wp-content\/uploads\/sites\/12\/2026\/01\/harpersbazaares-1-768x1034.jpg 768w, https:\/\/graziamagazine.com\/es\/wp-content\/uploads\/sites\/12\/2026\/01\/harpersbazaares-1-1141x1536.jpg 1141w, https:\/\/graziamagazine.com\/es\/wp-content\/uploads\/sites\/12\/2026\/01\/harpersbazaares-1-400x539.jpg 400w, https:\/\/graziamagazine.com\/es\/wp-content\/uploads\/sites\/12\/2026\/01\/harpersbazaares-1-155x209.jpg 155w\" sizes=\"(max-width: 1440px) 100vw, 1440px\" \/><\/p>\n<h3>Aimee Lou Wood y Adam Long<\/h3>\n<p><img loading=\"lazy\" decoding=\"async\" class=\"aligncenter size-full wp-image-190966\" src=\"https:\/\/graziamagazine.com\/es\/wp-content\/uploads\/sites\/12\/2026\/01\/harpersbazaares-2.jpg\" alt=\"\" width=\"1440\" height=\"1939\" srcset=\"https:\/\/graziamagazine.com\/es\/wp-content\/uploads\/sites\/12\/2026\/01\/harpersbazaares-2.jpg 1440w, https:\/\/graziamagazine.com\/es\/wp-content\/uploads\/sites\/12\/2026\/01\/harpersbazaares-2-223x300.jpg 223w, https:\/\/graziamagazine.com\/es\/wp-content\/uploads\/sites\/12\/2026\/01\/harpersbazaares-2-760x1024.jpg 760w, https:\/\/graziamagazine.com\/es\/wp-content\/uploads\/sites\/12\/2026\/01\/harpersbazaares-2-768x1034.jpg 768w, https:\/\/graziamagazine.com\/es\/wp-content\/uploads\/sites\/12\/2026\/01\/harpersbazaares-2-1141x1536.jpg 1141w, https:\/\/graziamagazine.com\/es\/wp-content\/uploads\/sites\/12\/2026\/01\/harpersbazaares-2-400x539.jpg 400w, https:\/\/graziamagazine.com\/es\/wp-content\/uploads\/sites\/12\/2026\/01\/harpersbazaares-2-155x209.jpg 155w\" sizes=\"(max-width: 1440px) 100vw, 1440px\" \/><\/p>\n<h3>Kate Hudson y Danny Fujikawa<\/h3>\n<p><img loading=\"lazy\" decoding=\"async\" class=\"aligncenter size-full wp-image-190967\" src=\"https:\/\/graziamagazine.com\/es\/wp-content\/uploads\/sites\/12\/2026\/01\/harpersbazaares-3.jpg\" alt=\"\" width=\"1440\" height=\"1939\" srcset=\"https:\/\/graziamagazine.com\/es\/wp-content\/uploads\/sites\/12\/2026\/01\/harpersbazaares-3.jpg 1440w, https:\/\/graziamagazine.com\/es\/wp-content\/uploads\/sites\/12\/2026\/01\/harpersbazaares-3-223x300.jpg 223w, https:\/\/graziamagazine.com\/es\/wp-content\/uploads\/sites\/12\/2026\/01\/harpersbazaares-3-760x1024.jpg 760w, https:\/\/graziamagazine.com\/es\/wp-content\/uploads\/sites\/12\/2026\/01\/harpersbazaares-3-768x1034.jpg 768w, https:\/\/graziamagazine.com\/es\/wp-content\/uploads\/sites\/12\/2026\/01\/harpersbazaares-3-1141x1536.jpg 1141w, https:\/\/graziamagazine.com\/es\/wp-content\/uploads\/sites\/12\/2026\/01\/harpersbazaares-3-400x539.jpg 400w, https:\/\/graziamagazine.com\/es\/wp-content\/uploads\/sites\/12\/2026\/01\/harpersbazaares-3-155x209.jpg 155w\" sizes=\"(max-width: 1440px) 100vw, 1440px\" \/><\/p>\n<h3>Elle Fanning y Gus Wenner<\/h3>\n<p><img loading=\"lazy\" decoding=\"async\" class=\"aligncenter size-full wp-image-190968\" src=\"https:\/\/graziamagazine.com\/es\/wp-content\/uploads\/sites\/12\/2026\/01\/harpersbazaares-4.jpg\" alt=\"\" width=\"1440\" height=\"1939\" srcset=\"https:\/\/graziamagazine.com\/es\/wp-content\/uploads\/sites\/12\/2026\/01\/harpersbazaares-4.jpg 1440w, https:\/\/graziamagazine.com\/es\/wp-content\/uploads\/sites\/12\/2026\/01\/harpersbazaares-4-223x300.jpg 223w, https:\/\/graziamagazine.com\/es\/wp-content\/uploads\/sites\/12\/2026\/01\/harpersbazaares-4-760x1024.jpg 760w, https:\/\/graziamagazine.com\/es\/wp-content\/uploads\/sites\/12\/2026\/01\/harpersbazaares-4-768x1034.jpg 768w, https:\/\/graziamagazine.com\/es\/wp-content\/uploads\/sites\/12\/2026\/01\/harpersbazaares-4-1141x1536.jpg 1141w, https:\/\/graziamagazine.com\/es\/wp-content\/uploads\/sites\/12\/2026\/01\/harpersbazaares-4-400x539.jpg 400w, https:\/\/graziamagazine.com\/es\/wp-content\/uploads\/sites\/12\/2026\/01\/harpersbazaares-4-155x209.jpg 155w\" sizes=\"(max-width: 1440px) 100vw, 1440px\" \/><\/p>\n<h3 data-path-to-node=\"5\">Macaulay Culkin y Brenda Song<\/h3>\n<h3 data-path-to-node=\"5\"><img loading=\"lazy\" decoding=\"async\" class=\"alignnone wp-image-164395 size-full\" src=\"https:\/\/graziamagazine.com\/mx\/wp-content\/uploads\/sites\/13\/2026\/01\/Captura-de-Pantalla-2026-01-11-a-las-22.20.40.png\" alt=\"\" width=\"730\" height=\"1110\" \/>Adam Sandler y Jackie Sandler<\/h3>\n<h3 data-path-to-node=\"5\"><img loading=\"lazy\" decoding=\"async\" class=\"alignnone wp-image-164396 size-full\" src=\"https:\/\/graziamagazine.com\/mx\/wp-content\/uploads\/sites\/13\/2026\/01\/Captura-de-Pantalla-2026-01-11-a-las-22.21.18.png\" alt=\"\" width=\"692\" height=\"918\" \/>Noah Wyle y Sara Wells<\/h3>\n<h3 data-path-to-node=\"5\"><img loading=\"lazy\" decoding=\"async\" class=\"alignnone size-large wp-image-164397\" src=\"https:\/\/graziamagazine.com\/mx\/wp-content\/uploads\/sites\/13\/2026\/01\/Captura-de-Pantalla-2026-01-11-a-las-22.21.37-669x1024.png\" alt=\"\" width=\"669\" height=\"1024\" \/><\/h3>\n<h3 data-path-to-node=\"5\">Dax Shepard y Kristen Bell<\/h3>\n<h3 data-path-to-node=\"5\"><img loading=\"lazy\" decoding=\"async\" class=\"alignnone size-large wp-image-164398\" src=\"https:\/\/graziamagazine.com\/mx\/wp-content\/uploads\/sites\/13\/2026\/01\/Captura-de-Pantalla-2026-01-11-a-las-22.21.56-669x1024.png\" alt=\"\" width=\"669\" height=\"1024\" \/>Alison Brie y Dave Franco<\/h3>\n<h3 data-path-to-node=\"5\"><img loading=\"lazy\" decoding=\"async\" class=\"alignnone wp-image-164399 size-full\" src=\"https:\/\/graziamagazine.com\/mx\/wp-content\/uploads\/sites\/13\/2026\/01\/Captura-de-Pantalla-2026-01-11-a-las-22.22.13.png\" alt=\"\" width=\"690\" height=\"1098\" \/><\/h3>\n<h3 data-path-to-node=\"5\">Will Arnett y Carolyn Murphy<\/h3>\n<h3 data-path-to-node=\"5\"><img loading=\"lazy\" decoding=\"async\" class=\"alignnone wp-image-164400 size-full\" src=\"https:\/\/graziamagazine.com\/mx\/wp-content\/uploads\/sites\/13\/2026\/01\/Captura-de-Pantalla-2026-01-11-a-las-22.22.26.png\" alt=\"\" width=\"704\" height=\"1104\" \/><\/h3>\n<h3 data-path-to-node=\"17\">Mark Ruffalo y Sunrise Coigney<\/h3>\n<h3 data-path-to-node=\"17\"><img loading=\"lazy\" decoding=\"async\" class=\"alignnone wp-image-164401 size-full\" src=\"https:\/\/graziamagazine.com\/mx\/wp-content\/uploads\/sites\/13\/2026\/01\/Captura-de-Pantalla-2026-01-11-a-las-22.23.04.png\" alt=\"\" width=\"716\" height=\"1100\" \/>Laura Love y Lisa Love<\/h3>\n<h3 data-path-to-node=\"17\"><img loading=\"lazy\" decoding=\"async\" class=\"alignnone wp-image-164402 size-full\" src=\"https:\/\/graziamagazine.com\/mx\/wp-content\/uploads\/sites\/13\/2026\/01\/Captura-de-Pantalla-2026-01-11-a-las-22.23.21.png\" alt=\"\" width=\"728\" height=\"1088\" \/>George y Amal Clooney<\/h3>\n<p><img loading=\"lazy\" decoding=\"async\" class=\"alignnone wp-image-164404 size-full\" src=\"https:\/\/graziamagazine.com\/mx\/wp-content\/uploads\/sites\/13\/2026\/01\/GettyImages-2255783053-scaled.jpg\" alt=\"\" width=\"1706\" height=\"2560\" \/><\/p>\n<h3>K<strong>irsten Dunst y Jesse Plemons<\/strong><\/h3>\n<p><img decoding=\"async\" src=\"https:\/\/www.hola.com\/horizon\/original_aspect_ratio\/817612a00fa4-gettyimages-2255783063.jpg?im=Resize=(960),type=downsize\" \/><\/p>\n<p>&nbsp;<\/p>\n<p>&nbsp;<\/p>\n","protected":false},"author":11653,"featured_media":190963,"template":"","format":"standard","categories":[2971],"acf":{"banner":""},"yoast_head":"<!-- This site is optimized with the Yoast SEO Premium plugin v18.5 (Yoast SEO v20.4) - https:\/\/yoast.com\/wordpress\/plugins\/seo\/ -->\n<title>Las parejas m\u00e1s estilosas de los Globos de Oro 2026 | Grazia<\/title>\n<meta name=\"description\" content=\"La alfombra roja de los Golden Globes\u00a0 2026 no es solo el term\u00f3metro que marca el inicio de la temporada de premios, sino la vitrina definitiva donde la\" \/>\n<meta name=\"robots\" content=\"index, follow, max-snippet:-1, max-image-preview:large, max-video-preview:-1\" \/>\n<link rel=\"canonical\" href=\"https:\/\/graziamagazine.com\/es\/articles\/las-parejas-mas-estilosas-de-los-globos-de-oro-2026\/\" \/>\n<meta property=\"og:locale\" content=\"es_ES\" \/>\n<meta property=\"og:type\" content=\"article\" \/>\n<meta property=\"og:title\" content=\"Las parejas m\u00e1s estilosas de los Globos de Oro 2026\" \/>\n<meta property=\"og:description\" content=\"La alfombra roja de los Golden Globes\u00a0 2026 no es solo el term\u00f3metro que marca el inicio de la temporada de premios, sino la vitrina definitiva donde la\" \/>\n<meta property=\"og:url\" content=\"https:\/\/graziamagazine.com\/es\/articles\/las-parejas-mas-estilosas-de-los-globos-de-oro-2026\/\" \/>\n<meta property=\"og:site_name\" content=\"Grazia\" \/>\n<meta property=\"article:modified_time\" content=\"2026-01-12T13:22:48+00:00\" \/>\n<meta property=\"og:image\" content=\"https:\/\/graziamagazine.com\/es\/wp-content\/uploads\/sites\/12\/2026\/01\/c6476e145411-gettyimages-2255302409-1-copia.jpg\" \/>\n\t<meta property=\"og:image:width\" content=\"960\" \/>\n\t<meta property=\"og:image:height\" content=\"540\" \/>\n\t<meta property=\"og:image:type\" content=\"image\/jpeg\" \/>\n<meta name=\"twitter:card\" content=\"summary_large_image\" \/>\n<meta name=\"twitter:label1\" content=\"Est. reading time\" \/>\n\t<meta name=\"twitter:data1\" content=\"6 minutos\" \/>\n<script type=\"application\/ld+json\" class=\"yoast-schema-graph\">{\"@context\":\"https:\/\/schema.org\",\"@graph\":[{\"@type\":\"WebPage\",\"@id\":\"https:\/\/graziamagazine.com\/es\/articles\/las-parejas-mas-estilosas-de-los-globos-de-oro-2026\/\",\"url\":\"https:\/\/graziamagazine.com\/es\/articles\/las-parejas-mas-estilosas-de-los-globos-de-oro-2026\/\",\"name\":\"Las parejas m\u00e1s estilosas de los Globos de Oro 2026 | Grazia\",\"isPartOf\":{\"@id\":\"https:\/\/graziamagazine.com\/es\/#website\"},\"datePublished\":\"2026-01-12T13:13:43+00:00\",\"dateModified\":\"2026-01-12T13:22:48+00:00\",\"description\":\"La alfombra roja de los Golden Globes\u00a0 2026 no es solo el term\u00f3metro que marca el inicio de la temporada de premios, sino la vitrina definitiva donde la\",\"breadcrumb\":{\"@id\":\"https:\/\/graziamagazine.com\/es\/articles\/las-parejas-mas-estilosas-de-los-globos-de-oro-2026\/#breadcrumb\"},\"inLanguage\":\"es\",\"potentialAction\":[{\"@type\":\"ReadAction\",\"target\":[\"https:\/\/graziamagazine.com\/es\/articles\/las-parejas-mas-estilosas-de-los-globos-de-oro-2026\/\"]}]},{\"@type\":\"BreadcrumbList\",\"@id\":\"https:\/\/graziamagazine.com\/es\/articles\/las-parejas-mas-estilosas-de-los-globos-de-oro-2026\/#breadcrumb\",\"itemListElement\":[{\"@type\":\"ListItem\",\"position\":1,\"name\":\"Portada\",\"item\":\"https:\/\/graziamagazine.com\/es\/\"},{\"@type\":\"ListItem\",\"position\":2,\"name\":\"Las parejas m\u00e1s estilosas de los Globos de Oro 2026\"}]},{\"@type\":\"WebSite\",\"@id\":\"https:\/\/graziamagazine.com\/es\/#website\",\"url\":\"https:\/\/graziamagazine.com\/es\/\",\"name\":\"Grazia\",\"description\":\"Moda, belleza, celebrities, estilo de vida...\",\"potentialAction\":[{\"@type\":\"SearchAction\",\"target\":{\"@type\":\"EntryPoint\",\"urlTemplate\":\"https:\/\/graziamagazine.com\/es\/?s={search_term_string}\"},\"query-input\":\"required name=search_term_string\"}],\"inLanguage\":\"es\"}]}<\/script>\n<!-- \/ Yoast SEO Premium plugin. -->","yoast_head_json":{"title":"Las parejas m\u00e1s estilosas de los Globos de Oro 2026 | Grazia","description":"La alfombra roja de los Golden Globes\u00a0 2026 no es solo el term\u00f3metro que marca el inicio de la temporada de premios, sino la vitrina definitiva donde la","robots":{"index":"index","follow":"follow","max-snippet":"max-snippet:-1","max-image-preview":"max-image-preview:large","max-video-preview":"max-video-preview:-1"},"canonical":"https:\/\/graziamagazine.com\/es\/articles\/las-parejas-mas-estilosas-de-los-globos-de-oro-2026\/","og_locale":"es_ES","og_type":"article","og_title":"Las parejas m\u00e1s estilosas de los Globos de Oro 2026","og_description":"La alfombra roja de los Golden Globes\u00a0 2026 no es solo el term\u00f3metro que marca el inicio de la temporada de premios, sino la vitrina definitiva donde la","og_url":"https:\/\/graziamagazine.com\/es\/articles\/las-parejas-mas-estilosas-de-los-globos-de-oro-2026\/","og_site_name":"Grazia","article_modified_time":"2026-01-12T13:22:48+00:00","og_image":[{"width":960,"height":540,"url":"https:\/\/graziamagazine.com\/es\/wp-content\/uploads\/sites\/12\/2026\/01\/c6476e145411-gettyimages-2255302409-1-copia.jpg","type":"image\/jpeg"}],"twitter_card":"summary_large_image","twitter_misc":{"Est. reading time":"6 minutos"},"schema":{"@context":"https:\/\/schema.org","@graph":[{"@type":"WebPage","@id":"https:\/\/graziamagazine.com\/es\/articles\/las-parejas-mas-estilosas-de-los-globos-de-oro-2026\/","url":"https:\/\/graziamagazine.com\/es\/articles\/las-parejas-mas-estilosas-de-los-globos-de-oro-2026\/","name":"Las parejas m\u00e1s estilosas de los Globos de Oro 2026 | Grazia","isPartOf":{"@id":"https:\/\/graziamagazine.com\/es\/#website"},"datePublished":"2026-01-12T13:13:43+00:00","dateModified":"2026-01-12T13:22:48+00:00","description":"La alfombra roja de los Golden Globes\u00a0 2026 no es solo el term\u00f3metro que marca el inicio de la temporada de premios, sino la vitrina definitiva donde la","breadcrumb":{"@id":"https:\/\/graziamagazine.com\/es\/articles\/las-parejas-mas-estilosas-de-los-globos-de-oro-2026\/#breadcrumb"},"inLanguage":"es","potentialAction":[{"@type":"ReadAction","target":["https:\/\/graziamagazine.com\/es\/articles\/las-parejas-mas-estilosas-de-los-globos-de-oro-2026\/"]}]},{"@type":"BreadcrumbList","@id":"https:\/\/graziamagazine.com\/es\/articles\/las-parejas-mas-estilosas-de-los-globos-de-oro-2026\/#breadcrumb","itemListElement":[{"@type":"ListItem","position":1,"name":"Portada","item":"https:\/\/graziamagazine.com\/es\/"},{"@type":"ListItem","position":2,"name":"Las parejas m\u00e1s estilosas de los Globos de Oro 2026"}]},{"@type":"WebSite","@id":"https:\/\/graziamagazine.com\/es\/#website","url":"https:\/\/graziamagazine.com\/es\/","name":"Grazia","description":"Moda, belleza, celebrities, estilo de vida...","potentialAction":[{"@type":"SearchAction","target":{"@type":"EntryPoint","urlTemplate":"https:\/\/graziamagazine.com\/es\/?s={search_term_string}"},"query-input":"required name=search_term_string"}],"inLanguage":"es"}]}},"jetpack_sharing_enabled":true,"distributor_meta":false,"distributor_terms":false,"distributor_media":false,"distributor_original_site_name":"Grazia","distributor_original_site_url":"https:\/\/graziamagazine.com\/es","push-errors":false,"_links":{"self":[{"href":"https:\/\/graziamagazine.com\/es\/wp-json\/wp\/v2\/articles\/190956"}],"collection":[{"href":"https:\/\/graziamagazine.com\/es\/wp-json\/wp\/v2\/articles"}],"about":[{"href":"https:\/\/graziamagazine.com\/es\/wp-json\/wp\/v2\/types\/articles"}],"author":[{"embeddable":true,"href":"https:\/\/graziamagazine.com\/es\/wp-json\/wp\/v2\/users\/11653"}],"wp:featuredmedia":[{"embeddable":true,"href":"https:\/\/graziamagazine.com\/es\/wp-json\/wp\/v2\/media\/190963"}],"wp:attachment":[{"href":"https:\/\/graziamagazine.com\/es\/wp-json\/wp\/v2\/media?parent=190956"}],"wp:term":[{"taxonomy":"category","embeddable":true,"href":"https:\/\/graziamagazine.com\/es\/wp-json\/wp\/v2\/categories?post=190956"}],"curies":[{"name":"wp","href":"https:\/\/api.w.org\/{rel}","templated":true}]}}