{"id":190912,"date":"2026-01-09T12:14:39","date_gmt":"2026-01-09T11:14:39","guid":{"rendered":"https:\/\/graziamagazine.com\/es\/?post_type=articles&#038;p=190912"},"modified":"2026-01-09T12:14:39","modified_gmt":"2026-01-09T11:14:39","slug":"gucci-la-famiglia-la-nueva-era-bajo-la-direccion-de-demna","status":"publish","type":"articles","link":"https:\/\/graziamagazine.com\/es\/articles\/gucci-la-famiglia-la-nueva-era-bajo-la-direccion-de-demna\/","title":{"rendered":"&#8216;Gucci: La Famiglia&#8217;, la nueva era bajo la direcci\u00f3n de Demna"},"content":{"rendered":"<p>Ya hemos podido ver en movimiento &#8216;<a href=\"https:\/\/www.gucci.com\/es\/es\/?utm_source=google&amp;utm_source_platform=SA360&amp;utm_medium=cpc&amp;utm_campaign=ES%7CES%7CSRC%7CBrand+Pure%7CBrand%7CU%7CExact&amp;utm_id=132274311&amp;gclsrc=aw.ds&amp;gad_source=1&amp;gad_campaignid=132274311&amp;gbraid=0AAAAADurYgxv1jicFdk5iXzu292nUXiy0&amp;gclid=CjwKCAiA64LLBhBhEiwA-Pxgu2BfRp5_0ypYV17DA_G2PgEK0VZw2o3-lYS0HumpcmpA2Zh1UjF9lBoCdF4QAvD_BwE\" target=\"_blank\">Gucci: La Famiglia<\/a>&#8216;, una nueva campa\u00f1a que revela vestuarios que marcan el inicio de una nueva era de Gucci bajo la direcci\u00f3n de Demna: descarada, sensual, extravagante y audaz. Presentada por primera vez en septiembre, la colecci\u00f3n La Famiglia refleja la investigaci\u00f3n continua de Demna en los archivos y c\u00f3digos visuales de la Casa a trav\u00e9s de m\u00faltiples \u00e9pocas, anticipando y construyendo el camino hacia su visi\u00f3n personal para Gucci, que se dar\u00e1 a conocer en febrero.<\/p>\n<div class=\"content-gallery\"><div class=\"gallery-placeholder\"><div class=\"spinner\"><\/div><\/div><span class=\"gallery-pagination\"><\/span><div id=\"gallery-1\" class=\"gallery galleryid-190912 gallery-columns- gallery-size-\"><figure class=\"gallery-item\"><div class=\"gallery-icon landscape\"><img loading=\"lazy\" decoding=\"async\" width=\"1440\" height=\"1911\" src=\"https:\/\/graziamagazine.com\/es\/wp-content\/uploads\/sites\/12\/2026\/01\/grazia_es-4.jpg\" class=\"lazy\" alt=\"\" srcset=\"https:\/\/graziamagazine.com\/es\/wp-content\/uploads\/sites\/12\/2026\/01\/grazia_es-4.jpg 1440w, https:\/\/graziamagazine.com\/es\/wp-content\/uploads\/sites\/12\/2026\/01\/grazia_es-4-226x300.jpg 226w, https:\/\/graziamagazine.com\/es\/wp-content\/uploads\/sites\/12\/2026\/01\/grazia_es-4-772x1024.jpg 772w, https:\/\/graziamagazine.com\/es\/wp-content\/uploads\/sites\/12\/2026\/01\/grazia_es-4-768x1019.jpg 768w, https:\/\/graziamagazine.com\/es\/wp-content\/uploads\/sites\/12\/2026\/01\/grazia_es-4-1157x1536.jpg 1157w, https:\/\/graziamagazine.com\/es\/wp-content\/uploads\/sites\/12\/2026\/01\/grazia_es-4-400x531.jpg 400w, https:\/\/graziamagazine.com\/es\/wp-content\/uploads\/sites\/12\/2026\/01\/grazia_es-4-155x206.jpg 155w\" sizes=\"(max-width: 1440px) 100vw, 1440px\" \/><\/div><\/figure><figure class=\"gallery-item\"><div class=\"gallery-icon landscape\"><img loading=\"lazy\" decoding=\"async\" width=\"1440\" height=\"1911\" src=\"https:\/\/graziamagazine.com\/es\/wp-content\/uploads\/sites\/12\/2026\/01\/grazia_es-7-1.jpg\" class=\"lazy\" alt=\"\" srcset=\"https:\/\/graziamagazine.com\/es\/wp-content\/uploads\/sites\/12\/2026\/01\/grazia_es-7-1.jpg 1440w, https:\/\/graziamagazine.com\/es\/wp-content\/uploads\/sites\/12\/2026\/01\/grazia_es-7-1-226x300.jpg 226w, https:\/\/graziamagazine.com\/es\/wp-content\/uploads\/sites\/12\/2026\/01\/grazia_es-7-1-772x1024.jpg 772w, https:\/\/graziamagazine.com\/es\/wp-content\/uploads\/sites\/12\/2026\/01\/grazia_es-7-1-768x1019.jpg 768w, https:\/\/graziamagazine.com\/es\/wp-content\/uploads\/sites\/12\/2026\/01\/grazia_es-7-1-1157x1536.jpg 1157w, https:\/\/graziamagazine.com\/es\/wp-content\/uploads\/sites\/12\/2026\/01\/grazia_es-7-1-400x531.jpg 400w, https:\/\/graziamagazine.com\/es\/wp-content\/uploads\/sites\/12\/2026\/01\/grazia_es-7-1-155x206.jpg 155w\" sizes=\"(max-width: 1440px) 100vw, 1440px\" \/><\/div><\/figure><figure class=\"gallery-item\"><div class=\"gallery-icon landscape\"><img loading=\"lazy\" decoding=\"async\" width=\"1440\" height=\"1911\" src=\"https:\/\/graziamagazine.com\/es\/wp-content\/uploads\/sites\/12\/2026\/01\/grazia_es-10.jpg\" class=\"lazy\" alt=\"\" srcset=\"https:\/\/graziamagazine.com\/es\/wp-content\/uploads\/sites\/12\/2026\/01\/grazia_es-10.jpg 1440w, https:\/\/graziamagazine.com\/es\/wp-content\/uploads\/sites\/12\/2026\/01\/grazia_es-10-226x300.jpg 226w, https:\/\/graziamagazine.com\/es\/wp-content\/uploads\/sites\/12\/2026\/01\/grazia_es-10-772x1024.jpg 772w, https:\/\/graziamagazine.com\/es\/wp-content\/uploads\/sites\/12\/2026\/01\/grazia_es-10-768x1019.jpg 768w, https:\/\/graziamagazine.com\/es\/wp-content\/uploads\/sites\/12\/2026\/01\/grazia_es-10-1157x1536.jpg 1157w, https:\/\/graziamagazine.com\/es\/wp-content\/uploads\/sites\/12\/2026\/01\/grazia_es-10-400x531.jpg 400w, https:\/\/graziamagazine.com\/es\/wp-content\/uploads\/sites\/12\/2026\/01\/grazia_es-10-155x206.jpg 155w\" sizes=\"(max-width: 1440px) 100vw, 1440px\" \/><\/div><\/figure><\/div><\/div>\n<p>Capturada por Catherine Opie, cada figura se presenta como una faceta distinta de las personas de la Casa, moldeada por la actitud, el lenguaje est\u00e9tico y la mentalidad compartida que define la \u201cGucciness \u201cde Gucci. A lo largo de la campa\u00f1a, el gesto, el estilismo y la presencia destacan las distintas personalidades dentro de esta familia Gucci extendida, revelando c\u00f3mo sus vestuarios conforman una identidad colectiva basada en la naturalidad, el car\u00e1cter y c\u00f3digos<br \/>\nic\u00f3nicos.<\/p>\n<p><img loading=\"lazy\" decoding=\"async\" class=\"aligncenter size-full wp-image-190920\" src=\"https:\/\/graziamagazine.com\/es\/wp-content\/uploads\/sites\/12\/2026\/01\/grazia_es-5.jpg\" alt=\"\" width=\"1440\" height=\"1911\" srcset=\"https:\/\/graziamagazine.com\/es\/wp-content\/uploads\/sites\/12\/2026\/01\/grazia_es-5.jpg 1440w, https:\/\/graziamagazine.com\/es\/wp-content\/uploads\/sites\/12\/2026\/01\/grazia_es-5-226x300.jpg 226w, https:\/\/graziamagazine.com\/es\/wp-content\/uploads\/sites\/12\/2026\/01\/grazia_es-5-772x1024.jpg 772w, https:\/\/graziamagazine.com\/es\/wp-content\/uploads\/sites\/12\/2026\/01\/grazia_es-5-768x1019.jpg 768w, https:\/\/graziamagazine.com\/es\/wp-content\/uploads\/sites\/12\/2026\/01\/grazia_es-5-1157x1536.jpg 1157w, https:\/\/graziamagazine.com\/es\/wp-content\/uploads\/sites\/12\/2026\/01\/grazia_es-5-400x531.jpg 400w, https:\/\/graziamagazine.com\/es\/wp-content\/uploads\/sites\/12\/2026\/01\/grazia_es-5-155x206.jpg 155w\" sizes=\"(max-width: 1440px) 100vw, 1440px\" \/><\/p>\n<p><img loading=\"lazy\" decoding=\"async\" class=\"aligncenter size-full wp-image-190922\" src=\"https:\/\/graziamagazine.com\/es\/wp-content\/uploads\/sites\/12\/2026\/01\/grazia_es-6.jpg\" alt=\"\" width=\"1440\" height=\"1911\" srcset=\"https:\/\/graziamagazine.com\/es\/wp-content\/uploads\/sites\/12\/2026\/01\/grazia_es-6.jpg 1440w, https:\/\/graziamagazine.com\/es\/wp-content\/uploads\/sites\/12\/2026\/01\/grazia_es-6-226x300.jpg 226w, https:\/\/graziamagazine.com\/es\/wp-content\/uploads\/sites\/12\/2026\/01\/grazia_es-6-772x1024.jpg 772w, https:\/\/graziamagazine.com\/es\/wp-content\/uploads\/sites\/12\/2026\/01\/grazia_es-6-768x1019.jpg 768w, https:\/\/graziamagazine.com\/es\/wp-content\/uploads\/sites\/12\/2026\/01\/grazia_es-6-1157x1536.jpg 1157w, https:\/\/graziamagazine.com\/es\/wp-content\/uploads\/sites\/12\/2026\/01\/grazia_es-6-400x531.jpg 400w, https:\/\/graziamagazine.com\/es\/wp-content\/uploads\/sites\/12\/2026\/01\/grazia_es-6-155x206.jpg 155w\" sizes=\"(max-width: 1440px) 100vw, 1440px\" \/><\/p>\n<p><strong>La colecci\u00f3n se despliega a trav\u00e9s de un abanico de personajes cuyos vestuarios reinterpretan estos c\u00f3digos<\/strong> con una nueva sensualidad, espontaneidad y actitud italiana. <strong><em>Incazzata<\/em><\/strong> aparece con su vibrante \u201cpeque\u00f1o abrigo rojo\u201d de inspiraci\u00f3n sesentera, que refleja su temperamento ardiente. <strong><em>Gallerista<\/em><\/strong> recorre el mundo con un refinado look negro, complementado por el bolso Bamboo 1947 re proporcionado.<\/p>\n<p><img loading=\"lazy\" decoding=\"async\" class=\"aligncenter size-full wp-image-190928\" src=\"https:\/\/graziamagazine.com\/es\/wp-content\/uploads\/sites\/12\/2026\/01\/HP_Portrait_Gucci-SS26-NOV25-250917-19-051-C_001_Default.jpeg\" alt=\"\" width=\"1500\" height=\"2000\" srcset=\"https:\/\/graziamagazine.com\/es\/wp-content\/uploads\/sites\/12\/2026\/01\/HP_Portrait_Gucci-SS26-NOV25-250917-19-051-C_001_Default.jpeg 1500w, https:\/\/graziamagazine.com\/es\/wp-content\/uploads\/sites\/12\/2026\/01\/HP_Portrait_Gucci-SS26-NOV25-250917-19-051-C_001_Default-225x300.jpeg 225w, https:\/\/graziamagazine.com\/es\/wp-content\/uploads\/sites\/12\/2026\/01\/HP_Portrait_Gucci-SS26-NOV25-250917-19-051-C_001_Default-768x1024.jpeg 768w, https:\/\/graziamagazine.com\/es\/wp-content\/uploads\/sites\/12\/2026\/01\/HP_Portrait_Gucci-SS26-NOV25-250917-19-051-C_001_Default-1152x1536.jpeg 1152w, https:\/\/graziamagazine.com\/es\/wp-content\/uploads\/sites\/12\/2026\/01\/HP_Portrait_Gucci-SS26-NOV25-250917-19-051-C_001_Default-400x533.jpeg 400w, https:\/\/graziamagazine.com\/es\/wp-content\/uploads\/sites\/12\/2026\/01\/HP_Portrait_Gucci-SS26-NOV25-250917-19-051-C_001_Default-155x207.jpeg 155w\" sizes=\"(max-width: 1500px) 100vw, 1500px\" \/><\/p>\n<p>El arte italiano de la elegancia sin esfuerzo, la <em><strong>Sprezzatura<\/strong><\/em>, se refleja en gestos de naturalidad como los mules de piel suave llevados pisados. Vestirse por placer se traslada tambi\u00e9n a la moda masculina, visible en el traje sastre de <em><strong>Direttore<\/strong><\/em> y en el look de <strong><em>Principino<\/em><\/strong>, definido por su atracci\u00f3n natural hacia el centro de atenci\u00f3n. Cada personaje y su vestuario revelan una de las m\u00faltiples personalidades de La Famiglia y las actitudes est\u00e9ticas distintivas que definen la colecci\u00f3n.<\/p>\n<div class=\"content-gallery\"><div class=\"gallery-placeholder\"><div class=\"spinner\"><\/div><\/div><span class=\"gallery-pagination\"><\/span><div id=\"gallery-2\" class=\"gallery galleryid-190912 gallery-columns- gallery-size-\"><figure class=\"gallery-item\"><div class=\"gallery-icon landscape\"><img loading=\"lazy\" decoding=\"async\" width=\"1440\" height=\"1911\" src=\"https:\/\/graziamagazine.com\/es\/wp-content\/uploads\/sites\/12\/2026\/01\/grazia_es-11.jpg\" class=\"lazy\" alt=\"\" srcset=\"https:\/\/graziamagazine.com\/es\/wp-content\/uploads\/sites\/12\/2026\/01\/grazia_es-11.jpg 1440w, https:\/\/graziamagazine.com\/es\/wp-content\/uploads\/sites\/12\/2026\/01\/grazia_es-11-226x300.jpg 226w, https:\/\/graziamagazine.com\/es\/wp-content\/uploads\/sites\/12\/2026\/01\/grazia_es-11-772x1024.jpg 772w, https:\/\/graziamagazine.com\/es\/wp-content\/uploads\/sites\/12\/2026\/01\/grazia_es-11-768x1019.jpg 768w, https:\/\/graziamagazine.com\/es\/wp-content\/uploads\/sites\/12\/2026\/01\/grazia_es-11-1157x1536.jpg 1157w, https:\/\/graziamagazine.com\/es\/wp-content\/uploads\/sites\/12\/2026\/01\/grazia_es-11-400x531.jpg 400w, https:\/\/graziamagazine.com\/es\/wp-content\/uploads\/sites\/12\/2026\/01\/grazia_es-11-155x206.jpg 155w\" sizes=\"(max-width: 1440px) 100vw, 1440px\" \/><\/div><\/figure><figure class=\"gallery-item\"><div class=\"gallery-icon landscape\"><img loading=\"lazy\" decoding=\"async\" width=\"1440\" height=\"1911\" src=\"https:\/\/graziamagazine.com\/es\/wp-content\/uploads\/sites\/12\/2026\/01\/grazia_es-13.jpg\" class=\"lazy\" alt=\"\" srcset=\"https:\/\/graziamagazine.com\/es\/wp-content\/uploads\/sites\/12\/2026\/01\/grazia_es-13.jpg 1440w, https:\/\/graziamagazine.com\/es\/wp-content\/uploads\/sites\/12\/2026\/01\/grazia_es-13-226x300.jpg 226w, https:\/\/graziamagazine.com\/es\/wp-content\/uploads\/sites\/12\/2026\/01\/grazia_es-13-772x1024.jpg 772w, https:\/\/graziamagazine.com\/es\/wp-content\/uploads\/sites\/12\/2026\/01\/grazia_es-13-768x1019.jpg 768w, https:\/\/graziamagazine.com\/es\/wp-content\/uploads\/sites\/12\/2026\/01\/grazia_es-13-1157x1536.jpg 1157w, https:\/\/graziamagazine.com\/es\/wp-content\/uploads\/sites\/12\/2026\/01\/grazia_es-13-400x531.jpg 400w, https:\/\/graziamagazine.com\/es\/wp-content\/uploads\/sites\/12\/2026\/01\/grazia_es-13-155x206.jpg 155w\" sizes=\"(max-width: 1440px) 100vw, 1440px\" \/><\/div><\/figure><figure class=\"gallery-item\"><div class=\"gallery-icon landscape\"><img loading=\"lazy\" decoding=\"async\" width=\"1440\" height=\"1911\" src=\"https:\/\/graziamagazine.com\/es\/wp-content\/uploads\/sites\/12\/2026\/01\/grazia_es-14.jpg\" class=\"lazy\" alt=\"\" srcset=\"https:\/\/graziamagazine.com\/es\/wp-content\/uploads\/sites\/12\/2026\/01\/grazia_es-14.jpg 1440w, https:\/\/graziamagazine.com\/es\/wp-content\/uploads\/sites\/12\/2026\/01\/grazia_es-14-226x300.jpg 226w, https:\/\/graziamagazine.com\/es\/wp-content\/uploads\/sites\/12\/2026\/01\/grazia_es-14-772x1024.jpg 772w, https:\/\/graziamagazine.com\/es\/wp-content\/uploads\/sites\/12\/2026\/01\/grazia_es-14-768x1019.jpg 768w, https:\/\/graziamagazine.com\/es\/wp-content\/uploads\/sites\/12\/2026\/01\/grazia_es-14-1157x1536.jpg 1157w, https:\/\/graziamagazine.com\/es\/wp-content\/uploads\/sites\/12\/2026\/01\/grazia_es-14-400x531.jpg 400w, https:\/\/graziamagazine.com\/es\/wp-content\/uploads\/sites\/12\/2026\/01\/grazia_es-14-155x206.jpg 155w\" sizes=\"(max-width: 1440px) 100vw, 1440px\" \/><\/div><\/figure><\/div><\/div>\n<p><a href=\"https:\/\/www.gucci.com\/es\/es\/nst\/la-famiglia-collection?_gl=1*1p2t337*_up*MQ..*_gs*MQ..&amp;gclid=CjwKCAiA64LLBhBhEiwA-Pxgu2BfRp5_0ypYV17DA_G2PgEK0VZw2o3-lYS0HumpcmpA2Zh1UjF9lBoCdF4QAvD_BwE&amp;gclsrc=aw.ds&amp;gbraid=0AAAAADurYgxv1jicFdk5iXzu292nUXiy0\" target=\"_blank\">La colecci\u00f3n La Famiglia est\u00e1 disponible en las tiendas Gucci de todo el mundo y en gucci.com a partir de ayer 8 de enero<\/a><\/p>\n<p><em>*Im\u00e1genes: cortes\u00eda<\/em><\/p>\n","protected":false},"author":11653,"featured_media":190916,"template":"","format":"standard","categories":[1],"acf":[],"yoast_head":"<!-- This site is optimized with the Yoast SEO Premium plugin v18.5 (Yoast SEO v20.4) - https:\/\/yoast.com\/wordpress\/plugins\/seo\/ -->\n<title>&#039;Gucci: La Famiglia&#039;, la nueva era bajo la direcci\u00f3n de Demna<\/title>\n<meta name=\"description\" content=\"Demna revisita los archivos y c\u00f3digos visuales de Gucci a trav\u00e9s de diversas \u00e9pocas y los integrantes de esta estilosa familia.\" \/>\n<meta name=\"robots\" content=\"index, follow, max-snippet:-1, max-image-preview:large, max-video-preview:-1\" \/>\n<link rel=\"canonical\" href=\"https:\/\/graziamagazine.com\/es\/articles\/gucci-la-famiglia-la-nueva-era-bajo-la-direccion-de-demna\/\" \/>\n<meta property=\"og:locale\" content=\"es_ES\" \/>\n<meta property=\"og:type\" content=\"article\" \/>\n<meta property=\"og:title\" content=\"&#039;Gucci: La Famiglia&#039;, la nueva era bajo la direcci\u00f3n de Demna\" \/>\n<meta property=\"og:description\" content=\"Demna revisita los archivos y c\u00f3digos visuales de Gucci a trav\u00e9s de diversas \u00e9pocas y los integrantes de esta estilosa familia.\" \/>\n<meta property=\"og:url\" content=\"https:\/\/graziamagazine.com\/es\/articles\/gucci-la-famiglia-la-nueva-era-bajo-la-direccion-de-demna\/\" \/>\n<meta property=\"og:site_name\" content=\"Grazia\" \/>\n<meta property=\"og:image\" content=\"https:\/\/graziamagazine.com\/es\/wp-content\/uploads\/sites\/12\/2026\/01\/grazia_es-8-e1767956085182.jpg\" \/>\n\t<meta property=\"og:image:width\" content=\"1417\" \/>\n\t<meta property=\"og:image:height\" content=\"1197\" \/>\n\t<meta property=\"og:image:type\" content=\"image\/jpeg\" \/>\n<meta name=\"twitter:card\" content=\"summary_large_image\" \/>\n<meta name=\"twitter:label1\" content=\"Est. reading time\" \/>\n\t<meta name=\"twitter:data1\" content=\"3 minutos\" \/>\n<script type=\"application\/ld+json\" class=\"yoast-schema-graph\">{\"@context\":\"https:\/\/schema.org\",\"@graph\":[{\"@type\":\"WebPage\",\"@id\":\"https:\/\/graziamagazine.com\/es\/articles\/gucci-la-famiglia-la-nueva-era-bajo-la-direccion-de-demna\/\",\"url\":\"https:\/\/graziamagazine.com\/es\/articles\/gucci-la-famiglia-la-nueva-era-bajo-la-direccion-de-demna\/\",\"name\":\"'Gucci: La Famiglia', la nueva era bajo la direcci\u00f3n de Demna\",\"isPartOf\":{\"@id\":\"https:\/\/graziamagazine.com\/es\/#website\"},\"datePublished\":\"2026-01-09T11:14:39+00:00\",\"dateModified\":\"2026-01-09T11:14:39+00:00\",\"description\":\"Demna revisita los archivos y c\u00f3digos visuales de Gucci a trav\u00e9s de diversas \u00e9pocas y los integrantes de esta estilosa familia.\",\"breadcrumb\":{\"@id\":\"https:\/\/graziamagazine.com\/es\/articles\/gucci-la-famiglia-la-nueva-era-bajo-la-direccion-de-demna\/#breadcrumb\"},\"inLanguage\":\"es\",\"potentialAction\":[{\"@type\":\"ReadAction\",\"target\":[\"https:\/\/graziamagazine.com\/es\/articles\/gucci-la-famiglia-la-nueva-era-bajo-la-direccion-de-demna\/\"]}]},{\"@type\":\"BreadcrumbList\",\"@id\":\"https:\/\/graziamagazine.com\/es\/articles\/gucci-la-famiglia-la-nueva-era-bajo-la-direccion-de-demna\/#breadcrumb\",\"itemListElement\":[{\"@type\":\"ListItem\",\"position\":1,\"name\":\"Portada\",\"item\":\"https:\/\/graziamagazine.com\/es\/\"},{\"@type\":\"ListItem\",\"position\":2,\"name\":\"&#8216;Gucci: La Famiglia&#8217;, la nueva era bajo la direcci\u00f3n de Demna\"}]},{\"@type\":\"WebSite\",\"@id\":\"https:\/\/graziamagazine.com\/es\/#website\",\"url\":\"https:\/\/graziamagazine.com\/es\/\",\"name\":\"Grazia\",\"description\":\"Moda, belleza, celebrities, estilo de vida...\",\"potentialAction\":[{\"@type\":\"SearchAction\",\"target\":{\"@type\":\"EntryPoint\",\"urlTemplate\":\"https:\/\/graziamagazine.com\/es\/?s={search_term_string}\"},\"query-input\":\"required name=search_term_string\"}],\"inLanguage\":\"es\"}]}<\/script>\n<!-- \/ Yoast SEO Premium plugin. -->","yoast_head_json":{"title":"'Gucci: La Famiglia', la nueva era bajo la direcci\u00f3n de Demna","description":"Demna revisita los archivos y c\u00f3digos visuales de Gucci a trav\u00e9s de diversas \u00e9pocas y los integrantes de esta estilosa familia.","robots":{"index":"index","follow":"follow","max-snippet":"max-snippet:-1","max-image-preview":"max-image-preview:large","max-video-preview":"max-video-preview:-1"},"canonical":"https:\/\/graziamagazine.com\/es\/articles\/gucci-la-famiglia-la-nueva-era-bajo-la-direccion-de-demna\/","og_locale":"es_ES","og_type":"article","og_title":"'Gucci: La Famiglia', la nueva era bajo la direcci\u00f3n de Demna","og_description":"Demna revisita los archivos y c\u00f3digos visuales de Gucci a trav\u00e9s de diversas \u00e9pocas y los integrantes de esta estilosa familia.","og_url":"https:\/\/graziamagazine.com\/es\/articles\/gucci-la-famiglia-la-nueva-era-bajo-la-direccion-de-demna\/","og_site_name":"Grazia","og_image":[{"width":1417,"height":1197,"url":"https:\/\/graziamagazine.com\/es\/wp-content\/uploads\/sites\/12\/2026\/01\/grazia_es-8-e1767956085182.jpg","type":"image\/jpeg"}],"twitter_card":"summary_large_image","twitter_misc":{"Est. reading time":"3 minutos"},"schema":{"@context":"https:\/\/schema.org","@graph":[{"@type":"WebPage","@id":"https:\/\/graziamagazine.com\/es\/articles\/gucci-la-famiglia-la-nueva-era-bajo-la-direccion-de-demna\/","url":"https:\/\/graziamagazine.com\/es\/articles\/gucci-la-famiglia-la-nueva-era-bajo-la-direccion-de-demna\/","name":"'Gucci: La Famiglia', la nueva era bajo la direcci\u00f3n de Demna","isPartOf":{"@id":"https:\/\/graziamagazine.com\/es\/#website"},"datePublished":"2026-01-09T11:14:39+00:00","dateModified":"2026-01-09T11:14:39+00:00","description":"Demna revisita los archivos y c\u00f3digos visuales de Gucci a trav\u00e9s de diversas \u00e9pocas y los integrantes de esta estilosa familia.","breadcrumb":{"@id":"https:\/\/graziamagazine.com\/es\/articles\/gucci-la-famiglia-la-nueva-era-bajo-la-direccion-de-demna\/#breadcrumb"},"inLanguage":"es","potentialAction":[{"@type":"ReadAction","target":["https:\/\/graziamagazine.com\/es\/articles\/gucci-la-famiglia-la-nueva-era-bajo-la-direccion-de-demna\/"]}]},{"@type":"BreadcrumbList","@id":"https:\/\/graziamagazine.com\/es\/articles\/gucci-la-famiglia-la-nueva-era-bajo-la-direccion-de-demna\/#breadcrumb","itemListElement":[{"@type":"ListItem","position":1,"name":"Portada","item":"https:\/\/graziamagazine.com\/es\/"},{"@type":"ListItem","position":2,"name":"&#8216;Gucci: La Famiglia&#8217;, la nueva era bajo la direcci\u00f3n de Demna"}]},{"@type":"WebSite","@id":"https:\/\/graziamagazine.com\/es\/#website","url":"https:\/\/graziamagazine.com\/es\/","name":"Grazia","description":"Moda, belleza, celebrities, estilo de vida...","potentialAction":[{"@type":"SearchAction","target":{"@type":"EntryPoint","urlTemplate":"https:\/\/graziamagazine.com\/es\/?s={search_term_string}"},"query-input":"required name=search_term_string"}],"inLanguage":"es"}]}},"jetpack_sharing_enabled":true,"distributor_meta":false,"distributor_terms":false,"distributor_media":false,"distributor_original_site_name":"Grazia","distributor_original_site_url":"https:\/\/graziamagazine.com\/es","push-errors":false,"_links":{"self":[{"href":"https:\/\/graziamagazine.com\/es\/wp-json\/wp\/v2\/articles\/190912"}],"collection":[{"href":"https:\/\/graziamagazine.com\/es\/wp-json\/wp\/v2\/articles"}],"about":[{"href":"https:\/\/graziamagazine.com\/es\/wp-json\/wp\/v2\/types\/articles"}],"author":[{"embeddable":true,"href":"https:\/\/graziamagazine.com\/es\/wp-json\/wp\/v2\/users\/11653"}],"wp:featuredmedia":[{"embeddable":true,"href":"https:\/\/graziamagazine.com\/es\/wp-json\/wp\/v2\/media\/190916"}],"wp:attachment":[{"href":"https:\/\/graziamagazine.com\/es\/wp-json\/wp\/v2\/media?parent=190912"}],"wp:term":[{"taxonomy":"category","embeddable":true,"href":"https:\/\/graziamagazine.com\/es\/wp-json\/wp\/v2\/categories?post=190912"}],"curies":[{"name":"wp","href":"https:\/\/api.w.org\/{rel}","templated":true}]}}