{"id":190658,"date":"2025-12-30T08:00:31","date_gmt":"2025-12-30T07:00:31","guid":{"rendered":"https:\/\/graziamagazine.com\/es\/?post_type=articles&#038;p=190658"},"modified":"2025-12-30T00:30:44","modified_gmt":"2025-12-29T23:30:44","slug":"shakira-cantara-en-la-casa-de-la-musica-de-nochevieja-en-rtve","status":"publish","type":"articles","link":"https:\/\/graziamagazine.com\/es\/articles\/shakira-cantara-en-la-casa-de-la-musica-de-nochevieja-en-rtve\/","title":{"rendered":"Shakira cantar\u00e1 en la Casa de la M\u00fasica de Nochevieja en RTVE"},"content":{"rendered":"<p>Si hay un momento televisivo que une a todos en Espa\u00f1a \u2014familias, amigos y pantallas encendidas\u2014 ese es el de las <strong>Campanadas de Nochevieja<\/strong>. Este a\u00f1o, la tradicional despedida de diciembre va a tener un toque internacional muy especial: <strong>Shakira ser\u00e1 la gran estrella musical del especial de Televisi\u00f3n Espa\u00f1ola antes de las doce uvas<\/strong>.<\/p>\n<p>La noticia ha puesto a todos en modo expectaci\u00f3n. Porque no es solo una actuaci\u00f3n m\u00e1s: es un <strong>regreso cargado de significado, emoci\u00f3n y espect\u00e1culo<\/strong> justo antes de dar la bienvenida a 2026.<\/p>\n<h3>La Casa de la M\u00fasica: el escenario donde Shakira ser\u00e1 protagonista<\/h3>\n<p>Televisi\u00f3n Espa\u00f1ola \u2014que este 2025 cumple 70 a\u00f1os de historia\u2014 ha dise\u00f1ado una <strong>velada musical potente y muy ambiciosa<\/strong> para el 31 de diciembre. El especial, titulado <em>La Casa de la M\u00fasica<\/em>, se emite desde las 22:55 horas en La 1, justo antes de la retransmisi\u00f3n de las campanadas desde la Puerta del Sol.<\/p>\n<p>Shakira actuar\u00e1 <strong>instantes antes de las campanadas<\/strong>, conectando desde Miami, donde actualmente se encuentra, y aportando esa energ\u00eda inconfundible que la define: ritmo, voz y ese carisma global que trasciende fronteras. +<\/p>\n<p>La propia artista lo ha dicho claro en un v\u00eddeo difundido por RTVE: <strong>\u201cVolver a Televisi\u00f3n Espa\u00f1ola es reencontrarme con una parte de mi historia y de mi carrera\u201d<\/strong> \u2014y lo firma con esa mezcla de cercan\u00eda y estrella que pocos pueden transmitir.<\/p>\n<blockquote><p>\u201cVolver a Televisi\u00f3n Espa\u00f1ola es reencontrarme con una parte de mi historia y de mi carrera\u201d, afirma Shakira<\/p><\/blockquote>\n<p><img loading=\"lazy\" decoding=\"async\" class=\"aligncenter size-full wp-image-190660\" src=\"https:\/\/graziamagazine.com\/es\/wp-content\/uploads\/sites\/12\/2025\/12\/shakira-1.jpg\" alt=\"\" width=\"1440\" height=\"1913\" srcset=\"https:\/\/graziamagazine.com\/es\/wp-content\/uploads\/sites\/12\/2025\/12\/shakira-1.jpg 1440w, https:\/\/graziamagazine.com\/es\/wp-content\/uploads\/sites\/12\/2025\/12\/shakira-1-226x300.jpg 226w, https:\/\/graziamagazine.com\/es\/wp-content\/uploads\/sites\/12\/2025\/12\/shakira-1-771x1024.jpg 771w, https:\/\/graziamagazine.com\/es\/wp-content\/uploads\/sites\/12\/2025\/12\/shakira-1-768x1020.jpg 768w, https:\/\/graziamagazine.com\/es\/wp-content\/uploads\/sites\/12\/2025\/12\/shakira-1-1156x1536.jpg 1156w, https:\/\/graziamagazine.com\/es\/wp-content\/uploads\/sites\/12\/2025\/12\/shakira-1-400x531.jpg 400w, https:\/\/graziamagazine.com\/es\/wp-content\/uploads\/sites\/12\/2025\/12\/shakira-1-155x206.jpg 155w\" sizes=\"(max-width: 1440px) 100vw, 1440px\" \/><\/p>\n<h3>Una noche para recordar (y competir por audiencias)<\/h3>\n<p>La actuaci\u00f3n de Shakira no llega al azar. En un contexto en el que la televisi\u00f3n p\u00fablica quiere reforzar su presencia frente a otros canales \u2014como Antena 3 y Mediaset\u2014 la inclusi\u00f3n de una figura global <em>de esta magnitud<\/em> transforma la noche en un evento de alto impacto medi\u00e1tico.<\/p>\n<p>Estopa y Chenoa ser\u00e1n quienes den las tradicionales Campanadas desde la Puerta del Sol, sustituyendo finalmente a Andreu Buenafuente y Silvia Abril, ausentes por motivos personales y de salud.<\/p>\n<p>Pero antes de las uvas, <em>La Casa de la M\u00fasica<\/em> promete una tanda de actuaciones con ritmo, emoci\u00f3n y variedad:<\/p>\n<ul>\n<li><strong>La Oreja de Van Gogh<\/strong>, estrenando su nuevo single desde San Sebasti\u00e1n con Amaia Montero como vocalista.<\/li>\n<li><strong>Rosario Flores<\/strong>, junto a Antonio y Josemi Carmona, actuando desde el emblem\u00e1tico Pirul\u00ed de Madrid.<\/li>\n<li><strong>Nicki Nicole<\/strong>, <strong>Lola \u00cdndigo<\/strong>, <strong>Amaia<\/strong> y <strong>Ana Torroja<\/strong> desde distintos enclaves ic\u00f3nicos del pa\u00eds.<\/li>\n<\/ul>\n<p>Ser\u00e1 un repertorio que combina generaciones, estilos y sonidos que representan el pulso musical de Espa\u00f1a y Latinoam\u00e9rica en 2025.<\/p>\n<h3>Shakira, historia en la televisi\u00f3n espa\u00f1ola<\/h3>\n<p>La presencia de Shakira en la Nochevieja de TVE tiene varias capas de simbolismo:<\/p>\n<ul>\n<li><strong>Icono global con ra\u00edces hispanas:<\/strong> sus millones de discos vendidos, giras sold out y r\u00e9cords de streaming la consolidan como una de las artistas m\u00e1s influyentes del planeta.<\/li>\n<li><strong>Un regreso cargado de emoci\u00f3n:<\/strong> m\u00e1s all\u00e1 del espect\u00e1culo, su frase de \u201creencontrarme con una parte de mi historia\u201d conecta con varias generaciones que han crecido vi\u00e9ndola brillar en la televisi\u00f3n espa\u00f1ola.<\/li>\n<li><strong>Un broche de oro para un a\u00f1o musical enorme:<\/strong> Shakira llega tras giras internacionales, r\u00e9cords de reproducci\u00f3n y una presencia constante en eventos globales.<\/li>\n<\/ul>\n<p><img loading=\"lazy\" decoding=\"async\" class=\"aligncenter size-full wp-image-190661\" src=\"https:\/\/graziamagazine.com\/es\/wp-content\/uploads\/sites\/12\/2025\/12\/shakira-1-1.jpg\" alt=\"\" width=\"1440\" height=\"1913\" srcset=\"https:\/\/graziamagazine.com\/es\/wp-content\/uploads\/sites\/12\/2025\/12\/shakira-1-1.jpg 1440w, https:\/\/graziamagazine.com\/es\/wp-content\/uploads\/sites\/12\/2025\/12\/shakira-1-1-226x300.jpg 226w, https:\/\/graziamagazine.com\/es\/wp-content\/uploads\/sites\/12\/2025\/12\/shakira-1-1-771x1024.jpg 771w, https:\/\/graziamagazine.com\/es\/wp-content\/uploads\/sites\/12\/2025\/12\/shakira-1-1-768x1020.jpg 768w, https:\/\/graziamagazine.com\/es\/wp-content\/uploads\/sites\/12\/2025\/12\/shakira-1-1-1156x1536.jpg 1156w, https:\/\/graziamagazine.com\/es\/wp-content\/uploads\/sites\/12\/2025\/12\/shakira-1-1-400x531.jpg 400w, https:\/\/graziamagazine.com\/es\/wp-content\/uploads\/sites\/12\/2025\/12\/shakira-1-1-155x206.jpg 155w\" sizes=\"(max-width: 1440px) 100vw, 1440px\" \/><\/p>\n<p>Y aunque ella est\u00e9 conectando desde Miami, su impacto ser\u00e1 nacional: la tele p\u00fablica aspira a que el espectador la sienta cerca, vibrante y como parte de esa celebraci\u00f3n que \u2014cada a\u00f1o\u2014 marca el cierre de un ciclo y el comienzo de otro.<\/p>\n<p>En una era donde la televisi\u00f3n compite con plataformas, m\u00f3viles y redes, poner a Shakira en el centro de la Nochevieja es una jugada emocional y estrat\u00e9gica. Ella representa no solo la m\u00fasica de varias generaciones, sino ese puente entre lo local y lo global que todos queremos sentir justo antes de las doce.<\/p>\n<p>La pr\u00f3xima Nochevieja no ser\u00e1 simplemente \u201cotra noche de TV\u201d. Ser\u00e1 una fiesta sonora, un reencuentro con lo que nos une y el mejor tel\u00f3n para dar la bienvenida a 2026 \u2014con ritmo, coraz\u00f3n y la voz inconfundible de Shakira como banda sonora.<\/p>\n<p><em>*Im\u00e1genes: Instagram<\/em><\/p>\n","protected":false},"author":11653,"featured_media":190659,"template":"","format":"standard","categories":[2971,13],"acf":{"banner":""},"yoast_head":"<!-- This site is optimized with the Yoast SEO Premium plugin v18.5 (Yoast SEO v20.4) - https:\/\/yoast.com\/wordpress\/plugins\/seo\/ -->\n<title>Shakira cantar\u00e1 en la Casa de la M\u00fasica de Nochevieja en RTVE<\/title>\n<meta name=\"description\" content=\"Shakira y la noche m\u00e1s esperada del a\u00f1o: la superestrella se suma al especial musical para despedir este 2025 antes de las uvas.\" \/>\n<meta name=\"robots\" content=\"index, follow, max-snippet:-1, max-image-preview:large, max-video-preview:-1\" \/>\n<link rel=\"canonical\" href=\"https:\/\/graziamagazine.com\/es\/articles\/shakira-cantara-en-la-casa-de-la-musica-de-nochevieja-en-rtve\/\" \/>\n<meta property=\"og:locale\" content=\"es_ES\" \/>\n<meta property=\"og:type\" content=\"article\" \/>\n<meta property=\"og:title\" content=\"Shakira cantar\u00e1 en la Casa de la M\u00fasica de Nochevieja en RTVE\" \/>\n<meta property=\"og:description\" content=\"Shakira y la noche m\u00e1s esperada del a\u00f1o: la superestrella se suma al especial musical para despedir este 2025 antes de las uvas.\" \/>\n<meta property=\"og:url\" content=\"https:\/\/graziamagazine.com\/es\/articles\/shakira-cantara-en-la-casa-de-la-musica-de-nochevieja-en-rtve\/\" \/>\n<meta property=\"og:site_name\" content=\"Grazia\" \/>\n<meta property=\"article:modified_time\" content=\"2025-12-29T23:30:44+00:00\" \/>\n<meta property=\"og:image\" content=\"https:\/\/graziamagazine.com\/es\/wp-content\/uploads\/sites\/12\/2025\/12\/shakira-e1767050498331.jpg\" \/>\n\t<meta property=\"og:image:width\" content=\"1418\" \/>\n\t<meta property=\"og:image:height\" content=\"1119\" \/>\n\t<meta property=\"og:image:type\" content=\"image\/jpeg\" \/>\n<meta name=\"twitter:card\" content=\"summary_large_image\" \/>\n<meta name=\"twitter:label1\" content=\"Est. reading time\" \/>\n\t<meta name=\"twitter:data1\" content=\"4 minutos\" \/>\n<script type=\"application\/ld+json\" class=\"yoast-schema-graph\">{\"@context\":\"https:\/\/schema.org\",\"@graph\":[{\"@type\":\"WebPage\",\"@id\":\"https:\/\/graziamagazine.com\/es\/articles\/shakira-cantara-en-la-casa-de-la-musica-de-nochevieja-en-rtve\/\",\"url\":\"https:\/\/graziamagazine.com\/es\/articles\/shakira-cantara-en-la-casa-de-la-musica-de-nochevieja-en-rtve\/\",\"name\":\"Shakira cantar\u00e1 en la Casa de la M\u00fasica de Nochevieja en RTVE\",\"isPartOf\":{\"@id\":\"https:\/\/graziamagazine.com\/es\/#website\"},\"datePublished\":\"2025-12-30T07:00:31+00:00\",\"dateModified\":\"2025-12-29T23:30:44+00:00\",\"description\":\"Shakira y la noche m\u00e1s esperada del a\u00f1o: la superestrella se suma al especial musical para despedir este 2025 antes de las uvas.\",\"breadcrumb\":{\"@id\":\"https:\/\/graziamagazine.com\/es\/articles\/shakira-cantara-en-la-casa-de-la-musica-de-nochevieja-en-rtve\/#breadcrumb\"},\"inLanguage\":\"es\",\"potentialAction\":[{\"@type\":\"ReadAction\",\"target\":[\"https:\/\/graziamagazine.com\/es\/articles\/shakira-cantara-en-la-casa-de-la-musica-de-nochevieja-en-rtve\/\"]}]},{\"@type\":\"BreadcrumbList\",\"@id\":\"https:\/\/graziamagazine.com\/es\/articles\/shakira-cantara-en-la-casa-de-la-musica-de-nochevieja-en-rtve\/#breadcrumb\",\"itemListElement\":[{\"@type\":\"ListItem\",\"position\":1,\"name\":\"Portada\",\"item\":\"https:\/\/graziamagazine.com\/es\/\"},{\"@type\":\"ListItem\",\"position\":2,\"name\":\"Shakira cantar\u00e1 en la Casa de la M\u00fasica de Nochevieja en RTVE\"}]},{\"@type\":\"WebSite\",\"@id\":\"https:\/\/graziamagazine.com\/es\/#website\",\"url\":\"https:\/\/graziamagazine.com\/es\/\",\"name\":\"Grazia\",\"description\":\"Moda, belleza, celebrities, estilo de vida...\",\"potentialAction\":[{\"@type\":\"SearchAction\",\"target\":{\"@type\":\"EntryPoint\",\"urlTemplate\":\"https:\/\/graziamagazine.com\/es\/?s={search_term_string}\"},\"query-input\":\"required name=search_term_string\"}],\"inLanguage\":\"es\"}]}<\/script>\n<!-- \/ Yoast SEO Premium plugin. -->","yoast_head_json":{"title":"Shakira cantar\u00e1 en la Casa de la M\u00fasica de Nochevieja en RTVE","description":"Shakira y la noche m\u00e1s esperada del a\u00f1o: la superestrella se suma al especial musical para despedir este 2025 antes de las uvas.","robots":{"index":"index","follow":"follow","max-snippet":"max-snippet:-1","max-image-preview":"max-image-preview:large","max-video-preview":"max-video-preview:-1"},"canonical":"https:\/\/graziamagazine.com\/es\/articles\/shakira-cantara-en-la-casa-de-la-musica-de-nochevieja-en-rtve\/","og_locale":"es_ES","og_type":"article","og_title":"Shakira cantar\u00e1 en la Casa de la M\u00fasica de Nochevieja en RTVE","og_description":"Shakira y la noche m\u00e1s esperada del a\u00f1o: la superestrella se suma al especial musical para despedir este 2025 antes de las uvas.","og_url":"https:\/\/graziamagazine.com\/es\/articles\/shakira-cantara-en-la-casa-de-la-musica-de-nochevieja-en-rtve\/","og_site_name":"Grazia","article_modified_time":"2025-12-29T23:30:44+00:00","og_image":[{"width":1418,"height":1119,"url":"https:\/\/graziamagazine.com\/es\/wp-content\/uploads\/sites\/12\/2025\/12\/shakira-e1767050498331.jpg","type":"image\/jpeg"}],"twitter_card":"summary_large_image","twitter_misc":{"Est. reading time":"4 minutos"},"schema":{"@context":"https:\/\/schema.org","@graph":[{"@type":"WebPage","@id":"https:\/\/graziamagazine.com\/es\/articles\/shakira-cantara-en-la-casa-de-la-musica-de-nochevieja-en-rtve\/","url":"https:\/\/graziamagazine.com\/es\/articles\/shakira-cantara-en-la-casa-de-la-musica-de-nochevieja-en-rtve\/","name":"Shakira cantar\u00e1 en la Casa de la M\u00fasica de Nochevieja en RTVE","isPartOf":{"@id":"https:\/\/graziamagazine.com\/es\/#website"},"datePublished":"2025-12-30T07:00:31+00:00","dateModified":"2025-12-29T23:30:44+00:00","description":"Shakira y la noche m\u00e1s esperada del a\u00f1o: la superestrella se suma al especial musical para despedir este 2025 antes de las uvas.","breadcrumb":{"@id":"https:\/\/graziamagazine.com\/es\/articles\/shakira-cantara-en-la-casa-de-la-musica-de-nochevieja-en-rtve\/#breadcrumb"},"inLanguage":"es","potentialAction":[{"@type":"ReadAction","target":["https:\/\/graziamagazine.com\/es\/articles\/shakira-cantara-en-la-casa-de-la-musica-de-nochevieja-en-rtve\/"]}]},{"@type":"BreadcrumbList","@id":"https:\/\/graziamagazine.com\/es\/articles\/shakira-cantara-en-la-casa-de-la-musica-de-nochevieja-en-rtve\/#breadcrumb","itemListElement":[{"@type":"ListItem","position":1,"name":"Portada","item":"https:\/\/graziamagazine.com\/es\/"},{"@type":"ListItem","position":2,"name":"Shakira cantar\u00e1 en la Casa de la M\u00fasica de Nochevieja en RTVE"}]},{"@type":"WebSite","@id":"https:\/\/graziamagazine.com\/es\/#website","url":"https:\/\/graziamagazine.com\/es\/","name":"Grazia","description":"Moda, belleza, celebrities, estilo de vida...","potentialAction":[{"@type":"SearchAction","target":{"@type":"EntryPoint","urlTemplate":"https:\/\/graziamagazine.com\/es\/?s={search_term_string}"},"query-input":"required name=search_term_string"}],"inLanguage":"es"}]}},"jetpack_sharing_enabled":true,"distributor_meta":false,"distributor_terms":false,"distributor_media":false,"distributor_original_site_name":"Grazia","distributor_original_site_url":"https:\/\/graziamagazine.com\/es","push-errors":false,"_links":{"self":[{"href":"https:\/\/graziamagazine.com\/es\/wp-json\/wp\/v2\/articles\/190658"}],"collection":[{"href":"https:\/\/graziamagazine.com\/es\/wp-json\/wp\/v2\/articles"}],"about":[{"href":"https:\/\/graziamagazine.com\/es\/wp-json\/wp\/v2\/types\/articles"}],"author":[{"embeddable":true,"href":"https:\/\/graziamagazine.com\/es\/wp-json\/wp\/v2\/users\/11653"}],"wp:featuredmedia":[{"embeddable":true,"href":"https:\/\/graziamagazine.com\/es\/wp-json\/wp\/v2\/media\/190659"}],"wp:attachment":[{"href":"https:\/\/graziamagazine.com\/es\/wp-json\/wp\/v2\/media?parent=190658"}],"wp:term":[{"taxonomy":"category","embeddable":true,"href":"https:\/\/graziamagazine.com\/es\/wp-json\/wp\/v2\/categories?post=190658"}],"curies":[{"name":"wp","href":"https:\/\/api.w.org\/{rel}","templated":true}]}}