{"id":190436,"date":"2025-12-19T08:00:11","date_gmt":"2025-12-19T07:00:11","guid":{"rendered":"https:\/\/graziamagazine.com\/es\/?post_type=articles&#038;p=190436"},"modified":"2025-12-18T23:58:15","modified_gmt":"2025-12-18T22:58:15","slug":"5-ugly-sueter-que-si-querras-usar-esta-navidad","status":"publish","type":"articles","link":"https:\/\/graziamagazine.com\/es\/articles\/5-ugly-sueter-que-si-querras-usar-esta-navidad\/","title":{"rendered":"5 &#8216;ugly&#8217; su\u00e9ter que s\u00ed querr\u00e1s usar esta Navidad"},"content":{"rendered":"<p data-start=\"452\" data-end=\"949\">La Navidad siempre llega acompa\u00f1ada de una emoci\u00f3n particular. Es una temporada que despierta recuerdos, rituales y una sensaci\u00f3n de abrigo emocional que se traduce, inevitablemente, en lo que vestimos.<\/p>\n<p data-start=\"452\" data-end=\"949\">Entre luces c\u00e1lidas, aromas dulces y reuniones interminables, el su\u00e9ter navide\u00f1o vuelve a ocupar un lugar protag\u00f3nico en el armario, aunque esta vez con una intenci\u00f3n renovada. Lejos de ser una prenda meramente divertida o casual, hoy se reinventa como un gesto de estilo consciente y vers\u00e1til.<\/p>\n<p data-start=\"951\" data-end=\"1327\">Inspirados por las pasarelas de oto\u00f1o invierno, el street style internacional y la est\u00e9tica nost\u00e1lgica del cine festivo, los su\u00e9teres navide\u00f1os de este a\u00f1o apuestan por dise\u00f1os que equilibran tradici\u00f3n y modernidad. La clave est\u00e1 en los detalles. Texturas suaves, siluetas relajadas y una narrativa visual que conecta con el esp\u00edritu de la temporada sin caer en lo predecible.<\/p>\n<h3 data-start=\"1329\" data-end=\"1365\">Motivos cl\u00e1sicos reinterpretados<\/h3>\n<figure id=\"attachment_163345\" class=\"wp-caption alignnone\" style=\"width: 1200px\" aria-describedby=\"caption-attachment-163345\"><img loading=\"lazy\" decoding=\"async\" class=\"wp-image-163345 size-full\" src=\"https:\/\/graziamagazine.com\/mx\/wp-content\/uploads\/sites\/13\/2025\/12\/1801cba6242ec1c577a159e8edf50689.jpg\" alt=\"Su\u00e9teres navide\u00f1os que s\u00ed querr\u00e1s usar esta temporada\" width=\"1200\" height=\"1800\" \/><\/figure>\n<p data-start=\"1367\" data-end=\"1817\">Los dise\u00f1os con jacquard siguen siendo protagonistas, pero ahora aparecen con una lectura m\u00e1s limpia y refinada. \u00c1rboles navide\u00f1os estilizados, copos de nieve gr\u00e1ficos y patrones geom\u00e9tricos conviven con paletas neutras que permiten llevar el su\u00e9ter tanto en casa como en cenas m\u00e1s formales. Este tipo de piezas funcionan especialmente bien combinadas con pantalones rectos o faldas midi, creando un contraste equilibrado entre comodidad y elegancia.<\/p>\n<h3 data-start=\"1819\" data-end=\"1857\">Aplicaciones que cuentan historias<\/h3>\n<figure id=\"attachment_163342\" class=\"wp-caption alignnone\" style=\"width: 736px\" aria-describedby=\"caption-attachment-163342\"><img loading=\"lazy\" decoding=\"async\" class=\"wp-image-163342 size-full\" src=\"https:\/\/graziamagazine.com\/mx\/wp-content\/uploads\/sites\/13\/2025\/12\/3c6ac34a0aed25896e2f218bb25c543b.jpg\" alt=\"Su\u00e9teres navide\u00f1os que s\u00ed querr\u00e1s usar esta temporada\" width=\"736\" height=\"1308\" \/><\/figure>\n<p data-start=\"1859\" data-end=\"2305\">Una de las tendencias m\u00e1s encantadoras de la temporada son los su\u00e9teres con aplicaciones decorativas. Mo\u00f1os tejidos, cascanueces bordados, estrellas en relieve y peque\u00f1os adornos cosidos a mano aportan dimensi\u00f3n y car\u00e1cter. Estas piezas evocan una est\u00e9tica artesanal que conecta con la idea de regalo y cuidado. Algunos modelos incluso incorporan frases navide\u00f1as discretas, mensajes c\u00e1lidos que invitan a la celebraci\u00f3n sin resultar estridentes.<\/p>\n<h3 data-start=\"2307\" data-end=\"2342\">Brillo sutil y esp\u00edritu festivo<\/h3>\n<figure id=\"attachment_163346\" class=\"wp-caption alignnone\" style=\"width: 1200px\" aria-describedby=\"caption-attachment-163346\"><img loading=\"lazy\" decoding=\"async\" class=\"wp-image-163346 size-full\" src=\"https:\/\/graziamagazine.com\/mx\/wp-content\/uploads\/sites\/13\/2025\/12\/6f49e2f6d59546daf8026ca061e6b7d7.jpg\" alt=\"Su\u00e9teres navide\u00f1os que s\u00ed querr\u00e1s usar esta temporada\" width=\"1200\" height=\"1799\" \/><\/figure>\n<p data-start=\"2344\" data-end=\"2666\">Para quienes buscan un toque m\u00e1s festivo, los acabados con hilo met\u00e1lico, lentejuelas delicadas o detalles tornasolados se convierten en aliados ideales. Lejos del exceso, el brillo aparece de forma puntual, iluminando el dise\u00f1o y aportando sofisticaci\u00f3n. Perfectos para transitar del d\u00eda a la noche sin cambiar de outfit.<\/p>\n<h3 data-start=\"2668\" data-end=\"2710\">Navidad compartida y looks coordinados<\/h3>\n<figure id=\"attachment_163344\" class=\"wp-caption alignnone\" style=\"width: 1200px\" aria-describedby=\"caption-attachment-163344\"><img loading=\"lazy\" decoding=\"async\" class=\"wp-image-163344 size-full\" src=\"https:\/\/graziamagazine.com\/mx\/wp-content\/uploads\/sites\/13\/2025\/12\/182abc308af63430e1262a0fd2bc8ffe.jpg\" alt=\"Su\u00e9teres navide\u00f1os que s\u00ed querr\u00e1s usar esta temporada\" width=\"1200\" height=\"1800\" \/><\/figure>\n<p data-start=\"2712\" data-end=\"3059\">La temporada tambi\u00e9n invita a vestir en sinton\u00eda. Los su\u00e9teres con motivos navide\u00f1os coordinados para adultos y ni\u00f1os, o incluso para parejas, refuerzan la idea de celebraci\u00f3n colectiva. Dise\u00f1os con \u00e1rboles, mensajes positivos o ilustraciones cl\u00e1sicas reinterpretadas se convierten en una forma l\u00fadica y estilosa de compartir el esp\u00edritu navide\u00f1o.<\/p>\n<h3 data-start=\"2712\" data-end=\"3059\">5 ugly su\u00e9ter que pueden ser tuyos<\/h3>\n<p class=\"lft-product-info-name space-mobile\"><a href=\"https:\/\/www.lefties.com\/es\/mujer\/navidad\/mujer-%7C-jersey-snoopy-peanuts%E2%84%A2-navide%C3%B1o-c1030439808p703931331.html?colorId=501&amp;parentId=703939207\" target=\"_blank\"><strong>Jersey Snoopy Peanuts\u2122 navide\u00f1o, de Lefties: 19,99 euros<\/strong><\/a><\/p>\n<p><img loading=\"lazy\" decoding=\"async\" class=\"aligncenter size-full wp-image-190484\" src=\"https:\/\/graziamagazine.com\/es\/wp-content\/uploads\/sites\/12\/2025\/12\/05614300501-A6-copia-e1766096404101.jpg\" alt=\"\" width=\"985\" height=\"980\" srcset=\"https:\/\/graziamagazine.com\/es\/wp-content\/uploads\/sites\/12\/2025\/12\/05614300501-A6-copia-e1766096404101.jpg 985w, https:\/\/graziamagazine.com\/es\/wp-content\/uploads\/sites\/12\/2025\/12\/05614300501-A6-copia-e1766096404101-300x298.jpg 300w, https:\/\/graziamagazine.com\/es\/wp-content\/uploads\/sites\/12\/2025\/12\/05614300501-A6-copia-e1766096404101-150x150.jpg 150w, https:\/\/graziamagazine.com\/es\/wp-content\/uploads\/sites\/12\/2025\/12\/05614300501-A6-copia-e1766096404101-768x764.jpg 768w, https:\/\/graziamagazine.com\/es\/wp-content\/uploads\/sites\/12\/2025\/12\/05614300501-A6-copia-e1766096404101-400x398.jpg 400w, https:\/\/graziamagazine.com\/es\/wp-content\/uploads\/sites\/12\/2025\/12\/05614300501-A6-copia-e1766096404101-155x154.jpg 155w\" sizes=\"(max-width: 985px) 100vw, 985px\" \/><\/p>\n<p><a href=\"https:\/\/www.zara.com\/es\/es\/jersey-punto-home-alone---p03920976.html?v1=491185398\" target=\"_blank\"><strong>Jersey de punto Home Alone, de Zara: 49,95 euros<\/strong><\/a><\/p>\n<p><img loading=\"lazy\" decoding=\"async\" class=\"aligncenter size-full wp-image-190485\" src=\"https:\/\/graziamagazine.com\/es\/wp-content\/uploads\/sites\/12\/2025\/12\/03920976401-e1-scaled-e1766096780282.jpg\" alt=\"\" width=\"1642\" height=\"1557\" srcset=\"https:\/\/graziamagazine.com\/es\/wp-content\/uploads\/sites\/12\/2025\/12\/03920976401-e1-scaled-e1766096780282.jpg 1642w, https:\/\/graziamagazine.com\/es\/wp-content\/uploads\/sites\/12\/2025\/12\/03920976401-e1-scaled-e1766096780282-300x284.jpg 300w, https:\/\/graziamagazine.com\/es\/wp-content\/uploads\/sites\/12\/2025\/12\/03920976401-e1-scaled-e1766096780282-1024x971.jpg 1024w, https:\/\/graziamagazine.com\/es\/wp-content\/uploads\/sites\/12\/2025\/12\/03920976401-e1-scaled-e1766096780282-768x728.jpg 768w, https:\/\/graziamagazine.com\/es\/wp-content\/uploads\/sites\/12\/2025\/12\/03920976401-e1-scaled-e1766096780282-1536x1456.jpg 1536w, https:\/\/graziamagazine.com\/es\/wp-content\/uploads\/sites\/12\/2025\/12\/03920976401-e1-scaled-e1766096780282-400x379.jpg 400w, https:\/\/graziamagazine.com\/es\/wp-content\/uploads\/sites\/12\/2025\/12\/03920976401-e1-scaled-e1766096780282-155x147.jpg 155w\" sizes=\"(max-width: 1642px) 100vw, 1642px\" \/><\/p>\n<p class=\"text_commonText__tlycc text_title1__BuxdP productDetails_productInfosLabel__gPnsW\" data-testid=\"text\"><strong><a href=\"https:\/\/www.kiabi.es\/jersey-stitch-disney-navideno-azul_P997951C997952\" target=\"_blank\">Jersey &#8216;Stitch&#8217; &#8216;Disney&#8217; navide\u00f1o, de Kiabi: 15 euros<\/a><\/strong><\/p>\n<div class=\"productDetails_productStarsContainer__C_PQ9\">\n<div class=\"productStars_productStarsAndRating__0yf9F\"><img loading=\"lazy\" decoding=\"async\" class=\"aligncenter size-full wp-image-190486\" src=\"https:\/\/graziamagazine.com\/es\/wp-content\/uploads\/sites\/12\/2025\/12\/jersey-stitch-disney-navideno-azul-eit44_1_hd1-copia-e1766097565306.jpg\" alt=\"\" width=\"775\" height=\"699\" srcset=\"https:\/\/graziamagazine.com\/es\/wp-content\/uploads\/sites\/12\/2025\/12\/jersey-stitch-disney-navideno-azul-eit44_1_hd1-copia-e1766097565306.jpg 775w, https:\/\/graziamagazine.com\/es\/wp-content\/uploads\/sites\/12\/2025\/12\/jersey-stitch-disney-navideno-azul-eit44_1_hd1-copia-e1766097565306-300x271.jpg 300w, https:\/\/graziamagazine.com\/es\/wp-content\/uploads\/sites\/12\/2025\/12\/jersey-stitch-disney-navideno-azul-eit44_1_hd1-copia-e1766097565306-768x693.jpg 768w, https:\/\/graziamagazine.com\/es\/wp-content\/uploads\/sites\/12\/2025\/12\/jersey-stitch-disney-navideno-azul-eit44_1_hd1-copia-e1766097565306-400x361.jpg 400w, https:\/\/graziamagazine.com\/es\/wp-content\/uploads\/sites\/12\/2025\/12\/jersey-stitch-disney-navideno-azul-eit44_1_hd1-copia-e1766097565306-155x140.jpg 155w\" sizes=\"(max-width: 775px) 100vw, 775px\" \/><\/div>\n<\/div>\n<div><\/div>\n<div>\n<div class=\"promo-and-name-cell\">\n<p class=\"name-wishlist\"><strong><a href=\"https:\/\/www.tezenis.com\/es\/product\/jersey_navidad_cuello_redondo_unisex-1ML1349.html?dwvar_1ML1349_Z_COL_TEZ=944Y&amp;gad_campaignid=17794988553&amp;gad_source=1&amp;gbraid=0AAAAADM271wuLlD-z3DNX6Scx48QNm7IY&amp;gclid=Cj0KCQiA6Y7KBhCkARIsAOxhqtO5TGS-HVm4v2BfnEy_vw0sM8wlSaquMDYMBDFli197zzP0iisZpE4aAngBEALw_wcB&amp;gclsrc=aw.ds&amp;utm_campaign=%5BES_PMAX%5D_Tezenis_%5BNoGender%5D_Pmax_Others_All_AlwaysOn_PHD2025011003127&amp;utm_medium=cpc&amp;utm_source=google\" target=\"_blank\">Jersey Navidad Cuello Redondo, de Tezenis: 22,99 euros<\/a><\/strong><\/p>\n<p><img loading=\"lazy\" decoding=\"async\" class=\"aligncenter size-full wp-image-190487\" src=\"https:\/\/graziamagazine.com\/es\/wp-content\/uploads\/sites\/12\/2025\/12\/1ML1349944Y-F-e1766097743311.jpg\" alt=\"\" width=\"1500\" height=\"1588\" srcset=\"https:\/\/graziamagazine.com\/es\/wp-content\/uploads\/sites\/12\/2025\/12\/1ML1349944Y-F-e1766097743311.jpg 1500w, https:\/\/graziamagazine.com\/es\/wp-content\/uploads\/sites\/12\/2025\/12\/1ML1349944Y-F-e1766097743311-283x300.jpg 283w, https:\/\/graziamagazine.com\/es\/wp-content\/uploads\/sites\/12\/2025\/12\/1ML1349944Y-F-e1766097743311-967x1024.jpg 967w, https:\/\/graziamagazine.com\/es\/wp-content\/uploads\/sites\/12\/2025\/12\/1ML1349944Y-F-e1766097743311-768x813.jpg 768w, https:\/\/graziamagazine.com\/es\/wp-content\/uploads\/sites\/12\/2025\/12\/1ML1349944Y-F-e1766097743311-1451x1536.jpg 1451w, https:\/\/graziamagazine.com\/es\/wp-content\/uploads\/sites\/12\/2025\/12\/1ML1349944Y-F-e1766097743311-400x423.jpg 400w, https:\/\/graziamagazine.com\/es\/wp-content\/uploads\/sites\/12\/2025\/12\/1ML1349944Y-F-e1766097743311-155x164.jpg 155w\" sizes=\"(max-width: 1500px) 100vw, 1500px\" \/><\/p>\n<div class=\"product_detail-aside--title\" data-v-90850f95=\"\">\n<p id=\"product_detail_title\" class=\"product_detail-title\"><strong><a href=\"https:\/\/www.elcorteingles.es\/moda-mujer\/A55492165-jersey-de-mujer-de-navidad\/?stype=text_box&amp;color=600+Rojo\" target=\"_blank\">Jersey de mujer de navidad, de Easy Wear: 29,99 euros<\/a><\/strong><\/p>\n<p><img loading=\"lazy\" decoding=\"async\" class=\"aligncenter size-full wp-image-190488\" src=\"https:\/\/graziamagazine.com\/es\/wp-content\/uploads\/sites\/12\/2025\/12\/www-001041567225143-s0-e1766098042874.jpg\" alt=\"\" width=\"934\" height=\"982\" srcset=\"https:\/\/graziamagazine.com\/es\/wp-content\/uploads\/sites\/12\/2025\/12\/www-001041567225143-s0-e1766098042874.jpg 934w, https:\/\/graziamagazine.com\/es\/wp-content\/uploads\/sites\/12\/2025\/12\/www-001041567225143-s0-e1766098042874-285x300.jpg 285w, https:\/\/graziamagazine.com\/es\/wp-content\/uploads\/sites\/12\/2025\/12\/www-001041567225143-s0-e1766098042874-768x807.jpg 768w, https:\/\/graziamagazine.com\/es\/wp-content\/uploads\/sites\/12\/2025\/12\/www-001041567225143-s0-e1766098042874-400x421.jpg 400w, https:\/\/graziamagazine.com\/es\/wp-content\/uploads\/sites\/12\/2025\/12\/www-001041567225143-s0-e1766098042874-155x163.jpg 155w\" sizes=\"(max-width: 934px) 100vw, 934px\" \/><\/p>\n<\/div>\n<\/div>\n<\/div>\n<div class=\"product-detail-info__price\">\n<div class=\"product-detail-info__price-amount price\">\n<div class=\"money-amount price-formatted__price-amount money-amount--highlight\"><\/div>\n<\/div>\n<\/div>\n<p data-start=\"3061\" data-end=\"3287\">Al final, el su\u00e9ter navide\u00f1o deja de ser una prenda ocasional para transformarse en un s\u00edmbolo de intenci\u00f3n. Una pieza que abraza la nostalgia, celebra el presente y acompa\u00f1a los momentos que hacen especial esta \u00e9poca del a\u00f1o.<\/p>\n<p data-start=\"3061\" data-end=\"3287\"><em>*Im\u00e1genes: cortes\u00eda<\/em><\/p>\n","protected":false},"author":28953,"featured_media":190437,"template":"","format":"standard","categories":[1],"acf":[],"yoast_head":"<!-- This site is optimized with the Yoast SEO Premium plugin v18.5 (Yoast SEO v20.4) - https:\/\/yoast.com\/wordpress\/plugins\/seo\/ -->\n<title>5 &#039;ugly&#039; su\u00e9ter que s\u00ed querr\u00e1s usar esta Navidad<\/title>\n<meta name=\"description\" content=\"Dise\u00f1os festivos elevados que combinan nostalgia, estilo y detalles contempor\u00e1neos para celebrar la Navidad con looks c\u00f3modos, chic y memorables\" \/>\n<meta name=\"robots\" content=\"index, follow, max-snippet:-1, max-image-preview:large, max-video-preview:-1\" \/>\n<link rel=\"canonical\" href=\"https:\/\/graziamagazine.com\/es\/articles\/5-ugly-sueter-que-si-querras-usar-esta-navidad\/\" \/>\n<meta property=\"og:locale\" content=\"es_ES\" \/>\n<meta property=\"og:type\" content=\"article\" \/>\n<meta property=\"og:title\" content=\"5 &#039;ugly&#039; su\u00e9ter que s\u00ed querr\u00e1s usar esta Navidad\" \/>\n<meta property=\"og:description\" content=\"Dise\u00f1os festivos elevados que combinan nostalgia, estilo y detalles contempor\u00e1neos para celebrar la Navidad con looks c\u00f3modos, chic y memorables\" \/>\n<meta property=\"og:url\" content=\"https:\/\/graziamagazine.com\/es\/articles\/5-ugly-sueter-que-si-querras-usar-esta-navidad\/\" \/>\n<meta property=\"og:site_name\" content=\"Grazia\" \/>\n<meta property=\"article:modified_time\" content=\"2025-12-18T22:58:15+00:00\" \/>\n<meta property=\"og:image\" content=\"https:\/\/graziamagazine.com\/es\/wp-content\/uploads\/sites\/12\/2025\/12\/7ad3e5ba4f5ce6c97ee4c700bc42bf2b-e1765829747880.jpg\" \/>\n\t<meta property=\"og:image:width\" content=\"750\" \/>\n\t<meta property=\"og:image:height\" content=\"571\" \/>\n\t<meta property=\"og:image:type\" content=\"image\/jpeg\" \/>\n<meta name=\"twitter:card\" content=\"summary_large_image\" \/>\n<meta name=\"twitter:label1\" content=\"Est. reading time\" \/>\n\t<meta name=\"twitter:data1\" content=\"4 minutos\" \/>\n<script type=\"application\/ld+json\" class=\"yoast-schema-graph\">{\"@context\":\"https:\/\/schema.org\",\"@graph\":[{\"@type\":\"WebPage\",\"@id\":\"https:\/\/graziamagazine.com\/es\/articles\/5-ugly-sueter-que-si-querras-usar-esta-navidad\/\",\"url\":\"https:\/\/graziamagazine.com\/es\/articles\/5-ugly-sueter-que-si-querras-usar-esta-navidad\/\",\"name\":\"5 'ugly' su\u00e9ter que s\u00ed querr\u00e1s usar esta Navidad\",\"isPartOf\":{\"@id\":\"https:\/\/graziamagazine.com\/es\/#website\"},\"datePublished\":\"2025-12-19T07:00:11+00:00\",\"dateModified\":\"2025-12-18T22:58:15+00:00\",\"description\":\"Dise\u00f1os festivos elevados que combinan nostalgia, estilo y detalles contempor\u00e1neos para celebrar la Navidad con looks c\u00f3modos, chic y memorables\",\"breadcrumb\":{\"@id\":\"https:\/\/graziamagazine.com\/es\/articles\/5-ugly-sueter-que-si-querras-usar-esta-navidad\/#breadcrumb\"},\"inLanguage\":\"es\",\"potentialAction\":[{\"@type\":\"ReadAction\",\"target\":[\"https:\/\/graziamagazine.com\/es\/articles\/5-ugly-sueter-que-si-querras-usar-esta-navidad\/\"]}]},{\"@type\":\"BreadcrumbList\",\"@id\":\"https:\/\/graziamagazine.com\/es\/articles\/5-ugly-sueter-que-si-querras-usar-esta-navidad\/#breadcrumb\",\"itemListElement\":[{\"@type\":\"ListItem\",\"position\":1,\"name\":\"Portada\",\"item\":\"https:\/\/graziamagazine.com\/es\/\"},{\"@type\":\"ListItem\",\"position\":2,\"name\":\"5 &#8216;ugly&#8217; su\u00e9ter que s\u00ed querr\u00e1s usar esta Navidad\"}]},{\"@type\":\"WebSite\",\"@id\":\"https:\/\/graziamagazine.com\/es\/#website\",\"url\":\"https:\/\/graziamagazine.com\/es\/\",\"name\":\"Grazia\",\"description\":\"Moda, belleza, celebrities, estilo de vida...\",\"potentialAction\":[{\"@type\":\"SearchAction\",\"target\":{\"@type\":\"EntryPoint\",\"urlTemplate\":\"https:\/\/graziamagazine.com\/es\/?s={search_term_string}\"},\"query-input\":\"required name=search_term_string\"}],\"inLanguage\":\"es\"}]}<\/script>\n<!-- \/ Yoast SEO Premium plugin. -->","yoast_head_json":{"title":"5 'ugly' su\u00e9ter que s\u00ed querr\u00e1s usar esta Navidad","description":"Dise\u00f1os festivos elevados que combinan nostalgia, estilo y detalles contempor\u00e1neos para celebrar la Navidad con looks c\u00f3modos, chic y memorables","robots":{"index":"index","follow":"follow","max-snippet":"max-snippet:-1","max-image-preview":"max-image-preview:large","max-video-preview":"max-video-preview:-1"},"canonical":"https:\/\/graziamagazine.com\/es\/articles\/5-ugly-sueter-que-si-querras-usar-esta-navidad\/","og_locale":"es_ES","og_type":"article","og_title":"5 'ugly' su\u00e9ter que s\u00ed querr\u00e1s usar esta Navidad","og_description":"Dise\u00f1os festivos elevados que combinan nostalgia, estilo y detalles contempor\u00e1neos para celebrar la Navidad con looks c\u00f3modos, chic y memorables","og_url":"https:\/\/graziamagazine.com\/es\/articles\/5-ugly-sueter-que-si-querras-usar-esta-navidad\/","og_site_name":"Grazia","article_modified_time":"2025-12-18T22:58:15+00:00","og_image":[{"width":750,"height":571,"url":"https:\/\/graziamagazine.com\/es\/wp-content\/uploads\/sites\/12\/2025\/12\/7ad3e5ba4f5ce6c97ee4c700bc42bf2b-e1765829747880.jpg","type":"image\/jpeg"}],"twitter_card":"summary_large_image","twitter_misc":{"Est. reading time":"4 minutos"},"schema":{"@context":"https:\/\/schema.org","@graph":[{"@type":"WebPage","@id":"https:\/\/graziamagazine.com\/es\/articles\/5-ugly-sueter-que-si-querras-usar-esta-navidad\/","url":"https:\/\/graziamagazine.com\/es\/articles\/5-ugly-sueter-que-si-querras-usar-esta-navidad\/","name":"5 'ugly' su\u00e9ter que s\u00ed querr\u00e1s usar esta Navidad","isPartOf":{"@id":"https:\/\/graziamagazine.com\/es\/#website"},"datePublished":"2025-12-19T07:00:11+00:00","dateModified":"2025-12-18T22:58:15+00:00","description":"Dise\u00f1os festivos elevados que combinan nostalgia, estilo y detalles contempor\u00e1neos para celebrar la Navidad con looks c\u00f3modos, chic y memorables","breadcrumb":{"@id":"https:\/\/graziamagazine.com\/es\/articles\/5-ugly-sueter-que-si-querras-usar-esta-navidad\/#breadcrumb"},"inLanguage":"es","potentialAction":[{"@type":"ReadAction","target":["https:\/\/graziamagazine.com\/es\/articles\/5-ugly-sueter-que-si-querras-usar-esta-navidad\/"]}]},{"@type":"BreadcrumbList","@id":"https:\/\/graziamagazine.com\/es\/articles\/5-ugly-sueter-que-si-querras-usar-esta-navidad\/#breadcrumb","itemListElement":[{"@type":"ListItem","position":1,"name":"Portada","item":"https:\/\/graziamagazine.com\/es\/"},{"@type":"ListItem","position":2,"name":"5 &#8216;ugly&#8217; su\u00e9ter que s\u00ed querr\u00e1s usar esta Navidad"}]},{"@type":"WebSite","@id":"https:\/\/graziamagazine.com\/es\/#website","url":"https:\/\/graziamagazine.com\/es\/","name":"Grazia","description":"Moda, belleza, celebrities, estilo de vida...","potentialAction":[{"@type":"SearchAction","target":{"@type":"EntryPoint","urlTemplate":"https:\/\/graziamagazine.com\/es\/?s={search_term_string}"},"query-input":"required name=search_term_string"}],"inLanguage":"es"}]}},"jetpack_sharing_enabled":true,"distributor_meta":false,"distributor_terms":false,"distributor_media":false,"distributor_original_site_name":"Grazia","distributor_original_site_url":"https:\/\/graziamagazine.com\/es","push-errors":false,"_links":{"self":[{"href":"https:\/\/graziamagazine.com\/es\/wp-json\/wp\/v2\/articles\/190436"}],"collection":[{"href":"https:\/\/graziamagazine.com\/es\/wp-json\/wp\/v2\/articles"}],"about":[{"href":"https:\/\/graziamagazine.com\/es\/wp-json\/wp\/v2\/types\/articles"}],"author":[{"embeddable":true,"href":"https:\/\/graziamagazine.com\/es\/wp-json\/wp\/v2\/users\/28953"}],"wp:featuredmedia":[{"embeddable":true,"href":"https:\/\/graziamagazine.com\/es\/wp-json\/wp\/v2\/media\/190437"}],"wp:attachment":[{"href":"https:\/\/graziamagazine.com\/es\/wp-json\/wp\/v2\/media?parent=190436"}],"wp:term":[{"taxonomy":"category","embeddable":true,"href":"https:\/\/graziamagazine.com\/es\/wp-json\/wp\/v2\/categories?post=190436"}],"curies":[{"name":"wp","href":"https:\/\/api.w.org\/{rel}","templated":true}]}}