{"id":190282,"date":"2025-12-11T11:34:20","date_gmt":"2025-12-11T10:34:20","guid":{"rendered":"https:\/\/graziamagazine.com\/es\/?post_type=articles&#038;p=190282"},"modified":"2025-12-11T11:34:20","modified_gmt":"2025-12-11T10:34:20","slug":"chanel-presentara-su-coleccion-crucero-2026-27-en-biarritz","status":"publish","type":"articles","link":"https:\/\/graziamagazine.com\/es\/articles\/chanel-presentara-su-coleccion-crucero-2026-27-en-biarritz\/","title":{"rendered":"Chanel presentar\u00e1 su colecci\u00f3n Crucero 2026\/27 en Biarritz"},"content":{"rendered":"<p>La maison Chanel vuelve a viajar. Y esta vez no apunta a los desiertos futuristas de Los \u00c1ngeles, ni a las geometr\u00edas de Dub\u00e1i, ni a los palacios florentinos. Para su desfile <strong>Crucero 2026\/27<\/strong>, la firma francesa anuncia un regreso emocional a uno de sus lugares fundacionales: <strong>Biarritz<\/strong>, la ciudad costera del suroeste franc\u00e9s que ayud\u00f3 a definir la mirada moderna de Gabrielle Chanel.<\/p>\n<p>El desfile se celebrar\u00e1 el <strong>28 de abril de 2026<\/strong>, en un enclave que, m\u00e1s que escenario, es un cap\u00edtulo esencial de la historia de la maison.<\/p>\n<h3><strong>Biarritz, el punto de partida de un estilo que cambi\u00f3 la moda<\/strong><\/h3>\n<p>No es casualidad que <strong>Matthieu Blazy<\/strong>, nuevo director creativo de Chanel, haya elegido esta ciudad para presentar su primera colecci\u00f3n Crucero. All\u00ed, en plena agitaci\u00f3n cultural de 1915, Gabrielle Chanel abri\u00f3 su <strong>primera casa de alta costura<\/strong> en la <strong>Villa de Larraulde<\/strong>: un espacio que combinaba boutique y atelier, y desde donde present\u00f3 colecciones que romp\u00edan con los c\u00f3digos r\u00edgidos de la \u00e9poca.<\/p>\n<p>Biarritz era entonces un refugio de arist\u00f3cratas, artistas, deportistas y veraneantes modernos. Un lugar donde la libertad de movimiento \u2014del cuerpo, del estilo, del pensamiento\u2014 se respiraba en cada paseo mar\u00edtimo. Ese esp\u00edritu <strong>libre, deportivo y sin artificios<\/strong>, tan fundamental en el ADN de Chanel, germin\u00f3 all\u00ed.<\/p>\n<p>La influencia de Biarritz se reconoce en iconos como:<\/p>\n<ul>\n<li><strong>El auge de la sastrer\u00eda ligera<\/strong>, inspirada en la indumentaria n\u00e1utica y deportiva.<\/li>\n<li><strong>Los tejidos suaves y fluidos<\/strong>, pensados para caminar, bailar y vivir.<\/li>\n<li><strong>La idea de \u201cmoda para la vida real\u201d<\/strong>, profundamente moderna en aquel momento.<\/li>\n<\/ul>\n<p>Regresar ahora a esta ciudad es, en cierto modo, cerrar un c\u00edrculo y abrir otro.<\/p>\n<h3><strong>La visi\u00f3n de Matthieu Blazy para su primer Crucero<\/strong><\/h3>\n<p>Tras sus primeros desfiles aplaudidos por cr\u00edtica y p\u00fablico, Blazy entra en una nueva etapa: la primera colecci\u00f3n Crucero concebida \u00edntegramente bajo su mirada. Seg\u00fan Bruno Pavlovsky, presidente de Moda de Chanel:<\/p>\n<blockquote><p>\u201cBiarritz juega un papel fundamental en la historia de Chanel. Estamos encantados de que Matthieu Blazy haya elegido este destino, tan querido para la casa, para presentar su primera visi\u00f3n de la colecci\u00f3n Crucero\u201d.<\/p><\/blockquote>\n<p><img loading=\"lazy\" decoding=\"async\" class=\"aligncenter size-full wp-image-190291\" src=\"https:\/\/graziamagazine.com\/es\/wp-content\/uploads\/sites\/12\/2025\/12\/chanel_private-archives_all-rights-reserved_chanel-1-LD.jpg\" alt=\"\" width=\"1500\" height=\"2003\" srcset=\"https:\/\/graziamagazine.com\/es\/wp-content\/uploads\/sites\/12\/2025\/12\/chanel_private-archives_all-rights-reserved_chanel-1-LD.jpg 1500w, https:\/\/graziamagazine.com\/es\/wp-content\/uploads\/sites\/12\/2025\/12\/chanel_private-archives_all-rights-reserved_chanel-1-LD-225x300.jpg 225w, https:\/\/graziamagazine.com\/es\/wp-content\/uploads\/sites\/12\/2025\/12\/chanel_private-archives_all-rights-reserved_chanel-1-LD-767x1024.jpg 767w, https:\/\/graziamagazine.com\/es\/wp-content\/uploads\/sites\/12\/2025\/12\/chanel_private-archives_all-rights-reserved_chanel-1-LD-768x1026.jpg 768w, https:\/\/graziamagazine.com\/es\/wp-content\/uploads\/sites\/12\/2025\/12\/chanel_private-archives_all-rights-reserved_chanel-1-LD-1150x1536.jpg 1150w, https:\/\/graziamagazine.com\/es\/wp-content\/uploads\/sites\/12\/2025\/12\/chanel_private-archives_all-rights-reserved_chanel-1-LD-400x534.jpg 400w, https:\/\/graziamagazine.com\/es\/wp-content\/uploads\/sites\/12\/2025\/12\/chanel_private-archives_all-rights-reserved_chanel-1-LD-155x207.jpg 155w\" sizes=\"(max-width: 1500px) 100vw, 1500px\" \/><\/p>\n<p>Todo apunta a un desfile donde la maison se repliega hacia su esencia para proyectarla hacia el futuro. Podemos esperar:<\/p>\n<ul>\n<li>Siluetas fluidas que dialoguen con el viento atl\u00e1ntico.<\/li>\n<li>Ecos de alta costura reinterpretados para el ocio y el movimiento.<\/li>\n<li>Referencias a los a\u00f1os fundacionales de Gabrielle y al esp\u00edritu de las pioneras que vest\u00edan Chanel para esquiar, navegar y bailar.<\/li>\n<li>Una paleta inspirada en la luz marina: nacarados, arenas, negros tinta y blancos salinos.<\/li>\n<\/ul>\n<p>Desde hace a\u00f1os, los desfiles Crucero son aut\u00e9nticos manifiestos est\u00e9ticos. Biarritz promete ser uno de esos episodios memorables.<\/p>\n<h3><strong>Biarritz hoy: elegancia atl\u00e1ntica en clave contempor\u00e1nea<\/strong><\/h3>\n<p>La elecci\u00f3n no solo apela al pasado. En los \u00faltimos a\u00f1os, Biarritz se ha consolidado como:<\/p>\n<ul>\n<li><strong>Destino de surf y deporte de \u00e9lite<\/strong>, con una comunidad creativa vibrante.<\/li>\n<li><strong>Punto de encuentro de dise\u00f1adores, fot\u00f3grafos y artesanos<\/strong>, atra\u00eddos por su est\u00e9tica limpia y su energ\u00eda costera.<\/li>\n<li><strong>Refugio cultural<\/strong>, con arquitectura Belle \u00c9poque, villas modernistas y un dinamismo gastron\u00f3mico en alza.<\/li>\n<\/ul>\n<p>Es una ciudad que mezcla lujo cl\u00e1sico con lifestyle contempor\u00e1neo \u2014un equilibrio muy Chanel\u2014 y que encaja a la perfecci\u00f3n en la tendencia de celebrar desfiles en destinos que cuentan historia, identidad y luz propia.<\/p>\n<h3><strong>Por qu\u00e9 ser\u00e1 uno de los desfiles clave de 2026<\/strong><\/h3>\n<ul>\n<li><strong>Es el primero de Matthieu Blazy para esta l\u00ednea<\/strong>, lo que lo convierte en un hito creativo.<\/li>\n<li><strong>Regresa al origen<\/strong>, lo que anticipa una colecci\u00f3n cargada de simbolismo.<\/li>\n<li>Chanel lleva a\u00f1os consolidando sus desfiles como experiencias culturales, no solo de moda: la localizaci\u00f3n importa tanto como las prendas.<\/li>\n<li>Biarritz ofrece un escenario arquitect\u00f3nico y natural fotog\u00e9nico, perfecto para una narrativa visual global.<\/li>\n<\/ul>\n<p>Entre tradici\u00f3n y modernidad, entre oc\u00e9ano y atelier, Chanel prepara un Crucero que promete marcar la conversaci\u00f3n del a\u00f1o.<\/p>\n<h3>Biarritz y Chanel: 5 datos esenciales para entender esta historia de amor<\/h3>\n<ul>\n<li><strong>1915: el a\u00f1o clave: <\/strong>Gabrielle Chanel abre en Biarritz su primera casa de alta costura, donde presenta colecciones hechas para moverse y vivir.<\/li>\n<li><strong>Inspiraci\u00f3n atl\u00e1ntica: <\/strong>la est\u00e9tica del surf, el deporte y la vida de verano influy\u00f3 en su visi\u00f3n de prendas pr\u00e1cticas, elegantes y funcionales.<\/li>\n<li><strong>La clientela pionera: <\/strong>arist\u00f3cratas, deportistas y artistas adoptaron sus dise\u00f1os, consolidando el \u00e9xito de la maison.<\/li>\n<li><strong>La esencia Chanel nace aqu\u00ed: <\/strong>libertad, elegancia relajada y sofisticaci\u00f3n sin esfuerzo: todos esos c\u00f3digos se forjan en esta ciudad.<\/li>\n<li><strong>2026: el regreso: <\/strong>m\u00e1s de un siglo despu\u00e9s, Chanel vuelve al escenario donde empez\u00f3 su aventura en la moda contempor\u00e1nea.<\/li>\n<\/ul>\n<p><em>*Im\u00e1genes: cortes\u00eda<\/em><\/p>\n","protected":false},"author":11653,"featured_media":190292,"template":"","format":"standard","categories":[1],"acf":[],"yoast_head":"<!-- This site is optimized with the Yoast SEO Premium plugin v18.5 (Yoast SEO v20.4) - https:\/\/yoast.com\/wordpress\/plugins\/seo\/ -->\n<title>Chanel presentar\u00e1 su colecci\u00f3n Crucero en Biarritz<\/title>\n<meta name=\"description\" content=\"La cita ser\u00e1 el pr\u00f3ximo 28 de abril de 2026 en este enclave que forma parte fundamental de la historia de la maison.\" \/>\n<meta name=\"robots\" content=\"index, follow, max-snippet:-1, max-image-preview:large, max-video-preview:-1\" \/>\n<link rel=\"canonical\" href=\"https:\/\/graziamagazine.com\/es\/articles\/chanel-presentara-su-coleccion-crucero-2026-27-en-biarritz\/\" \/>\n<meta property=\"og:locale\" content=\"es_ES\" \/>\n<meta property=\"og:type\" content=\"article\" \/>\n<meta property=\"og:title\" content=\"Chanel presentar\u00e1 su colecci\u00f3n Crucero 2026\/27 en Biarritz\" \/>\n<meta property=\"og:description\" content=\"La cita ser\u00e1 el pr\u00f3ximo 28 de abril de 2026 en este enclave que forma parte fundamental de la historia de la maison.\" \/>\n<meta property=\"og:url\" content=\"https:\/\/graziamagazine.com\/es\/articles\/chanel-presentara-su-coleccion-crucero-2026-27-en-biarritz\/\" \/>\n<meta property=\"og:site_name\" content=\"Grazia\" \/>\n<meta property=\"og:image\" content=\"https:\/\/graziamagazine.com\/es\/wp-content\/uploads\/sites\/12\/2025\/12\/chanel_private-archives_all-rights-reserved_chanel-2-LD.jpg\" \/>\n\t<meta property=\"og:image:width\" content=\"1500\" \/>\n\t<meta property=\"og:image:height\" content=\"1125\" \/>\n\t<meta property=\"og:image:type\" content=\"image\/jpeg\" \/>\n<meta name=\"twitter:card\" content=\"summary_large_image\" \/>\n<meta name=\"twitter:label1\" content=\"Est. reading time\" \/>\n\t<meta name=\"twitter:data1\" content=\"4 minutos\" \/>\n<script type=\"application\/ld+json\" class=\"yoast-schema-graph\">{\"@context\":\"https:\/\/schema.org\",\"@graph\":[{\"@type\":\"WebPage\",\"@id\":\"https:\/\/graziamagazine.com\/es\/articles\/chanel-presentara-su-coleccion-crucero-2026-27-en-biarritz\/\",\"url\":\"https:\/\/graziamagazine.com\/es\/articles\/chanel-presentara-su-coleccion-crucero-2026-27-en-biarritz\/\",\"name\":\"Chanel presentar\u00e1 su colecci\u00f3n Crucero en Biarritz\",\"isPartOf\":{\"@id\":\"https:\/\/graziamagazine.com\/es\/#website\"},\"datePublished\":\"2025-12-11T10:34:20+00:00\",\"dateModified\":\"2025-12-11T10:34:20+00:00\",\"description\":\"La cita ser\u00e1 el pr\u00f3ximo 28 de abril de 2026 en este enclave que forma parte fundamental de la historia de la maison.\",\"breadcrumb\":{\"@id\":\"https:\/\/graziamagazine.com\/es\/articles\/chanel-presentara-su-coleccion-crucero-2026-27-en-biarritz\/#breadcrumb\"},\"inLanguage\":\"es\",\"potentialAction\":[{\"@type\":\"ReadAction\",\"target\":[\"https:\/\/graziamagazine.com\/es\/articles\/chanel-presentara-su-coleccion-crucero-2026-27-en-biarritz\/\"]}]},{\"@type\":\"BreadcrumbList\",\"@id\":\"https:\/\/graziamagazine.com\/es\/articles\/chanel-presentara-su-coleccion-crucero-2026-27-en-biarritz\/#breadcrumb\",\"itemListElement\":[{\"@type\":\"ListItem\",\"position\":1,\"name\":\"Portada\",\"item\":\"https:\/\/graziamagazine.com\/es\/\"},{\"@type\":\"ListItem\",\"position\":2,\"name\":\"Chanel presentar\u00e1 su colecci\u00f3n Crucero 2026\/27 en Biarritz\"}]},{\"@type\":\"WebSite\",\"@id\":\"https:\/\/graziamagazine.com\/es\/#website\",\"url\":\"https:\/\/graziamagazine.com\/es\/\",\"name\":\"Grazia\",\"description\":\"Moda, belleza, celebrities, estilo de vida...\",\"potentialAction\":[{\"@type\":\"SearchAction\",\"target\":{\"@type\":\"EntryPoint\",\"urlTemplate\":\"https:\/\/graziamagazine.com\/es\/?s={search_term_string}\"},\"query-input\":\"required name=search_term_string\"}],\"inLanguage\":\"es\"}]}<\/script>\n<!-- \/ Yoast SEO Premium plugin. -->","yoast_head_json":{"title":"Chanel presentar\u00e1 su colecci\u00f3n Crucero en Biarritz","description":"La cita ser\u00e1 el pr\u00f3ximo 28 de abril de 2026 en este enclave que forma parte fundamental de la historia de la maison.","robots":{"index":"index","follow":"follow","max-snippet":"max-snippet:-1","max-image-preview":"max-image-preview:large","max-video-preview":"max-video-preview:-1"},"canonical":"https:\/\/graziamagazine.com\/es\/articles\/chanel-presentara-su-coleccion-crucero-2026-27-en-biarritz\/","og_locale":"es_ES","og_type":"article","og_title":"Chanel presentar\u00e1 su colecci\u00f3n Crucero 2026\/27 en Biarritz","og_description":"La cita ser\u00e1 el pr\u00f3ximo 28 de abril de 2026 en este enclave que forma parte fundamental de la historia de la maison.","og_url":"https:\/\/graziamagazine.com\/es\/articles\/chanel-presentara-su-coleccion-crucero-2026-27-en-biarritz\/","og_site_name":"Grazia","og_image":[{"width":1500,"height":1125,"url":"https:\/\/graziamagazine.com\/es\/wp-content\/uploads\/sites\/12\/2025\/12\/chanel_private-archives_all-rights-reserved_chanel-2-LD.jpg","type":"image\/jpeg"}],"twitter_card":"summary_large_image","twitter_misc":{"Est. reading time":"4 minutos"},"schema":{"@context":"https:\/\/schema.org","@graph":[{"@type":"WebPage","@id":"https:\/\/graziamagazine.com\/es\/articles\/chanel-presentara-su-coleccion-crucero-2026-27-en-biarritz\/","url":"https:\/\/graziamagazine.com\/es\/articles\/chanel-presentara-su-coleccion-crucero-2026-27-en-biarritz\/","name":"Chanel presentar\u00e1 su colecci\u00f3n Crucero en Biarritz","isPartOf":{"@id":"https:\/\/graziamagazine.com\/es\/#website"},"datePublished":"2025-12-11T10:34:20+00:00","dateModified":"2025-12-11T10:34:20+00:00","description":"La cita ser\u00e1 el pr\u00f3ximo 28 de abril de 2026 en este enclave que forma parte fundamental de la historia de la maison.","breadcrumb":{"@id":"https:\/\/graziamagazine.com\/es\/articles\/chanel-presentara-su-coleccion-crucero-2026-27-en-biarritz\/#breadcrumb"},"inLanguage":"es","potentialAction":[{"@type":"ReadAction","target":["https:\/\/graziamagazine.com\/es\/articles\/chanel-presentara-su-coleccion-crucero-2026-27-en-biarritz\/"]}]},{"@type":"BreadcrumbList","@id":"https:\/\/graziamagazine.com\/es\/articles\/chanel-presentara-su-coleccion-crucero-2026-27-en-biarritz\/#breadcrumb","itemListElement":[{"@type":"ListItem","position":1,"name":"Portada","item":"https:\/\/graziamagazine.com\/es\/"},{"@type":"ListItem","position":2,"name":"Chanel presentar\u00e1 su colecci\u00f3n Crucero 2026\/27 en Biarritz"}]},{"@type":"WebSite","@id":"https:\/\/graziamagazine.com\/es\/#website","url":"https:\/\/graziamagazine.com\/es\/","name":"Grazia","description":"Moda, belleza, celebrities, estilo de vida...","potentialAction":[{"@type":"SearchAction","target":{"@type":"EntryPoint","urlTemplate":"https:\/\/graziamagazine.com\/es\/?s={search_term_string}"},"query-input":"required name=search_term_string"}],"inLanguage":"es"}]}},"jetpack_sharing_enabled":true,"distributor_meta":false,"distributor_terms":false,"distributor_media":false,"distributor_original_site_name":"Grazia","distributor_original_site_url":"https:\/\/graziamagazine.com\/es","push-errors":false,"_links":{"self":[{"href":"https:\/\/graziamagazine.com\/es\/wp-json\/wp\/v2\/articles\/190282"}],"collection":[{"href":"https:\/\/graziamagazine.com\/es\/wp-json\/wp\/v2\/articles"}],"about":[{"href":"https:\/\/graziamagazine.com\/es\/wp-json\/wp\/v2\/types\/articles"}],"author":[{"embeddable":true,"href":"https:\/\/graziamagazine.com\/es\/wp-json\/wp\/v2\/users\/11653"}],"wp:featuredmedia":[{"embeddable":true,"href":"https:\/\/graziamagazine.com\/es\/wp-json\/wp\/v2\/media\/190292"}],"wp:attachment":[{"href":"https:\/\/graziamagazine.com\/es\/wp-json\/wp\/v2\/media?parent=190282"}],"wp:term":[{"taxonomy":"category","embeddable":true,"href":"https:\/\/graziamagazine.com\/es\/wp-json\/wp\/v2\/categories?post=190282"}],"curies":[{"name":"wp","href":"https:\/\/api.w.org\/{rel}","templated":true}]}}