{"id":190274,"date":"2025-12-11T08:00:46","date_gmt":"2025-12-11T07:00:46","guid":{"rendered":"https:\/\/graziamagazine.com\/es\/?post_type=articles&#038;p=190274"},"modified":"2025-12-11T04:59:17","modified_gmt":"2025-12-11T03:59:17","slug":"louis-vuitton-title-partner-del-gran-premio-de-monaco-2026","status":"publish","type":"articles","link":"https:\/\/graziamagazine.com\/es\/articles\/louis-vuitton-title-partner-del-gran-premio-de-monaco-2026\/","title":{"rendered":"Louis Vuitton, Title Partner del Gran Premio de M\u00f3naco 2026"},"content":{"rendered":"<p><span class=\"markkgt6dx4gm\" data-markjs=\"true\" data-ogac=\"\" data-ogab=\"\" data-ogsc=\"\" data-ogsb=\"\" data-olk-copy-source=\"MessageBody\">Louis<\/span>\u00a0<span class=\"markd8jig4qlt\" data-markjs=\"true\" data-ogac=\"\" data-ogab=\"\" data-ogsc=\"\" data-ogsb=\"\">Vuitton<\/span>\u00a0se convierte en\u00a0<i>Title Partner<\/i><b>\u00a0de FORMULA 1\u00ae\u00a0<span class=\"markkgt6dx4gm\" data-markjs=\"true\" data-ogac=\"\" data-ogab=\"\" data-ogsc=\"\" data-ogsb=\"\">LOUIS<\/span>\u00a0<span class=\"markd8jig4qlt\" data-markjs=\"true\" data-ogac=\"\" data-ogab=\"\" data-ogsc=\"\" data-ogsb=\"\">VUITTON<\/span>\u00a0GRAND PRIX DE MONACO 2026<\/b>. Esta colaboraci\u00f3n plurianual contin\u00faa la asociaci\u00f3n oficial entre\u00a0<span class=\"markkgt6dx4gm\" data-markjs=\"true\" data-ogac=\"\" data-ogab=\"\" data-ogsc=\"\" data-ogsb=\"\">Louis<\/span>\u00a0<span class=\"markd8jig4qlt\" data-markjs=\"true\" data-ogac=\"\" data-ogab=\"\" data-ogsc=\"\" data-ogsb=\"\">Vuitton<\/span>\u00a0y la F\u00f3rmula 1. Unidos por sus valores compartidos de rendimiento y superaci\u00f3n constante,\u00a0<span class=\"markkgt6dx4gm\" data-markjs=\"true\" data-ogac=\"\" data-ogab=\"\" data-ogsc=\"\" data-ogsb=\"\">Louis<\/span>\u00a0<span class=\"markd8jig4qlt\" data-markjs=\"true\" data-ogac=\"\" data-ogab=\"\" data-ogsc=\"\" data-ogsb=\"\">Vuitton<\/span>, la F\u00f3rmula 1 y el Automobile Club de M\u00f3naco celebran este nuevo cap\u00edtulo, llevando la hist\u00f3rica relaci\u00f3n entre\u00a0<span class=\"markkgt6dx4gm\" data-markjs=\"true\" data-ogac=\"\" data-ogab=\"\" data-ogsc=\"\" data-ogsb=\"\">Louis<\/span>\u00a0<span class=\"markd8jig4qlt\" data-markjs=\"true\" data-ogac=\"\" data-ogab=\"\" data-ogsc=\"\" data-ogsb=\"\">Vuitton<\/span>\u00a0y M\u00f3naco a un nuevo nivel.<\/p>\n<p class=\"x_MsoNormal\"><span data-olk-copy-source=\"MessageBody\">Anteriormente socio del Automobile Club de M\u00f3naco de 2021 a 2024, y posteriormente de la F\u00f3rmula 1 desde 2025,\u00a0<span class=\"markkgt6dx4gm\" data-markjs=\"true\" data-ogac=\"\" data-ogab=\"\" data-ogsc=\"\" data-ogsb=\"\">Louis<\/span>\u00a0<span class=\"markd8jig4qlt\" data-markjs=\"true\" data-ogac=\"\" data-ogab=\"\" data-ogsc=\"\" data-ogsb=\"\">Vuitton<\/span>\u00a0ha celebrado las victorias de Max Verstappen (2021 y 2023), Sergio P\u00e9rez (2022), Charles Leclerc (2024) y Lando Norris (2025) en el circuito de M\u00f3naco mediante la presentaci\u00f3n del ba\u00fal trofeo a medida de\u00a0<span class=\"markkgt6dx4gm\" data-markjs=\"true\" data-ogac=\"\" data-ogab=\"\" data-ogsc=\"\" data-ogsb=\"\">Louis<\/span>\u00a0<span class=\"markd8jig4qlt\" data-markjs=\"true\" data-ogac=\"\" data-ogab=\"\" data-ogsc=\"\" data-ogsb=\"\">Vuitton<\/span>, dise\u00f1ado para proteger y exhibir el trofeo del Gran Prix de M\u00f3naco\u2122.\u00a0<span class=\"markkgt6dx4gm\" data-markjs=\"true\" data-ogac=\"\" data-ogab=\"\" data-ogsc=\"\" data-ogsb=\"\">Louis<\/span>\u00a0<span class=\"markd8jig4qlt\" data-markjs=\"true\" data-ogac=\"\" data-ogab=\"\" data-ogsc=\"\" data-ogsb=\"\">Vuitton<\/span>\u00a0se enorgullece de reafirmar su compromiso al asumir por primera vez el rol de\u00a0<i>Title Partner<\/i><b>\u00a0<\/b>del Grand Prix, un estatus simb\u00f3lico de leyenda, elegancia y audacia.<\/span><\/p>\n<h3>As\u00ed ser\u00e1 el nuevo trofeo<\/h3>\n<p class=\"x_MsoNormal\"><span data-olk-copy-source=\"MessageBody\">En 2026,\u00a0<span class=\"markkgt6dx4gm\" data-markjs=\"true\" data-ogac=\"\" data-ogab=\"\" data-ogsc=\"\" data-ogsb=\"\">Louis<\/span>\u00a0<span class=\"markd8jig4qlt\" data-markjs=\"true\" data-ogac=\"\" data-ogab=\"\" data-ogsc=\"\" data-ogsb=\"\">Vuitton<\/span>\u00a0presentar\u00e1 el Ba\u00fal Trofeo del Grand Prix de M\u00f3naco por sexto a\u00f1o consecutivo. Fabricado en sus hist\u00f3ricos talleres de Asni\u00e8res, el ba\u00fal est\u00e1 revestido con la ic\u00f3nica lona Monogram reinterpretado exclusivamente en un tono rojo que evoca el color nacional del Principado e incorpora la emblem\u00e1tica \u201cV\u201d de\u00a0<span class=\"markd8jig4qlt\" data-markjs=\"true\" data-ogac=\"\" data-ogab=\"\" data-ogsc=\"\" data-ogsb=\"\">Vuitton<\/span>\u00a0y de Victoria en blanco y rojo, recordando la bandera nacional de M\u00f3naco. Este ba\u00fal a medida concentra m\u00e1s de 170 a\u00f1os de savoir faire, creatividad y tradici\u00f3n en el Arte de Viajar, subrayando una vez m\u00e1s que\u00a0<b>\u201cla victoria viaja en\u00a0<span class=\"markkgt6dx4gm\" data-markjs=\"true\" data-ogac=\"\" data-ogab=\"\" data-ogsc=\"\" data-ogsb=\"\">Louis<\/span>\u00a0<span class=\"markd8jig4qlt\" data-markjs=\"true\" data-ogac=\"\" data-ogab=\"\" data-ogsc=\"\" data-ogsb=\"\">Vuitton<\/span>\u201d<\/b>.<\/span><\/p>\n<p><img loading=\"lazy\" decoding=\"async\" class=\"aligncenter size-full wp-image-190279\" src=\"https:\/\/graziamagazine.com\/es\/wp-content\/uploads\/sites\/12\/2025\/12\/LV2.jpg\" alt=\"\" width=\"1173\" height=\"1467\" srcset=\"https:\/\/graziamagazine.com\/es\/wp-content\/uploads\/sites\/12\/2025\/12\/LV2.jpg 1173w, https:\/\/graziamagazine.com\/es\/wp-content\/uploads\/sites\/12\/2025\/12\/LV2-240x300.jpg 240w, https:\/\/graziamagazine.com\/es\/wp-content\/uploads\/sites\/12\/2025\/12\/LV2-819x1024.jpg 819w, https:\/\/graziamagazine.com\/es\/wp-content\/uploads\/sites\/12\/2025\/12\/LV2-768x960.jpg 768w, https:\/\/graziamagazine.com\/es\/wp-content\/uploads\/sites\/12\/2025\/12\/LV2-400x500.jpg 400w, https:\/\/graziamagazine.com\/es\/wp-content\/uploads\/sites\/12\/2025\/12\/LV2-155x194.jpg 155w\" sizes=\"(max-width: 1173px) 100vw, 1173px\" \/><\/p>\n<p class=\"x_MsoNormal\"><span data-olk-copy-source=\"MessageBody\">A lo largo del\u00a0<b>FORMULA 1\u00ae\u00a0<span class=\"markkgt6dx4gm\" data-markjs=\"true\" data-ogac=\"\" data-ogab=\"\" data-ogsc=\"\" data-ogsb=\"\">LOUIS<\/span>\u00a0<span class=\"markd8jig4qlt\" data-markjs=\"true\" data-ogac=\"\" data-ogab=\"\" data-ogsc=\"\" data-ogsb=\"\">VUITTON<\/span>\u00a0GRAND PRIX DE MONACO 2026<\/b>, la Maison tambi\u00e9n estar\u00e1 representada alrededor del circuito con creativos banners que reinterpretan la firma de\u00a0<span class=\"markkgt6dx4gm\" data-markjs=\"true\" data-ogac=\"\" data-ogab=\"\" data-ogsc=\"\" data-ogsb=\"\">Louis<\/span>\u00a0<span class=\"markd8jig4qlt\" data-markjs=\"true\" data-ogac=\"\" data-ogab=\"\" data-ogsc=\"\" data-ogsb=\"\">Vuitton<\/span>\u00a0para evocar la sensaci\u00f3n de velocidad de la F\u00f3rmula 1 y extender la elegancia atemporal de la Maison a lo largo del legendario circuito de M\u00f3naco.<\/span><\/p>\n<p class=\"x_MsoNormal\">Desde los primeros ba\u00fales para autom\u00f3viles dise\u00f1ados por Georges\u00a0<span class=\"markd8jig4qlt\" data-markjs=\"true\" data-ogac=\"\" data-ogab=\"\" data-ogsc=\"\" data-ogsb=\"\">Vuitton<\/span>\u00a0a finales del siglo XIX hasta los ba\u00fales trofeo creados para algunas de las competiciones deportivas m\u00e1s importantes \u2014desde la America\u2019s Cup en 1993 hasta la Copa Mundial de la FIFA\u2122, el Bal\u00f3n de Oro\u00ae y los Juegos Ol\u00edmpicos y Paral\u00edmpicos de Par\u00eds 2024\u2014,\u00a0<span class=\"markkgt6dx4gm\" data-markjs=\"true\" data-ogac=\"\" data-ogab=\"\" data-ogsc=\"\" data-ogsb=\"\">Louis<\/span>\u00a0<span class=\"markd8jig4qlt\" data-markjs=\"true\" data-ogac=\"\" data-ogab=\"\" data-ogsc=\"\" data-ogsb=\"\">Vuitton<\/span>\u00a0ha consolidado una tradici\u00f3n continua de excelencia en la que el<em>\u00a0savoir-faire<\/em>\u00a0se une al rendimiento.<\/p>\n<p class=\"x_MsoNormal\">Impulsado por la intensidad de sus eventos y el entusiasmo de millones de aficionados en todo el mundo, el Grand Prix de M\u00f3naco\u2122 sigue siendo uno de los momentos m\u00e1s ic\u00f3nicos del calendario del automovilismo. En este contexto de alta energ\u00eda,\u00a0<span class=\"markkgt6dx4gm\" data-markjs=\"true\" data-ogac=\"\" data-ogab=\"\" data-ogsc=\"\" data-ogsb=\"\">Louis<\/span>\u00a0<span class=\"markd8jig4qlt\" data-markjs=\"true\" data-ogac=\"\" data-ogab=\"\" data-ogsc=\"\" data-ogsb=\"\">Vuitton<\/span>\u00a0se esfuerza por elevar cada victoria, transformando estos momentos excepcionales en leyendas duraderas.<\/p>\n<p><img loading=\"lazy\" decoding=\"async\" class=\"aligncenter size-full wp-image-190278\" src=\"https:\/\/graziamagazine.com\/es\/wp-content\/uploads\/sites\/12\/2025\/12\/LV3.jpg\" alt=\"\" width=\"1600\" height=\"2000\" srcset=\"https:\/\/graziamagazine.com\/es\/wp-content\/uploads\/sites\/12\/2025\/12\/LV3.jpg 1600w, https:\/\/graziamagazine.com\/es\/wp-content\/uploads\/sites\/12\/2025\/12\/LV3-240x300.jpg 240w, https:\/\/graziamagazine.com\/es\/wp-content\/uploads\/sites\/12\/2025\/12\/LV3-819x1024.jpg 819w, https:\/\/graziamagazine.com\/es\/wp-content\/uploads\/sites\/12\/2025\/12\/LV3-768x960.jpg 768w, https:\/\/graziamagazine.com\/es\/wp-content\/uploads\/sites\/12\/2025\/12\/LV3-1229x1536.jpg 1229w, https:\/\/graziamagazine.com\/es\/wp-content\/uploads\/sites\/12\/2025\/12\/LV3-400x500.jpg 400w, https:\/\/graziamagazine.com\/es\/wp-content\/uploads\/sites\/12\/2025\/12\/LV3-155x194.jpg 155w\" sizes=\"(max-width: 1600px) 100vw, 1600px\" \/><\/p>\n<p class=\"x_MsoNormal\"><b>La victoria viaja en Louis Vuitton<\/b><\/p>\n<p class=\"x_MsoNormal\">A lo largo de la historia de la Maison, valiosos objetos deportivos pertenecientes a atletas de talla mundial han sido confiados al cuidado de\u00a0<span class=\"markkgt6dx4gm\" data-markjs=\"true\" data-ogac=\"\" data-ogab=\"\" data-ogsc=\"\" data-ogsb=\"\">Louis<\/span>\u00a0<span class=\"markd8jig4qlt\" data-markjs=\"true\" data-ogac=\"\" data-ogab=\"\" data-ogsc=\"\" data-ogsb=\"\">Vuitton<\/span>. Perpetuando y ampliando esta apreciada tradici\u00f3n,\u00a0<span class=\"markkgt6dx4gm\" data-markjs=\"true\" data-ogac=\"\" data-ogab=\"\" data-ogsc=\"\" data-ogsb=\"\">Louis<\/span>\u00a0<span class=\"markd8jig4qlt\" data-markjs=\"true\" data-ogac=\"\" data-ogab=\"\" data-ogsc=\"\" data-ogsb=\"\">Vuitton<\/span>\u00a0crea ba\u00fales para transportar y exhibir los trofeos de las competiciones y premios deportivos m\u00e1s emblem\u00e1ticos del mundo. Impregnadas de emoci\u00f3n, estas aventuras siguen marcando nuevos hitos en la historia de la Maison, un testimonio continuo de que \u00abLa victoria viaja en\u00a0<span class=\"markd8jig4qlt\" data-markjs=\"true\" data-ogac=\"\" data-ogab=\"\" data-ogsc=\"\" data-ogsb=\"\">Vuitton<\/span>\u00bb y de que la excelencia en el deporte se hace eco de los valores de\u00a0<span class=\"markkgt6dx4gm\" data-markjs=\"true\" data-ogac=\"\" data-ogab=\"\" data-ogsc=\"\" data-ogsb=\"\">Louis<\/span>\u00a0<span class=\"markd8jig4qlt\" data-markjs=\"true\" data-ogac=\"\" data-ogab=\"\" data-ogsc=\"\" data-ogsb=\"\">Vuitton<\/span>.<\/p>\n<p class=\"x_MsoNormal\">Desde su primera colaboraci\u00f3n con la America&#8217;s Cup en 1983,\u00a0<span class=\"markkgt6dx4gm\" data-markjs=\"true\" data-ogac=\"\" data-ogab=\"\" data-ogsc=\"\" data-ogsb=\"\">Louis<\/span>\u00a0<span class=\"markd8jig4qlt\" data-markjs=\"true\" data-ogac=\"\" data-ogab=\"\" data-ogsc=\"\" data-ogsb=\"\">Vuitton<\/span>\u00a0ha unido sus fuerzas a las competiciones deportivas m\u00e1s prestigiosas del mundo, como FIFA World Cup (2010, 2014, 2018, 2022), League of legends (2019, 2020), Davis Cup (2019, 2020, 2021, 2022), Roland Garros (2017, 2018), NBA (2020, 2021, 2022), Formula 1 Grand Prix de Monaco (2021, 2022, 2023, 2024), Rugby World Cup France \u2013 2023, Ballon d\u2019Or (2023, 2024), Olympic &amp; Paralympic Games Paris 2024, Australian Open (2023, 2024).<\/p>\n<p><em>*Im\u00e1genes: cortes\u00eda<\/em><\/p>\n","protected":false},"author":11653,"featured_media":190280,"template":"","format":"standard","categories":[2971],"acf":{"banner":""},"yoast_head":"<!-- This site is optimized with the Yoast SEO Premium plugin v18.5 (Yoast SEO v20.4) - https:\/\/yoast.com\/wordpress\/plugins\/seo\/ -->\n<title>Louis Vuitton, Title Partner del Gran Premio de M\u00f3naco 2026<\/title>\n<meta name=\"description\" content=\"Una colaboraci\u00f3n que celebra los valores compartidos de rendimiento y superaci\u00f3n constante entre la maison y la F\u00f3rmula 1.\" \/>\n<meta name=\"robots\" content=\"index, follow, max-snippet:-1, max-image-preview:large, max-video-preview:-1\" \/>\n<link rel=\"canonical\" href=\"https:\/\/graziamagazine.com\/es\/articles\/louis-vuitton-title-partner-del-gran-premio-de-monaco-2026\/\" \/>\n<meta property=\"og:locale\" content=\"es_ES\" \/>\n<meta property=\"og:type\" content=\"article\" \/>\n<meta property=\"og:title\" content=\"Louis Vuitton, Title Partner del Gran Premio de M\u00f3naco 2026\" \/>\n<meta property=\"og:description\" content=\"Una colaboraci\u00f3n que celebra los valores compartidos de rendimiento y superaci\u00f3n constante entre la maison y la F\u00f3rmula 1.\" \/>\n<meta property=\"og:url\" content=\"https:\/\/graziamagazine.com\/es\/articles\/louis-vuitton-title-partner-del-gran-premio-de-monaco-2026\/\" \/>\n<meta property=\"og:site_name\" content=\"Grazia\" \/>\n<meta property=\"article:modified_time\" content=\"2025-12-11T03:59:17+00:00\" \/>\n<meta property=\"og:image\" content=\"https:\/\/graziamagazine.com\/es\/wp-content\/uploads\/sites\/12\/2025\/12\/LV1.jpg\" \/>\n\t<meta property=\"og:image:width\" content=\"1920\" \/>\n\t<meta property=\"og:image:height\" content=\"1280\" \/>\n\t<meta property=\"og:image:type\" content=\"image\/jpeg\" \/>\n<meta name=\"twitter:card\" content=\"summary_large_image\" \/>\n<meta name=\"twitter:label1\" content=\"Est. reading time\" \/>\n\t<meta name=\"twitter:data1\" content=\"4 minutos\" \/>\n<script type=\"application\/ld+json\" class=\"yoast-schema-graph\">{\"@context\":\"https:\/\/schema.org\",\"@graph\":[{\"@type\":\"WebPage\",\"@id\":\"https:\/\/graziamagazine.com\/es\/articles\/louis-vuitton-title-partner-del-gran-premio-de-monaco-2026\/\",\"url\":\"https:\/\/graziamagazine.com\/es\/articles\/louis-vuitton-title-partner-del-gran-premio-de-monaco-2026\/\",\"name\":\"Louis Vuitton, Title Partner del Gran Premio de M\u00f3naco 2026\",\"isPartOf\":{\"@id\":\"https:\/\/graziamagazine.com\/es\/#website\"},\"datePublished\":\"2025-12-11T07:00:46+00:00\",\"dateModified\":\"2025-12-11T03:59:17+00:00\",\"description\":\"Una colaboraci\u00f3n que celebra los valores compartidos de rendimiento y superaci\u00f3n constante entre la maison y la F\u00f3rmula 1.\",\"breadcrumb\":{\"@id\":\"https:\/\/graziamagazine.com\/es\/articles\/louis-vuitton-title-partner-del-gran-premio-de-monaco-2026\/#breadcrumb\"},\"inLanguage\":\"es\",\"potentialAction\":[{\"@type\":\"ReadAction\",\"target\":[\"https:\/\/graziamagazine.com\/es\/articles\/louis-vuitton-title-partner-del-gran-premio-de-monaco-2026\/\"]}]},{\"@type\":\"BreadcrumbList\",\"@id\":\"https:\/\/graziamagazine.com\/es\/articles\/louis-vuitton-title-partner-del-gran-premio-de-monaco-2026\/#breadcrumb\",\"itemListElement\":[{\"@type\":\"ListItem\",\"position\":1,\"name\":\"Portada\",\"item\":\"https:\/\/graziamagazine.com\/es\/\"},{\"@type\":\"ListItem\",\"position\":2,\"name\":\"Louis Vuitton, Title Partner del Gran Premio de M\u00f3naco 2026\"}]},{\"@type\":\"WebSite\",\"@id\":\"https:\/\/graziamagazine.com\/es\/#website\",\"url\":\"https:\/\/graziamagazine.com\/es\/\",\"name\":\"Grazia\",\"description\":\"Moda, belleza, celebrities, estilo de vida...\",\"potentialAction\":[{\"@type\":\"SearchAction\",\"target\":{\"@type\":\"EntryPoint\",\"urlTemplate\":\"https:\/\/graziamagazine.com\/es\/?s={search_term_string}\"},\"query-input\":\"required name=search_term_string\"}],\"inLanguage\":\"es\"}]}<\/script>\n<!-- \/ Yoast SEO Premium plugin. -->","yoast_head_json":{"title":"Louis Vuitton, Title Partner del Gran Premio de M\u00f3naco 2026","description":"Una colaboraci\u00f3n que celebra los valores compartidos de rendimiento y superaci\u00f3n constante entre la maison y la F\u00f3rmula 1.","robots":{"index":"index","follow":"follow","max-snippet":"max-snippet:-1","max-image-preview":"max-image-preview:large","max-video-preview":"max-video-preview:-1"},"canonical":"https:\/\/graziamagazine.com\/es\/articles\/louis-vuitton-title-partner-del-gran-premio-de-monaco-2026\/","og_locale":"es_ES","og_type":"article","og_title":"Louis Vuitton, Title Partner del Gran Premio de M\u00f3naco 2026","og_description":"Una colaboraci\u00f3n que celebra los valores compartidos de rendimiento y superaci\u00f3n constante entre la maison y la F\u00f3rmula 1.","og_url":"https:\/\/graziamagazine.com\/es\/articles\/louis-vuitton-title-partner-del-gran-premio-de-monaco-2026\/","og_site_name":"Grazia","article_modified_time":"2025-12-11T03:59:17+00:00","og_image":[{"width":1920,"height":1280,"url":"https:\/\/graziamagazine.com\/es\/wp-content\/uploads\/sites\/12\/2025\/12\/LV1.jpg","type":"image\/jpeg"}],"twitter_card":"summary_large_image","twitter_misc":{"Est. reading time":"4 minutos"},"schema":{"@context":"https:\/\/schema.org","@graph":[{"@type":"WebPage","@id":"https:\/\/graziamagazine.com\/es\/articles\/louis-vuitton-title-partner-del-gran-premio-de-monaco-2026\/","url":"https:\/\/graziamagazine.com\/es\/articles\/louis-vuitton-title-partner-del-gran-premio-de-monaco-2026\/","name":"Louis Vuitton, Title Partner del Gran Premio de M\u00f3naco 2026","isPartOf":{"@id":"https:\/\/graziamagazine.com\/es\/#website"},"datePublished":"2025-12-11T07:00:46+00:00","dateModified":"2025-12-11T03:59:17+00:00","description":"Una colaboraci\u00f3n que celebra los valores compartidos de rendimiento y superaci\u00f3n constante entre la maison y la F\u00f3rmula 1.","breadcrumb":{"@id":"https:\/\/graziamagazine.com\/es\/articles\/louis-vuitton-title-partner-del-gran-premio-de-monaco-2026\/#breadcrumb"},"inLanguage":"es","potentialAction":[{"@type":"ReadAction","target":["https:\/\/graziamagazine.com\/es\/articles\/louis-vuitton-title-partner-del-gran-premio-de-monaco-2026\/"]}]},{"@type":"BreadcrumbList","@id":"https:\/\/graziamagazine.com\/es\/articles\/louis-vuitton-title-partner-del-gran-premio-de-monaco-2026\/#breadcrumb","itemListElement":[{"@type":"ListItem","position":1,"name":"Portada","item":"https:\/\/graziamagazine.com\/es\/"},{"@type":"ListItem","position":2,"name":"Louis Vuitton, Title Partner del Gran Premio de M\u00f3naco 2026"}]},{"@type":"WebSite","@id":"https:\/\/graziamagazine.com\/es\/#website","url":"https:\/\/graziamagazine.com\/es\/","name":"Grazia","description":"Moda, belleza, celebrities, estilo de vida...","potentialAction":[{"@type":"SearchAction","target":{"@type":"EntryPoint","urlTemplate":"https:\/\/graziamagazine.com\/es\/?s={search_term_string}"},"query-input":"required name=search_term_string"}],"inLanguage":"es"}]}},"jetpack_sharing_enabled":true,"distributor_meta":false,"distributor_terms":false,"distributor_media":false,"distributor_original_site_name":"Grazia","distributor_original_site_url":"https:\/\/graziamagazine.com\/es","push-errors":false,"_links":{"self":[{"href":"https:\/\/graziamagazine.com\/es\/wp-json\/wp\/v2\/articles\/190274"}],"collection":[{"href":"https:\/\/graziamagazine.com\/es\/wp-json\/wp\/v2\/articles"}],"about":[{"href":"https:\/\/graziamagazine.com\/es\/wp-json\/wp\/v2\/types\/articles"}],"author":[{"embeddable":true,"href":"https:\/\/graziamagazine.com\/es\/wp-json\/wp\/v2\/users\/11653"}],"wp:featuredmedia":[{"embeddable":true,"href":"https:\/\/graziamagazine.com\/es\/wp-json\/wp\/v2\/media\/190280"}],"wp:attachment":[{"href":"https:\/\/graziamagazine.com\/es\/wp-json\/wp\/v2\/media?parent=190274"}],"wp:term":[{"taxonomy":"category","embeddable":true,"href":"https:\/\/graziamagazine.com\/es\/wp-json\/wp\/v2\/categories?post=190274"}],"curies":[{"name":"wp","href":"https:\/\/api.w.org\/{rel}","templated":true}]}}