{"id":190204,"date":"2025-12-08T07:52:00","date_gmt":"2025-12-08T06:52:00","guid":{"rendered":"https:\/\/graziamagazine.com\/es\/?post_type=articles&#038;p=190204"},"modified":"2025-12-08T07:52:00","modified_gmt":"2025-12-08T06:52:00","slug":"generation-gucci-la-coleccion-pre-fall-creada-por-demna","status":"publish","type":"articles","link":"https:\/\/graziamagazine.com\/es\/articles\/generation-gucci-la-coleccion-pre-fall-creada-por-demna\/","title":{"rendered":"Generation Gucci, la primera colecci\u00f3n Pre-Fall creada por Demna"},"content":{"rendered":"<p data-pm-slice=\"0 0 []\">Presentada como un lookbook fotografiado por Demna de un desfile imaginario de Gucci que nunca ocurri\u00f3, Generation Gucci representa su investigaci\u00f3n continua sobre los c\u00f3digos visuales y de archivo a trav\u00e9s de diferentes \u00e9pocas de la historia de la marca, vistos a trav\u00e9s de la lente del dise\u00f1ador \u2014quien se convirti\u00f3 en director creativo en marzo de este a\u00f1o\u2014. Combina distintas generaciones de productos e im\u00e1genes en una narrativa est\u00e9tica \u00fanica, anticipando su visi\u00f3n personal para la Casa, que se revelar\u00e1 en febrero 2026.<\/p>\n<figure id=\"attachment_162993\" class=\"wp-caption alignnone\" style=\"width: 882px\" aria-describedby=\"caption-attachment-162993\"><img loading=\"lazy\" decoding=\"async\" class=\"wp-image-162993 size-full\" src=\"https:\/\/graziamagazine.com\/mx\/wp-content\/uploads\/sites\/13\/2025\/12\/generation-gucci-la-coleccion-de-prefall-de-gucci-17-e1765174572740.jpg\" alt=\"Generation Gucci - PreFall Collection\" width=\"882\" height=\"1114\" \/><\/figure>\n<figure id=\"attachment_162991\" class=\"wp-caption alignnone\" style=\"width: 884px\" aria-describedby=\"caption-attachment-162991\"><img loading=\"lazy\" decoding=\"async\" class=\"wp-image-162991 size-full\" src=\"https:\/\/graziamagazine.com\/mx\/wp-content\/uploads\/sites\/13\/2025\/12\/generation-gucci-la-coleccion-de-prefall-de-gucci-15-e1765174598610.jpg\" alt=\"Generation Gucci - PreFall Collection\" width=\"884\" height=\"1102\" \/><\/figure>\n<h3 data-pm-slice=\"0 0 []\">as\u00ed es la propuesta<\/h3>\n<p>Los looks comienzan con sastrer\u00eda ligera en <em>faille<\/em> de seda de archivo, tejida para simular una textura envejecida. En lugar de botones, la ropa femenina de sastrer\u00eda se ajusta con broches m\u00ednimos: trajes de dos piezas con pantalones tipo legging y la ic\u00f3nica falda l\u00e1piz de Gucci.<\/p>\n<figure id=\"attachment_162990\" class=\"wp-caption alignnone\" style=\"width: 888px\" aria-describedby=\"caption-attachment-162990\"><img loading=\"lazy\" decoding=\"async\" class=\"wp-image-162990 size-full\" src=\"https:\/\/graziamagazine.com\/mx\/wp-content\/uploads\/sites\/13\/2025\/12\/generation-gucci-la-coleccion-de-prefall-de-gucci-14-e1765174628200.jpg\" alt=\"Generation Gucci - PreFall Collection\" width=\"888\" height=\"1108\" \/><\/figure>\n<figure id=\"attachment_162989\" class=\"wp-caption alignnone\" style=\"width: 878px\" aria-describedby=\"caption-attachment-162989\"><img loading=\"lazy\" decoding=\"async\" class=\"wp-image-162989 size-full\" src=\"https:\/\/graziamagazine.com\/mx\/wp-content\/uploads\/sites\/13\/2025\/12\/generation-gucci-la-coleccion-de-prefall-de-gucci-13-e1765174655704.jpg\" alt=\"Generation Gucci - PreFall Collection\" width=\"878\" height=\"1090\" \/><\/figure>\n<p>Los jeans minimalistas presentan una construcci\u00f3n sin costuras, bolsillos invisibles y cierres ocultos. Trajes de viaje refinados en seda ofrecen la comodidad de un pijama, mientras que los trajes de neopreno para surf inspiran las l\u00edneas de un cuello alto t\u00e9cnico y una chaqueta ajustada de cuero.<\/p>\n<figure id=\"attachment_162988\" class=\"wp-caption alignnone\" style=\"width: 886px\" aria-describedby=\"caption-attachment-162988\"><img loading=\"lazy\" decoding=\"async\" class=\"wp-image-162988 size-full\" src=\"https:\/\/graziamagazine.com\/mx\/wp-content\/uploads\/sites\/13\/2025\/12\/generation-gucci-la-coleccion-de-prefall-de-gucci-12-e1765174698718.jpg\" alt=\"Generation Gucci - PreFall Collection\" width=\"886\" height=\"1114\" \/><\/figure>\n<figure id=\"attachment_162987\" class=\"wp-caption alignnone\" style=\"width: 886px\" aria-describedby=\"caption-attachment-162987\"><img loading=\"lazy\" decoding=\"async\" class=\"wp-image-162987 size-full\" src=\"https:\/\/graziamagazine.com\/mx\/wp-content\/uploads\/sites\/13\/2025\/12\/generation-gucci-la-coleccion-de-prefall-de-gucci-11-e1765174726964.jpg\" alt=\"Generation Gucci - PreFall Collection\" width=\"886\" height=\"1118\" \/><\/figure>\n<p>Los abrigos texturizados tienen la ligereza y facilidad de un peignoir, confeccionados con tiras y piezas de shearling con seda, pelo de cabra y plumas, enlazadas en patrones intrincados sobre bases y forros transparentes.<\/p>\n<figure id=\"attachment_162986\" class=\"wp-caption alignnone\" style=\"width: 888px\" aria-describedby=\"caption-attachment-162986\"><img loading=\"lazy\" decoding=\"async\" class=\"wp-image-162986 size-full\" src=\"https:\/\/graziamagazine.com\/mx\/wp-content\/uploads\/sites\/13\/2025\/12\/generation-gucci-la-coleccion-de-prefall-de-gucci-10-e1765174748205.jpg\" alt=\"Generation Gucci - PreFall Collection\" width=\"888\" height=\"1092\" \/><\/figure>\n<figure id=\"attachment_162985\" class=\"wp-caption alignnone\" style=\"width: 878px\" aria-describedby=\"caption-attachment-162985\"><img loading=\"lazy\" decoding=\"async\" class=\"wp-image-162985 size-full\" src=\"https:\/\/graziamagazine.com\/mx\/wp-content\/uploads\/sites\/13\/2025\/12\/generation-gucci-la-coleccion-de-prefall-de-gucci-9-e1765174789193.jpg\" alt=\"Generation Gucci - PreFall Collection\" width=\"878\" height=\"1094\" \/><\/figure>\n<p>Un guardarropa de fiesta se compone de prendas inspiradas en ropa interior combinadas con blusones de seda, minifaldas drapeadas con tops a juego y vestidos minimalistas en jersey fluido y gasa de seda.<\/p>\n<figure id=\"attachment_162983\" class=\"wp-caption alignnone\" style=\"width: 890px\" aria-describedby=\"caption-attachment-162983\"><img loading=\"lazy\" decoding=\"async\" class=\"wp-image-162983 size-full\" src=\"https:\/\/graziamagazine.com\/mx\/wp-content\/uploads\/sites\/13\/2025\/12\/generation-gucci-la-coleccion-de-prefall-de-gucci-7-e1765174818230.jpg\" alt=\"Generation Gucci - PreFall Collection\" width=\"890\" height=\"1104\" \/><\/figure>\n<figure id=\"attachment_162982\" class=\"wp-caption alignnone\" style=\"width: 879px\" aria-describedby=\"caption-attachment-162982\"><img loading=\"lazy\" decoding=\"async\" class=\"wp-image-162982 size-full\" src=\"https:\/\/graziamagazine.com\/mx\/wp-content\/uploads\/sites\/13\/2025\/12\/generation-gucci-la-coleccion-de-prefall-de-gucci-6-e1765174887396.jpg\" alt=\"Generation Gucci - PreFall Collection\" width=\"879\" height=\"1076\" \/><\/figure>\n<p>Reimaginando los c\u00f3digos de la Casa de los a\u00f1os 70 y 90, las chaquetas tipo racer presentan la franja Web y los cinturones debutan con una interpretaci\u00f3n segmentada de la ic\u00f3nica hebilla Double G, junto con looks completos en cuero y gamuza, y conjuntos de seda con estampado ecuestre inspirados en pa\u00f1uelos de archivo.<\/p>\n<figure id=\"attachment_162979\" class=\"wp-caption alignnone\" style=\"width: 888px\" aria-describedby=\"caption-attachment-162979\"><img loading=\"lazy\" decoding=\"async\" class=\"wp-image-162979 size-full\" src=\"https:\/\/graziamagazine.com\/mx\/wp-content\/uploads\/sites\/13\/2025\/12\/generation-gucci-la-coleccion-de-prefall-de-gucci-3-e1765174918657.jpg\" alt=\"Generation Gucci - PreFall Collection\" width=\"888\" height=\"1108\" \/><\/figure>\n<figure id=\"attachment_162978\" class=\"wp-caption alignnone\" style=\"width: 890px\" aria-describedby=\"caption-attachment-162978\"><img loading=\"lazy\" decoding=\"async\" class=\"wp-image-162978 size-full\" src=\"https:\/\/graziamagazine.com\/mx\/wp-content\/uploads\/sites\/13\/2025\/12\/generation-gucci-la-coleccion-de-prefall-de-gucci-2-e1765174947689.jpg\" alt=\"Generation Gucci - PreFall Collection\" width=\"890\" height=\"1106\" \/><\/figure>\n<p>El calzado se define por l\u00edneas estilizadas: las bailarinas inspiradas en la Valigeria regresan en tallas para hombre, y los mocasines estilizados se elaboran con la ligereza no estructurada de los zapatos de baile.<\/p>\n<figure id=\"attachment_162981\" class=\"wp-caption alignnone\" style=\"width: 888px\" aria-describedby=\"caption-attachment-162981\"><img loading=\"lazy\" decoding=\"async\" class=\"wp-image-162981 size-full\" src=\"https:\/\/graziamagazine.com\/mx\/wp-content\/uploads\/sites\/13\/2025\/12\/generation-gucci-la-coleccion-de-prefall-de-gucci-5-e1765174973451.jpg\" alt=\"Generation Gucci - PreFall Collection\" width=\"888\" height=\"1098\" \/><\/figure>\n<figure id=\"attachment_162980\" class=\"wp-caption alignnone\" style=\"width: 886px\" aria-describedby=\"caption-attachment-162980\"><img loading=\"lazy\" decoding=\"async\" class=\"wp-image-162980 size-full\" src=\"https:\/\/graziamagazine.com\/mx\/wp-content\/uploads\/sites\/13\/2025\/12\/generation-gucci-la-coleccion-de-prefall-de-gucci-4-e1765175000934.jpg\" alt=\"Generation Gucci - PreFall Collection\" width=\"886\" height=\"1106\" \/><\/figure>\n<p>Los stilettos con plantillas acolchadas presentan tacones innovadores sin costuras, y los mocasines cl\u00e1sicos adornados con tachuelas met\u00e1licas sugieren reliquias personalizadas por su nuevo propietario.<\/p>\n<figure id=\"attachment_162992\" class=\"wp-caption alignnone\" style=\"width: 894px\" aria-describedby=\"caption-attachment-162992\"><img loading=\"lazy\" decoding=\"async\" class=\"wp-image-162992 size-full\" src=\"https:\/\/graziamagazine.com\/mx\/wp-content\/uploads\/sites\/13\/2025\/12\/generation-gucci-la-coleccion-de-prefall-de-gucci-16-e1765175029895.jpg\" alt=\"Generation Gucci - PreFall Collection\" width=\"894\" height=\"1104\" \/><\/figure>\n<p>El bolso Lunetta Phone+ en lona monogramada y malla met\u00e1lica guarda todos los esenciales diarios. La Jackie 1961 se reimagina en una forma rectangular compacta o suavizada y ampliada en piel de becerro y cocodrilo, mientras que el bolso Dionysus adopta una nueva forma angular y una silueta atrevida.<\/p>\n<p><em>*Im\u00e1genes: cortes\u00eda<\/em><\/p>\n","protected":false},"author":16349,"featured_media":190205,"template":"","format":"standard","categories":[1],"acf":[],"yoast_head":"<!-- This site is optimized with the Yoast SEO Premium plugin v18.5 (Yoast SEO v20.4) - https:\/\/yoast.com\/wordpress\/plugins\/seo\/ -->\n<title>Generation Gucci, la primera colecci\u00f3n Pre-Fall creada por Demna<\/title>\n<meta name=\"description\" content=\"El nuevo director creativo de la casa italiana apuesta por una investigaci\u00f3n continua sobre los c\u00f3digos visuales y de archivo.\" \/>\n<meta name=\"robots\" content=\"index, follow, max-snippet:-1, max-image-preview:large, max-video-preview:-1\" \/>\n<link rel=\"canonical\" href=\"https:\/\/graziamagazine.com\/es\/articles\/generation-gucci-la-coleccion-pre-fall-creada-por-demna\/\" \/>\n<meta property=\"og:locale\" content=\"es_ES\" \/>\n<meta property=\"og:type\" content=\"article\" \/>\n<meta property=\"og:title\" content=\"Generation Gucci, la primera colecci\u00f3n Pre-Fall creada por Demna\" \/>\n<meta property=\"og:description\" content=\"El nuevo director creativo de la casa italiana apuesta por una investigaci\u00f3n continua sobre los c\u00f3digos visuales y de archivo.\" \/>\n<meta property=\"og:url\" content=\"https:\/\/graziamagazine.com\/es\/articles\/generation-gucci-la-coleccion-pre-fall-creada-por-demna\/\" \/>\n<meta property=\"og:site_name\" content=\"Grazia\" \/>\n<meta property=\"og:image\" content=\"https:\/\/graziamagazine.com\/es\/wp-content\/uploads\/sites\/12\/2025\/12\/generation-gucci-la-coleccion-de-prefall-de-gucci-1.jpg\" \/>\n\t<meta property=\"og:image:width\" content=\"1280\" \/>\n\t<meta property=\"og:image:height\" content=\"720\" \/>\n\t<meta property=\"og:image:type\" content=\"image\/jpeg\" \/>\n<meta name=\"twitter:card\" content=\"summary_large_image\" \/>\n<meta name=\"twitter:label1\" content=\"Est. reading time\" \/>\n\t<meta name=\"twitter:data1\" content=\"5 minutos\" \/>\n<script type=\"application\/ld+json\" class=\"yoast-schema-graph\">{\"@context\":\"https:\/\/schema.org\",\"@graph\":[{\"@type\":\"WebPage\",\"@id\":\"https:\/\/graziamagazine.com\/es\/articles\/generation-gucci-la-coleccion-pre-fall-creada-por-demna\/\",\"url\":\"https:\/\/graziamagazine.com\/es\/articles\/generation-gucci-la-coleccion-pre-fall-creada-por-demna\/\",\"name\":\"Generation Gucci, la primera colecci\u00f3n Pre-Fall creada por Demna\",\"isPartOf\":{\"@id\":\"https:\/\/graziamagazine.com\/es\/#website\"},\"datePublished\":\"2025-12-08T06:52:00+00:00\",\"dateModified\":\"2025-12-08T06:52:00+00:00\",\"description\":\"El nuevo director creativo de la casa italiana apuesta por una investigaci\u00f3n continua sobre los c\u00f3digos visuales y de archivo.\",\"breadcrumb\":{\"@id\":\"https:\/\/graziamagazine.com\/es\/articles\/generation-gucci-la-coleccion-pre-fall-creada-por-demna\/#breadcrumb\"},\"inLanguage\":\"es\",\"potentialAction\":[{\"@type\":\"ReadAction\",\"target\":[\"https:\/\/graziamagazine.com\/es\/articles\/generation-gucci-la-coleccion-pre-fall-creada-por-demna\/\"]}]},{\"@type\":\"BreadcrumbList\",\"@id\":\"https:\/\/graziamagazine.com\/es\/articles\/generation-gucci-la-coleccion-pre-fall-creada-por-demna\/#breadcrumb\",\"itemListElement\":[{\"@type\":\"ListItem\",\"position\":1,\"name\":\"Portada\",\"item\":\"https:\/\/graziamagazine.com\/es\/\"},{\"@type\":\"ListItem\",\"position\":2,\"name\":\"Generation Gucci, la primera colecci\u00f3n Pre-Fall creada por Demna\"}]},{\"@type\":\"WebSite\",\"@id\":\"https:\/\/graziamagazine.com\/es\/#website\",\"url\":\"https:\/\/graziamagazine.com\/es\/\",\"name\":\"Grazia\",\"description\":\"Moda, belleza, celebrities, estilo de vida...\",\"potentialAction\":[{\"@type\":\"SearchAction\",\"target\":{\"@type\":\"EntryPoint\",\"urlTemplate\":\"https:\/\/graziamagazine.com\/es\/?s={search_term_string}\"},\"query-input\":\"required name=search_term_string\"}],\"inLanguage\":\"es\"}]}<\/script>\n<!-- \/ Yoast SEO Premium plugin. -->","yoast_head_json":{"title":"Generation Gucci, la primera colecci\u00f3n Pre-Fall creada por Demna","description":"El nuevo director creativo de la casa italiana apuesta por una investigaci\u00f3n continua sobre los c\u00f3digos visuales y de archivo.","robots":{"index":"index","follow":"follow","max-snippet":"max-snippet:-1","max-image-preview":"max-image-preview:large","max-video-preview":"max-video-preview:-1"},"canonical":"https:\/\/graziamagazine.com\/es\/articles\/generation-gucci-la-coleccion-pre-fall-creada-por-demna\/","og_locale":"es_ES","og_type":"article","og_title":"Generation Gucci, la primera colecci\u00f3n Pre-Fall creada por Demna","og_description":"El nuevo director creativo de la casa italiana apuesta por una investigaci\u00f3n continua sobre los c\u00f3digos visuales y de archivo.","og_url":"https:\/\/graziamagazine.com\/es\/articles\/generation-gucci-la-coleccion-pre-fall-creada-por-demna\/","og_site_name":"Grazia","og_image":[{"width":1280,"height":720,"url":"https:\/\/graziamagazine.com\/es\/wp-content\/uploads\/sites\/12\/2025\/12\/generation-gucci-la-coleccion-de-prefall-de-gucci-1.jpg","type":"image\/jpeg"}],"twitter_card":"summary_large_image","twitter_misc":{"Est. reading time":"5 minutos"},"schema":{"@context":"https:\/\/schema.org","@graph":[{"@type":"WebPage","@id":"https:\/\/graziamagazine.com\/es\/articles\/generation-gucci-la-coleccion-pre-fall-creada-por-demna\/","url":"https:\/\/graziamagazine.com\/es\/articles\/generation-gucci-la-coleccion-pre-fall-creada-por-demna\/","name":"Generation Gucci, la primera colecci\u00f3n Pre-Fall creada por Demna","isPartOf":{"@id":"https:\/\/graziamagazine.com\/es\/#website"},"datePublished":"2025-12-08T06:52:00+00:00","dateModified":"2025-12-08T06:52:00+00:00","description":"El nuevo director creativo de la casa italiana apuesta por una investigaci\u00f3n continua sobre los c\u00f3digos visuales y de archivo.","breadcrumb":{"@id":"https:\/\/graziamagazine.com\/es\/articles\/generation-gucci-la-coleccion-pre-fall-creada-por-demna\/#breadcrumb"},"inLanguage":"es","potentialAction":[{"@type":"ReadAction","target":["https:\/\/graziamagazine.com\/es\/articles\/generation-gucci-la-coleccion-pre-fall-creada-por-demna\/"]}]},{"@type":"BreadcrumbList","@id":"https:\/\/graziamagazine.com\/es\/articles\/generation-gucci-la-coleccion-pre-fall-creada-por-demna\/#breadcrumb","itemListElement":[{"@type":"ListItem","position":1,"name":"Portada","item":"https:\/\/graziamagazine.com\/es\/"},{"@type":"ListItem","position":2,"name":"Generation Gucci, la primera colecci\u00f3n Pre-Fall creada por Demna"}]},{"@type":"WebSite","@id":"https:\/\/graziamagazine.com\/es\/#website","url":"https:\/\/graziamagazine.com\/es\/","name":"Grazia","description":"Moda, belleza, celebrities, estilo de vida...","potentialAction":[{"@type":"SearchAction","target":{"@type":"EntryPoint","urlTemplate":"https:\/\/graziamagazine.com\/es\/?s={search_term_string}"},"query-input":"required name=search_term_string"}],"inLanguage":"es"}]}},"jetpack_sharing_enabled":true,"distributor_meta":false,"distributor_terms":false,"distributor_media":false,"distributor_original_site_name":"Grazia","distributor_original_site_url":"https:\/\/graziamagazine.com\/es","push-errors":false,"_links":{"self":[{"href":"https:\/\/graziamagazine.com\/es\/wp-json\/wp\/v2\/articles\/190204"}],"collection":[{"href":"https:\/\/graziamagazine.com\/es\/wp-json\/wp\/v2\/articles"}],"about":[{"href":"https:\/\/graziamagazine.com\/es\/wp-json\/wp\/v2\/types\/articles"}],"author":[{"embeddable":true,"href":"https:\/\/graziamagazine.com\/es\/wp-json\/wp\/v2\/users\/16349"}],"wp:featuredmedia":[{"embeddable":true,"href":"https:\/\/graziamagazine.com\/es\/wp-json\/wp\/v2\/media\/190205"}],"wp:attachment":[{"href":"https:\/\/graziamagazine.com\/es\/wp-json\/wp\/v2\/media?parent=190204"}],"wp:term":[{"taxonomy":"category","embeddable":true,"href":"https:\/\/graziamagazine.com\/es\/wp-json\/wp\/v2\/categories?post=190204"}],"curies":[{"name":"wp","href":"https:\/\/api.w.org\/{rel}","templated":true}]}}