{"id":189972,"date":"2025-11-27T13:00:24","date_gmt":"2025-11-27T12:00:24","guid":{"rendered":"https:\/\/graziamagazine.com\/es\/?post_type=articles&#038;p=189972"},"modified":"2025-12-01T10:50:09","modified_gmt":"2025-12-01T09:50:09","slug":"calendarios-de-adviento-beauty-2025","status":"publish","type":"articles","link":"https:\/\/graziamagazine.com\/es\/articles\/calendarios-de-adviento-beauty-2025\/","title":{"rendered":"Calendarios de Adviento &#8216;beauty&#8217; 2025"},"content":{"rendered":"<p>Cuando la Navidad se asoma, las casas se llenan de luces, turrones\u2026 y los calendarios de adviento se transforman en el detalle beauty por excelencia. Este a\u00f1o 2025, las firmas de cosm\u00e9tica y maquillaje se han volcado con propuestas para todos los gustos: desde ediciones de lujo con perfumes y skincare premium, hasta opciones asequibles con productos vers\u00e1tiles para regalar o regalarte. Aqu\u00ed tienes la gu\u00eda definitiva para elegir el que mejor encaje contigo.<\/p>\n<h3>El mejor (auto)regalo<\/h3>\n<ul>\n<li>Convierte diciembre en un ritual diario: cada d\u00eda una sorpresa, una mini dosis de mimo personal.<\/li>\n<li>Permite descubrir productos nuevos sin comprometer el presupuesto: minis, esenciales, best-sellers en peque\u00f1o formato.<\/li>\n<li>Es ideal para viajes, escapadas, pruebas cosm\u00e9ticas o simplemente para darte un capricho con el cron\u00f3metro de la Navidad.<\/li>\n<\/ul>\n<h3>Consejos para aprovechar tu calendario<\/h3>\n<ul>\n<li><strong>No empieces antes del d\u00eda 1 de diciembre<\/strong>: parte de la gracia es la cuenta atr\u00e1s.<\/li>\n<li><strong>\u00dasalo como pretexto para mejorar tu rutina beauty<\/strong>: prueba un nuevo s\u00e9rum, ritmo de limpieza, mascarilla semanal\u2026 tus ventanas de adviento pueden ser rituales de bienestar.<\/li>\n<li><strong>Reserva los calendarios m\u00e1s caros para regalo (navide\u00f1o, amigo invisible, autoregalo deluxe).<\/strong> Los m\u00e1s asequibles funcionan muy bien para aficionados al makeup o estudiantes.<\/li>\n<li><strong>Guarda los productos favoritos<\/strong>: minis de perfume o cremas viajeras siempre sirven, tambi\u00e9n en escapadas o gym.<\/li>\n<li><strong>Si regalas, a\u00f1ade un detalle personal<\/strong>: una nota, una vela o un lazo bonito \u2014 eso convierte un calendario en un regalo memorable.<\/li>\n<\/ul>\n<h3>11 calendarios de adviento para tu Navidad<\/h3>\n<p><strong>Dior: el rey de los calendarios<\/strong><\/p>\n<p class=\"pdp-description__main-description js-pdp-description-main-description\">Para las fiestas de fin de a\u00f1o, La Maison Dior presenta un calendario de Adviento Dior lleno de magia inspirado en la fachada de la hist\u00f3rica boutique del 30 avenue Montaigne, decorada para la ocasi\u00f3n con deslumbrantes adornos. Una vez abierto el cofre, la magia del Circo de los Sue\u00f1os se desvela en una decoraci\u00f3n llena de encanto dise\u00f1ada por el artista Pietro Ruffo: un mosaico de personajes inspirados en el universo colorido y festivo del circo, tan querido por Christian Dior, se despliega bajo su radiante estrella de la suerte. Contiene 24 miniaturas Dior entre las que se encuentran refinados perfumes, sofisticados productos de maquillaje, tratamientos y una vela perfumada.<\/p>\n<p><img loading=\"lazy\" decoding=\"async\" class=\"aligncenter size-full wp-image-189983\" src=\"https:\/\/graziamagazine.com\/es\/wp-content\/uploads\/sites\/12\/2025\/11\/Y1000052_E000000682_E01_RHC-copia-e1764534008897.jpg\" alt=\"\" width=\"1270\" height=\"905\" srcset=\"https:\/\/graziamagazine.com\/es\/wp-content\/uploads\/sites\/12\/2025\/11\/Y1000052_E000000682_E01_RHC-copia-e1764534008897.jpg 1270w, https:\/\/graziamagazine.com\/es\/wp-content\/uploads\/sites\/12\/2025\/11\/Y1000052_E000000682_E01_RHC-copia-e1764534008897-300x214.jpg 300w, https:\/\/graziamagazine.com\/es\/wp-content\/uploads\/sites\/12\/2025\/11\/Y1000052_E000000682_E01_RHC-copia-e1764534008897-1024x730.jpg 1024w, https:\/\/graziamagazine.com\/es\/wp-content\/uploads\/sites\/12\/2025\/11\/Y1000052_E000000682_E01_RHC-copia-e1764534008897-768x547.jpg 768w, https:\/\/graziamagazine.com\/es\/wp-content\/uploads\/sites\/12\/2025\/11\/Y1000052_E000000682_E01_RHC-copia-e1764534008897-400x285.jpg 400w, https:\/\/graziamagazine.com\/es\/wp-content\/uploads\/sites\/12\/2025\/11\/Y1000052_E000000682_E01_RHC-copia-e1764534008897-155x110.jpg 155w\" sizes=\"(max-width: 1270px) 100vw, 1270px\" \/><\/p>\n<p><a href=\"https:\/\/www.dior.com\/es_es\/beauty\/products\/calendario-de-adviento-dior-le-30-montaigne-Y1000052.html\" target=\"_blank\">Su precio es de 650 euros<\/a><\/p>\n<p><strong>Rituals: una corona llena de secretos<\/strong><\/p>\n<p>Con su original forma octogonal, esta corona navide\u00f1a guarda 24 sorpresas que ir <span class=\"mark214v8vxs2\" data-markjs=\"true\" data-ogac=\"\" data-ogab=\"\" data-ogsc=\"\" data-ogsb=\"\">de<\/span>scubriendo durante el\u00a0<span class=\"marksixf8n5bl\" data-markjs=\"true\" data-ogac=\"\" data-ogab=\"\" data-ogsc=\"\" data-ogsb=\"\">Adviento<\/span>\u00a0y poder colgar all\u00e1 d\u00f3nde queramos para\u00a0<span class=\"mark214v8vxs2\" data-markjs=\"true\" data-ogac=\"\" data-ogab=\"\" data-ogsc=\"\" data-ogsb=\"\">de<\/span>corar el hogar y a\u00f1adir un toque especial y sorprendente. 24 sorpresas que incluyen productos para el cuidado\u00a0<span class=\"mark214v8vxs2\" data-markjs=\"true\" data-ogac=\"\" data-ogab=\"\" data-ogsc=\"\" data-ogsb=\"\">de<\/span>\u00a0la piel, el cuerpo y el hogar,\u00a0<span class=\"mark214v8vxs2\" data-markjs=\"true\" data-ogac=\"\" data-ogab=\"\" data-ogsc=\"\" data-ogsb=\"\">de<\/span>\u00a0las colecciones m\u00e1s ic\u00f3nicas y ediciones limitadas\u00a0<span class=\"mark214v8vxs2\" data-markjs=\"true\" data-ogac=\"\" data-ogab=\"\" data-ogsc=\"\" data-ogsb=\"\">de<\/span>\u00a0<span class=\"markk4ybxzygb\" data-markjs=\"true\" data-ogac=\"\" data-ogab=\"\" data-ogsc=\"\" data-ogsb=\"\">Rituals<\/span>\u00a0y cuatro mini velas para cada domingo\u00a0<span class=\"mark214v8vxs2\" data-markjs=\"true\" data-ogac=\"\" data-ogab=\"\" data-ogsc=\"\" data-ogsb=\"\">de<\/span>\u00a0<span class=\"marksixf8n5bl\" data-markjs=\"true\" data-ogac=\"\" data-ogab=\"\" data-ogsc=\"\" data-ogsb=\"\">Adviento<\/span>.<\/p>\n<p><img loading=\"lazy\" decoding=\"async\" class=\"aligncenter size-full wp-image-189980\" src=\"https:\/\/graziamagazine.com\/es\/wp-content\/uploads\/sites\/12\/2025\/11\/1120450-rituals-wreath-advent-calendar-2025-pack-closed_1-copia-scaled-e1764533386890.jpeg\" alt=\"\" width=\"2410\" height=\"1565\" srcset=\"https:\/\/graziamagazine.com\/es\/wp-content\/uploads\/sites\/12\/2025\/11\/1120450-rituals-wreath-advent-calendar-2025-pack-closed_1-copia-scaled-e1764533386890.jpeg 2410w, https:\/\/graziamagazine.com\/es\/wp-content\/uploads\/sites\/12\/2025\/11\/1120450-rituals-wreath-advent-calendar-2025-pack-closed_1-copia-scaled-e1764533386890-300x195.jpeg 300w, https:\/\/graziamagazine.com\/es\/wp-content\/uploads\/sites\/12\/2025\/11\/1120450-rituals-wreath-advent-calendar-2025-pack-closed_1-copia-scaled-e1764533386890-1024x665.jpeg 1024w, https:\/\/graziamagazine.com\/es\/wp-content\/uploads\/sites\/12\/2025\/11\/1120450-rituals-wreath-advent-calendar-2025-pack-closed_1-copia-scaled-e1764533386890-768x499.jpeg 768w, https:\/\/graziamagazine.com\/es\/wp-content\/uploads\/sites\/12\/2025\/11\/1120450-rituals-wreath-advent-calendar-2025-pack-closed_1-copia-scaled-e1764533386890-1536x997.jpeg 1536w, https:\/\/graziamagazine.com\/es\/wp-content\/uploads\/sites\/12\/2025\/11\/1120450-rituals-wreath-advent-calendar-2025-pack-closed_1-copia-scaled-e1764533386890-2048x1330.jpeg 2048w, https:\/\/graziamagazine.com\/es\/wp-content\/uploads\/sites\/12\/2025\/11\/1120450-rituals-wreath-advent-calendar-2025-pack-closed_1-copia-scaled-e1764533386890-400x260.jpeg 400w, https:\/\/graziamagazine.com\/es\/wp-content\/uploads\/sites\/12\/2025\/11\/1120450-rituals-wreath-advent-calendar-2025-pack-closed_1-copia-scaled-e1764533386890-155x101.jpeg 155w\" sizes=\"(max-width: 2410px) 100vw, 2410px\" \/><\/p>\n<p>Su precio recomendado es de 89,90 euros.<\/p>\n<p><strong>Los favoritos de Sephora<\/strong><\/p>\n<p>Sum\u00e9rgete en la magia de la Navidad con este calendario que incluye 24 sorpresas, 14 de ellas en formato est\u00e1ndar, que re\u00fane tratamientos, maquillaje, productos para el cabello, un perfume ic\u00f3nico y un accesorio para el cabello pensado para las fiestas.<\/p>\n<p><img loading=\"lazy\" decoding=\"async\" class=\"aligncenter size-full wp-image-189985\" src=\"https:\/\/graziamagazine.com\/es\/wp-content\/uploads\/sites\/12\/2025\/11\/377532-media_swatch-copia-e1764534272289.jpg\" alt=\"\" width=\"572\" height=\"409\" srcset=\"https:\/\/graziamagazine.com\/es\/wp-content\/uploads\/sites\/12\/2025\/11\/377532-media_swatch-copia-e1764534272289.jpg 572w, https:\/\/graziamagazine.com\/es\/wp-content\/uploads\/sites\/12\/2025\/11\/377532-media_swatch-copia-e1764534272289-300x215.jpg 300w, https:\/\/graziamagazine.com\/es\/wp-content\/uploads\/sites\/12\/2025\/11\/377532-media_swatch-copia-e1764534272289-400x286.jpg 400w, https:\/\/graziamagazine.com\/es\/wp-content\/uploads\/sites\/12\/2025\/11\/377532-media_swatch-copia-e1764534272289-155x111.jpg 155w\" sizes=\"(max-width: 572px) 100vw, 572px\" \/><\/p>\n<p><a href=\"https:\/\/www.sephora.es\/p\/calendario-de-adviento-24-productos-de-maquillaje-cuidado-capilar-y-perfume-781768.html#product-info\" target=\"_blank\">Su precio es de 159 euros.<\/a><\/p>\n<p><strong>L\u2019Occitane: inspirado en una gran mas\u00eda de Haute-Provence<\/strong><\/p>\n<p>Calendario de Adviento de belleza te invita a un viaje m\u00e1gico e inolvidable. Detr\u00e1s de cada peque\u00f1a puerta se esconde una de nuestras creaciones emblem\u00e1ticas: tratamientos para rostro, cuerpo y cabello, cremas de manos, perfumes y aceites con aromas de ensue\u00f1o.<\/p>\n<p><img loading=\"lazy\" decoding=\"async\" class=\"aligncenter wp-image-189981 size-full\" src=\"https:\/\/graziamagazine.com\/es\/wp-content\/uploads\/sites\/12\/2025\/11\/calendario_0-e1764533550618.png\" alt=\"\" width=\"845\" height=\"894\" srcset=\"https:\/\/graziamagazine.com\/es\/wp-content\/uploads\/sites\/12\/2025\/11\/calendario_0-e1764533550618.png 845w, https:\/\/graziamagazine.com\/es\/wp-content\/uploads\/sites\/12\/2025\/11\/calendario_0-e1764533550618-284x300.png 284w, https:\/\/graziamagazine.com\/es\/wp-content\/uploads\/sites\/12\/2025\/11\/calendario_0-e1764533550618-768x813.png 768w, https:\/\/graziamagazine.com\/es\/wp-content\/uploads\/sites\/12\/2025\/11\/calendario_0-e1764533550618-400x423.png 400w, https:\/\/graziamagazine.com\/es\/wp-content\/uploads\/sites\/12\/2025\/11\/calendario_0-e1764533550618-155x164.png 155w\" sizes=\"(max-width: 845px) 100vw, 845px\" \/><\/p>\n<p>Su precio recomendado es de 169 euros.<\/p>\n<p><strong>3ina: una casa &#8216;sin reglas&#8217;<\/strong><\/p>\n<p>Esto no es un beauty calendar cualquiera \u2013 The No-Rules House no tiene n\u00fameros, ni orden, y reglas desde luego que tampoco. Simplemente 24 cajones llenos de minis ic\u00f3nicos, ediciones limitadas, y accesorios exclusivos. Abre el que<br \/>\nquieras, cuando quieras. Es tu casa. Son tus reglas. Y eso es solo el comienzo\u2026<\/p>\n<p><img loading=\"lazy\" decoding=\"async\" class=\"aligncenter size-full wp-image-189978\" src=\"https:\/\/graziamagazine.com\/es\/wp-content\/uploads\/sites\/12\/2025\/11\/thumbnail_image001.jpg\" alt=\"\" width=\"526\" height=\"288\" srcset=\"https:\/\/graziamagazine.com\/es\/wp-content\/uploads\/sites\/12\/2025\/11\/thumbnail_image001.jpg 526w, https:\/\/graziamagazine.com\/es\/wp-content\/uploads\/sites\/12\/2025\/11\/thumbnail_image001-300x164.jpg 300w, https:\/\/graziamagazine.com\/es\/wp-content\/uploads\/sites\/12\/2025\/11\/thumbnail_image001-400x219.jpg 400w, https:\/\/graziamagazine.com\/es\/wp-content\/uploads\/sites\/12\/2025\/11\/thumbnail_image001-155x85.jpg 155w\" sizes=\"(max-width: 526px) 100vw, 526px\" \/><\/p>\n<p>Su precio recomendado es de 119,95 euros.<\/p>\n<p><strong>Clarins: la magia de regalar glow\u00a0<\/strong><\/p>\n<p>Con sus 24 sorpresas, descubrir\u00e1s los tratamientos y el maquillaje ic\u00f3nicos de Clarins para llenar de belleza la Navidad. Cada d\u00eda un nuevo esencial para crear tus 5 rituales de belleza Clarins: tratamientos faciales, tratamientos corporales y productos de maquillaje seleccionados con pasi\u00f3n. Diciembre se convertir\u00e1 en la ocasi\u00f3n perfecta para mimarte como nunca.<\/p>\n<p><img loading=\"lazy\" decoding=\"async\" class=\"size-full wp-image-189974\" src=\"https:\/\/graziamagazine.com\/es\/wp-content\/uploads\/sites\/12\/2025\/11\/Calendario-Adviento-2025-01.jpg\" alt=\"\" width=\"2362\" height=\"1625\" srcset=\"https:\/\/graziamagazine.com\/es\/wp-content\/uploads\/sites\/12\/2025\/11\/Calendario-Adviento-2025-01.jpg 2362w, https:\/\/graziamagazine.com\/es\/wp-content\/uploads\/sites\/12\/2025\/11\/Calendario-Adviento-2025-01-300x206.jpg 300w, https:\/\/graziamagazine.com\/es\/wp-content\/uploads\/sites\/12\/2025\/11\/Calendario-Adviento-2025-01-1024x704.jpg 1024w, https:\/\/graziamagazine.com\/es\/wp-content\/uploads\/sites\/12\/2025\/11\/Calendario-Adviento-2025-01-768x528.jpg 768w, https:\/\/graziamagazine.com\/es\/wp-content\/uploads\/sites\/12\/2025\/11\/Calendario-Adviento-2025-01-1536x1057.jpg 1536w, https:\/\/graziamagazine.com\/es\/wp-content\/uploads\/sites\/12\/2025\/11\/Calendario-Adviento-2025-01-2048x1409.jpg 2048w, https:\/\/graziamagazine.com\/es\/wp-content\/uploads\/sites\/12\/2025\/11\/Calendario-Adviento-2025-01-400x275.jpg 400w, https:\/\/graziamagazine.com\/es\/wp-content\/uploads\/sites\/12\/2025\/11\/Calendario-Adviento-2025-01-155x107.jpg 155w\" sizes=\"(max-width: 2362px) 100vw, 2362px\" \/><\/p>\n<p><strong>Benefit: en fomato &#8216;glam cube&#8217;<\/strong><\/p>\n<p>El calendario de adviento navide\u00f1o Glam Cube es tu puzzle de belleza para resolver esta temporada. Cada casilla revela una sorpresa en tama\u00f1o full-size, mini o fun-size, dise\u00f1ada para elevar tu rutina y mantenerte radiante durante toda la \u00e9poca navide\u00f1a: desde los ic\u00f3nicos imprescindibles en tama\u00f1o completo hasta los mini favoritos de las fans de la marca.<\/p>\n<p><img loading=\"lazy\" decoding=\"async\" class=\"size-full wp-image-189986\" src=\"https:\/\/graziamagazine.com\/es\/wp-content\/uploads\/sites\/12\/2025\/11\/381716-media_swatch-2-e1764534500900.jpg\" alt=\"\" width=\"1472\" height=\"1072\" srcset=\"https:\/\/graziamagazine.com\/es\/wp-content\/uploads\/sites\/12\/2025\/11\/381716-media_swatch-2-e1764534500900.jpg 1472w, https:\/\/graziamagazine.com\/es\/wp-content\/uploads\/sites\/12\/2025\/11\/381716-media_swatch-2-e1764534500900-300x218.jpg 300w, https:\/\/graziamagazine.com\/es\/wp-content\/uploads\/sites\/12\/2025\/11\/381716-media_swatch-2-e1764534500900-1024x746.jpg 1024w, https:\/\/graziamagazine.com\/es\/wp-content\/uploads\/sites\/12\/2025\/11\/381716-media_swatch-2-e1764534500900-768x559.jpg 768w, https:\/\/graziamagazine.com\/es\/wp-content\/uploads\/sites\/12\/2025\/11\/381716-media_swatch-2-e1764534500900-400x291.jpg 400w, https:\/\/graziamagazine.com\/es\/wp-content\/uploads\/sites\/12\/2025\/11\/381716-media_swatch-2-e1764534500900-155x113.jpg 155w\" sizes=\"(max-width: 1472px) 100vw, 1472px\" \/><\/p>\n<p><a href=\"https:\/\/www.sephora.es\/p\/glam-cube-%E2%80%93-calendario-de-adviento-de-belleza-de-24-dias-780929.html#\" target=\"_blank\">Su precio es de 164 euros en Sephora<\/a><\/p>\n<p><strong>Guerlain: el cuento de las maravillas<\/strong><\/p>\n<p>Guerlain ha dado carta blanca a M\u00e9lissandre Vidal para reinventar el ic\u00f3nico Calendario de Adviento de la Maison en una forma exclusiva de cuento. Tras la cubierta de color rojo intenso, surge una majestuosa escena elaborada en papel. Una edici\u00f3n limitada de 25 sorpresas: fragancias, maquillaje y cuidado de la piel.<\/p>\n<p><img loading=\"lazy\" decoding=\"async\" class=\"aligncenter size-full wp-image-189973\" src=\"https:\/\/graziamagazine.com\/es\/wp-content\/uploads\/sites\/12\/2025\/11\/XMAS_25_-_CALENDRIER_DE_L_AVENT_-2-copia-scaled.jpg\" alt=\"\" width=\"2560\" height=\"1681\" srcset=\"https:\/\/graziamagazine.com\/es\/wp-content\/uploads\/sites\/12\/2025\/11\/XMAS_25_-_CALENDRIER_DE_L_AVENT_-2-copia-scaled.jpg 2560w, https:\/\/graziamagazine.com\/es\/wp-content\/uploads\/sites\/12\/2025\/11\/XMAS_25_-_CALENDRIER_DE_L_AVENT_-2-copia-300x197.jpg 300w, https:\/\/graziamagazine.com\/es\/wp-content\/uploads\/sites\/12\/2025\/11\/XMAS_25_-_CALENDRIER_DE_L_AVENT_-2-copia-1024x673.jpg 1024w, https:\/\/graziamagazine.com\/es\/wp-content\/uploads\/sites\/12\/2025\/11\/XMAS_25_-_CALENDRIER_DE_L_AVENT_-2-copia-768x504.jpg 768w, https:\/\/graziamagazine.com\/es\/wp-content\/uploads\/sites\/12\/2025\/11\/XMAS_25_-_CALENDRIER_DE_L_AVENT_-2-copia-1536x1009.jpg 1536w, https:\/\/graziamagazine.com\/es\/wp-content\/uploads\/sites\/12\/2025\/11\/XMAS_25_-_CALENDRIER_DE_L_AVENT_-2-copia-2048x1345.jpg 2048w, https:\/\/graziamagazine.com\/es\/wp-content\/uploads\/sites\/12\/2025\/11\/XMAS_25_-_CALENDRIER_DE_L_AVENT_-2-copia-400x263.jpg 400w, https:\/\/graziamagazine.com\/es\/wp-content\/uploads\/sites\/12\/2025\/11\/XMAS_25_-_CALENDRIER_DE_L_AVENT_-2-copia-155x102.jpg 155w\" sizes=\"(max-width: 2560px) 100vw, 2560px\" \/><\/p>\n<p>Su precio recomendado es de 620 euros.<\/p>\n<p><strong>Alma Secret:<\/strong><\/p>\n<p>La marca espa\u00f1ola sorprende de nuevo con una exquisita selecci\u00f3n de sus productos m\u00e1s virales junto con las \u00faltimas novedades que est\u00e1n revolucionando las rutinas de belleza. Durante 12 d\u00edas m\u00e1gicos, podr\u00e1s descubrir tesoros que elevar\u00e1n tu ritual de cuidado y te acompa\u00f1ar\u00e1n en los d\u00edas m\u00e1s especiales del a\u00f1o.<\/p>\n<p><img loading=\"lazy\" decoding=\"async\" class=\"aligncenter size-full wp-image-189982\" src=\"https:\/\/graziamagazine.com\/es\/wp-content\/uploads\/sites\/12\/2025\/11\/alma-secret-mini-calendario-adviento-silueta-e1764533827519.png\" alt=\"\" width=\"3742\" height=\"1819\" srcset=\"https:\/\/graziamagazine.com\/es\/wp-content\/uploads\/sites\/12\/2025\/11\/alma-secret-mini-calendario-adviento-silueta-e1764533827519.png 3742w, https:\/\/graziamagazine.com\/es\/wp-content\/uploads\/sites\/12\/2025\/11\/alma-secret-mini-calendario-adviento-silueta-e1764533827519-300x146.png 300w, https:\/\/graziamagazine.com\/es\/wp-content\/uploads\/sites\/12\/2025\/11\/alma-secret-mini-calendario-adviento-silueta-e1764533827519-1024x498.png 1024w, https:\/\/graziamagazine.com\/es\/wp-content\/uploads\/sites\/12\/2025\/11\/alma-secret-mini-calendario-adviento-silueta-e1764533827519-768x373.png 768w, https:\/\/graziamagazine.com\/es\/wp-content\/uploads\/sites\/12\/2025\/11\/alma-secret-mini-calendario-adviento-silueta-e1764533827519-1536x747.png 1536w, https:\/\/graziamagazine.com\/es\/wp-content\/uploads\/sites\/12\/2025\/11\/alma-secret-mini-calendario-adviento-silueta-e1764533827519-2048x996.png 2048w, https:\/\/graziamagazine.com\/es\/wp-content\/uploads\/sites\/12\/2025\/11\/alma-secret-mini-calendario-adviento-silueta-e1764533827519-400x194.png 400w, https:\/\/graziamagazine.com\/es\/wp-content\/uploads\/sites\/12\/2025\/11\/alma-secret-mini-calendario-adviento-silueta-e1764533827519-155x75.png 155w\" sizes=\"(max-width: 3742px) 100vw, 3742px\" \/><\/p>\n<p>Su precio es de 57,28 euros.<\/p>\n<p><strong>Essence Little X-mas Wonder: para\u00a0looks festivos radiantes.\u00a0<\/strong><\/p>\n<p>Esta codiciada caja no es solo un <span class=\"mark3wym13l4d\" data-markjs=\"true\" data-ogac=\"\" data-ogab=\"\" data-ogsc=\"\" data-ogsb=\"\">calendario<\/span>, sino un\u00a0aut\u00e9ntico tesoro\u00a0<span class=\"markmx38o70rs\" data-markjs=\"true\" data-ogac=\"\" data-ogab=\"\" data-ogsc=\"\" data-ogsb=\"\">de<\/span>\u00a0maquillaje\u00a0<span class=\"markmx38o70rs\" data-markjs=\"true\" data-ogac=\"\" data-ogab=\"\" data-ogsc=\"\" data-ogsb=\"\">de<\/span>\u00a0edici\u00f3n limitada\u00a0dise\u00f1ado para crear los\u00a0<em>looks festivos<\/em> m\u00e1s espectaculares.\u00a0<span class=\"markmx38o70rs\" data-markjs=\"true\" data-ogac=\"\" data-ogab=\"\" data-ogsc=\"\" data-ogsb=\"\">De<\/span>tr\u00e1s\u00a0<span class=\"markmx38o70rs\" data-markjs=\"true\" data-ogac=\"\" data-ogab=\"\" data-ogsc=\"\" data-ogsb=\"\">de<\/span>\u00a0sus 24 puertas se esconden\u00a0productos exclusivos\u00a0que no encontrar\u00e1s en la colecci\u00f3n habitual. Es el cofre perfecto para\u00a0<em>aficionadas al maquillaje<\/em>\u00a0y para quienes\u00a0<span class=\"markmx38o70rs\" data-markjs=\"true\" data-ogac=\"\" data-ogab=\"\" data-ogsc=\"\" data-ogsb=\"\">de<\/span>sean probar lo mejor\u00a0<span class=\"markmx38o70rs\" data-markjs=\"true\" data-ogac=\"\" data-ogab=\"\" data-ogsc=\"\" data-ogsb=\"\">de<\/span>\u00a0Essence Cosmetics\u00a0con un toque\u00a0<span class=\"markmx38o70rs\" data-markjs=\"true\" data-ogac=\"\" data-ogab=\"\" data-ogsc=\"\" data-ogsb=\"\">de<\/span>\u00a0brillo navide\u00f1o.<\/p>\n<p><img loading=\"lazy\" decoding=\"async\" class=\"aligncenter size-full wp-image-189987\" src=\"https:\/\/graziamagazine.com\/es\/wp-content\/uploads\/sites\/12\/2025\/11\/81CgRuGIOFL._AC_SL1500_.jpg\" alt=\"\" width=\"1500\" height=\"1060\" srcset=\"https:\/\/graziamagazine.com\/es\/wp-content\/uploads\/sites\/12\/2025\/11\/81CgRuGIOFL._AC_SL1500_.jpg 1500w, https:\/\/graziamagazine.com\/es\/wp-content\/uploads\/sites\/12\/2025\/11\/81CgRuGIOFL._AC_SL1500_-300x212.jpg 300w, https:\/\/graziamagazine.com\/es\/wp-content\/uploads\/sites\/12\/2025\/11\/81CgRuGIOFL._AC_SL1500_-1024x724.jpg 1024w, https:\/\/graziamagazine.com\/es\/wp-content\/uploads\/sites\/12\/2025\/11\/81CgRuGIOFL._AC_SL1500_-768x543.jpg 768w, https:\/\/graziamagazine.com\/es\/wp-content\/uploads\/sites\/12\/2025\/11\/81CgRuGIOFL._AC_SL1500_-400x283.jpg 400w, https:\/\/graziamagazine.com\/es\/wp-content\/uploads\/sites\/12\/2025\/11\/81CgRuGIOFL._AC_SL1500_-155x110.jpg 155w\" sizes=\"(max-width: 1500px) 100vw, 1500px\" \/><\/p>\n<p><a href=\"https:\/\/www.druni.es\/calendario-adviento-essense-2025?utm_source=google&amp;utm_medium=cpc&amp;utm_campaign=ES_SHOP_Shopping%20%E2%96%BA%20Brand&amp;utm_id=15236718925&amp;gad_source=1&amp;gad_campaignid=15236718925&amp;gbraid=0AAAAADjpqkZoi4kiMPZikuGrnfAHuKOLB&amp;gclid=CjwKCAiA86_JBhAIEiwA4i9JuxXuVJzG-NL8pop2_7yWhsBTGyyvf8KuA7UG7l3KpYlsmj5bU9SQVBoCPG4QAvD_BwE\" target=\"_blank\">Su precio es de 34,99 euros en Druni<\/a><\/p>\n<p><strong>KIKO Milano: en formato joyero<\/strong><\/p>\n<p>Una joya que forma parte de la nueva colecci\u00f3n Snow-Kissed Holiday, una l\u00ednea de productos de belleza festivos inspirados en la elegancia alpina italiana. El calendario de adviento Snow Kissed Holiday de KI KO Milano est\u00e1 decorado como una escena de monta\u00f1a y contiene 24 productos para la piel, el rostro, los ojos, los labios, las u\u00f1as, fragancias y accesorios, para que cada d\u00eda de diciembre sea una delicia.<\/p>\n<p><img loading=\"lazy\" decoding=\"async\" class=\"aligncenter size-full wp-image-189988\" src=\"https:\/\/graziamagazine.com\/es\/wp-content\/uploads\/sites\/12\/2025\/11\/Coll_SnowKissedHoliday_Calendar_Landing_Header_Mobile-copia.jpg\" alt=\"\" width=\"900\" height=\"1600\" srcset=\"https:\/\/graziamagazine.com\/es\/wp-content\/uploads\/sites\/12\/2025\/11\/Coll_SnowKissedHoliday_Calendar_Landing_Header_Mobile-copia.jpg 900w, https:\/\/graziamagazine.com\/es\/wp-content\/uploads\/sites\/12\/2025\/11\/Coll_SnowKissedHoliday_Calendar_Landing_Header_Mobile-copia-169x300.jpg 169w, https:\/\/graziamagazine.com\/es\/wp-content\/uploads\/sites\/12\/2025\/11\/Coll_SnowKissedHoliday_Calendar_Landing_Header_Mobile-copia-576x1024.jpg 576w, https:\/\/graziamagazine.com\/es\/wp-content\/uploads\/sites\/12\/2025\/11\/Coll_SnowKissedHoliday_Calendar_Landing_Header_Mobile-copia-768x1365.jpg 768w, https:\/\/graziamagazine.com\/es\/wp-content\/uploads\/sites\/12\/2025\/11\/Coll_SnowKissedHoliday_Calendar_Landing_Header_Mobile-copia-864x1536.jpg 864w, https:\/\/graziamagazine.com\/es\/wp-content\/uploads\/sites\/12\/2025\/11\/Coll_SnowKissedHoliday_Calendar_Landing_Header_Mobile-copia-400x711.jpg 400w, https:\/\/graziamagazine.com\/es\/wp-content\/uploads\/sites\/12\/2025\/11\/Coll_SnowKissedHoliday_Calendar_Landing_Header_Mobile-copia-121x215.jpg 121w\" sizes=\"(max-width: 900px) 100vw, 900px\" \/><\/p>\n<p><a href=\"https:\/\/www.kikocosmetics.com\/es-es\/p\/48978\/?utm_medium=cpc&amp;utm_source=google&amp;utm_campaign=ES_PMAX_KIKO_AllProducts&amp;gclsrc=aw.ds&amp;gad_source=1&amp;gad_campaignid=18270010020&amp;gbraid=0AAAAADxlaRFgROJXAga4KHMSWIg0ytoTQ&amp;gclid=CjwKCAiA86_JBhAIEiwA4i9Ju2e3kKt9lLtRRtg0QupY_rwfemYKePlJ5XZtaxYSkK8yxOioFqXNNBoCBGQQAvD_BwE\" target=\"_blank\">Su precio es de 149 euros.\u00a0<\/a><\/p>\n<h3>3 calendarios diferentes<\/h3>\n<p>No todo va a ser belleza, el calendario de adviento expande su universo cada Navidad y te proponemos tres ideas que puedes disfrutar acompa\u00f1adas o independientes.<\/p>\n<p><strong>Volupsa: para iluminar tus d\u00edas<\/strong><\/p>\n<p><span class=\"markvbeq8qbcj\" data-markjs=\"true\" data-ogac=\"\" data-ogab=\"\" data-ogsc=\"\" data-ogsb=\"\" data-olk-copy-source=\"MessageBody\">VOLUSPA<\/span>, la firma\u00a0<span class=\"mark6t2l3kvc7\" data-markjs=\"true\" data-ogac=\"\" data-ogab=\"\" data-ogsc=\"\" data-ogsb=\"\">de<\/span>\u00a0aromas para el hogar que ha conquistado a las celebrities\u00a0<span class=\"mark6t2l3kvc7\" data-markjs=\"true\" data-ogac=\"\" data-ogab=\"\" data-ogsc=\"\" data-ogsb=\"\">de<\/span>\u00a0Hollywood, llega esta Navidad con un\u00a0<span class=\"markqyjvswbmt\" data-markjs=\"true\" data-ogac=\"\" data-ogab=\"\" data-ogsc=\"\" data-ogsb=\"\">calendario<\/span>\u00a0<span class=\"mark6t2l3kvc7\" data-markjs=\"true\" data-ogac=\"\" data-ogab=\"\" data-ogsc=\"\" data-ogsb=\"\">de<\/span>\u00a0<span class=\"markjt5n1kmuk\" data-markjs=\"true\" data-ogac=\"\" data-ogab=\"\" data-ogsc=\"\" data-ogsb=\"\">Adviento<\/span>\u00a0espectacular\u00a0<span class=\"mark6t2l3kvc7\" data-markjs=\"true\" data-ogac=\"\" data-ogab=\"\" data-ogsc=\"\" data-ogsb=\"\">de<\/span>\u00a012 d\u00edas compuesto por 12 velas pertenecientes a las colecciones Japonica y Holiday con sus aromas m\u00e1s vendidos, para que durante la cuenta atr\u00e1s a la Navidad se ilumine con los aromas m\u00e1s\u00a0<span class=\"mark6t2l3kvc7\" data-markjs=\"true\" data-ogac=\"\" data-ogab=\"\" data-ogsc=\"\" data-ogsb=\"\">de<\/span>seados\u00a0<span class=\"mark6t2l3kvc7\" data-markjs=\"true\" data-ogac=\"\" data-ogab=\"\" data-ogsc=\"\" data-ogsb=\"\">de<\/span>\u00a0la firma:\u00a0Moso bamboo, French cade lavender, Forbidden fig, White cypress, Noble fir garland, Goji tarocco orange, Crushed Candy Cane, Gilt pomander &amp; Hinoki, Santal vainille, Baltic amber, Sparkling cuv\u00e9e y Foraged wildberry.<\/p>\n<p><img loading=\"lazy\" decoding=\"async\" class=\"aligncenter size-full wp-image-189977\" src=\"https:\/\/graziamagazine.com\/es\/wp-content\/uploads\/sites\/12\/2025\/11\/7e0239da-f971-f117-d236-8ac6bfb958a3-e1764532999589.jpg\" alt=\"\" width=\"1970\" height=\"1313\" srcset=\"https:\/\/graziamagazine.com\/es\/wp-content\/uploads\/sites\/12\/2025\/11\/7e0239da-f971-f117-d236-8ac6bfb958a3-e1764532999589.jpg 1970w, https:\/\/graziamagazine.com\/es\/wp-content\/uploads\/sites\/12\/2025\/11\/7e0239da-f971-f117-d236-8ac6bfb958a3-e1764532999589-300x200.jpg 300w, https:\/\/graziamagazine.com\/es\/wp-content\/uploads\/sites\/12\/2025\/11\/7e0239da-f971-f117-d236-8ac6bfb958a3-e1764532999589-1024x682.jpg 1024w, https:\/\/graziamagazine.com\/es\/wp-content\/uploads\/sites\/12\/2025\/11\/7e0239da-f971-f117-d236-8ac6bfb958a3-e1764532999589-768x512.jpg 768w, https:\/\/graziamagazine.com\/es\/wp-content\/uploads\/sites\/12\/2025\/11\/7e0239da-f971-f117-d236-8ac6bfb958a3-e1764532999589-1536x1024.jpg 1536w, https:\/\/graziamagazine.com\/es\/wp-content\/uploads\/sites\/12\/2025\/11\/7e0239da-f971-f117-d236-8ac6bfb958a3-e1764532999589-400x267.jpg 400w, https:\/\/graziamagazine.com\/es\/wp-content\/uploads\/sites\/12\/2025\/11\/7e0239da-f971-f117-d236-8ac6bfb958a3-e1764532999589-155x103.jpg 155w\" sizes=\"(max-width: 1970px) 100vw, 1970px\" \/><\/p>\n<p>Su precio recomendado es de 250 euros.<\/p>\n<p><strong>Tea Shop: para descubrir nuevos sabores<\/strong><\/p>\n<p>Ya que tienes el espacio con el aroma perfecto, es momento de sentarte y tomarte un t\u00e9. El\u00a0<span class=\"mark4ecujw0lj\" data-markjs=\"true\" data-ogac=\"\" data-ogab=\"\" data-ogsc=\"\" data-ogsb=\"\">calendario<\/span>\u00a0<span class=\"markteehlt8j0\" data-markjs=\"true\" data-ogac=\"\" data-ogab=\"\" data-ogsc=\"\" data-ogsb=\"\">de<\/span>\u00a0<span class=\"mark1gunlvrwu\" data-markjs=\"true\" data-ogac=\"\" data-ogab=\"\" data-ogsc=\"\" data-ogsb=\"\">adviento<\/span>\u00a0<span class=\"markteehlt8j0\" data-markjs=\"true\" data-ogac=\"\" data-ogab=\"\" data-ogsc=\"\" data-ogsb=\"\">de<\/span>\u00a0Tea Shop ofrece cada d\u00eda\u00a0<span class=\"markteehlt8j0\" data-markjs=\"true\" data-ogac=\"\" data-ogab=\"\" data-ogsc=\"\" data-ogsb=\"\">de<\/span>\u00a0diciembre una sorpresa para el paladar. Incluye t\u00e9s navide\u00f1os como\u00a0Choco Turr\u00f3n o Cinnamon Roll, cl\u00e1sicos reconfortantes como\u00a0Earl Grey o Matcha, opciones para cuidarse como Super Wellness y Vitamin Pollen, infusiones suaves para la merienda como\u00a0Rooibos Red Velvet o Tropical Chai, y mezclas originales como Salted Caramel, Magic Mango o Indian Secret.<\/p>\n<p><img loading=\"lazy\" decoding=\"async\" class=\"aligncenter size-full wp-image-189975\" src=\"https:\/\/graziamagazine.com\/es\/wp-content\/uploads\/sites\/12\/2025\/11\/4822_638966396863485444.jpeg\" alt=\"\" width=\"672\" height=\"760\" srcset=\"https:\/\/graziamagazine.com\/es\/wp-content\/uploads\/sites\/12\/2025\/11\/4822_638966396863485444.jpeg 672w, https:\/\/graziamagazine.com\/es\/wp-content\/uploads\/sites\/12\/2025\/11\/4822_638966396863485444-265x300.jpeg 265w, https:\/\/graziamagazine.com\/es\/wp-content\/uploads\/sites\/12\/2025\/11\/4822_638966396863485444-400x452.jpeg 400w, https:\/\/graziamagazine.com\/es\/wp-content\/uploads\/sites\/12\/2025\/11\/4822_638966396863485444-155x175.jpeg 155w\" sizes=\"(max-width: 672px) 100vw, 672px\" \/><\/p>\n<p>Ojo, que no es el \u00fanico que ha lanzado Tea Shop, tambi\u00e9n tiene otra opci\u00f3n para los m\u00e1s dulceros:\u00a0Sweet Countdown <span class=\"marklmfysti54\" data-markjs=\"true\" data-ogac=\"\" data-ogab=\"\" data-ogsc=\"\" data-ogsb=\"\">de<\/span> Tea Shop y Lindt. Un <span class=\"markwegrlbpfx\" data-markjs=\"true\" data-ogac=\"\" data-ogab=\"\" data-ogsc=\"\" data-ogsb=\"\">calendario<\/span>\u00a0<span class=\"marklmfysti54\" data-markjs=\"true\" data-ogac=\"\" data-ogab=\"\" data-ogsc=\"\" data-ogsb=\"\">de<\/span>\u00a0<span class=\"markjfeojasad\" data-markjs=\"true\" data-ogac=\"\" data-ogab=\"\" data-ogsc=\"\" data-ogsb=\"\">adviento<\/span> muy especial donde cada ventana tiene una selecci\u00f3n\u00a0<span class=\"marklmfysti54\" data-markjs=\"true\" data-ogac=\"\" data-ogab=\"\" data-ogsc=\"\" data-ogsb=\"\">de<\/span>\u00a0bombones Lindt, pensada para los amantes\u00a0<span class=\"marklmfysti54\" data-markjs=\"true\" data-ogac=\"\" data-ogab=\"\" data-ogsc=\"\" data-ogsb=\"\">de<\/span>l chocolate.<\/p>\n<p><img loading=\"lazy\" decoding=\"async\" class=\"aligncenter wp-image-189976 size-full\" src=\"https:\/\/graziamagazine.com\/es\/wp-content\/uploads\/sites\/12\/2025\/11\/4821_638966396793892483-e1764532777900.jpeg\" alt=\"\" width=\"545\" height=\"712\" srcset=\"https:\/\/graziamagazine.com\/es\/wp-content\/uploads\/sites\/12\/2025\/11\/4821_638966396793892483-e1764532777900.jpeg 545w, https:\/\/graziamagazine.com\/es\/wp-content\/uploads\/sites\/12\/2025\/11\/4821_638966396793892483-e1764532777900-230x300.jpeg 230w, https:\/\/graziamagazine.com\/es\/wp-content\/uploads\/sites\/12\/2025\/11\/4821_638966396793892483-e1764532777900-400x523.jpeg 400w, https:\/\/graziamagazine.com\/es\/wp-content\/uploads\/sites\/12\/2025\/11\/4821_638966396793892483-e1764532777900-155x202.jpeg 155w\" sizes=\"(max-width: 545px) 100vw, 545px\" \/><\/p>\n<p><strong>Libro: para que cada d\u00eda leas un cap\u00edtulo<\/strong><\/p>\n<p>Los libros en forma de calendario de adviento est\u00e1n causando furor este a\u00f1o. Este libro es muy especial, sus 24 cap\u00edtulos vienen sellados, de modo que para poder leerlos deber\u00e1s abrirlos con mucho cuidado para poder saber c\u00f3mo avanza la historia desde el 1 de diciembre hasta el d\u00eda de Nochebuena. Un calendario de Adviento perfecto para regalar (y regalarse) justo antes de Navidad.<\/p>\n<p><img loading=\"lazy\" decoding=\"async\" class=\"aligncenter size-full wp-image-189993\" src=\"https:\/\/graziamagazine.com\/es\/wp-content\/uploads\/sites\/12\/2025\/11\/9788419621863-copia.jpeg\" alt=\"\" width=\"552\" height=\"824\" srcset=\"https:\/\/graziamagazine.com\/es\/wp-content\/uploads\/sites\/12\/2025\/11\/9788419621863-copia.jpeg 552w, https:\/\/graziamagazine.com\/es\/wp-content\/uploads\/sites\/12\/2025\/11\/9788419621863-copia-201x300.jpeg 201w, https:\/\/graziamagazine.com\/es\/wp-content\/uploads\/sites\/12\/2025\/11\/9788419621863-copia-400x597.jpeg 400w, https:\/\/graziamagazine.com\/es\/wp-content\/uploads\/sites\/12\/2025\/11\/9788419621863-copia-144x215.jpeg 144w\" sizes=\"(max-width: 552px) 100vw, 552px\" \/><\/p>\n<p><a href=\"https:\/\/www.casadellibro.com\/libro-un-corazon-por-navidad-ed-especial\/9788419621863\/17158301\" target=\"_blank\">Su precio es de 22,95 euros en La Casa del Libro<\/a><\/p>\n<p>Los calendarios de adviento de belleza no son solo un capricho: son una forma de reconectar con nosotras mismas, de inaugurar diciembre con peque\u00f1os rituales diarios y de convertir la cuenta atr\u00e1s en una celebraci\u00f3n personal, elegante y consciente.<\/p>\n<p>Este a\u00f1o, deja que tu tocador hable de ti: de tu estilo, tu humor, tus ganas de cuidarte. Porque el verdadero lujo no es gastar \u2014es invertir en ti.<\/p>\n<p><em>*Im\u00e1genes: cortes\u00eda<\/em><\/p>\n<hr \/>\n<p>\u00bfQuieres que te prepare tambi\u00e9n una <strong>versi\u00f3n breve para redes<\/strong> con \u201cTop 5 calendarios beauty 2025 para fichar ya\u201d?<\/p>\n","protected":false},"author":11653,"featured_media":189984,"template":"","format":"standard","categories":[7],"acf":[],"yoast_head":"<!-- This site is optimized with the Yoast SEO Premium plugin v18.5 (Yoast SEO v20.4) - https:\/\/yoast.com\/wordpress\/plugins\/seo\/ -->\n<title>Calendarios de Adviento &#039;beauty&#039; 2025<\/title>\n<meta name=\"description\" content=\"Convierte diciembre en un ritual diario: cada d\u00eda una sorpresa, una mini dosis de mimo personal y mucho m\u00e1s.\" \/>\n<meta name=\"robots\" content=\"index, follow, max-snippet:-1, max-image-preview:large, max-video-preview:-1\" \/>\n<link rel=\"canonical\" href=\"https:\/\/graziamagazine.com\/es\/articles\/calendarios-de-adviento-beauty-2025\/\" \/>\n<meta property=\"og:locale\" content=\"es_ES\" \/>\n<meta property=\"og:type\" content=\"article\" \/>\n<meta property=\"og:title\" content=\"Calendarios de Adviento &#039;beauty&#039; 2025\" \/>\n<meta property=\"og:description\" content=\"Convierte diciembre en un ritual diario: cada d\u00eda una sorpresa, una mini dosis de mimo personal y mucho m\u00e1s.\" \/>\n<meta property=\"og:url\" content=\"https:\/\/graziamagazine.com\/es\/articles\/calendarios-de-adviento-beauty-2025\/\" \/>\n<meta property=\"og:site_name\" content=\"Grazia\" \/>\n<meta property=\"article:modified_time\" content=\"2025-12-01T09:50:09+00:00\" \/>\n<meta property=\"og:image\" content=\"https:\/\/graziamagazine.com\/es\/wp-content\/uploads\/sites\/12\/2025\/11\/Y1000052_E000000682_E03_RHC-copia-e1764534035647.jpg\" \/>\n\t<meta property=\"og:image:width\" content=\"1264\" \/>\n\t<meta property=\"og:image:height\" content=\"966\" \/>\n\t<meta property=\"og:image:type\" content=\"image\/jpeg\" \/>\n<meta name=\"twitter:card\" content=\"summary_large_image\" \/>\n<meta name=\"twitter:label1\" content=\"Est. reading time\" \/>\n\t<meta name=\"twitter:data1\" content=\"10 minutos\" \/>\n<script type=\"application\/ld+json\" class=\"yoast-schema-graph\">{\"@context\":\"https:\/\/schema.org\",\"@graph\":[{\"@type\":\"WebPage\",\"@id\":\"https:\/\/graziamagazine.com\/es\/articles\/calendarios-de-adviento-beauty-2025\/\",\"url\":\"https:\/\/graziamagazine.com\/es\/articles\/calendarios-de-adviento-beauty-2025\/\",\"name\":\"Calendarios de Adviento 'beauty' 2025\",\"isPartOf\":{\"@id\":\"https:\/\/graziamagazine.com\/es\/#website\"},\"datePublished\":\"2025-11-27T12:00:24+00:00\",\"dateModified\":\"2025-12-01T09:50:09+00:00\",\"description\":\"Convierte diciembre en un ritual diario: cada d\u00eda una sorpresa, una mini dosis de mimo personal y mucho m\u00e1s.\",\"breadcrumb\":{\"@id\":\"https:\/\/graziamagazine.com\/es\/articles\/calendarios-de-adviento-beauty-2025\/#breadcrumb\"},\"inLanguage\":\"es\",\"potentialAction\":[{\"@type\":\"ReadAction\",\"target\":[\"https:\/\/graziamagazine.com\/es\/articles\/calendarios-de-adviento-beauty-2025\/\"]}]},{\"@type\":\"BreadcrumbList\",\"@id\":\"https:\/\/graziamagazine.com\/es\/articles\/calendarios-de-adviento-beauty-2025\/#breadcrumb\",\"itemListElement\":[{\"@type\":\"ListItem\",\"position\":1,\"name\":\"Portada\",\"item\":\"https:\/\/graziamagazine.com\/es\/\"},{\"@type\":\"ListItem\",\"position\":2,\"name\":\"Calendarios de Adviento &#8216;beauty&#8217; 2025\"}]},{\"@type\":\"WebSite\",\"@id\":\"https:\/\/graziamagazine.com\/es\/#website\",\"url\":\"https:\/\/graziamagazine.com\/es\/\",\"name\":\"Grazia\",\"description\":\"Moda, belleza, celebrities, estilo de vida...\",\"potentialAction\":[{\"@type\":\"SearchAction\",\"target\":{\"@type\":\"EntryPoint\",\"urlTemplate\":\"https:\/\/graziamagazine.com\/es\/?s={search_term_string}\"},\"query-input\":\"required name=search_term_string\"}],\"inLanguage\":\"es\"}]}<\/script>\n<!-- \/ Yoast SEO Premium plugin. -->","yoast_head_json":{"title":"Calendarios de Adviento 'beauty' 2025","description":"Convierte diciembre en un ritual diario: cada d\u00eda una sorpresa, una mini dosis de mimo personal y mucho m\u00e1s.","robots":{"index":"index","follow":"follow","max-snippet":"max-snippet:-1","max-image-preview":"max-image-preview:large","max-video-preview":"max-video-preview:-1"},"canonical":"https:\/\/graziamagazine.com\/es\/articles\/calendarios-de-adviento-beauty-2025\/","og_locale":"es_ES","og_type":"article","og_title":"Calendarios de Adviento 'beauty' 2025","og_description":"Convierte diciembre en un ritual diario: cada d\u00eda una sorpresa, una mini dosis de mimo personal y mucho m\u00e1s.","og_url":"https:\/\/graziamagazine.com\/es\/articles\/calendarios-de-adviento-beauty-2025\/","og_site_name":"Grazia","article_modified_time":"2025-12-01T09:50:09+00:00","og_image":[{"width":1264,"height":966,"url":"https:\/\/graziamagazine.com\/es\/wp-content\/uploads\/sites\/12\/2025\/11\/Y1000052_E000000682_E03_RHC-copia-e1764534035647.jpg","type":"image\/jpeg"}],"twitter_card":"summary_large_image","twitter_misc":{"Est. reading time":"10 minutos"},"schema":{"@context":"https:\/\/schema.org","@graph":[{"@type":"WebPage","@id":"https:\/\/graziamagazine.com\/es\/articles\/calendarios-de-adviento-beauty-2025\/","url":"https:\/\/graziamagazine.com\/es\/articles\/calendarios-de-adviento-beauty-2025\/","name":"Calendarios de Adviento 'beauty' 2025","isPartOf":{"@id":"https:\/\/graziamagazine.com\/es\/#website"},"datePublished":"2025-11-27T12:00:24+00:00","dateModified":"2025-12-01T09:50:09+00:00","description":"Convierte diciembre en un ritual diario: cada d\u00eda una sorpresa, una mini dosis de mimo personal y mucho m\u00e1s.","breadcrumb":{"@id":"https:\/\/graziamagazine.com\/es\/articles\/calendarios-de-adviento-beauty-2025\/#breadcrumb"},"inLanguage":"es","potentialAction":[{"@type":"ReadAction","target":["https:\/\/graziamagazine.com\/es\/articles\/calendarios-de-adviento-beauty-2025\/"]}]},{"@type":"BreadcrumbList","@id":"https:\/\/graziamagazine.com\/es\/articles\/calendarios-de-adviento-beauty-2025\/#breadcrumb","itemListElement":[{"@type":"ListItem","position":1,"name":"Portada","item":"https:\/\/graziamagazine.com\/es\/"},{"@type":"ListItem","position":2,"name":"Calendarios de Adviento &#8216;beauty&#8217; 2025"}]},{"@type":"WebSite","@id":"https:\/\/graziamagazine.com\/es\/#website","url":"https:\/\/graziamagazine.com\/es\/","name":"Grazia","description":"Moda, belleza, celebrities, estilo de vida...","potentialAction":[{"@type":"SearchAction","target":{"@type":"EntryPoint","urlTemplate":"https:\/\/graziamagazine.com\/es\/?s={search_term_string}"},"query-input":"required name=search_term_string"}],"inLanguage":"es"}]}},"jetpack_sharing_enabled":true,"distributor_meta":false,"distributor_terms":false,"distributor_media":false,"distributor_original_site_name":"Grazia","distributor_original_site_url":"https:\/\/graziamagazine.com\/es","push-errors":false,"_links":{"self":[{"href":"https:\/\/graziamagazine.com\/es\/wp-json\/wp\/v2\/articles\/189972"}],"collection":[{"href":"https:\/\/graziamagazine.com\/es\/wp-json\/wp\/v2\/articles"}],"about":[{"href":"https:\/\/graziamagazine.com\/es\/wp-json\/wp\/v2\/types\/articles"}],"author":[{"embeddable":true,"href":"https:\/\/graziamagazine.com\/es\/wp-json\/wp\/v2\/users\/11653"}],"wp:featuredmedia":[{"embeddable":true,"href":"https:\/\/graziamagazine.com\/es\/wp-json\/wp\/v2\/media\/189984"}],"wp:attachment":[{"href":"https:\/\/graziamagazine.com\/es\/wp-json\/wp\/v2\/media?parent=189972"}],"wp:term":[{"taxonomy":"category","embeddable":true,"href":"https:\/\/graziamagazine.com\/es\/wp-json\/wp\/v2\/categories?post=189972"}],"curies":[{"name":"wp","href":"https:\/\/api.w.org\/{rel}","templated":true}]}}