{"id":189760,"date":"2025-11-25T13:16:29","date_gmt":"2025-11-25T12:16:29","guid":{"rendered":"https:\/\/graziamagazine.com\/es\/?post_type=articles&#038;p=189760"},"modified":"2025-11-25T13:16:29","modified_gmt":"2025-11-25T12:16:29","slug":"behind-the-scent-la-coleccion-de-perfumes-de-pullbear-creada-en-grasse","status":"publish","type":"articles","link":"https:\/\/graziamagazine.com\/es\/articles\/behind-the-scent-la-coleccion-de-perfumes-de-pullbear-creada-en-grasse\/","title":{"rendered":"Behind the Scent, la colecci\u00f3n de perfumes de Pull&amp;Bear creada en Grasse"},"content":{"rendered":"<p>Pull&amp;Bear ampl\u00eda su universo con el lanzamiento de Behind the Scent, una nueva colecci\u00f3n de fragancias que traduce su esp\u00edritu urbano, libre y experimental en un lenguaje sensorial.<\/p>\n<p>Una colaboraci\u00f3n excepcional entre\u00a0J\u00e9r\u00f4me Di Marino, Frank Voelkl, Coralie Spicher, Ga\u00ebl Montero, Ane Ayo, Solveig Mulon, Am\u00e9lie Jacquin, Karine Vinchon\u00a0y\u00a0Cl\u00e9ment Gavarry: nombres\u00a0<span class=\"marklaqgn0myp\" data-markjs=\"true\" data-ogac=\"\" data-ogab=\"\" data-ogsc=\"\" data-ogsb=\"\">de<\/span>\u00a0referencia en la perfumer\u00eda internacional que se unen para dar forma a\u00a0fragancias audaces, personales y duraderas.<\/p>\n<p>La colecci\u00f3n abarca todos los\u00a0<span class=\"markj3mzocg4e\" data-markjs=\"true\" data-ogac=\"\" data-ogab=\"\" data-ogsc=\"\" data-ogsb=\"\">universo<\/span>s olfativos:\u00a0<span class=\"marklaqgn0myp\" data-markjs=\"true\" data-ogac=\"\" data-ogab=\"\" data-ogsc=\"\" data-ogsb=\"\">de<\/span>sde\u00a0flores luminosas y notas almizcladas\u00a0hasta\u00a0acordes afrutados y jugosos, la\u00a0frescura limpia\u00a0<span class=\"marklaqgn0myp\" data-markjs=\"true\" data-ogac=\"\" data-ogab=\"\" data-ogsc=\"\" data-ogsb=\"\">de<\/span>l foug\u00e8re cl\u00e1sico\u00a0y la\u00a0profundidad envolvente\u00a0<span class=\"marklaqgn0myp\" data-markjs=\"true\" data-ogac=\"\" data-ogab=\"\" data-ogsc=\"\" data-ogsb=\"\">de<\/span>l \u00e1mbar. Se mezclan\u00a0maderas c\u00e1lidas,\u00a0especias vibrantes\u00a0y toques\u00a0gourmand, junto a\u00a0aromas orientales,\u00a0matices verdes y energ\u00e9ticos\u00a0y\u00a0fondos empolvados y\u00a0<span class=\"mark5brkcf31r\" data-markjs=\"true\" data-ogac=\"\" data-ogab=\"\" data-ogsc=\"\" data-ogsb=\"\">su<\/span>aves.<\/p>\n<p><img loading=\"lazy\" decoding=\"async\" class=\"aligncenter size-full wp-image-189806\" src=\"https:\/\/graziamagazine.com\/es\/wp-content\/uploads\/sites\/12\/2025\/11\/Captura-de-pantalla-2025-10-31-a-las-10.50.16-copia-1.jpg\" alt=\"\" width=\"1920\" height=\"1047\" srcset=\"https:\/\/graziamagazine.com\/es\/wp-content\/uploads\/sites\/12\/2025\/11\/Captura-de-pantalla-2025-10-31-a-las-10.50.16-copia-1.jpg 1920w, https:\/\/graziamagazine.com\/es\/wp-content\/uploads\/sites\/12\/2025\/11\/Captura-de-pantalla-2025-10-31-a-las-10.50.16-copia-1-300x164.jpg 300w, https:\/\/graziamagazine.com\/es\/wp-content\/uploads\/sites\/12\/2025\/11\/Captura-de-pantalla-2025-10-31-a-las-10.50.16-copia-1-1024x558.jpg 1024w, https:\/\/graziamagazine.com\/es\/wp-content\/uploads\/sites\/12\/2025\/11\/Captura-de-pantalla-2025-10-31-a-las-10.50.16-copia-1-768x419.jpg 768w, https:\/\/graziamagazine.com\/es\/wp-content\/uploads\/sites\/12\/2025\/11\/Captura-de-pantalla-2025-10-31-a-las-10.50.16-copia-1-1536x838.jpg 1536w, https:\/\/graziamagazine.com\/es\/wp-content\/uploads\/sites\/12\/2025\/11\/Captura-de-pantalla-2025-10-31-a-las-10.50.16-copia-1-400x218.jpg 400w, https:\/\/graziamagazine.com\/es\/wp-content\/uploads\/sites\/12\/2025\/11\/Captura-de-pantalla-2025-10-31-a-las-10.50.16-copia-1-155x85.jpg 155w\" sizes=\"(max-width: 1920px) 100vw, 1920px\" \/><\/p>\n<blockquote><p>Cada perfume est\u00e1 pensado para\u00a0combinar, compartir o\u00a0<span class=\"markyi2985nh1\" data-markjs=\"true\" data-ogac=\"\" data-ogab=\"\" data-ogsc=\"\" data-ogsb=\"\">con<\/span>vertirlo en una firma propia.<\/p><\/blockquote>\n<p><span class=\"marklaqgn0myp\" data-markjs=\"true\" data-ogac=\"\" data-ogab=\"\" data-ogsc=\"\" data-ogsb=\"\">De<\/span>\u00a0los\u00a0florales m\u00e1s\u00a0<span class=\"mark5brkcf31r\" data-markjs=\"true\" data-ogac=\"\" data-ogab=\"\" data-ogsc=\"\" data-ogsb=\"\">su<\/span>aves a los almizclados m\u00e1s intensos, esta colecci\u00f3n lo tiene todo.\u00a0Explora\u00a0acordes afrutados y jugosos, la\u00a0frescura atemporal\u00a0<span class=\"marklaqgn0myp\" data-markjs=\"true\" data-ogac=\"\" data-ogab=\"\" data-ogsc=\"\" data-ogsb=\"\">de<\/span>l foug\u00e8re cl\u00e1sico\u00a0y la\u00a0calidez envolvente\u00a0<span class=\"marklaqgn0myp\" data-markjs=\"true\" data-ogac=\"\" data-ogab=\"\" data-ogsc=\"\" data-ogsb=\"\">de<\/span>l \u00e1mbar.<\/p>\n<p><span class=\"marklaqgn0myp\" data-markjs=\"true\" data-ogac=\"\" data-ogab=\"\" data-ogsc=\"\" data-ogsb=\"\" data-olk-copy-source=\"MessageBody\">De<\/span>scubre\u00a0<strong>maderas profundas<\/strong>,\u00a0<strong>especias vibrantes<\/strong>\u00a0y\u00a0<strong>toques gourmand<\/strong>, junto a\u00a0<strong>aromas orientales<\/strong>, la\u00a0<strong>energ\u00eda limpia\u00a0<span class=\"marklaqgn0myp\" data-markjs=\"true\" data-ogac=\"\" data-ogab=\"\" data-ogsc=\"\" data-ogsb=\"\">de<\/span>\u00a0las notas verdes<\/strong>\u00a0y un\u00a0<strong>fondo empolvado y\u00a0<span class=\"marklaqgn0myp\" data-markjs=\"true\" data-ogac=\"\" data-ogab=\"\" data-ogsc=\"\" data-ogsb=\"\">de<\/span>licado<\/strong>.<\/p>\n<h3>A state of youth man\/woman<\/h3>\n<p aria-hidden=\"true\"><img loading=\"lazy\" decoding=\"async\" class=\"aligncenter size-full wp-image-189805\" src=\"https:\/\/graziamagazine.com\/es\/wp-content\/uploads\/sites\/12\/2025\/11\/Captura-de-pantalla-2025-10-31-a-las-10.50.46-copia-1.jpg\" alt=\"\" width=\"1202\" height=\"1268\" srcset=\"https:\/\/graziamagazine.com\/es\/wp-content\/uploads\/sites\/12\/2025\/11\/Captura-de-pantalla-2025-10-31-a-las-10.50.46-copia-1.jpg 1202w, https:\/\/graziamagazine.com\/es\/wp-content\/uploads\/sites\/12\/2025\/11\/Captura-de-pantalla-2025-10-31-a-las-10.50.46-copia-1-284x300.jpg 284w, https:\/\/graziamagazine.com\/es\/wp-content\/uploads\/sites\/12\/2025\/11\/Captura-de-pantalla-2025-10-31-a-las-10.50.46-copia-1-971x1024.jpg 971w, https:\/\/graziamagazine.com\/es\/wp-content\/uploads\/sites\/12\/2025\/11\/Captura-de-pantalla-2025-10-31-a-las-10.50.46-copia-1-768x810.jpg 768w, https:\/\/graziamagazine.com\/es\/wp-content\/uploads\/sites\/12\/2025\/11\/Captura-de-pantalla-2025-10-31-a-las-10.50.46-copia-1-400x422.jpg 400w, https:\/\/graziamagazine.com\/es\/wp-content\/uploads\/sites\/12\/2025\/11\/Captura-de-pantalla-2025-10-31-a-las-10.50.46-copia-1-155x164.jpg 155w\" sizes=\"(max-width: 1202px) 100vw, 1202px\" \/><\/p>\n<p><strong>01 \/ VANILLA COMEBACK \u2013 por J\u00e9r\u00f4me Di Marino<\/strong><strong><br \/>\n<\/strong>Una fragancia c\u00e1lida, compleja y con un toque ex\u00f3tico. Una experiencia divertida y envolvente.<\/p>\n<p><strong>02 \/ GOSSIP FRUIT \u2013 por Frank Voelkl<\/strong><strong><br \/>\n<\/strong>Seductora, atrevida e inolvidable. P\u00f3ntela y hazla tuya.<\/p>\n<p><strong>03 \/ UNDATED \u2013 por Coralie Spicher<\/strong><strong><br \/>\n<\/strong>M\u00e1s que un perfume: una atracci\u00f3n magn\u00e9tica imposible de ignorar.<\/p>\n<p><strong>04 \/ FREAKING MARVELLOUS \u2013 por Ga\u00ebl Montero<\/strong><strong><br \/>\n<\/strong>Fuerza sin esfuerzo, comodidad sin renunciar al estilo.<\/p>\n<h3>STWD-Woman<\/h3>\n<p><img loading=\"lazy\" decoding=\"async\" class=\"aligncenter size-full wp-image-189809\" src=\"https:\/\/graziamagazine.com\/es\/wp-content\/uploads\/sites\/12\/2025\/11\/Captura-de-pantalla-2025-10-31-a-las-10.51.30-copia.jpg\" alt=\"\" width=\"1202\" height=\"1266\" srcset=\"https:\/\/graziamagazine.com\/es\/wp-content\/uploads\/sites\/12\/2025\/11\/Captura-de-pantalla-2025-10-31-a-las-10.51.30-copia.jpg 1202w, https:\/\/graziamagazine.com\/es\/wp-content\/uploads\/sites\/12\/2025\/11\/Captura-de-pantalla-2025-10-31-a-las-10.51.30-copia-285x300.jpg 285w, https:\/\/graziamagazine.com\/es\/wp-content\/uploads\/sites\/12\/2025\/11\/Captura-de-pantalla-2025-10-31-a-las-10.51.30-copia-972x1024.jpg 972w, https:\/\/graziamagazine.com\/es\/wp-content\/uploads\/sites\/12\/2025\/11\/Captura-de-pantalla-2025-10-31-a-las-10.51.30-copia-768x809.jpg 768w, https:\/\/graziamagazine.com\/es\/wp-content\/uploads\/sites\/12\/2025\/11\/Captura-de-pantalla-2025-10-31-a-las-10.51.30-copia-400x421.jpg 400w, https:\/\/graziamagazine.com\/es\/wp-content\/uploads\/sites\/12\/2025\/11\/Captura-de-pantalla-2025-10-31-a-las-10.51.30-copia-155x163.jpg 155w\" sizes=\"(max-width: 1202px) 100vw, 1202px\" \/><\/p>\n<p><strong>01 \/ CHILLED BANANA \u2013 por Ga\u00ebl Montero<\/strong><strong><br \/>\n<\/strong>Una pulverizaci\u00f3n y, de pronto, est\u00e1s bajo el sol de un para\u00edso tropical.<\/p>\n<p><strong>02 \/ FLIRTY FLOWER \u2013 por Ane Ayo<\/strong><strong><br \/>\n<\/strong>Si la sensualidad pudiera transformarse en perfume, ser\u00eda este.<\/p>\n<p><strong>03 \/ VANILLA PAYS OFF \u2013 por Ga\u00ebl Montero<\/strong><strong><br \/>\n<\/strong>Un aroma que suaviza el d\u00eda: como un abrazo de batido de fresa y jazm\u00edn.<\/p>\n<h3>STWD-Man<\/h3>\n<p><img loading=\"lazy\" decoding=\"async\" class=\"aligncenter size-full wp-image-189810\" src=\"https:\/\/graziamagazine.com\/es\/wp-content\/uploads\/sites\/12\/2025\/11\/Captura-de-pantalla-2025-10-31-a-las-10.53.11_1-copia.jpg\" alt=\"\" width=\"1190\" height=\"1267\" srcset=\"https:\/\/graziamagazine.com\/es\/wp-content\/uploads\/sites\/12\/2025\/11\/Captura-de-pantalla-2025-10-31-a-las-10.53.11_1-copia.jpg 1190w, https:\/\/graziamagazine.com\/es\/wp-content\/uploads\/sites\/12\/2025\/11\/Captura-de-pantalla-2025-10-31-a-las-10.53.11_1-copia-282x300.jpg 282w, https:\/\/graziamagazine.com\/es\/wp-content\/uploads\/sites\/12\/2025\/11\/Captura-de-pantalla-2025-10-31-a-las-10.53.11_1-copia-962x1024.jpg 962w, https:\/\/graziamagazine.com\/es\/wp-content\/uploads\/sites\/12\/2025\/11\/Captura-de-pantalla-2025-10-31-a-las-10.53.11_1-copia-768x818.jpg 768w, https:\/\/graziamagazine.com\/es\/wp-content\/uploads\/sites\/12\/2025\/11\/Captura-de-pantalla-2025-10-31-a-las-10.53.11_1-copia-400x426.jpg 400w, https:\/\/graziamagazine.com\/es\/wp-content\/uploads\/sites\/12\/2025\/11\/Captura-de-pantalla-2025-10-31-a-las-10.53.11_1-copia-155x165.jpg 155w\" sizes=\"(max-width: 1190px) 100vw, 1190px\" \/><\/p>\n<p><strong>01 \/ GRAFFIK WOOD \u2013 por Solveig Mulon<\/strong><strong><br \/>\n<\/strong>Elegante y sofisticado. Deja que tu esencia hable por ti.<\/p>\n<p><strong>02 \/ AMBER TRIP \u2013 por Karine Vinchon<\/strong><strong><br \/>\n<\/strong>Un perfume para quien mantiene la calma incluso en el centro de todo.<\/p>\n<p><strong>03 \/ SILENT REVOLUTION \u2013 por Am\u00e9lie Jacquin<br \/>\n<\/strong>Sales a la calle con actitud. La mandarina verde y el cardamomo marcan la entrada; la lavanda y la haba tonka mantienen el equilibrio con frescura y estilo.<\/p>\n<p><span data-olk-copy-source=\"MessageBody\">Con\u00a0<strong><span class=\"markg8w91o9dt\" data-markjs=\"true\" data-ogac=\"\" data-ogab=\"\" data-ogsc=\"\" data-ogsb=\"\">Behind<\/span>\u00a0<span class=\"markmad9pwklu\" data-markjs=\"true\" data-ogac=\"\" data-ogab=\"\" data-ogsc=\"\" data-ogsb=\"\">the<\/span>\u00a0<span class=\"markfufrwbmy7\" data-markjs=\"true\" data-ogac=\"\" data-ogab=\"\" data-ogsc=\"\" data-ogsb=\"\">Scent<\/span><\/strong>, Pull&amp;Bear refuerza su compromiso con la\u00a0<strong>creatividad, la innovaci\u00f3n y la autenticidad<\/strong>, abriendo una nueva etapa en su universo de marca: una manera distinta de entender el perfume como herramienta de expresi\u00f3n personal.<\/span><\/p>\n<p><em>*Im\u00e1genes: cortes\u00eda<\/em><\/p>\n<p aria-hidden=\"true\">\n<p>La colecci\u00f3n estar\u00e1 disponible en\u00a0<strong>tiendas seleccionadas<\/strong>\u00a0y en\u00a0<strong>pullandbear.com<\/strong>\u00a0a partir de\u00a0<strong>noviembre de 2025<\/strong>.<\/p>\n","protected":false},"author":11653,"featured_media":189804,"template":"","format":"standard","categories":[7,11738],"acf":[],"yoast_head":"<!-- This site is optimized with the Yoast SEO Premium plugin v18.5 (Yoast SEO v20.4) - https:\/\/yoast.com\/wordpress\/plugins\/seo\/ -->\n<title>Behind the Scent, la colecci\u00f3n de perfumes creada en Grasse<\/title>\n<meta name=\"description\" content=\"Nueve perfumistas, diez eau de parfums, donde cada perfume est\u00e1 pensado para\u00a0combinar, compartir o\u00a0convertirlo en una firma propia.\" \/>\n<meta name=\"robots\" content=\"index, follow, max-snippet:-1, max-image-preview:large, max-video-preview:-1\" \/>\n<link rel=\"canonical\" href=\"https:\/\/graziamagazine.com\/es\/articles\/behind-the-scent-la-coleccion-de-perfumes-de-pullbear-creada-en-grasse\/\" \/>\n<meta property=\"og:locale\" content=\"es_ES\" \/>\n<meta property=\"og:type\" content=\"article\" \/>\n<meta property=\"og:title\" content=\"Behind the Scent, la colecci\u00f3n de perfumes de Pull&amp;Bear creada en Grasse\" \/>\n<meta property=\"og:description\" content=\"Nueve perfumistas, diez eau de parfums, donde cada perfume est\u00e1 pensado para\u00a0combinar, compartir o\u00a0convertirlo en una firma propia.\" \/>\n<meta property=\"og:url\" content=\"https:\/\/graziamagazine.com\/es\/articles\/behind-the-scent-la-coleccion-de-perfumes-de-pullbear-creada-en-grasse\/\" \/>\n<meta property=\"og:site_name\" content=\"Grazia\" \/>\n<meta property=\"og:image\" content=\"https:\/\/graziamagazine.com\/es\/wp-content\/uploads\/sites\/12\/2025\/11\/Copia-de-L_2_PULL_ALINA_1836-1-copia-1-scaled.jpeg\" \/>\n\t<meta property=\"og:image:width\" content=\"2560\" \/>\n\t<meta property=\"og:image:height\" content=\"1440\" \/>\n\t<meta property=\"og:image:type\" content=\"image\/jpeg\" \/>\n<meta name=\"twitter:card\" content=\"summary_large_image\" \/>\n<meta name=\"twitter:label1\" content=\"Est. reading time\" \/>\n\t<meta name=\"twitter:data1\" content=\"3 minutos\" \/>\n<script type=\"application\/ld+json\" class=\"yoast-schema-graph\">{\"@context\":\"https:\/\/schema.org\",\"@graph\":[{\"@type\":\"WebPage\",\"@id\":\"https:\/\/graziamagazine.com\/es\/articles\/behind-the-scent-la-coleccion-de-perfumes-de-pullbear-creada-en-grasse\/\",\"url\":\"https:\/\/graziamagazine.com\/es\/articles\/behind-the-scent-la-coleccion-de-perfumes-de-pullbear-creada-en-grasse\/\",\"name\":\"Behind the Scent, la colecci\u00f3n de perfumes creada en Grasse\",\"isPartOf\":{\"@id\":\"https:\/\/graziamagazine.com\/es\/#website\"},\"datePublished\":\"2025-11-25T12:16:29+00:00\",\"dateModified\":\"2025-11-25T12:16:29+00:00\",\"description\":\"Nueve perfumistas, diez eau de parfums, donde cada perfume est\u00e1 pensado para\u00a0combinar, compartir o\u00a0convertirlo en una firma propia.\",\"breadcrumb\":{\"@id\":\"https:\/\/graziamagazine.com\/es\/articles\/behind-the-scent-la-coleccion-de-perfumes-de-pullbear-creada-en-grasse\/#breadcrumb\"},\"inLanguage\":\"es\",\"potentialAction\":[{\"@type\":\"ReadAction\",\"target\":[\"https:\/\/graziamagazine.com\/es\/articles\/behind-the-scent-la-coleccion-de-perfumes-de-pullbear-creada-en-grasse\/\"]}]},{\"@type\":\"BreadcrumbList\",\"@id\":\"https:\/\/graziamagazine.com\/es\/articles\/behind-the-scent-la-coleccion-de-perfumes-de-pullbear-creada-en-grasse\/#breadcrumb\",\"itemListElement\":[{\"@type\":\"ListItem\",\"position\":1,\"name\":\"Portada\",\"item\":\"https:\/\/graziamagazine.com\/es\/\"},{\"@type\":\"ListItem\",\"position\":2,\"name\":\"Behind the Scent, la colecci\u00f3n de perfumes de Pull&amp;Bear creada en Grasse\"}]},{\"@type\":\"WebSite\",\"@id\":\"https:\/\/graziamagazine.com\/es\/#website\",\"url\":\"https:\/\/graziamagazine.com\/es\/\",\"name\":\"Grazia\",\"description\":\"Moda, belleza, celebrities, estilo de vida...\",\"potentialAction\":[{\"@type\":\"SearchAction\",\"target\":{\"@type\":\"EntryPoint\",\"urlTemplate\":\"https:\/\/graziamagazine.com\/es\/?s={search_term_string}\"},\"query-input\":\"required name=search_term_string\"}],\"inLanguage\":\"es\"}]}<\/script>\n<!-- \/ Yoast SEO Premium plugin. -->","yoast_head_json":{"title":"Behind the Scent, la colecci\u00f3n de perfumes creada en Grasse","description":"Nueve perfumistas, diez eau de parfums, donde cada perfume est\u00e1 pensado para\u00a0combinar, compartir o\u00a0convertirlo en una firma propia.","robots":{"index":"index","follow":"follow","max-snippet":"max-snippet:-1","max-image-preview":"max-image-preview:large","max-video-preview":"max-video-preview:-1"},"canonical":"https:\/\/graziamagazine.com\/es\/articles\/behind-the-scent-la-coleccion-de-perfumes-de-pullbear-creada-en-grasse\/","og_locale":"es_ES","og_type":"article","og_title":"Behind the Scent, la colecci\u00f3n de perfumes de Pull&amp;Bear creada en Grasse","og_description":"Nueve perfumistas, diez eau de parfums, donde cada perfume est\u00e1 pensado para\u00a0combinar, compartir o\u00a0convertirlo en una firma propia.","og_url":"https:\/\/graziamagazine.com\/es\/articles\/behind-the-scent-la-coleccion-de-perfumes-de-pullbear-creada-en-grasse\/","og_site_name":"Grazia","og_image":[{"width":2560,"height":1440,"url":"https:\/\/graziamagazine.com\/es\/wp-content\/uploads\/sites\/12\/2025\/11\/Copia-de-L_2_PULL_ALINA_1836-1-copia-1-scaled.jpeg","type":"image\/jpeg"}],"twitter_card":"summary_large_image","twitter_misc":{"Est. reading time":"3 minutos"},"schema":{"@context":"https:\/\/schema.org","@graph":[{"@type":"WebPage","@id":"https:\/\/graziamagazine.com\/es\/articles\/behind-the-scent-la-coleccion-de-perfumes-de-pullbear-creada-en-grasse\/","url":"https:\/\/graziamagazine.com\/es\/articles\/behind-the-scent-la-coleccion-de-perfumes-de-pullbear-creada-en-grasse\/","name":"Behind the Scent, la colecci\u00f3n de perfumes creada en Grasse","isPartOf":{"@id":"https:\/\/graziamagazine.com\/es\/#website"},"datePublished":"2025-11-25T12:16:29+00:00","dateModified":"2025-11-25T12:16:29+00:00","description":"Nueve perfumistas, diez eau de parfums, donde cada perfume est\u00e1 pensado para\u00a0combinar, compartir o\u00a0convertirlo en una firma propia.","breadcrumb":{"@id":"https:\/\/graziamagazine.com\/es\/articles\/behind-the-scent-la-coleccion-de-perfumes-de-pullbear-creada-en-grasse\/#breadcrumb"},"inLanguage":"es","potentialAction":[{"@type":"ReadAction","target":["https:\/\/graziamagazine.com\/es\/articles\/behind-the-scent-la-coleccion-de-perfumes-de-pullbear-creada-en-grasse\/"]}]},{"@type":"BreadcrumbList","@id":"https:\/\/graziamagazine.com\/es\/articles\/behind-the-scent-la-coleccion-de-perfumes-de-pullbear-creada-en-grasse\/#breadcrumb","itemListElement":[{"@type":"ListItem","position":1,"name":"Portada","item":"https:\/\/graziamagazine.com\/es\/"},{"@type":"ListItem","position":2,"name":"Behind the Scent, la colecci\u00f3n de perfumes de Pull&amp;Bear creada en Grasse"}]},{"@type":"WebSite","@id":"https:\/\/graziamagazine.com\/es\/#website","url":"https:\/\/graziamagazine.com\/es\/","name":"Grazia","description":"Moda, belleza, celebrities, estilo de vida...","potentialAction":[{"@type":"SearchAction","target":{"@type":"EntryPoint","urlTemplate":"https:\/\/graziamagazine.com\/es\/?s={search_term_string}"},"query-input":"required name=search_term_string"}],"inLanguage":"es"}]}},"jetpack_sharing_enabled":true,"distributor_meta":false,"distributor_terms":false,"distributor_media":false,"distributor_original_site_name":"Grazia","distributor_original_site_url":"https:\/\/graziamagazine.com\/es","push-errors":false,"_links":{"self":[{"href":"https:\/\/graziamagazine.com\/es\/wp-json\/wp\/v2\/articles\/189760"}],"collection":[{"href":"https:\/\/graziamagazine.com\/es\/wp-json\/wp\/v2\/articles"}],"about":[{"href":"https:\/\/graziamagazine.com\/es\/wp-json\/wp\/v2\/types\/articles"}],"author":[{"embeddable":true,"href":"https:\/\/graziamagazine.com\/es\/wp-json\/wp\/v2\/users\/11653"}],"wp:featuredmedia":[{"embeddable":true,"href":"https:\/\/graziamagazine.com\/es\/wp-json\/wp\/v2\/media\/189804"}],"wp:attachment":[{"href":"https:\/\/graziamagazine.com\/es\/wp-json\/wp\/v2\/media?parent=189760"}],"wp:term":[{"taxonomy":"category","embeddable":true,"href":"https:\/\/graziamagazine.com\/es\/wp-json\/wp\/v2\/categories?post=189760"}],"curies":[{"name":"wp","href":"https:\/\/api.w.org\/{rel}","templated":true}]}}