{"id":189741,"date":"2025-11-21T08:00:43","date_gmt":"2025-11-21T07:00:43","guid":{"rendered":"https:\/\/graziamagazine.com\/es\/?post_type=articles&#038;p=189741"},"modified":"2025-11-21T01:10:06","modified_gmt":"2025-11-21T00:10:06","slug":"mbfwmadrid-presenta-su-estrategia-para-la-edicion-aw26-27","status":"publish","type":"articles","link":"https:\/\/graziamagazine.com\/es\/articles\/mbfwmadrid-presenta-su-estrategia-para-la-edicion-aw26-27\/","title":{"rendered":"MBFWMadrid presenta su estrategia para la edici\u00f3n AW26\/27"},"content":{"rendered":"<p>Mercedes-Benz Fashion Week Madrid, la gran pasarela de moda espa\u00f1ola organizada por\u00a0IFEMA MADRID\u00a0con el\u00a0apoyo del Ayuntamiento de Madrid, incorpora a\u00a0NARS\u00a0como\u00a0nuevo patrocinador principal. Una colaboraci\u00f3n estrat\u00e9gica que inaugura una nueva etapa con el\u00a0objetivo de elevar e impulsar la creatividad\u00a0y\u00a0posicionamiento del maquillaje\u00a0profesional en la gran plataforma del dise\u00f1o espa\u00f1ol.<\/p>\n<p>MBFWMadrid\u00a0ha celebrado un\u00a0encuentro clave con dise\u00f1adores y representantes del mundo\u00a0de la\u00a0moda\u00a0en el que se han dado a conocer las\u00a0l\u00edneas estrat\u00e9gicas\u00a0y las\u00a0principales\u00a0novedades\u00a0de la\u00a0pr\u00f3xima edici\u00f3n Autumn\/Winter 26\/27, que se\u00a0celebrar\u00e1 del 18 al 21 de marzo de 2026. El acto, celebrado en\u00a0Forbes House, ha contado con m\u00e1s de 70 profesionales, tanto de manera presencial como digital, demostrando el\u00a0inter\u00e9s creciente\u00a0por la\u00a0evoluci\u00f3n de la gran plataforma de la moda espa\u00f1ola. El acto cont\u00f3 con la apertura de\u00a0Arancha Priede,\u00a0Directora General\u00a0de Negocio Ferial y Congresos de\u00a0IFEMA MADRID, as\u00ed como con la presentaci\u00f3n por parte del\u00a0director de MBFWMadrid, Asier Labarga\u00a0y la\u00a0directora creativa,\u00a0Valentina Su\u00e1rez-Zuloaga, y fue clausurado por\u00a0Olga Ruiz Castillo,\u00a0Directora General de Comercio y Hosteler\u00eda\u00a0del\u00a0Ayuntamiento de Madrid.<\/p>\n<p>La pasarela, que organiza\u00a0IFEMA MADRID\u00a0con el\u00a0apoyo del Ayuntamiento de Madrid,\u00a0afronta esta etapa en la que busca\u00a0reforzar su impacto\u00a0y\u00a0adaptarse a las din\u00e1micas\u00a0actuales del\u00a0sector. El\u00a0objetivo\u00a0es\u00a0avanzar de manera firme\u00a0para situarse como una de las grandes\u00a0plataformas internacionales\u00a0y consolidarse como uno de los\u00a0epicentros creativos\u00a0m\u00e1s influyentes de\u00a0Europa.<\/p>\n<p><img loading=\"lazy\" decoding=\"async\" class=\"aligncenter size-full wp-image-189742\" src=\"https:\/\/graziamagazine.com\/es\/wp-content\/uploads\/sites\/12\/2025\/11\/a_ACO9772.jpg\" alt=\"\" width=\"1260\" height=\"850\" srcset=\"https:\/\/graziamagazine.com\/es\/wp-content\/uploads\/sites\/12\/2025\/11\/a_ACO9772.jpg 1260w, https:\/\/graziamagazine.com\/es\/wp-content\/uploads\/sites\/12\/2025\/11\/a_ACO9772-300x202.jpg 300w, https:\/\/graziamagazine.com\/es\/wp-content\/uploads\/sites\/12\/2025\/11\/a_ACO9772-1024x691.jpg 1024w, https:\/\/graziamagazine.com\/es\/wp-content\/uploads\/sites\/12\/2025\/11\/a_ACO9772-768x518.jpg 768w, https:\/\/graziamagazine.com\/es\/wp-content\/uploads\/sites\/12\/2025\/11\/a_ACO9772-400x270.jpg 400w, https:\/\/graziamagazine.com\/es\/wp-content\/uploads\/sites\/12\/2025\/11\/a_ACO9772-155x105.jpg 155w\" sizes=\"(max-width: 1260px) 100vw, 1260px\" \/><\/p>\n<p>Dentro de esta\u00a0estrategia,\u00a0MBFWMadrid\u00a0presenta un\u00a0cronograma diferenciado, con m\u00e1s\u00a0presencia en la ciudad, nuevas\u00a0modalidades de participaci\u00f3n\u00a0y una mayor\u00a0apertura\u00a0internacional\u00a0a trav\u00e9s de\u00a0prensa especializada,\u00a0compradores\u00a0y nuevas\u00a0oportunidades\u00a0para\u00a0dise\u00f1adores. La pr\u00f3xima temporada incorporar\u00e1 tambi\u00e9n la presencia de\u00a0Dise\u00f1adora Internacional Invitada,\u00a0nuevos premios, con el objetivo de impulsar la industria y la creatividad,\u00a0y un\u00a0\u00e1rea de artesan\u00eda\u00a0ampliada que pondr\u00e1 en valor uno de los rasgos diferenciales del dise\u00f1o espa\u00f1ol.<\/p>\n<p>Adem\u00e1s, se present\u00f3 la\u00a0incorporaci\u00f3n\u00a0de\u00a0NARS,\u00a0marca ic\u00f3nica de maquillaje profesional, como nuevo\u00a0patrocinador principal de Mercedes-Benz Fashion Week Madrid. La firma ser\u00e1 el maquillaje oficial de la pasarela y, como patrocinador exclusivo de la categor\u00eda, contribuir\u00e1 a impulsar la creatividad, la expresi\u00f3n art\u00edstica y el talento que define a MBFWMadrid. Su llegada supone un importante respaldo internacional y refuerza la dimensi\u00f3n global del proyecto.<\/p>\n<p><em>*Im\u00e1genes: cortes\u00eda<\/em><\/p>\n","protected":false},"author":11653,"featured_media":189743,"template":"","format":"standard","categories":[2971,11738],"acf":{"banner":""},"yoast_head":"<!-- This site is optimized with the Yoast SEO Premium plugin v18.5 (Yoast SEO v20.4) - https:\/\/yoast.com\/wordpress\/plugins\/seo\/ -->\n<title>MBFWMadrid presenta su estrategia para la edici\u00f3n AW26\/27<\/title>\n<meta name=\"description\" content=\"La pasarela evoluciona para adaptarse a las necesidades de la industria y reforzar el posicionamiento de la moda espa\u00f1ola y europea.\" \/>\n<meta name=\"robots\" content=\"index, follow, max-snippet:-1, max-image-preview:large, max-video-preview:-1\" \/>\n<link rel=\"canonical\" href=\"https:\/\/graziamagazine.com\/es\/articles\/mbfwmadrid-presenta-su-estrategia-para-la-edicion-aw26-27\/\" \/>\n<meta property=\"og:locale\" content=\"es_ES\" \/>\n<meta property=\"og:type\" content=\"article\" \/>\n<meta property=\"og:title\" content=\"MBFWMadrid presenta su estrategia para la edici\u00f3n AW26\/27\" \/>\n<meta property=\"og:description\" content=\"La pasarela evoluciona para adaptarse a las necesidades de la industria y reforzar el posicionamiento de la moda espa\u00f1ola y europea.\" \/>\n<meta property=\"og:url\" content=\"https:\/\/graziamagazine.com\/es\/articles\/mbfwmadrid-presenta-su-estrategia-para-la-edicion-aw26-27\/\" \/>\n<meta property=\"og:site_name\" content=\"Grazia\" \/>\n<meta property=\"article:modified_time\" content=\"2025-11-21T00:10:06+00:00\" \/>\n<meta property=\"og:image\" content=\"https:\/\/graziamagazine.com\/es\/wp-content\/uploads\/sites\/12\/2025\/11\/a_ACO9425.jpg\" \/>\n\t<meta property=\"og:image:width\" content=\"1275\" \/>\n\t<meta property=\"og:image:height\" content=\"850\" \/>\n\t<meta property=\"og:image:type\" content=\"image\/jpeg\" \/>\n<meta name=\"twitter:card\" content=\"summary_large_image\" \/>\n<meta name=\"twitter:label1\" content=\"Est. reading time\" \/>\n\t<meta name=\"twitter:data1\" content=\"3 minutos\" \/>\n<script type=\"application\/ld+json\" class=\"yoast-schema-graph\">{\"@context\":\"https:\/\/schema.org\",\"@graph\":[{\"@type\":\"WebPage\",\"@id\":\"https:\/\/graziamagazine.com\/es\/articles\/mbfwmadrid-presenta-su-estrategia-para-la-edicion-aw26-27\/\",\"url\":\"https:\/\/graziamagazine.com\/es\/articles\/mbfwmadrid-presenta-su-estrategia-para-la-edicion-aw26-27\/\",\"name\":\"MBFWMadrid presenta su estrategia para la edici\u00f3n AW26\/27\",\"isPartOf\":{\"@id\":\"https:\/\/graziamagazine.com\/es\/#website\"},\"datePublished\":\"2025-11-21T07:00:43+00:00\",\"dateModified\":\"2025-11-21T00:10:06+00:00\",\"description\":\"La pasarela evoluciona para adaptarse a las necesidades de la industria y reforzar el posicionamiento de la moda espa\u00f1ola y europea.\",\"breadcrumb\":{\"@id\":\"https:\/\/graziamagazine.com\/es\/articles\/mbfwmadrid-presenta-su-estrategia-para-la-edicion-aw26-27\/#breadcrumb\"},\"inLanguage\":\"es\",\"potentialAction\":[{\"@type\":\"ReadAction\",\"target\":[\"https:\/\/graziamagazine.com\/es\/articles\/mbfwmadrid-presenta-su-estrategia-para-la-edicion-aw26-27\/\"]}]},{\"@type\":\"BreadcrumbList\",\"@id\":\"https:\/\/graziamagazine.com\/es\/articles\/mbfwmadrid-presenta-su-estrategia-para-la-edicion-aw26-27\/#breadcrumb\",\"itemListElement\":[{\"@type\":\"ListItem\",\"position\":1,\"name\":\"Portada\",\"item\":\"https:\/\/graziamagazine.com\/es\/\"},{\"@type\":\"ListItem\",\"position\":2,\"name\":\"MBFWMadrid presenta su estrategia para la edici\u00f3n AW26\/27\"}]},{\"@type\":\"WebSite\",\"@id\":\"https:\/\/graziamagazine.com\/es\/#website\",\"url\":\"https:\/\/graziamagazine.com\/es\/\",\"name\":\"Grazia\",\"description\":\"Moda, belleza, celebrities, estilo de vida...\",\"potentialAction\":[{\"@type\":\"SearchAction\",\"target\":{\"@type\":\"EntryPoint\",\"urlTemplate\":\"https:\/\/graziamagazine.com\/es\/?s={search_term_string}\"},\"query-input\":\"required name=search_term_string\"}],\"inLanguage\":\"es\"}]}<\/script>\n<!-- \/ Yoast SEO Premium plugin. -->","yoast_head_json":{"title":"MBFWMadrid presenta su estrategia para la edici\u00f3n AW26\/27","description":"La pasarela evoluciona para adaptarse a las necesidades de la industria y reforzar el posicionamiento de la moda espa\u00f1ola y europea.","robots":{"index":"index","follow":"follow","max-snippet":"max-snippet:-1","max-image-preview":"max-image-preview:large","max-video-preview":"max-video-preview:-1"},"canonical":"https:\/\/graziamagazine.com\/es\/articles\/mbfwmadrid-presenta-su-estrategia-para-la-edicion-aw26-27\/","og_locale":"es_ES","og_type":"article","og_title":"MBFWMadrid presenta su estrategia para la edici\u00f3n AW26\/27","og_description":"La pasarela evoluciona para adaptarse a las necesidades de la industria y reforzar el posicionamiento de la moda espa\u00f1ola y europea.","og_url":"https:\/\/graziamagazine.com\/es\/articles\/mbfwmadrid-presenta-su-estrategia-para-la-edicion-aw26-27\/","og_site_name":"Grazia","article_modified_time":"2025-11-21T00:10:06+00:00","og_image":[{"width":1275,"height":850,"url":"https:\/\/graziamagazine.com\/es\/wp-content\/uploads\/sites\/12\/2025\/11\/a_ACO9425.jpg","type":"image\/jpeg"}],"twitter_card":"summary_large_image","twitter_misc":{"Est. reading time":"3 minutos"},"schema":{"@context":"https:\/\/schema.org","@graph":[{"@type":"WebPage","@id":"https:\/\/graziamagazine.com\/es\/articles\/mbfwmadrid-presenta-su-estrategia-para-la-edicion-aw26-27\/","url":"https:\/\/graziamagazine.com\/es\/articles\/mbfwmadrid-presenta-su-estrategia-para-la-edicion-aw26-27\/","name":"MBFWMadrid presenta su estrategia para la edici\u00f3n AW26\/27","isPartOf":{"@id":"https:\/\/graziamagazine.com\/es\/#website"},"datePublished":"2025-11-21T07:00:43+00:00","dateModified":"2025-11-21T00:10:06+00:00","description":"La pasarela evoluciona para adaptarse a las necesidades de la industria y reforzar el posicionamiento de la moda espa\u00f1ola y europea.","breadcrumb":{"@id":"https:\/\/graziamagazine.com\/es\/articles\/mbfwmadrid-presenta-su-estrategia-para-la-edicion-aw26-27\/#breadcrumb"},"inLanguage":"es","potentialAction":[{"@type":"ReadAction","target":["https:\/\/graziamagazine.com\/es\/articles\/mbfwmadrid-presenta-su-estrategia-para-la-edicion-aw26-27\/"]}]},{"@type":"BreadcrumbList","@id":"https:\/\/graziamagazine.com\/es\/articles\/mbfwmadrid-presenta-su-estrategia-para-la-edicion-aw26-27\/#breadcrumb","itemListElement":[{"@type":"ListItem","position":1,"name":"Portada","item":"https:\/\/graziamagazine.com\/es\/"},{"@type":"ListItem","position":2,"name":"MBFWMadrid presenta su estrategia para la edici\u00f3n AW26\/27"}]},{"@type":"WebSite","@id":"https:\/\/graziamagazine.com\/es\/#website","url":"https:\/\/graziamagazine.com\/es\/","name":"Grazia","description":"Moda, belleza, celebrities, estilo de vida...","potentialAction":[{"@type":"SearchAction","target":{"@type":"EntryPoint","urlTemplate":"https:\/\/graziamagazine.com\/es\/?s={search_term_string}"},"query-input":"required name=search_term_string"}],"inLanguage":"es"}]}},"jetpack_sharing_enabled":true,"distributor_meta":false,"distributor_terms":false,"distributor_media":false,"distributor_original_site_name":"Grazia","distributor_original_site_url":"https:\/\/graziamagazine.com\/es","push-errors":false,"_links":{"self":[{"href":"https:\/\/graziamagazine.com\/es\/wp-json\/wp\/v2\/articles\/189741"}],"collection":[{"href":"https:\/\/graziamagazine.com\/es\/wp-json\/wp\/v2\/articles"}],"about":[{"href":"https:\/\/graziamagazine.com\/es\/wp-json\/wp\/v2\/types\/articles"}],"author":[{"embeddable":true,"href":"https:\/\/graziamagazine.com\/es\/wp-json\/wp\/v2\/users\/11653"}],"wp:featuredmedia":[{"embeddable":true,"href":"https:\/\/graziamagazine.com\/es\/wp-json\/wp\/v2\/media\/189743"}],"wp:attachment":[{"href":"https:\/\/graziamagazine.com\/es\/wp-json\/wp\/v2\/media?parent=189741"}],"wp:term":[{"taxonomy":"category","embeddable":true,"href":"https:\/\/graziamagazine.com\/es\/wp-json\/wp\/v2\/categories?post=189741"}],"curies":[{"name":"wp","href":"https:\/\/api.w.org\/{rel}","templated":true}]}}