{"id":189709,"date":"2025-11-20T11:31:01","date_gmt":"2025-11-20T10:31:01","guid":{"rendered":"https:\/\/graziamagazine.com\/es\/?post_type=articles&#038;p=189709"},"modified":"2025-11-20T11:31:01","modified_gmt":"2025-11-20T10:31:01","slug":"hombreras-xl-la-tendencia-que-regresa-esta-temporada","status":"publish","type":"articles","link":"https:\/\/graziamagazine.com\/es\/articles\/hombreras-xl-la-tendencia-que-regresa-esta-temporada\/","title":{"rendered":"Hombreras XL, la tendencia que regresa esta temporada"},"content":{"rendered":"<p>El estilismo de los 80 m\u00e1s controversial regresa con fuerza para nuestro guardarropa de oto\u00f1o\/invierno 2025. Las hombreras tienen un sutil resurgimiento y es ideal para quienes buscan looks m\u00e1s estructurados. Ahora el power suit se eleva de forma ochentera y las prendas se enfocan m\u00e1s en hombros fuertes y protag\u00f3nicos, m\u00e1s que en simples siluetas oversized.<\/p>\n<figure id=\"attachment_161930\" class=\"wp-caption alignnone\" style=\"width: 900px\" aria-describedby=\"caption-attachment-161930\"><img loading=\"lazy\" decoding=\"async\" class=\"wp-image-161930 size-full\" src=\"https:\/\/graziamagazine.com\/mx\/wp-content\/uploads\/sites\/13\/2025\/11\/las-hombreras-regresan-con-fuerza-este-otono-invierno-2025-8.jpg\" alt=\"Las hombreras regresan con fuerza este oto\u00f1o-invierno 2025\" width=\"900\" height=\"1200\" \/><\/figure>\n<h3>El retorno de las hombreras para oto\u00f1o\/invierno<\/h3>\n<p>Estamos presenciando el regreso total de los hombros estructurados. Vistos en las grandes casas de moda, como Saint Laurent, Louis Vuitton y Stella McCartney, todos apuestan por las siluetas de poder, y no lo hacen solo por nostalgia. El maximalismo luce m\u00e1s refinado, con siluetas contundentes y mayor impacto visual en medio de las temporadas que pasamos de la ropa holgada y relajada al regreso de la moda esculpida.<\/p>\n<p>La gente quiere volver a imponerse con su estilo, y nada lo logra mejor que un blazer perfectamente acolchado de los lados, con ese aire retro pero de toques modernos.<\/p>\n<figure id=\"attachment_161927\" class=\"wp-caption alignnone\" style=\"width: 900px\" aria-describedby=\"caption-attachment-161927\"><img loading=\"lazy\" decoding=\"async\" class=\"wp-image-161927 size-full\" src=\"https:\/\/graziamagazine.com\/mx\/wp-content\/uploads\/sites\/13\/2025\/11\/las-hombreras-regresan-con-fuerza-este-otono-invierno-2025-5.jpg\" alt=\"Las hombreras regresan con fuerza este oto\u00f1o-invierno 2025\" width=\"900\" height=\"1200\" \/><\/figure>\n<figure id=\"attachment_161928\" class=\"wp-caption alignnone\" style=\"width: 900px\" aria-describedby=\"caption-attachment-161928\"><img loading=\"lazy\" decoding=\"async\" class=\"wp-image-161928 size-full\" src=\"https:\/\/graziamagazine.com\/mx\/wp-content\/uploads\/sites\/13\/2025\/11\/las-hombreras-regresan-con-fuerza-este-otono-invierno-2025-6.jpg\" alt=\"Las hombreras regresan con fuerza este oto\u00f1o-invierno 2025\" width=\"900\" height=\"1200\" \/><\/figure>\n<p>Para adoptarlas sin miedo, conviene empezar poco a poco. Un c\u00e1rdigan acolchado o una camisa ligeramente estructuradas son ideales para combinar con jeans rectos o minifalda. Toma en cuenta las proporciones: si llevas hombros marcados, equilibra el resto del outfit. Un blazer estructurado (con hombreras) luce m\u00e1s favorecedor si lo ajustas con un cintur\u00f3n y lo llevas con pantalones slim.<\/p>\n<figure id=\"attachment_161926\" class=\"wp-caption alignnone\" style=\"width: 900px\" aria-describedby=\"caption-attachment-161926\"><img loading=\"lazy\" decoding=\"async\" class=\"wp-image-161926 size-full\" src=\"https:\/\/graziamagazine.com\/mx\/wp-content\/uploads\/sites\/13\/2025\/11\/las-hombreras-regresan-con-fuerza-este-otono-invierno-2025-4.jpg\" alt=\"Las hombreras regresan con fuerza este oto\u00f1o-invierno 2025\" width=\"900\" height=\"1200\" \/><\/figure>\n<figure id=\"attachment_161925\" class=\"wp-caption alignnone\" style=\"width: 900px\" aria-describedby=\"caption-attachment-161925\"><img loading=\"lazy\" decoding=\"async\" class=\"wp-image-161925 size-full\" src=\"https:\/\/graziamagazine.com\/mx\/wp-content\/uploads\/sites\/13\/2025\/11\/las-hombreras-regresan-con-fuerza-este-otono-invierno-2025-3.jpg\" alt=\"Las hombreras regresan con fuerza este oto\u00f1o-invierno 2025\" width=\"900\" height=\"1200\" \/><\/figure>\n<p>Las hombreras tambi\u00e9n funcionan para looks casuales. Una chamarra de cuero con hombreras sobre una tshirt gr\u00e1fica y jeans crea un aire m\u00e1s relajado. Y si se trata de una ocasi\u00f3n m\u00e1s formal, los sacos tipo esmoquin con detalles met\u00e1licos, tops de lentejuelas y vestidos estructurados elevan esa energ\u00eda glam.<\/p>\n<figure id=\"attachment_161924\" class=\"wp-caption alignnone\" style=\"width: 900px\" aria-describedby=\"caption-attachment-161924\"><img loading=\"lazy\" decoding=\"async\" class=\"wp-image-161924 size-full\" src=\"https:\/\/graziamagazine.com\/mx\/wp-content\/uploads\/sites\/13\/2025\/11\/las-hombreras-regresan-con-fuerza-este-otono-invierno-2025-2.jpg\" alt=\"Las hombreras regresan con fuerza este oto\u00f1o-invierno 2025\" width=\"900\" height=\"1200\" \/><\/figure>\n<figure id=\"attachment_161923\" class=\"wp-caption alignnone\" style=\"width: 900px\" aria-describedby=\"caption-attachment-161923\"><img loading=\"lazy\" decoding=\"async\" class=\"wp-image-161923 size-full\" src=\"https:\/\/graziamagazine.com\/mx\/wp-content\/uploads\/sites\/13\/2025\/11\/las-hombreras-regresan-con-fuerza-este-otono-invierno-2025-1.jpg\" alt=\"Las hombreras regresan con fuerza este oto\u00f1o-invierno 2025\" width=\"900\" height=\"1200\" \/><\/figure>\n<p>No todas las hombreras son iguales: las hay sutiles (con un leve realce), m\u00e1s naturales (que siguen la l\u00ednea del hombro pero la afinan) y deportivas (que son m\u00e1s evidentes). Todo depende de c\u00f3mo quieres personalizar tu look y qu\u00e9 tan c\u00f3moda te sientes con esta moda. Si ya tienes hombros anchos, puedes usar esta tendencia optando por hombreras m\u00e1s ligeras y cortes con costuras ca\u00eddas para suavizar la silueta; si eres petit y quieres realzar la parte del torso para arriba, no temas usar las hombreras m\u00e1s audaces y llamativas.<\/p>\n<figure id=\"attachment_161929\" class=\"wp-caption alignnone\" style=\"width: 900px\" aria-describedby=\"caption-attachment-161929\"><img loading=\"lazy\" decoding=\"async\" class=\"wp-image-161929 size-full\" src=\"https:\/\/graziamagazine.com\/mx\/wp-content\/uploads\/sites\/13\/2025\/11\/las-hombreras-regresan-con-fuerza-este-otono-invierno-2025-7.jpg\" alt=\"Las hombreras regresan con fuerza este oto\u00f1o-invierno 2025\" width=\"900\" height=\"1200\" \/><\/figure>\n<p><em>*Im\u00e1genes: Getty Images<\/em><\/p>\n","protected":false},"author":16349,"featured_media":189712,"template":"","format":"standard","categories":[1],"acf":[],"yoast_head":"<!-- This site is optimized with the Yoast SEO Premium plugin v18.5 (Yoast SEO v20.4) - https:\/\/yoast.com\/wordpress\/plugins\/seo\/ -->\n<title>Hombreras XL, la tendencia que regresa esta temporada<\/title>\n<meta name=\"description\" content=\"De la d\u00e9cada de los 80 a la actualidad, as\u00ed es la tendencia ochentera que ha conquistado todas las prendas de la temporada.\" \/>\n<meta name=\"robots\" content=\"index, follow, max-snippet:-1, max-image-preview:large, max-video-preview:-1\" \/>\n<link rel=\"canonical\" href=\"https:\/\/graziamagazine.com\/es\/articles\/hombreras-xl-la-tendencia-que-regresa-esta-temporada\/\" \/>\n<meta property=\"og:locale\" content=\"es_ES\" \/>\n<meta property=\"og:type\" content=\"article\" \/>\n<meta property=\"og:title\" content=\"Hombreras XL, la tendencia que regresa esta temporada\" \/>\n<meta property=\"og:description\" content=\"De la d\u00e9cada de los 80 a la actualidad, as\u00ed es la tendencia ochentera que ha conquistado todas las prendas de la temporada.\" \/>\n<meta property=\"og:url\" content=\"https:\/\/graziamagazine.com\/es\/articles\/hombreras-xl-la-tendencia-que-regresa-esta-temporada\/\" \/>\n<meta property=\"og:site_name\" content=\"Grazia\" \/>\n<meta property=\"og:image\" content=\"https:\/\/graziamagazine.com\/es\/wp-content\/uploads\/sites\/12\/2025\/11\/GettyImages-2165776711-copia.jpg\" \/>\n\t<meta property=\"og:image:width\" content=\"1600\" \/>\n\t<meta property=\"og:image:height\" content=\"1067\" \/>\n\t<meta property=\"og:image:type\" content=\"image\/jpeg\" \/>\n<meta name=\"twitter:card\" content=\"summary_large_image\" \/>\n<meta name=\"twitter:label1\" content=\"Est. reading time\" \/>\n\t<meta name=\"twitter:data1\" content=\"4 minutos\" \/>\n<script type=\"application\/ld+json\" class=\"yoast-schema-graph\">{\"@context\":\"https:\/\/schema.org\",\"@graph\":[{\"@type\":\"WebPage\",\"@id\":\"https:\/\/graziamagazine.com\/es\/articles\/hombreras-xl-la-tendencia-que-regresa-esta-temporada\/\",\"url\":\"https:\/\/graziamagazine.com\/es\/articles\/hombreras-xl-la-tendencia-que-regresa-esta-temporada\/\",\"name\":\"Hombreras XL, la tendencia que regresa esta temporada\",\"isPartOf\":{\"@id\":\"https:\/\/graziamagazine.com\/es\/#website\"},\"datePublished\":\"2025-11-20T10:31:01+00:00\",\"dateModified\":\"2025-11-20T10:31:01+00:00\",\"description\":\"De la d\u00e9cada de los 80 a la actualidad, as\u00ed es la tendencia ochentera que ha conquistado todas las prendas de la temporada.\",\"breadcrumb\":{\"@id\":\"https:\/\/graziamagazine.com\/es\/articles\/hombreras-xl-la-tendencia-que-regresa-esta-temporada\/#breadcrumb\"},\"inLanguage\":\"es\",\"potentialAction\":[{\"@type\":\"ReadAction\",\"target\":[\"https:\/\/graziamagazine.com\/es\/articles\/hombreras-xl-la-tendencia-que-regresa-esta-temporada\/\"]}]},{\"@type\":\"BreadcrumbList\",\"@id\":\"https:\/\/graziamagazine.com\/es\/articles\/hombreras-xl-la-tendencia-que-regresa-esta-temporada\/#breadcrumb\",\"itemListElement\":[{\"@type\":\"ListItem\",\"position\":1,\"name\":\"Portada\",\"item\":\"https:\/\/graziamagazine.com\/es\/\"},{\"@type\":\"ListItem\",\"position\":2,\"name\":\"Hombreras XL, la tendencia que regresa esta temporada\"}]},{\"@type\":\"WebSite\",\"@id\":\"https:\/\/graziamagazine.com\/es\/#website\",\"url\":\"https:\/\/graziamagazine.com\/es\/\",\"name\":\"Grazia\",\"description\":\"Moda, belleza, celebrities, estilo de vida...\",\"potentialAction\":[{\"@type\":\"SearchAction\",\"target\":{\"@type\":\"EntryPoint\",\"urlTemplate\":\"https:\/\/graziamagazine.com\/es\/?s={search_term_string}\"},\"query-input\":\"required name=search_term_string\"}],\"inLanguage\":\"es\"}]}<\/script>\n<!-- \/ Yoast SEO Premium plugin. -->","yoast_head_json":{"title":"Hombreras XL, la tendencia que regresa esta temporada","description":"De la d\u00e9cada de los 80 a la actualidad, as\u00ed es la tendencia ochentera que ha conquistado todas las prendas de la temporada.","robots":{"index":"index","follow":"follow","max-snippet":"max-snippet:-1","max-image-preview":"max-image-preview:large","max-video-preview":"max-video-preview:-1"},"canonical":"https:\/\/graziamagazine.com\/es\/articles\/hombreras-xl-la-tendencia-que-regresa-esta-temporada\/","og_locale":"es_ES","og_type":"article","og_title":"Hombreras XL, la tendencia que regresa esta temporada","og_description":"De la d\u00e9cada de los 80 a la actualidad, as\u00ed es la tendencia ochentera que ha conquistado todas las prendas de la temporada.","og_url":"https:\/\/graziamagazine.com\/es\/articles\/hombreras-xl-la-tendencia-que-regresa-esta-temporada\/","og_site_name":"Grazia","og_image":[{"width":1600,"height":1067,"url":"https:\/\/graziamagazine.com\/es\/wp-content\/uploads\/sites\/12\/2025\/11\/GettyImages-2165776711-copia.jpg","type":"image\/jpeg"}],"twitter_card":"summary_large_image","twitter_misc":{"Est. reading time":"4 minutos"},"schema":{"@context":"https:\/\/schema.org","@graph":[{"@type":"WebPage","@id":"https:\/\/graziamagazine.com\/es\/articles\/hombreras-xl-la-tendencia-que-regresa-esta-temporada\/","url":"https:\/\/graziamagazine.com\/es\/articles\/hombreras-xl-la-tendencia-que-regresa-esta-temporada\/","name":"Hombreras XL, la tendencia que regresa esta temporada","isPartOf":{"@id":"https:\/\/graziamagazine.com\/es\/#website"},"datePublished":"2025-11-20T10:31:01+00:00","dateModified":"2025-11-20T10:31:01+00:00","description":"De la d\u00e9cada de los 80 a la actualidad, as\u00ed es la tendencia ochentera que ha conquistado todas las prendas de la temporada.","breadcrumb":{"@id":"https:\/\/graziamagazine.com\/es\/articles\/hombreras-xl-la-tendencia-que-regresa-esta-temporada\/#breadcrumb"},"inLanguage":"es","potentialAction":[{"@type":"ReadAction","target":["https:\/\/graziamagazine.com\/es\/articles\/hombreras-xl-la-tendencia-que-regresa-esta-temporada\/"]}]},{"@type":"BreadcrumbList","@id":"https:\/\/graziamagazine.com\/es\/articles\/hombreras-xl-la-tendencia-que-regresa-esta-temporada\/#breadcrumb","itemListElement":[{"@type":"ListItem","position":1,"name":"Portada","item":"https:\/\/graziamagazine.com\/es\/"},{"@type":"ListItem","position":2,"name":"Hombreras XL, la tendencia que regresa esta temporada"}]},{"@type":"WebSite","@id":"https:\/\/graziamagazine.com\/es\/#website","url":"https:\/\/graziamagazine.com\/es\/","name":"Grazia","description":"Moda, belleza, celebrities, estilo de vida...","potentialAction":[{"@type":"SearchAction","target":{"@type":"EntryPoint","urlTemplate":"https:\/\/graziamagazine.com\/es\/?s={search_term_string}"},"query-input":"required name=search_term_string"}],"inLanguage":"es"}]}},"jetpack_sharing_enabled":true,"distributor_meta":false,"distributor_terms":false,"distributor_media":false,"distributor_original_site_name":"Grazia","distributor_original_site_url":"https:\/\/graziamagazine.com\/es","push-errors":false,"_links":{"self":[{"href":"https:\/\/graziamagazine.com\/es\/wp-json\/wp\/v2\/articles\/189709"}],"collection":[{"href":"https:\/\/graziamagazine.com\/es\/wp-json\/wp\/v2\/articles"}],"about":[{"href":"https:\/\/graziamagazine.com\/es\/wp-json\/wp\/v2\/types\/articles"}],"author":[{"embeddable":true,"href":"https:\/\/graziamagazine.com\/es\/wp-json\/wp\/v2\/users\/16349"}],"wp:featuredmedia":[{"embeddable":true,"href":"https:\/\/graziamagazine.com\/es\/wp-json\/wp\/v2\/media\/189712"}],"wp:attachment":[{"href":"https:\/\/graziamagazine.com\/es\/wp-json\/wp\/v2\/media?parent=189709"}],"wp:term":[{"taxonomy":"category","embeddable":true,"href":"https:\/\/graziamagazine.com\/es\/wp-json\/wp\/v2\/categories?post=189709"}],"curies":[{"name":"wp","href":"https:\/\/api.w.org\/{rel}","templated":true}]}}