{"id":189591,"date":"2025-11-17T13:43:57","date_gmt":"2025-11-17T12:43:57","guid":{"rendered":"https:\/\/graziamagazine.com\/es\/?post_type=articles&#038;p=189591"},"modified":"2025-11-17T14:27:41","modified_gmt":"2025-11-17T13:27:41","slug":"trench-el-basico-infalible-para-tus-dias-de-lluvia","status":"publish","type":"articles","link":"https:\/\/graziamagazine.com\/es\/articles\/trench-el-basico-infalible-para-tus-dias-de-lluvia\/","title":{"rendered":"Trench, el b\u00e1sico infalible para tus d\u00edas de lluvia"},"content":{"rendered":"<p>Hay prendas que no entienden de modas porque las crean. El <strong>trench coat<\/strong>, esa pieza que combina elegancia, funcionalidad y actitud, es una de ellas. Naci\u00f3 como abrigo militar y termin\u00f3 convertido en icono urbano, s\u00edmbolo de independencia y estilo impecable en cualquier pron\u00f3stico del tiempo.<\/p>\n<p>Con la llegada de las lluvias, el trench vuelve a recordarnos por qu\u00e9 es <strong>el rey del entretiempo<\/strong>: protege, estiliza y transforma cualquier look con una sola silueta. No es solo un abrigo; es una declaraci\u00f3n.<\/p>\n<h3>De uniforme a icono eterno<\/h3>\n<p>El trench tiene historia, y eso se nota en su porte. Creado a principios del siglo XX como prenda resistente al agua para oficiales brit\u00e1nicos, pronto trascendi\u00f3 las trincheras para conquistar el cine, las pasarelas y la calle.<br \/>\nDe Audrey Hepburn bajo la lluvia en <em>Breakfast at Tiffany\u2019s<\/em> a Kate Moss reinterpretando el cl\u00e1sico para Burberry, el trench ha sido testigo de d\u00e9cadas de estilo y reinvenci\u00f3n.<\/p>\n<p><img loading=\"lazy\" decoding=\"async\" class=\"aligncenter wp-image-189632 size-full\" src=\"https:\/\/graziamagazine.com\/es\/wp-content\/uploads\/sites\/12\/2025\/11\/d4b3c9e9225cd5879f81645a7b508cf3-e1763382592531.jpg\" alt=\"\" width=\"618\" height=\"903\" srcset=\"https:\/\/graziamagazine.com\/es\/wp-content\/uploads\/sites\/12\/2025\/11\/d4b3c9e9225cd5879f81645a7b508cf3-e1763382592531.jpg 618w, https:\/\/graziamagazine.com\/es\/wp-content\/uploads\/sites\/12\/2025\/11\/d4b3c9e9225cd5879f81645a7b508cf3-e1763382592531-205x300.jpg 205w, https:\/\/graziamagazine.com\/es\/wp-content\/uploads\/sites\/12\/2025\/11\/d4b3c9e9225cd5879f81645a7b508cf3-e1763382592531-400x584.jpg 400w, https:\/\/graziamagazine.com\/es\/wp-content\/uploads\/sites\/12\/2025\/11\/d4b3c9e9225cd5879f81645a7b508cf3-e1763382592531-147x215.jpg 147w\" sizes=\"(max-width: 618px) 100vw, 618px\" \/><\/p>\n<h3>Por qu\u00e9 sigue siendo imprescindible<\/h3>\n<p><strong>1. Es el equilibrio perfecto<br \/>\n<\/strong>Ni demasiado formal ni demasiado casual: el trench se adapta a cualquier look, del traje al vaquero.<\/p>\n<p><strong>2. Te viste (aunque no lo intentes)<\/strong><br \/>\nTiene la capacidad m\u00e1gica de elevar incluso el conjunto m\u00e1s sencillo. Con un mo\u00f1o desenfadado y unas botas, el efecto <em>effortless chic<\/em> est\u00e1 garantizado.<\/p>\n<p><strong>3. Funciona con todo tipo de cuerpos<\/strong><br \/>\nSu cintur\u00f3n define la figura, su ca\u00edda estiliza y su estructura aporta ese toque arquitect\u00f3nico que pocas prendas logran.<\/p>\n<p><strong>4. Es resistente y vers\u00e1til<\/strong><br \/>\nLa gabardina moderna combina tejidos impermeables con acabados ligeros, perfectos para transitar del diluvio al afterwork.<\/p>\n<p><img loading=\"lazy\" decoding=\"async\" class=\"aligncenter size-full wp-image-189631\" src=\"https:\/\/graziamagazine.com\/es\/wp-content\/uploads\/sites\/12\/2025\/11\/17446334396507.jpg\" alt=\"\" width=\"652\" height=\"1024\" srcset=\"https:\/\/graziamagazine.com\/es\/wp-content\/uploads\/sites\/12\/2025\/11\/17446334396507.jpg 652w, https:\/\/graziamagazine.com\/es\/wp-content\/uploads\/sites\/12\/2025\/11\/17446334396507-191x300.jpg 191w, https:\/\/graziamagazine.com\/es\/wp-content\/uploads\/sites\/12\/2025\/11\/17446334396507-400x628.jpg 400w, https:\/\/graziamagazine.com\/es\/wp-content\/uploads\/sites\/12\/2025\/11\/17446334396507-137x215.jpg 137w\" sizes=\"(max-width: 652px) 100vw, 652px\" \/><\/p>\n<h3>C\u00f3mo llevar el trench esta temporada<\/h3>\n<p><strong>\u2022 Oversized con sneakers blancos.<\/strong><br \/>\nLa versi\u00f3n relajada que domina el street style parisino. Comb\u00ednalo con pantalones fluidos y gafas grandes.<\/p>\n<p><strong>\u2022 Ce\u00f1ido y minimalista.<\/strong><br \/>\nPara un look m\u00e1s cl\u00e1sico, apuesta por el camel o el beige, cintur\u00f3n anudado y labios rojos. Icono instant\u00e1neo.<\/p>\n<p><strong>\u2022 En color o vinilo.<\/strong><br \/>\nLos nuevos trench vienen en tonos atrevidos \u2014azul petr\u00f3leo, vino, incluso metalizados\u2014 o con acabados brillantes que hacen de la lluvia un accesorio m\u00e1s.<\/p>\n<p><strong>\u2022 En piel o efecto cuero.<\/strong><br \/>\nUna reinterpretaci\u00f3n contempor\u00e1nea con alma rock. Perfecto con botines y maxibolso estructurado.<\/p>\n<p><img decoding=\"async\" src=\"https:\/\/hips.hearstapps.com\/hmg-prod\/images\/alessandra-osma-sassa-gabardina-piel-cuero-negra-hym-5-1634289556.jpg\" alt=\"Alessandra de Osma con gabardina de piel negra como la de H&amp;M\" \/><\/p>\n<h3>los 5 trench m\u00e1s deseados del momento<\/h3>\n<p class=\"product-info-panel__title css-1xts6k6 e19cbv3t0\"><a href=\"https:\/\/es.burberry.com\/trench-coat-heritage-kensington-de-longitud-media-p80794111\" target=\"_blank\"><strong>Trench coat Heritage Kensington de longitud media, de Burberry (2.150 euros)<\/strong><\/a><\/p>\n<p><img loading=\"lazy\" decoding=\"async\" class=\"aligncenter size-full wp-image-189633\" src=\"https:\/\/graziamagazine.com\/es\/wp-content\/uploads\/sites\/12\/2025\/11\/F8BA70F4-8422-4CB5-B175-8FF7FB959000-copia-e1763382995437.jpg\" alt=\"\" width=\"2016\" height=\"1624\" srcset=\"https:\/\/graziamagazine.com\/es\/wp-content\/uploads\/sites\/12\/2025\/11\/F8BA70F4-8422-4CB5-B175-8FF7FB959000-copia-e1763382995437.jpg 2016w, https:\/\/graziamagazine.com\/es\/wp-content\/uploads\/sites\/12\/2025\/11\/F8BA70F4-8422-4CB5-B175-8FF7FB959000-copia-e1763382995437-300x242.jpg 300w, https:\/\/graziamagazine.com\/es\/wp-content\/uploads\/sites\/12\/2025\/11\/F8BA70F4-8422-4CB5-B175-8FF7FB959000-copia-e1763382995437-1024x825.jpg 1024w, https:\/\/graziamagazine.com\/es\/wp-content\/uploads\/sites\/12\/2025\/11\/F8BA70F4-8422-4CB5-B175-8FF7FB959000-copia-e1763382995437-768x619.jpg 768w, https:\/\/graziamagazine.com\/es\/wp-content\/uploads\/sites\/12\/2025\/11\/F8BA70F4-8422-4CB5-B175-8FF7FB959000-copia-e1763382995437-1536x1237.jpg 1536w, https:\/\/graziamagazine.com\/es\/wp-content\/uploads\/sites\/12\/2025\/11\/F8BA70F4-8422-4CB5-B175-8FF7FB959000-copia-e1763382995437-400x322.jpg 400w, https:\/\/graziamagazine.com\/es\/wp-content\/uploads\/sites\/12\/2025\/11\/F8BA70F4-8422-4CB5-B175-8FF7FB959000-copia-e1763382995437-155x125.jpg 155w\" sizes=\"(max-width: 2016px) 100vw, 2016px\" \/><\/p>\n<p><a href=\"https:\/\/es.maxmara.com\/p-5026015206001-ghia-beige\" target=\"_blank\"><strong>Gabardina impermeable, de\u00a0 Weekend Max Mara (839 euros)<\/strong><\/a><\/p>\n<p><img loading=\"lazy\" decoding=\"async\" class=\"aligncenter size-full wp-image-189634\" src=\"https:\/\/graziamagazine.com\/es\/wp-content\/uploads\/sites\/12\/2025\/11\/5026015206001-w-ghia_normal-copia.jpg\" alt=\"\" width=\"1200\" height=\"1600\" srcset=\"https:\/\/graziamagazine.com\/es\/wp-content\/uploads\/sites\/12\/2025\/11\/5026015206001-w-ghia_normal-copia.jpg 1200w, https:\/\/graziamagazine.com\/es\/wp-content\/uploads\/sites\/12\/2025\/11\/5026015206001-w-ghia_normal-copia-225x300.jpg 225w, https:\/\/graziamagazine.com\/es\/wp-content\/uploads\/sites\/12\/2025\/11\/5026015206001-w-ghia_normal-copia-768x1024.jpg 768w, https:\/\/graziamagazine.com\/es\/wp-content\/uploads\/sites\/12\/2025\/11\/5026015206001-w-ghia_normal-copia-1152x1536.jpg 1152w, https:\/\/graziamagazine.com\/es\/wp-content\/uploads\/sites\/12\/2025\/11\/5026015206001-w-ghia_normal-copia-400x533.jpg 400w, https:\/\/graziamagazine.com\/es\/wp-content\/uploads\/sites\/12\/2025\/11\/5026015206001-w-ghia_normal-copia-155x207.jpg 155w\" sizes=\"(max-width: 1200px) 100vw, 1200px\" \/><\/p>\n<p><strong><a href=\"https:\/\/www.zara.com\/es\/es\/trench-corto-water-repellent-zw-collection-p00518240.html?v1=452723457\" target=\"_blank\">Trench corto water repellent, de Zara (59,95 euros)<\/a><\/strong><\/p>\n<div class=\"product-detail-info__header\">\n<div class=\"product-detail-info__header-content\"><img loading=\"lazy\" decoding=\"async\" class=\"aligncenter size-full wp-image-189636\" src=\"https:\/\/graziamagazine.com\/es\/wp-content\/uploads\/sites\/12\/2025\/11\/00518240721-e1763385340736.jpg\" alt=\"\" width=\"1077\" height=\"959\" srcset=\"https:\/\/graziamagazine.com\/es\/wp-content\/uploads\/sites\/12\/2025\/11\/00518240721-e1763385340736.jpg 1077w, https:\/\/graziamagazine.com\/es\/wp-content\/uploads\/sites\/12\/2025\/11\/00518240721-e1763385340736-300x267.jpg 300w, https:\/\/graziamagazine.com\/es\/wp-content\/uploads\/sites\/12\/2025\/11\/00518240721-e1763385340736-1024x912.jpg 1024w, https:\/\/graziamagazine.com\/es\/wp-content\/uploads\/sites\/12\/2025\/11\/00518240721-e1763385340736-768x684.jpg 768w, https:\/\/graziamagazine.com\/es\/wp-content\/uploads\/sites\/12\/2025\/11\/00518240721-e1763385340736-400x356.jpg 400w, https:\/\/graziamagazine.com\/es\/wp-content\/uploads\/sites\/12\/2025\/11\/00518240721-e1763385340736-155x138.jpg 155w\" sizes=\"(max-width: 1077px) 100vw, 1077px\" \/><\/div>\n<div>\n<div class=\"MuiBox-root mui-latin-unpxae\"><a href=\"https:\/\/www.dior.com\/es_es\/fashion\/products\/551M19A3332_X1782?objectID=551M19A3332_X1782&amp;query=gabardina&amp;queryID=e34c1a2bf379db28f60b3ef44fd2bf2c\" target=\"_blank\"><strong>Gabardina con cors\u00e9 integrado, de Dior (4.800 euros)<\/strong><\/a><\/div>\n<div><\/div>\n<div class=\"MuiBox-root mui-latin-unpxae\">\n<div class=\"MuiBox-root mui-latin-15z0jav\"><img loading=\"lazy\" decoding=\"async\" class=\"aligncenter size-full wp-image-189637\" src=\"https:\/\/graziamagazine.com\/es\/wp-content\/uploads\/sites\/12\/2025\/11\/551M19A3332X1782_E01-copia-e1763385560612.jpg\" alt=\"\" width=\"1336\" height=\"1141\" srcset=\"https:\/\/graziamagazine.com\/es\/wp-content\/uploads\/sites\/12\/2025\/11\/551M19A3332X1782_E01-copia-e1763385560612.jpg 1336w, https:\/\/graziamagazine.com\/es\/wp-content\/uploads\/sites\/12\/2025\/11\/551M19A3332X1782_E01-copia-e1763385560612-300x256.jpg 300w, https:\/\/graziamagazine.com\/es\/wp-content\/uploads\/sites\/12\/2025\/11\/551M19A3332X1782_E01-copia-e1763385560612-1024x875.jpg 1024w, https:\/\/graziamagazine.com\/es\/wp-content\/uploads\/sites\/12\/2025\/11\/551M19A3332X1782_E01-copia-e1763385560612-768x656.jpg 768w, https:\/\/graziamagazine.com\/es\/wp-content\/uploads\/sites\/12\/2025\/11\/551M19A3332X1782_E01-copia-e1763385560612-400x342.jpg 400w, https:\/\/graziamagazine.com\/es\/wp-content\/uploads\/sites\/12\/2025\/11\/551M19A3332X1782_E01-copia-e1763385560612-155x132.jpg 155w\" sizes=\"(max-width: 1336px) 100vw, 1336px\" \/><\/div>\n<\/div>\n<div><\/div>\n<\/div>\n<p id=\"product_detail_title\" class=\"product_detail-title\"><a href=\"https:\/\/www.elcorteingles.es\/moda-mujer\/A55933695-gabardina-de-mujer-larga-clasica\/?utm_medium=cpc&amp;utm_source=google&amp;utm_campaign=eci_moda_mixta_gads_sem_promocion_20250901-20260228_pla_perf_61800&amp;utm_content=na&amp;utm_term=na&amp;gclsrc=aw.ds&amp;gad_source=1&amp;gad_campaignid=19965632109&amp;gbraid=0AAAAADpPeMXEzGwKhLeuwWRwZFSp9YRZT&amp;gclid=Cj0KCQiArOvIBhDLARIsAPwJXOYudI9TAzvGb_IHV2HnPDJ290UIHjPvMQPDwEcra3DGNE8SRGeJaRoaAlVUEALw_wcB\" target=\"_blank\"><strong>Gabardina larga cl\u00e1sica verde khaki, de Roberto Verino (ahora 206 euros en El Corte Ingl\u00e9s)<\/strong><\/a><\/p>\n<p><img loading=\"lazy\" decoding=\"async\" class=\"aligncenter size-full wp-image-189638\" src=\"https:\/\/graziamagazine.com\/es\/wp-content\/uploads\/sites\/12\/2025\/11\/www-001024850000423-s0-copia.jpg\" alt=\"\" width=\"967\" height=\"1200\" srcset=\"https:\/\/graziamagazine.com\/es\/wp-content\/uploads\/sites\/12\/2025\/11\/www-001024850000423-s0-copia.jpg 967w, https:\/\/graziamagazine.com\/es\/wp-content\/uploads\/sites\/12\/2025\/11\/www-001024850000423-s0-copia-242x300.jpg 242w, https:\/\/graziamagazine.com\/es\/wp-content\/uploads\/sites\/12\/2025\/11\/www-001024850000423-s0-copia-825x1024.jpg 825w, https:\/\/graziamagazine.com\/es\/wp-content\/uploads\/sites\/12\/2025\/11\/www-001024850000423-s0-copia-768x953.jpg 768w, https:\/\/graziamagazine.com\/es\/wp-content\/uploads\/sites\/12\/2025\/11\/www-001024850000423-s0-copia-400x496.jpg 400w, https:\/\/graziamagazine.com\/es\/wp-content\/uploads\/sites\/12\/2025\/11\/www-001024850000423-s0-copia-155x192.jpg 155w\" sizes=\"(max-width: 967px) 100vw, 967px\" \/><\/p>\n<\/div>\n<div class=\"product-detail-info__price\">\n<div class=\"product-detail-info__price-amount price\">\n<div class=\"money-amount price-formatted__price-amount money-amount--highlight\"><\/div>\n<\/div>\n<\/div>\n<p>El trench no es una prenda, es un gesto. Una forma de decir \u201cestoy preparada\u201d aunque el cielo se caiga a c\u00e1ntaros.<br \/>\nSu secreto est\u00e1 en su dualidad: cl\u00e1sico y moderno, pr\u00e1ctico y sofisticado, discreto pero inolvidable. Porque cuando llueve, no hay paraguas que te vista mejor.<\/p>\n<p><em>*Im\u00e1genes: Getty Images y cortes\u00eda<\/em><\/p>\n","protected":false},"author":11653,"featured_media":189626,"template":"","format":"standard","categories":[1],"acf":[],"yoast_head":"<!-- This site is optimized with the Yoast SEO Premium plugin v18.5 (Yoast SEO v20.4) - https:\/\/yoast.com\/wordpress\/plugins\/seo\/ -->\n<title>Trench, el b\u00e1sico infalible para tus d\u00edas de lluvia<\/title>\n<meta name=\"description\" content=\"El trench vuelve a recordarnos por qu\u00e9 es el rey de los d\u00edas de lluvia y seleccionamos nuestros favoritos de la temporada.\" \/>\n<meta name=\"robots\" content=\"index, follow, max-snippet:-1, max-image-preview:large, max-video-preview:-1\" \/>\n<link rel=\"canonical\" href=\"https:\/\/graziamagazine.com\/es\/articles\/trench-el-basico-infalible-para-tus-dias-de-lluvia\/\" \/>\n<meta property=\"og:locale\" content=\"es_ES\" \/>\n<meta property=\"og:type\" content=\"article\" \/>\n<meta property=\"og:title\" content=\"Trench, el b\u00e1sico infalible para tus d\u00edas de lluvia\" \/>\n<meta property=\"og:description\" content=\"El trench vuelve a recordarnos por qu\u00e9 es el rey de los d\u00edas de lluvia y seleccionamos nuestros favoritos de la temporada.\" \/>\n<meta property=\"og:url\" content=\"https:\/\/graziamagazine.com\/es\/articles\/trench-el-basico-infalible-para-tus-dias-de-lluvia\/\" \/>\n<meta property=\"og:site_name\" content=\"Grazia\" \/>\n<meta property=\"article:modified_time\" content=\"2025-11-17T13:27:41+00:00\" \/>\n<meta property=\"og:image\" content=\"https:\/\/graziamagazine.com\/es\/wp-content\/uploads\/sites\/12\/2025\/11\/skJk5CT76gEZGp4D9acWS6.jpg\" \/>\n\t<meta property=\"og:image:width\" content=\"1920\" \/>\n\t<meta property=\"og:image:height\" content=\"1080\" \/>\n\t<meta property=\"og:image:type\" content=\"image\/jpeg\" \/>\n<meta name=\"twitter:card\" content=\"summary_large_image\" \/>\n<meta name=\"twitter:label1\" content=\"Est. reading time\" \/>\n\t<meta name=\"twitter:data1\" content=\"4 minutos\" \/>\n<script type=\"application\/ld+json\" class=\"yoast-schema-graph\">{\"@context\":\"https:\/\/schema.org\",\"@graph\":[{\"@type\":\"WebPage\",\"@id\":\"https:\/\/graziamagazine.com\/es\/articles\/trench-el-basico-infalible-para-tus-dias-de-lluvia\/\",\"url\":\"https:\/\/graziamagazine.com\/es\/articles\/trench-el-basico-infalible-para-tus-dias-de-lluvia\/\",\"name\":\"Trench, el b\u00e1sico infalible para tus d\u00edas de lluvia\",\"isPartOf\":{\"@id\":\"https:\/\/graziamagazine.com\/es\/#website\"},\"datePublished\":\"2025-11-17T12:43:57+00:00\",\"dateModified\":\"2025-11-17T13:27:41+00:00\",\"description\":\"El trench vuelve a recordarnos por qu\u00e9 es el rey de los d\u00edas de lluvia y seleccionamos nuestros favoritos de la temporada.\",\"breadcrumb\":{\"@id\":\"https:\/\/graziamagazine.com\/es\/articles\/trench-el-basico-infalible-para-tus-dias-de-lluvia\/#breadcrumb\"},\"inLanguage\":\"es\",\"potentialAction\":[{\"@type\":\"ReadAction\",\"target\":[\"https:\/\/graziamagazine.com\/es\/articles\/trench-el-basico-infalible-para-tus-dias-de-lluvia\/\"]}]},{\"@type\":\"BreadcrumbList\",\"@id\":\"https:\/\/graziamagazine.com\/es\/articles\/trench-el-basico-infalible-para-tus-dias-de-lluvia\/#breadcrumb\",\"itemListElement\":[{\"@type\":\"ListItem\",\"position\":1,\"name\":\"Portada\",\"item\":\"https:\/\/graziamagazine.com\/es\/\"},{\"@type\":\"ListItem\",\"position\":2,\"name\":\"Trench, el b\u00e1sico infalible para tus d\u00edas de lluvia\"}]},{\"@type\":\"WebSite\",\"@id\":\"https:\/\/graziamagazine.com\/es\/#website\",\"url\":\"https:\/\/graziamagazine.com\/es\/\",\"name\":\"Grazia\",\"description\":\"Moda, belleza, celebrities, estilo de vida...\",\"potentialAction\":[{\"@type\":\"SearchAction\",\"target\":{\"@type\":\"EntryPoint\",\"urlTemplate\":\"https:\/\/graziamagazine.com\/es\/?s={search_term_string}\"},\"query-input\":\"required name=search_term_string\"}],\"inLanguage\":\"es\"}]}<\/script>\n<!-- \/ Yoast SEO Premium plugin. -->","yoast_head_json":{"title":"Trench, el b\u00e1sico infalible para tus d\u00edas de lluvia","description":"El trench vuelve a recordarnos por qu\u00e9 es el rey de los d\u00edas de lluvia y seleccionamos nuestros favoritos de la temporada.","robots":{"index":"index","follow":"follow","max-snippet":"max-snippet:-1","max-image-preview":"max-image-preview:large","max-video-preview":"max-video-preview:-1"},"canonical":"https:\/\/graziamagazine.com\/es\/articles\/trench-el-basico-infalible-para-tus-dias-de-lluvia\/","og_locale":"es_ES","og_type":"article","og_title":"Trench, el b\u00e1sico infalible para tus d\u00edas de lluvia","og_description":"El trench vuelve a recordarnos por qu\u00e9 es el rey de los d\u00edas de lluvia y seleccionamos nuestros favoritos de la temporada.","og_url":"https:\/\/graziamagazine.com\/es\/articles\/trench-el-basico-infalible-para-tus-dias-de-lluvia\/","og_site_name":"Grazia","article_modified_time":"2025-11-17T13:27:41+00:00","og_image":[{"width":1920,"height":1080,"url":"https:\/\/graziamagazine.com\/es\/wp-content\/uploads\/sites\/12\/2025\/11\/skJk5CT76gEZGp4D9acWS6.jpg","type":"image\/jpeg"}],"twitter_card":"summary_large_image","twitter_misc":{"Est. reading time":"4 minutos"},"schema":{"@context":"https:\/\/schema.org","@graph":[{"@type":"WebPage","@id":"https:\/\/graziamagazine.com\/es\/articles\/trench-el-basico-infalible-para-tus-dias-de-lluvia\/","url":"https:\/\/graziamagazine.com\/es\/articles\/trench-el-basico-infalible-para-tus-dias-de-lluvia\/","name":"Trench, el b\u00e1sico infalible para tus d\u00edas de lluvia","isPartOf":{"@id":"https:\/\/graziamagazine.com\/es\/#website"},"datePublished":"2025-11-17T12:43:57+00:00","dateModified":"2025-11-17T13:27:41+00:00","description":"El trench vuelve a recordarnos por qu\u00e9 es el rey de los d\u00edas de lluvia y seleccionamos nuestros favoritos de la temporada.","breadcrumb":{"@id":"https:\/\/graziamagazine.com\/es\/articles\/trench-el-basico-infalible-para-tus-dias-de-lluvia\/#breadcrumb"},"inLanguage":"es","potentialAction":[{"@type":"ReadAction","target":["https:\/\/graziamagazine.com\/es\/articles\/trench-el-basico-infalible-para-tus-dias-de-lluvia\/"]}]},{"@type":"BreadcrumbList","@id":"https:\/\/graziamagazine.com\/es\/articles\/trench-el-basico-infalible-para-tus-dias-de-lluvia\/#breadcrumb","itemListElement":[{"@type":"ListItem","position":1,"name":"Portada","item":"https:\/\/graziamagazine.com\/es\/"},{"@type":"ListItem","position":2,"name":"Trench, el b\u00e1sico infalible para tus d\u00edas de lluvia"}]},{"@type":"WebSite","@id":"https:\/\/graziamagazine.com\/es\/#website","url":"https:\/\/graziamagazine.com\/es\/","name":"Grazia","description":"Moda, belleza, celebrities, estilo de vida...","potentialAction":[{"@type":"SearchAction","target":{"@type":"EntryPoint","urlTemplate":"https:\/\/graziamagazine.com\/es\/?s={search_term_string}"},"query-input":"required name=search_term_string"}],"inLanguage":"es"}]}},"jetpack_sharing_enabled":true,"distributor_meta":false,"distributor_terms":false,"distributor_media":false,"distributor_original_site_name":"Grazia","distributor_original_site_url":"https:\/\/graziamagazine.com\/es","push-errors":false,"_links":{"self":[{"href":"https:\/\/graziamagazine.com\/es\/wp-json\/wp\/v2\/articles\/189591"}],"collection":[{"href":"https:\/\/graziamagazine.com\/es\/wp-json\/wp\/v2\/articles"}],"about":[{"href":"https:\/\/graziamagazine.com\/es\/wp-json\/wp\/v2\/types\/articles"}],"author":[{"embeddable":true,"href":"https:\/\/graziamagazine.com\/es\/wp-json\/wp\/v2\/users\/11653"}],"wp:featuredmedia":[{"embeddable":true,"href":"https:\/\/graziamagazine.com\/es\/wp-json\/wp\/v2\/media\/189626"}],"wp:attachment":[{"href":"https:\/\/graziamagazine.com\/es\/wp-json\/wp\/v2\/media?parent=189591"}],"wp:term":[{"taxonomy":"category","embeddable":true,"href":"https:\/\/graziamagazine.com\/es\/wp-json\/wp\/v2\/categories?post=189591"}],"curies":[{"name":"wp","href":"https:\/\/api.w.org\/{rel}","templated":true}]}}