{"id":189240,"date":"2025-11-03T12:14:53","date_gmt":"2025-11-03T11:14:53","guid":{"rendered":"https:\/\/graziamagazine.com\/es\/?post_type=articles&#038;p=189240"},"modified":"2025-11-03T12:14:53","modified_gmt":"2025-11-03T11:14:53","slug":"el-tandem-que-necesitas-para-proteger-las-pestanas-del-frio","status":"publish","type":"articles","link":"https:\/\/graziamagazine.com\/es\/articles\/el-tandem-que-necesitas-para-proteger-las-pestanas-del-frio\/","title":{"rendered":"El t\u00e1ndem que necesitas para proteger las pesta\u00f1as del fr\u00edo"},"content":{"rendered":"<p>Las pesta\u00f1as son un elemento clave en la belleza del rostro. Adem\u00e1s, act\u00faan como una barrera natural entre los ojos y el mundo exterior. Por eso, es clave utilizar productos espec\u00edficos y complementarios que realcen al m\u00e1ximo la mirada. Para ello\u00a0<span class=\"markgnmjq642t\" data-markjs=\"true\" data-ogac=\"\" data-ogab=\"\" data-ogsc=\"\" data-ogsb=\"\">Vitry<\/span>, la firma experta en manicura, pedicura y cuidado personal desde 1795, propone el t\u00e1ndem perfecto para conseguirlo, con dos productos \u00fanicos: TONI\u2019CILS PRO EXPERT de\u00a0<span class=\"markgnmjq642t\" data-markjs=\"true\" data-ogac=\"\" data-ogab=\"\" data-ogsc=\"\" data-ogsb=\"\">Vitry<\/span>\u00a0y la Mascara Pro Expert, de LONGCILS BONCZA by\u00a0<span class=\"markgnmjq642t\" data-markjs=\"true\" data-ogac=\"\" data-ogab=\"\" data-ogsc=\"\" data-ogsb=\"\">Vitry<\/span>.<\/p>\n<p><img loading=\"lazy\" decoding=\"async\" class=\"aligncenter size-full wp-image-189241\" src=\"https:\/\/graziamagazine.com\/es\/wp-content\/uploads\/sites\/12\/2025\/11\/07b51c5f-6701-0f7b-d478-1a528d656105-copia.jpg\" alt=\"\" width=\"2550\" height=\"2413\" srcset=\"https:\/\/graziamagazine.com\/es\/wp-content\/uploads\/sites\/12\/2025\/11\/07b51c5f-6701-0f7b-d478-1a528d656105-copia.jpg 2550w, https:\/\/graziamagazine.com\/es\/wp-content\/uploads\/sites\/12\/2025\/11\/07b51c5f-6701-0f7b-d478-1a528d656105-copia-300x284.jpg 300w, https:\/\/graziamagazine.com\/es\/wp-content\/uploads\/sites\/12\/2025\/11\/07b51c5f-6701-0f7b-d478-1a528d656105-copia-1024x969.jpg 1024w, https:\/\/graziamagazine.com\/es\/wp-content\/uploads\/sites\/12\/2025\/11\/07b51c5f-6701-0f7b-d478-1a528d656105-copia-768x727.jpg 768w, https:\/\/graziamagazine.com\/es\/wp-content\/uploads\/sites\/12\/2025\/11\/07b51c5f-6701-0f7b-d478-1a528d656105-copia-1536x1453.jpg 1536w, https:\/\/graziamagazine.com\/es\/wp-content\/uploads\/sites\/12\/2025\/11\/07b51c5f-6701-0f7b-d478-1a528d656105-copia-2048x1938.jpg 2048w, https:\/\/graziamagazine.com\/es\/wp-content\/uploads\/sites\/12\/2025\/11\/07b51c5f-6701-0f7b-d478-1a528d656105-copia-400x379.jpg 400w, https:\/\/graziamagazine.com\/es\/wp-content\/uploads\/sites\/12\/2025\/11\/07b51c5f-6701-0f7b-d478-1a528d656105-copia-155x147.jpg 155w\" sizes=\"(max-width: 2550px) 100vw, 2550px\" \/><\/p>\n<h3>dos efectos y dos usos<\/h3>\n<p>Uno de los dos productos de este t\u00e1ndem es <span data-olk-copy-source=\"MessageBody\">TONI\u2019CILS PRO EXPERT<\/span>, que por un lado sirve como base para la m\u00e1scara de pesta\u00f1as, consiguiendo un efecto wow inmediato, ya que consigue multiplicar el efecto de volumen en m\u00e1s del 32% y aumenta su longitud de forma inmediata en hasta un 39%.<\/p>\n<p>Por otro lado tambi\u00e9n sirve de s\u00e9rum de crecimiento con resultados claros en 60 d\u00edas. Puedes usarlo como tratamiento de d\u00eda y noche, aplicando tres capas espesas de la ra\u00edz de las pesta\u00f1as a las puntas para conseguir, a partir de 8 semanas de uso, ralentizar la ca\u00edda de las pesta\u00f1as, fortalecer la pesta\u00f1a existente y promover el crecimiento de nuevas pesta\u00f1as.<\/p>\n<p><img loading=\"lazy\" decoding=\"async\" class=\"aligncenter wp-image-189244 size-full\" src=\"https:\/\/graziamagazine.com\/es\/wp-content\/uploads\/sites\/12\/2025\/11\/fae96615-5fad-8c7f-3bcc-be64578df70d-copia-scaled-e1762168334633.jpeg\" alt=\"\" width=\"2478\" height=\"1826\" srcset=\"https:\/\/graziamagazine.com\/es\/wp-content\/uploads\/sites\/12\/2025\/11\/fae96615-5fad-8c7f-3bcc-be64578df70d-copia-scaled-e1762168334633.jpeg 2478w, https:\/\/graziamagazine.com\/es\/wp-content\/uploads\/sites\/12\/2025\/11\/fae96615-5fad-8c7f-3bcc-be64578df70d-copia-scaled-e1762168334633-300x221.jpeg 300w, https:\/\/graziamagazine.com\/es\/wp-content\/uploads\/sites\/12\/2025\/11\/fae96615-5fad-8c7f-3bcc-be64578df70d-copia-scaled-e1762168334633-1024x755.jpeg 1024w, https:\/\/graziamagazine.com\/es\/wp-content\/uploads\/sites\/12\/2025\/11\/fae96615-5fad-8c7f-3bcc-be64578df70d-copia-scaled-e1762168334633-768x566.jpeg 768w, https:\/\/graziamagazine.com\/es\/wp-content\/uploads\/sites\/12\/2025\/11\/fae96615-5fad-8c7f-3bcc-be64578df70d-copia-scaled-e1762168334633-1536x1132.jpeg 1536w, https:\/\/graziamagazine.com\/es\/wp-content\/uploads\/sites\/12\/2025\/11\/fae96615-5fad-8c7f-3bcc-be64578df70d-copia-scaled-e1762168334633-2048x1509.jpeg 2048w, https:\/\/graziamagazine.com\/es\/wp-content\/uploads\/sites\/12\/2025\/11\/fae96615-5fad-8c7f-3bcc-be64578df70d-copia-scaled-e1762168334633-400x295.jpeg 400w, https:\/\/graziamagazine.com\/es\/wp-content\/uploads\/sites\/12\/2025\/11\/fae96615-5fad-8c7f-3bcc-be64578df70d-copia-scaled-e1762168334633-155x114.jpeg 155w\" sizes=\"(max-width: 2478px) 100vw, 2478px\" \/><\/p>\n<p>Hipoalerg\u00e9nico, probado bajo control dermatol\u00f3gico y oftalmol\u00f3gico, es apto para ojos sensibles y usuarios con lentillas. De venta exclusiva en farmacias y parafarmacias, su precio recomendado es de 45,90 euros.<\/p>\n<h3>Color y textura natural<\/h3>\n<p>El otro producto de este t\u00e1ndem es la MASCARA PRO EXPERT, que\u00a0cuida y maquilla las pesta\u00f1as con un\u00a084% de ingredientes de origen natural. Adem\u00e1s, su completa f\u00f3rmula, su cepillo de\u00a0alta precision\u00a0y su color\u00a0negro intenso\u00a0acent\u00faan el efecto volumen y longitud, aparte de maquillar todas las pesta\u00f1as, incluso las m\u00e1s cortas, en\u00a0una sola pasada.<\/p>\n<p>Su aplicaci\u00f3n consigue por un lado el crecimiento de las pesta\u00f1as (gracias a una f\u00f3rmula rica en activos, que fortalece y activa el crecimiento de las pesta\u00f1as), por otro las maquilla con un color negro ultra-pigmentado que destaca la mirada y por \u00faltimo su f\u00f3rmula tambi\u00e9n densifica las pesta\u00f1as d\u00eda tras d\u00eda, alarg\u00e1ndolas y realz\u00e1ndolas significativamente.<\/p>\n<p><img loading=\"lazy\" decoding=\"async\" class=\"aligncenter wp-image-189245 size-full\" src=\"https:\/\/graziamagazine.com\/es\/wp-content\/uploads\/sites\/12\/2025\/11\/82dceb83-fd8a-e0ed-4743-362108d7b30a-copia-scaled-e1762168307318.jpeg\" alt=\"\" width=\"2483\" height=\"2129\" srcset=\"https:\/\/graziamagazine.com\/es\/wp-content\/uploads\/sites\/12\/2025\/11\/82dceb83-fd8a-e0ed-4743-362108d7b30a-copia-scaled-e1762168307318.jpeg 2483w, https:\/\/graziamagazine.com\/es\/wp-content\/uploads\/sites\/12\/2025\/11\/82dceb83-fd8a-e0ed-4743-362108d7b30a-copia-scaled-e1762168307318-300x257.jpeg 300w, https:\/\/graziamagazine.com\/es\/wp-content\/uploads\/sites\/12\/2025\/11\/82dceb83-fd8a-e0ed-4743-362108d7b30a-copia-scaled-e1762168307318-1024x878.jpeg 1024w, https:\/\/graziamagazine.com\/es\/wp-content\/uploads\/sites\/12\/2025\/11\/82dceb83-fd8a-e0ed-4743-362108d7b30a-copia-scaled-e1762168307318-768x659.jpeg 768w, https:\/\/graziamagazine.com\/es\/wp-content\/uploads\/sites\/12\/2025\/11\/82dceb83-fd8a-e0ed-4743-362108d7b30a-copia-scaled-e1762168307318-1536x1317.jpeg 1536w, https:\/\/graziamagazine.com\/es\/wp-content\/uploads\/sites\/12\/2025\/11\/82dceb83-fd8a-e0ed-4743-362108d7b30a-copia-scaled-e1762168307318-400x343.jpeg 400w, https:\/\/graziamagazine.com\/es\/wp-content\/uploads\/sites\/12\/2025\/11\/82dceb83-fd8a-e0ed-4743-362108d7b30a-copia-scaled-e1762168307318-155x133.jpeg 155w, https:\/\/graziamagazine.com\/es\/wp-content\/uploads\/sites\/12\/2025\/11\/82dceb83-fd8a-e0ed-4743-362108d7b30a-copia-scaled-e1762168307318-2048x1756.jpeg 2048w\" sizes=\"(max-width: 2483px) 100vw, 2483px\" \/><\/p>\n<p>Hipoalerg\u00e9nico, probado bajo control dermatol\u00f3gico y oftalmol\u00f3gico, es apto para ojos sensibles y usuarios con lentillas. De venta exclusiva en farmacias y parafarmacias, su precio recomendado es de 24,70 euros.<\/p>\n<div><em>*Im\u00e1genes: cortes\u00eda<\/em><\/div>\n<div><\/div>\n","protected":false},"author":11653,"featured_media":189243,"template":"","format":"standard","categories":[7],"acf":[],"yoast_head":"<!-- This site is optimized with the Yoast SEO Premium plugin v18.5 (Yoast SEO v20.4) - https:\/\/yoast.com\/wordpress\/plugins\/seo\/ -->\n<title>El t\u00e1ndem que necesitas para proteger las pesta\u00f1as del fr\u00edo<\/title>\n<meta name=\"description\" content=\"La llegada de la temporada de fr\u00edo tambi\u00e9n puede afectar a tus pesta\u00f1as, as\u00ed que no te olvides de ellas este invierno: as\u00ed puedes cuidarlas.\" \/>\n<meta name=\"robots\" content=\"index, follow, max-snippet:-1, max-image-preview:large, max-video-preview:-1\" \/>\n<link rel=\"canonical\" href=\"https:\/\/graziamagazine.com\/es\/articles\/el-tandem-que-necesitas-para-proteger-las-pestanas-del-frio\/\" \/>\n<meta property=\"og:locale\" content=\"es_ES\" \/>\n<meta property=\"og:type\" content=\"article\" \/>\n<meta property=\"og:title\" content=\"El t\u00e1ndem que necesitas para proteger las pesta\u00f1as del fr\u00edo\" \/>\n<meta property=\"og:description\" content=\"La llegada de la temporada de fr\u00edo tambi\u00e9n puede afectar a tus pesta\u00f1as, as\u00ed que no te olvides de ellas este invierno: as\u00ed puedes cuidarlas.\" \/>\n<meta property=\"og:url\" content=\"https:\/\/graziamagazine.com\/es\/articles\/el-tandem-que-necesitas-para-proteger-las-pestanas-del-frio\/\" \/>\n<meta property=\"og:site_name\" content=\"Grazia\" \/>\n<meta property=\"og:image\" content=\"https:\/\/graziamagazine.com\/es\/wp-content\/uploads\/sites\/12\/2025\/11\/5e1d2433-ba72-2f0d-40b7-1d083ea4cbee-copia-scaled.jpeg\" \/>\n\t<meta property=\"og:image:width\" content=\"2560\" \/>\n\t<meta property=\"og:image:height\" content=\"1828\" \/>\n\t<meta property=\"og:image:type\" content=\"image\/jpeg\" \/>\n<meta name=\"twitter:card\" content=\"summary_large_image\" \/>\n<meta name=\"twitter:label1\" content=\"Est. reading time\" \/>\n\t<meta name=\"twitter:data1\" content=\"3 minutos\" \/>\n<script type=\"application\/ld+json\" class=\"yoast-schema-graph\">{\"@context\":\"https:\/\/schema.org\",\"@graph\":[{\"@type\":\"WebPage\",\"@id\":\"https:\/\/graziamagazine.com\/es\/articles\/el-tandem-que-necesitas-para-proteger-las-pestanas-del-frio\/\",\"url\":\"https:\/\/graziamagazine.com\/es\/articles\/el-tandem-que-necesitas-para-proteger-las-pestanas-del-frio\/\",\"name\":\"El t\u00e1ndem que necesitas para proteger las pesta\u00f1as del fr\u00edo\",\"isPartOf\":{\"@id\":\"https:\/\/graziamagazine.com\/es\/#website\"},\"datePublished\":\"2025-11-03T11:14:53+00:00\",\"dateModified\":\"2025-11-03T11:14:53+00:00\",\"description\":\"La llegada de la temporada de fr\u00edo tambi\u00e9n puede afectar a tus pesta\u00f1as, as\u00ed que no te olvides de ellas este invierno: as\u00ed puedes cuidarlas.\",\"breadcrumb\":{\"@id\":\"https:\/\/graziamagazine.com\/es\/articles\/el-tandem-que-necesitas-para-proteger-las-pestanas-del-frio\/#breadcrumb\"},\"inLanguage\":\"es\",\"potentialAction\":[{\"@type\":\"ReadAction\",\"target\":[\"https:\/\/graziamagazine.com\/es\/articles\/el-tandem-que-necesitas-para-proteger-las-pestanas-del-frio\/\"]}]},{\"@type\":\"BreadcrumbList\",\"@id\":\"https:\/\/graziamagazine.com\/es\/articles\/el-tandem-que-necesitas-para-proteger-las-pestanas-del-frio\/#breadcrumb\",\"itemListElement\":[{\"@type\":\"ListItem\",\"position\":1,\"name\":\"Portada\",\"item\":\"https:\/\/graziamagazine.com\/es\/\"},{\"@type\":\"ListItem\",\"position\":2,\"name\":\"El t\u00e1ndem que necesitas para proteger las pesta\u00f1as del fr\u00edo\"}]},{\"@type\":\"WebSite\",\"@id\":\"https:\/\/graziamagazine.com\/es\/#website\",\"url\":\"https:\/\/graziamagazine.com\/es\/\",\"name\":\"Grazia\",\"description\":\"Moda, belleza, celebrities, estilo de vida...\",\"potentialAction\":[{\"@type\":\"SearchAction\",\"target\":{\"@type\":\"EntryPoint\",\"urlTemplate\":\"https:\/\/graziamagazine.com\/es\/?s={search_term_string}\"},\"query-input\":\"required name=search_term_string\"}],\"inLanguage\":\"es\"}]}<\/script>\n<!-- \/ Yoast SEO Premium plugin. -->","yoast_head_json":{"title":"El t\u00e1ndem que necesitas para proteger las pesta\u00f1as del fr\u00edo","description":"La llegada de la temporada de fr\u00edo tambi\u00e9n puede afectar a tus pesta\u00f1as, as\u00ed que no te olvides de ellas este invierno: as\u00ed puedes cuidarlas.","robots":{"index":"index","follow":"follow","max-snippet":"max-snippet:-1","max-image-preview":"max-image-preview:large","max-video-preview":"max-video-preview:-1"},"canonical":"https:\/\/graziamagazine.com\/es\/articles\/el-tandem-que-necesitas-para-proteger-las-pestanas-del-frio\/","og_locale":"es_ES","og_type":"article","og_title":"El t\u00e1ndem que necesitas para proteger las pesta\u00f1as del fr\u00edo","og_description":"La llegada de la temporada de fr\u00edo tambi\u00e9n puede afectar a tus pesta\u00f1as, as\u00ed que no te olvides de ellas este invierno: as\u00ed puedes cuidarlas.","og_url":"https:\/\/graziamagazine.com\/es\/articles\/el-tandem-que-necesitas-para-proteger-las-pestanas-del-frio\/","og_site_name":"Grazia","og_image":[{"width":2560,"height":1828,"url":"https:\/\/graziamagazine.com\/es\/wp-content\/uploads\/sites\/12\/2025\/11\/5e1d2433-ba72-2f0d-40b7-1d083ea4cbee-copia-scaled.jpeg","type":"image\/jpeg"}],"twitter_card":"summary_large_image","twitter_misc":{"Est. reading time":"3 minutos"},"schema":{"@context":"https:\/\/schema.org","@graph":[{"@type":"WebPage","@id":"https:\/\/graziamagazine.com\/es\/articles\/el-tandem-que-necesitas-para-proteger-las-pestanas-del-frio\/","url":"https:\/\/graziamagazine.com\/es\/articles\/el-tandem-que-necesitas-para-proteger-las-pestanas-del-frio\/","name":"El t\u00e1ndem que necesitas para proteger las pesta\u00f1as del fr\u00edo","isPartOf":{"@id":"https:\/\/graziamagazine.com\/es\/#website"},"datePublished":"2025-11-03T11:14:53+00:00","dateModified":"2025-11-03T11:14:53+00:00","description":"La llegada de la temporada de fr\u00edo tambi\u00e9n puede afectar a tus pesta\u00f1as, as\u00ed que no te olvides de ellas este invierno: as\u00ed puedes cuidarlas.","breadcrumb":{"@id":"https:\/\/graziamagazine.com\/es\/articles\/el-tandem-que-necesitas-para-proteger-las-pestanas-del-frio\/#breadcrumb"},"inLanguage":"es","potentialAction":[{"@type":"ReadAction","target":["https:\/\/graziamagazine.com\/es\/articles\/el-tandem-que-necesitas-para-proteger-las-pestanas-del-frio\/"]}]},{"@type":"BreadcrumbList","@id":"https:\/\/graziamagazine.com\/es\/articles\/el-tandem-que-necesitas-para-proteger-las-pestanas-del-frio\/#breadcrumb","itemListElement":[{"@type":"ListItem","position":1,"name":"Portada","item":"https:\/\/graziamagazine.com\/es\/"},{"@type":"ListItem","position":2,"name":"El t\u00e1ndem que necesitas para proteger las pesta\u00f1as del fr\u00edo"}]},{"@type":"WebSite","@id":"https:\/\/graziamagazine.com\/es\/#website","url":"https:\/\/graziamagazine.com\/es\/","name":"Grazia","description":"Moda, belleza, celebrities, estilo de vida...","potentialAction":[{"@type":"SearchAction","target":{"@type":"EntryPoint","urlTemplate":"https:\/\/graziamagazine.com\/es\/?s={search_term_string}"},"query-input":"required name=search_term_string"}],"inLanguage":"es"}]}},"jetpack_sharing_enabled":true,"distributor_meta":false,"distributor_terms":false,"distributor_media":false,"distributor_original_site_name":"Grazia","distributor_original_site_url":"https:\/\/graziamagazine.com\/es","push-errors":false,"_links":{"self":[{"href":"https:\/\/graziamagazine.com\/es\/wp-json\/wp\/v2\/articles\/189240"}],"collection":[{"href":"https:\/\/graziamagazine.com\/es\/wp-json\/wp\/v2\/articles"}],"about":[{"href":"https:\/\/graziamagazine.com\/es\/wp-json\/wp\/v2\/types\/articles"}],"author":[{"embeddable":true,"href":"https:\/\/graziamagazine.com\/es\/wp-json\/wp\/v2\/users\/11653"}],"wp:featuredmedia":[{"embeddable":true,"href":"https:\/\/graziamagazine.com\/es\/wp-json\/wp\/v2\/media\/189243"}],"wp:attachment":[{"href":"https:\/\/graziamagazine.com\/es\/wp-json\/wp\/v2\/media?parent=189240"}],"wp:term":[{"taxonomy":"category","embeddable":true,"href":"https:\/\/graziamagazine.com\/es\/wp-json\/wp\/v2\/categories?post=189240"}],"curies":[{"name":"wp","href":"https:\/\/api.w.org\/{rel}","templated":true}]}}