{"id":189211,"date":"2025-10-30T14:41:35","date_gmt":"2025-10-30T13:41:35","guid":{"rendered":"https:\/\/graziamagazine.com\/es\/?post_type=articles&#038;p=189211"},"modified":"2025-10-30T14:41:35","modified_gmt":"2025-10-30T13:41:35","slug":"el-nutricosmetico-que-te-ayuda-a-recuperar-la-capacidad-mental","status":"publish","type":"articles","link":"https:\/\/graziamagazine.com\/es\/articles\/el-nutricosmetico-que-te-ayuda-a-recuperar-la-capacidad-mental\/","title":{"rendered":"El nutricosm\u00e9tico que te ayuda a recuperar la capacidad mental"},"content":{"rendered":"<p>El ritmo de vida actual, marcado por la multitarea, la presi\u00f3n laboral y la constante exposici\u00f3n a est\u00edmulos digitales, ha incrementado la necesidad de apoyar la salud mental y cognitiva de manera integral.\u00a0La neurobelleza\u00a0nace para cambiar recupera la capacidad mental y reconectar mente y cuerpo que act\u00fae desde el interior. \u00bfC\u00f3mo? Gracias a la innovaci\u00f3n en suplementaci\u00f3n, con la que hoy podemos nutrir y reforzar nuestra mente de forma integral, al igual que lo hacemos con nuestro cuerpo. Porque tu mayor belleza es sentirse una misma, con toda tu capacidad para brillar desde dentro.<\/p>\n<p>Bajo esta premisa,\u00a0Eiralabs\u00a0presenta\u00a0MIND [IN] NeuroActive Complex, un complemento alimenticio de nueva generaci\u00f3n formulado\u00a0para favorecer la claridad mental, el equilibrio emocional y la energ\u00eda cognitiva.<\/p>\n<p><img loading=\"lazy\" decoding=\"async\" class=\"aligncenter size-full wp-image-189214\" src=\"https:\/\/graziamagazine.com\/es\/wp-content\/uploads\/sites\/12\/2025\/10\/f0d3a665-b797-94eb-b876-353002ffbbea.png\" alt=\"\" width=\"1024\" height=\"1536\" srcset=\"https:\/\/graziamagazine.com\/es\/wp-content\/uploads\/sites\/12\/2025\/10\/f0d3a665-b797-94eb-b876-353002ffbbea.png 1024w, https:\/\/graziamagazine.com\/es\/wp-content\/uploads\/sites\/12\/2025\/10\/f0d3a665-b797-94eb-b876-353002ffbbea-200x300.png 200w, https:\/\/graziamagazine.com\/es\/wp-content\/uploads\/sites\/12\/2025\/10\/f0d3a665-b797-94eb-b876-353002ffbbea-683x1024.png 683w, https:\/\/graziamagazine.com\/es\/wp-content\/uploads\/sites\/12\/2025\/10\/f0d3a665-b797-94eb-b876-353002ffbbea-768x1152.png 768w, https:\/\/graziamagazine.com\/es\/wp-content\/uploads\/sites\/12\/2025\/10\/f0d3a665-b797-94eb-b876-353002ffbbea-400x600.png 400w, https:\/\/graziamagazine.com\/es\/wp-content\/uploads\/sites\/12\/2025\/10\/f0d3a665-b797-94eb-b876-353002ffbbea-143x215.png 143w\" sizes=\"(max-width: 1024px) 100vw, 1024px\" \/><\/p>\n<p>Inspirado en la neurociencia y en la investigaci\u00f3n sobre la salud mitocondrial,\u00a0este innovador complejo combina activos bot\u00e1nicos, vitaminas y compuestos bioactivos con respaldo cient\u00edfico, orientados a acompa\u00f1ar el rendimiento cognitivo en los desaf\u00edos del d\u00eda a d\u00eda.<\/p>\n<p>\u201cCuidar la mente tambi\u00e9n es cuesti\u00f3n de nutrici\u00f3n. MIND [IN] combina ingredientes que ayudan a la funci\u00f3n psicol\u00f3gica y al sistema nervioso, para apoyar tu bienestar desde dentro\u201d, Claudia Popa.<\/p>\n<p><img loading=\"lazy\" decoding=\"async\" class=\"aligncenter size-full wp-image-189212\" src=\"https:\/\/graziamagazine.com\/es\/wp-content\/uploads\/sites\/12\/2025\/10\/855e1e0e-587c-0a9d-81df-ca3818e480e8.jpg\" alt=\"\" width=\"1142\" height=\"1600\" srcset=\"https:\/\/graziamagazine.com\/es\/wp-content\/uploads\/sites\/12\/2025\/10\/855e1e0e-587c-0a9d-81df-ca3818e480e8.jpg 1142w, https:\/\/graziamagazine.com\/es\/wp-content\/uploads\/sites\/12\/2025\/10\/855e1e0e-587c-0a9d-81df-ca3818e480e8-214x300.jpg 214w, https:\/\/graziamagazine.com\/es\/wp-content\/uploads\/sites\/12\/2025\/10\/855e1e0e-587c-0a9d-81df-ca3818e480e8-731x1024.jpg 731w, https:\/\/graziamagazine.com\/es\/wp-content\/uploads\/sites\/12\/2025\/10\/855e1e0e-587c-0a9d-81df-ca3818e480e8-768x1076.jpg 768w, https:\/\/graziamagazine.com\/es\/wp-content\/uploads\/sites\/12\/2025\/10\/855e1e0e-587c-0a9d-81df-ca3818e480e8-1096x1536.jpg 1096w, https:\/\/graziamagazine.com\/es\/wp-content\/uploads\/sites\/12\/2025\/10\/855e1e0e-587c-0a9d-81df-ca3818e480e8-400x560.jpg 400w, https:\/\/graziamagazine.com\/es\/wp-content\/uploads\/sites\/12\/2025\/10\/855e1e0e-587c-0a9d-81df-ca3818e480e8-153x215.jpg 153w\" sizes=\"(max-width: 1142px) 100vw, 1142px\" \/><\/p>\n<p>MIND [IN] NeuroActive Complex forma parte de Eiralabs Exclusive, una nueva colecci\u00f3n de f\u00f3rmulas nutrac\u00e9uticas, firmadas por Claudia Popa, que anticipan el futuro del bienestar y que\u00a0destacan por su alto componente de innovaci\u00f3n, por estar formuladas para adelantarse a las necesidades emergentes del bienestar y con un enfoque cient\u00edfico, riguroso y honesto.<\/p>\n<h3>\u00bfPor qu\u00e9 MIND [IN]?<\/h3>\n<p>Porque la mente no solo se entrena: tambi\u00e9n se alimenta. Estr\u00e9s, multitarea, fatiga mental, bajones de \u00e1nimo\u2026 Vivimos exigi\u00e9ndole m\u00e1s a nuestro cerebro que nunca. MIND [IN] ha sido creado para favorecer el BIENESTAR MENTAL:<\/p>\n<ul>\n<li>Favoreciendo la memoria, la concentraci\u00f3n y el enfoque<\/li>\n<li>Apoyando el equilibrio emocional y la claridad mental<\/li>\n<li>Combatiendo el estr\u00e9s oxidativo y la fatiga mental<\/li>\n<li>Estimulando la energ\u00eda celular desde las mitocondrias<\/li>\n<\/ul>\n<h3>\u00bfC\u00d3MO FUNCIONA?<\/h3>\n<p>Su f\u00f3rmula est\u00e1 dise\u00f1ada con una acci\u00f3n multifocal para estimular la concentraci\u00f3n y la memoria, reforzar el equilibrio emocional y apoyar la energ\u00eda celular desde la ra\u00edz con activos \u00fanicos consiguiendo beneficios \u00fanicos como:<\/p>\n<ul>\n<li>CLARIDAD MENTAL Y MEMORIA\u00a0GRACIAS A LA CITICOLINA COGNIZIN\u00ae.<\/li>\n<li>EQUILIBRIO EMOCIONAL Y RESISTENCIA AL ESTR\u00c9S\u00a0GRACIAS A SENSORIL\u00ae (ASHWAGANDHA) Y SAFFR\u2019ACTIV\u00ae (AZAFR\u00c1N).<\/li>\n<li>ENERG\u00cdA CELULAR Y PROTECCI\u00d3N NEURONAL\u00a0CON PQQ Y MELENA DE LE\u00d3N.<\/li>\n<li>APOYO ESENCIAL\u00a0CON VITAMINAS B6, B12, FOLATO Y ZINC.<\/li>\n<\/ul>\n<p>Se recomienda\u00a0tomar 2 c\u00e1psulas al d\u00eda\u00a0con agua, preferiblemente junto con las comidas. Las c\u00e1psulas pueden tomarse juntas o distribuidas en dos tomas a lo largo del d\u00eda.<\/p>\n<p><img loading=\"lazy\" decoding=\"async\" class=\"aligncenter size-full wp-image-189213\" src=\"https:\/\/graziamagazine.com\/es\/wp-content\/uploads\/sites\/12\/2025\/10\/52291154-8bfe-24df-d20c-c89a10eb4fd4.jpg\" alt=\"\" width=\"2360\" height=\"1644\" srcset=\"https:\/\/graziamagazine.com\/es\/wp-content\/uploads\/sites\/12\/2025\/10\/52291154-8bfe-24df-d20c-c89a10eb4fd4.jpg 2360w, https:\/\/graziamagazine.com\/es\/wp-content\/uploads\/sites\/12\/2025\/10\/52291154-8bfe-24df-d20c-c89a10eb4fd4-300x209.jpg 300w, https:\/\/graziamagazine.com\/es\/wp-content\/uploads\/sites\/12\/2025\/10\/52291154-8bfe-24df-d20c-c89a10eb4fd4-1024x713.jpg 1024w, https:\/\/graziamagazine.com\/es\/wp-content\/uploads\/sites\/12\/2025\/10\/52291154-8bfe-24df-d20c-c89a10eb4fd4-768x535.jpg 768w, https:\/\/graziamagazine.com\/es\/wp-content\/uploads\/sites\/12\/2025\/10\/52291154-8bfe-24df-d20c-c89a10eb4fd4-1536x1070.jpg 1536w, https:\/\/graziamagazine.com\/es\/wp-content\/uploads\/sites\/12\/2025\/10\/52291154-8bfe-24df-d20c-c89a10eb4fd4-2048x1427.jpg 2048w, https:\/\/graziamagazine.com\/es\/wp-content\/uploads\/sites\/12\/2025\/10\/52291154-8bfe-24df-d20c-c89a10eb4fd4-400x279.jpg 400w, https:\/\/graziamagazine.com\/es\/wp-content\/uploads\/sites\/12\/2025\/10\/52291154-8bfe-24df-d20c-c89a10eb4fd4-155x108.jpg 155w\" sizes=\"(max-width: 2360px) 100vw, 2360px\" \/><\/p>\n<p>De venta en farmacias, parafarmacias y en <a href=\"https:\/\/www.eiralabs.es\/\" target=\"_blank\">https:\/\/www.eiralabs.es\/<\/a>, su precio recomendado es de 44,90 euros (60 c\u00e1psulas).<\/p>\n<p><em>*Im\u00e1genes: cortes\u00eda<\/em><\/p>\n","protected":false},"author":11653,"featured_media":189215,"template":"","format":"standard","categories":[7],"acf":[],"yoast_head":"<!-- This site is optimized with the Yoast SEO Premium plugin v18.5 (Yoast SEO v20.4) - https:\/\/yoast.com\/wordpress\/plugins\/seo\/ -->\n<title>El nutricosm\u00e9tico que te ayuda a recuperar la capacidad mental<\/title>\n<meta name=\"description\" content=\"La neurobelleza\u00a0nace para cambiar recupera la capacidad mental y reconectar mente y cuerpo que act\u00fae desde el interior.\" \/>\n<meta name=\"robots\" content=\"index, follow, max-snippet:-1, max-image-preview:large, max-video-preview:-1\" \/>\n<link rel=\"canonical\" href=\"https:\/\/graziamagazine.com\/es\/articles\/el-nutricosmetico-que-te-ayuda-a-recuperar-la-capacidad-mental\/\" \/>\n<meta property=\"og:locale\" content=\"es_ES\" \/>\n<meta property=\"og:type\" content=\"article\" \/>\n<meta property=\"og:title\" content=\"El nutricosm\u00e9tico que te ayuda a recuperar la capacidad mental\" \/>\n<meta property=\"og:description\" content=\"La neurobelleza\u00a0nace para cambiar recupera la capacidad mental y reconectar mente y cuerpo que act\u00fae desde el interior.\" \/>\n<meta property=\"og:url\" content=\"https:\/\/graziamagazine.com\/es\/articles\/el-nutricosmetico-que-te-ayuda-a-recuperar-la-capacidad-mental\/\" \/>\n<meta property=\"og:site_name\" content=\"Grazia\" \/>\n<meta property=\"og:image\" content=\"https:\/\/graziamagazine.com\/es\/wp-content\/uploads\/sites\/12\/2025\/10\/630dae7c-0f81-417f-a45d-b6585d26cb1a_original-libre-aspect-ratio_default_0.jpg\" \/>\n\t<meta property=\"og:image:width\" content=\"1024\" \/>\n\t<meta property=\"og:image:height\" content=\"683\" \/>\n\t<meta property=\"og:image:type\" content=\"image\/jpeg\" \/>\n<meta name=\"twitter:card\" content=\"summary_large_image\" \/>\n<meta name=\"twitter:label1\" content=\"Est. reading time\" \/>\n\t<meta name=\"twitter:data1\" content=\"3 minutos\" \/>\n<script type=\"application\/ld+json\" class=\"yoast-schema-graph\">{\"@context\":\"https:\/\/schema.org\",\"@graph\":[{\"@type\":\"WebPage\",\"@id\":\"https:\/\/graziamagazine.com\/es\/articles\/el-nutricosmetico-que-te-ayuda-a-recuperar-la-capacidad-mental\/\",\"url\":\"https:\/\/graziamagazine.com\/es\/articles\/el-nutricosmetico-que-te-ayuda-a-recuperar-la-capacidad-mental\/\",\"name\":\"El nutricosm\u00e9tico que te ayuda a recuperar la capacidad mental\",\"isPartOf\":{\"@id\":\"https:\/\/graziamagazine.com\/es\/#website\"},\"datePublished\":\"2025-10-30T13:41:35+00:00\",\"dateModified\":\"2025-10-30T13:41:35+00:00\",\"description\":\"La neurobelleza\u00a0nace para cambiar recupera la capacidad mental y reconectar mente y cuerpo que act\u00fae desde el interior.\",\"breadcrumb\":{\"@id\":\"https:\/\/graziamagazine.com\/es\/articles\/el-nutricosmetico-que-te-ayuda-a-recuperar-la-capacidad-mental\/#breadcrumb\"},\"inLanguage\":\"es\",\"potentialAction\":[{\"@type\":\"ReadAction\",\"target\":[\"https:\/\/graziamagazine.com\/es\/articles\/el-nutricosmetico-que-te-ayuda-a-recuperar-la-capacidad-mental\/\"]}]},{\"@type\":\"BreadcrumbList\",\"@id\":\"https:\/\/graziamagazine.com\/es\/articles\/el-nutricosmetico-que-te-ayuda-a-recuperar-la-capacidad-mental\/#breadcrumb\",\"itemListElement\":[{\"@type\":\"ListItem\",\"position\":1,\"name\":\"Portada\",\"item\":\"https:\/\/graziamagazine.com\/es\/\"},{\"@type\":\"ListItem\",\"position\":2,\"name\":\"El nutricosm\u00e9tico que te ayuda a recuperar la capacidad mental\"}]},{\"@type\":\"WebSite\",\"@id\":\"https:\/\/graziamagazine.com\/es\/#website\",\"url\":\"https:\/\/graziamagazine.com\/es\/\",\"name\":\"Grazia\",\"description\":\"Moda, belleza, celebrities, estilo de vida...\",\"potentialAction\":[{\"@type\":\"SearchAction\",\"target\":{\"@type\":\"EntryPoint\",\"urlTemplate\":\"https:\/\/graziamagazine.com\/es\/?s={search_term_string}\"},\"query-input\":\"required name=search_term_string\"}],\"inLanguage\":\"es\"}]}<\/script>\n<!-- \/ Yoast SEO Premium plugin. -->","yoast_head_json":{"title":"El nutricosm\u00e9tico que te ayuda a recuperar la capacidad mental","description":"La neurobelleza\u00a0nace para cambiar recupera la capacidad mental y reconectar mente y cuerpo que act\u00fae desde el interior.","robots":{"index":"index","follow":"follow","max-snippet":"max-snippet:-1","max-image-preview":"max-image-preview:large","max-video-preview":"max-video-preview:-1"},"canonical":"https:\/\/graziamagazine.com\/es\/articles\/el-nutricosmetico-que-te-ayuda-a-recuperar-la-capacidad-mental\/","og_locale":"es_ES","og_type":"article","og_title":"El nutricosm\u00e9tico que te ayuda a recuperar la capacidad mental","og_description":"La neurobelleza\u00a0nace para cambiar recupera la capacidad mental y reconectar mente y cuerpo que act\u00fae desde el interior.","og_url":"https:\/\/graziamagazine.com\/es\/articles\/el-nutricosmetico-que-te-ayuda-a-recuperar-la-capacidad-mental\/","og_site_name":"Grazia","og_image":[{"width":1024,"height":683,"url":"https:\/\/graziamagazine.com\/es\/wp-content\/uploads\/sites\/12\/2025\/10\/630dae7c-0f81-417f-a45d-b6585d26cb1a_original-libre-aspect-ratio_default_0.jpg","type":"image\/jpeg"}],"twitter_card":"summary_large_image","twitter_misc":{"Est. reading time":"3 minutos"},"schema":{"@context":"https:\/\/schema.org","@graph":[{"@type":"WebPage","@id":"https:\/\/graziamagazine.com\/es\/articles\/el-nutricosmetico-que-te-ayuda-a-recuperar-la-capacidad-mental\/","url":"https:\/\/graziamagazine.com\/es\/articles\/el-nutricosmetico-que-te-ayuda-a-recuperar-la-capacidad-mental\/","name":"El nutricosm\u00e9tico que te ayuda a recuperar la capacidad mental","isPartOf":{"@id":"https:\/\/graziamagazine.com\/es\/#website"},"datePublished":"2025-10-30T13:41:35+00:00","dateModified":"2025-10-30T13:41:35+00:00","description":"La neurobelleza\u00a0nace para cambiar recupera la capacidad mental y reconectar mente y cuerpo que act\u00fae desde el interior.","breadcrumb":{"@id":"https:\/\/graziamagazine.com\/es\/articles\/el-nutricosmetico-que-te-ayuda-a-recuperar-la-capacidad-mental\/#breadcrumb"},"inLanguage":"es","potentialAction":[{"@type":"ReadAction","target":["https:\/\/graziamagazine.com\/es\/articles\/el-nutricosmetico-que-te-ayuda-a-recuperar-la-capacidad-mental\/"]}]},{"@type":"BreadcrumbList","@id":"https:\/\/graziamagazine.com\/es\/articles\/el-nutricosmetico-que-te-ayuda-a-recuperar-la-capacidad-mental\/#breadcrumb","itemListElement":[{"@type":"ListItem","position":1,"name":"Portada","item":"https:\/\/graziamagazine.com\/es\/"},{"@type":"ListItem","position":2,"name":"El nutricosm\u00e9tico que te ayuda a recuperar la capacidad mental"}]},{"@type":"WebSite","@id":"https:\/\/graziamagazine.com\/es\/#website","url":"https:\/\/graziamagazine.com\/es\/","name":"Grazia","description":"Moda, belleza, celebrities, estilo de vida...","potentialAction":[{"@type":"SearchAction","target":{"@type":"EntryPoint","urlTemplate":"https:\/\/graziamagazine.com\/es\/?s={search_term_string}"},"query-input":"required name=search_term_string"}],"inLanguage":"es"}]}},"jetpack_sharing_enabled":true,"distributor_meta":false,"distributor_terms":false,"distributor_media":false,"distributor_original_site_name":"Grazia","distributor_original_site_url":"https:\/\/graziamagazine.com\/es","push-errors":false,"_links":{"self":[{"href":"https:\/\/graziamagazine.com\/es\/wp-json\/wp\/v2\/articles\/189211"}],"collection":[{"href":"https:\/\/graziamagazine.com\/es\/wp-json\/wp\/v2\/articles"}],"about":[{"href":"https:\/\/graziamagazine.com\/es\/wp-json\/wp\/v2\/types\/articles"}],"author":[{"embeddable":true,"href":"https:\/\/graziamagazine.com\/es\/wp-json\/wp\/v2\/users\/11653"}],"wp:featuredmedia":[{"embeddable":true,"href":"https:\/\/graziamagazine.com\/es\/wp-json\/wp\/v2\/media\/189215"}],"wp:attachment":[{"href":"https:\/\/graziamagazine.com\/es\/wp-json\/wp\/v2\/media?parent=189211"}],"wp:term":[{"taxonomy":"category","embeddable":true,"href":"https:\/\/graziamagazine.com\/es\/wp-json\/wp\/v2\/categories?post=189211"}],"curies":[{"name":"wp","href":"https:\/\/api.w.org\/{rel}","templated":true}]}}