{"id":189129,"date":"2025-10-27T09:25:23","date_gmt":"2025-10-27T08:25:23","guid":{"rendered":"https:\/\/graziamagazine.com\/es\/?post_type=articles&#038;p=189129"},"modified":"2025-10-27T09:25:23","modified_gmt":"2025-10-27T08:25:23","slug":"las-claves-del-nuevo-bob-de-sydney-sweeney","status":"publish","type":"articles","link":"https:\/\/graziamagazine.com\/es\/articles\/las-claves-del-nuevo-bob-de-sydney-sweeney\/","title":{"rendered":"Las claves del nuevo bob de Sydney Sweeney"},"content":{"rendered":"<p>Cuando una estrella llega a una alfombra roja con un gesto estil\u00edstico que lo cambia todo, lo llamamos \u201cmomento de moda\u201d. Y lo que hizo Sydney Sweeney en la premiere de Christy durante el AFI Fest 2025 no fue solo un cambio de look: fue un manifiesto est\u00e9tico. Uno que dice que el nuevo corte <em>bob<\/em> \u2014en versi\u00f3n chin-length, con rubio \u201cbleached suede\u201d y ondas suaves\u2014 entra directo al podio de las <em>must-have<\/em> del invierno. Aqu\u00ed te cuento por qu\u00e9 y c\u00f3mo puedes adaptarlo con estilo.<\/p>\n<h3>\u00bfQu\u00e9 cambi\u00f3 exactamente?<\/h3>\n<p>Sydney apareci\u00f3 en Los \u00c1ngeles luciendo un <strong>bob hasta la l\u00ednea de la mand\u00edbula (chin-length)<\/strong>, muy pulido, con una tonalidad rubio claro-platino que el estilista Glen Coco Oropeza y el colorista Jacob Schwartz bautizaron como <em>\u201cbleached suede blonde\u201d<\/em>.<\/p>\n<p>El acabado: pulido espejo, ondas suaves en la ra\u00edz que marcan el contorno del rostro, y una simetr\u00eda casi escult\u00f3rica. De largo largo-melen\u00f3n a lado-b corte chic en un solo paso: as\u00ed de contundente es este movimiento.<\/p>\n<p><img decoding=\"async\" src=\"https:\/\/media.glamour.com\/photos\/68fe47b1d896c6cbe8f46045\/master\/w_2560%2Cc_limit\/2243363810\" alt=\"Image\" \/><\/p>\n<h3>\u00bfPor qu\u00e9 nos gusta?<\/h3>\n<ul>\n<li><strong>Renueva sin drama<\/strong>: no es un pixie ultra-zoom, pero el bob es suficiente cambio para que sientas que est\u00e1s Girasando visiblemente.<\/li>\n<li><strong>Elegancia autom\u00e1tica<\/strong>: corta hasta la mand\u00edbula, lo que pone el foco inmediato en el rostro, los ojos, las facciones. Ideal para destacar joyer\u00eda, maquillaje o abrigo de invierno.<\/li>\n<li><strong>Rubio como acento estacional<\/strong>: la tonalidad rubio claro-platino realza la luz en d\u00edas m\u00e1s cortos y combina con las paletas oto\u00f1ales\/invernales sin desentonar.<\/li>\n<li><strong>Glamour de alfombra-roja con actitud real<\/strong>: Sweeney no lleva este bob solo para sesi\u00f3n; lo aborda con vestido y actitud, lo que lo hace aspiracional.<\/li>\n<\/ul>\n<p><img decoding=\"async\" src=\"https:\/\/cdn.mos.cms.futurecdn.net\/VBcnFxJywYmzA3JXMpBe8h.jpg\" alt=\"Image\" \/><\/p>\n<h3>C\u00f3mo adaptar el bob al d\u00eda a d\u00eda<\/h3>\n<p><strong>1. Considera tu forma de rostro<\/strong><\/p>\n<ul>\n<li>Rostro alargado: pide un bob hasta la mand\u00edbula con volumen lateral m\u00ednimo.<\/li>\n<li>Rostro ovalado o redondo: la longitud justo debajo de la oreja ayuda a estilizar el cuello.<\/li>\n<li>Si tienes mucha textura o rizo natural: a\u00f1ade capas ligeras para que el bob no se aplaste.<\/li>\n<\/ul>\n<p><strong>2. Elige la tonalidad adecuada<\/strong><\/p>\n<ul>\n<li>Quer\u00edas rubio claro estilo Sweeney: aseg\u00farate de tener mantenimiento y protecci\u00f3n del cabello.<\/li>\n<li>Si prefieres algo menos comprometido: bob en rubio ceniza, caramelo o incluso casta\u00f1o profundo. El corte importa m\u00e1s que el color.<\/li>\n<\/ul>\n<p><strong>3. Estiliza con movimiento natural<\/strong><\/p>\n<ul>\n<li>Usa un producto de brillo ligero y un cepillo redondo alisando las puntas hacia dentro para recrear el gui\u00f1o retro-chic del bob.<\/li>\n<li>Si prefieres textura, unas ondas suaves (bucle de 2 cm) y abanico de laca ligera.<\/li>\n<\/ul>\n<p><strong>4. Mant\u00e9n el acabado impecable<\/strong><\/p>\n<ul>\n<li>Corte cada 8-10 semanas para conservar la l\u00ednea n\u00edtida.<\/li>\n<li>Mascarilla nutritiva semanal para mantener el color rubio y las puntas vivas.<\/li>\n<li>Spray protector t\u00e9rmico si usas herramientas calientes.<\/li>\n<\/ul>\n<p><strong>5. Acomp\u00e1\u00f1alo con tu look de invierno<\/strong><\/p>\n<p>Este bob pide prendas que respiren elegancia: abrigo largo de lana, pendientes XL, labios intensos o un su\u00e9ter de cashmere limpio. Usa el cabello como marco del rostro, no como distracci\u00f3n.<\/p>\n<p><img decoding=\"async\" src=\"https:\/\/s.yimg.com\/ny\/api\/res\/1.2\/i.m3IT59Md.h2zWt3de3fQ--\/YXBwaWQ9aGlnaGxhbmRlcjt3PTk2MDtoPTEyNTA7Y2Y9d2VicA--\/https%3A\/\/media.zenfs.com\/en\/marie_claire_us_340\/36bbb2395229e7b190987fb1e3dd95b7\" alt=\"Image\" \/><\/p>\n<p>Cortar el largo no es renunciar al estilo; puede ser <strong>una declaraci\u00f3n de modernidad<\/strong>. El bob de Sydney Sweeney esta temporada revive algo de glamour cl\u00e1sico \u2014Hollywood vintage, l\u00edneas definidas, rubio luminoso\u2014 y lo mezcla con la actitud de hoy. Si te apetece cambiar, este corte puede ser tu punto de partida. Porque un nuevo largo tambi\u00e9n puede significar una nueva versi\u00f3n de ti.<\/p>\n<p><em>*Im\u00e1genes: Getty Images<\/em><\/p>\n","protected":false},"author":11653,"featured_media":189130,"template":"","format":"standard","categories":[13],"acf":[],"yoast_head":"<!-- This site is optimized with the Yoast SEO Premium plugin v18.5 (Yoast SEO v20.4) - https:\/\/yoast.com\/wordpress\/plugins\/seo\/ -->\n<title>Las claves del nuevo bob de Sydney Sweeney<\/title>\n<meta name=\"description\" content=\"La actriz sorprendi\u00f3 este fin de semana con un nuevo look en la premiere de Christy durante el AFI Fest 2025 en Hollywood.\" \/>\n<meta name=\"robots\" content=\"index, follow, max-snippet:-1, max-image-preview:large, max-video-preview:-1\" \/>\n<link rel=\"canonical\" href=\"https:\/\/graziamagazine.com\/es\/articles\/las-claves-del-nuevo-bob-de-sydney-sweeney\/\" \/>\n<meta property=\"og:locale\" content=\"es_ES\" \/>\n<meta property=\"og:type\" content=\"article\" \/>\n<meta property=\"og:title\" content=\"Las claves del nuevo bob de Sydney Sweeney\" \/>\n<meta property=\"og:description\" content=\"La actriz sorprendi\u00f3 este fin de semana con un nuevo look en la premiere de Christy durante el AFI Fest 2025 en Hollywood.\" \/>\n<meta property=\"og:url\" content=\"https:\/\/graziamagazine.com\/es\/articles\/las-claves-del-nuevo-bob-de-sydney-sweeney\/\" \/>\n<meta property=\"og:site_name\" content=\"Grazia\" \/>\n<meta property=\"og:image\" content=\"https:\/\/graziamagazine.com\/es\/wp-content\/uploads\/sites\/12\/2025\/10\/68fdee448664b.jpeg\" \/>\n\t<meta property=\"og:image:width\" content=\"1980\" \/>\n\t<meta property=\"og:image:height\" content=\"1320\" \/>\n\t<meta property=\"og:image:type\" content=\"image\/jpeg\" \/>\n<meta name=\"twitter:card\" content=\"summary_large_image\" \/>\n<meta name=\"twitter:label1\" content=\"Est. reading time\" \/>\n\t<meta name=\"twitter:data1\" content=\"4 minutos\" \/>\n<script type=\"application\/ld+json\" class=\"yoast-schema-graph\">{\"@context\":\"https:\/\/schema.org\",\"@graph\":[{\"@type\":\"WebPage\",\"@id\":\"https:\/\/graziamagazine.com\/es\/articles\/las-claves-del-nuevo-bob-de-sydney-sweeney\/\",\"url\":\"https:\/\/graziamagazine.com\/es\/articles\/las-claves-del-nuevo-bob-de-sydney-sweeney\/\",\"name\":\"Las claves del nuevo bob de Sydney Sweeney\",\"isPartOf\":{\"@id\":\"https:\/\/graziamagazine.com\/es\/#website\"},\"datePublished\":\"2025-10-27T08:25:23+00:00\",\"dateModified\":\"2025-10-27T08:25:23+00:00\",\"description\":\"La actriz sorprendi\u00f3 este fin de semana con un nuevo look en la premiere de Christy durante el AFI Fest 2025 en Hollywood.\",\"breadcrumb\":{\"@id\":\"https:\/\/graziamagazine.com\/es\/articles\/las-claves-del-nuevo-bob-de-sydney-sweeney\/#breadcrumb\"},\"inLanguage\":\"es\",\"potentialAction\":[{\"@type\":\"ReadAction\",\"target\":[\"https:\/\/graziamagazine.com\/es\/articles\/las-claves-del-nuevo-bob-de-sydney-sweeney\/\"]}]},{\"@type\":\"BreadcrumbList\",\"@id\":\"https:\/\/graziamagazine.com\/es\/articles\/las-claves-del-nuevo-bob-de-sydney-sweeney\/#breadcrumb\",\"itemListElement\":[{\"@type\":\"ListItem\",\"position\":1,\"name\":\"Portada\",\"item\":\"https:\/\/graziamagazine.com\/es\/\"},{\"@type\":\"ListItem\",\"position\":2,\"name\":\"Las claves del nuevo bob de Sydney Sweeney\"}]},{\"@type\":\"WebSite\",\"@id\":\"https:\/\/graziamagazine.com\/es\/#website\",\"url\":\"https:\/\/graziamagazine.com\/es\/\",\"name\":\"Grazia\",\"description\":\"Moda, belleza, celebrities, estilo de vida...\",\"potentialAction\":[{\"@type\":\"SearchAction\",\"target\":{\"@type\":\"EntryPoint\",\"urlTemplate\":\"https:\/\/graziamagazine.com\/es\/?s={search_term_string}\"},\"query-input\":\"required name=search_term_string\"}],\"inLanguage\":\"es\"}]}<\/script>\n<!-- \/ Yoast SEO Premium plugin. -->","yoast_head_json":{"title":"Las claves del nuevo bob de Sydney Sweeney","description":"La actriz sorprendi\u00f3 este fin de semana con un nuevo look en la premiere de Christy durante el AFI Fest 2025 en Hollywood.","robots":{"index":"index","follow":"follow","max-snippet":"max-snippet:-1","max-image-preview":"max-image-preview:large","max-video-preview":"max-video-preview:-1"},"canonical":"https:\/\/graziamagazine.com\/es\/articles\/las-claves-del-nuevo-bob-de-sydney-sweeney\/","og_locale":"es_ES","og_type":"article","og_title":"Las claves del nuevo bob de Sydney Sweeney","og_description":"La actriz sorprendi\u00f3 este fin de semana con un nuevo look en la premiere de Christy durante el AFI Fest 2025 en Hollywood.","og_url":"https:\/\/graziamagazine.com\/es\/articles\/las-claves-del-nuevo-bob-de-sydney-sweeney\/","og_site_name":"Grazia","og_image":[{"width":1980,"height":1320,"url":"https:\/\/graziamagazine.com\/es\/wp-content\/uploads\/sites\/12\/2025\/10\/68fdee448664b.jpeg","type":"image\/jpeg"}],"twitter_card":"summary_large_image","twitter_misc":{"Est. reading time":"4 minutos"},"schema":{"@context":"https:\/\/schema.org","@graph":[{"@type":"WebPage","@id":"https:\/\/graziamagazine.com\/es\/articles\/las-claves-del-nuevo-bob-de-sydney-sweeney\/","url":"https:\/\/graziamagazine.com\/es\/articles\/las-claves-del-nuevo-bob-de-sydney-sweeney\/","name":"Las claves del nuevo bob de Sydney Sweeney","isPartOf":{"@id":"https:\/\/graziamagazine.com\/es\/#website"},"datePublished":"2025-10-27T08:25:23+00:00","dateModified":"2025-10-27T08:25:23+00:00","description":"La actriz sorprendi\u00f3 este fin de semana con un nuevo look en la premiere de Christy durante el AFI Fest 2025 en Hollywood.","breadcrumb":{"@id":"https:\/\/graziamagazine.com\/es\/articles\/las-claves-del-nuevo-bob-de-sydney-sweeney\/#breadcrumb"},"inLanguage":"es","potentialAction":[{"@type":"ReadAction","target":["https:\/\/graziamagazine.com\/es\/articles\/las-claves-del-nuevo-bob-de-sydney-sweeney\/"]}]},{"@type":"BreadcrumbList","@id":"https:\/\/graziamagazine.com\/es\/articles\/las-claves-del-nuevo-bob-de-sydney-sweeney\/#breadcrumb","itemListElement":[{"@type":"ListItem","position":1,"name":"Portada","item":"https:\/\/graziamagazine.com\/es\/"},{"@type":"ListItem","position":2,"name":"Las claves del nuevo bob de Sydney Sweeney"}]},{"@type":"WebSite","@id":"https:\/\/graziamagazine.com\/es\/#website","url":"https:\/\/graziamagazine.com\/es\/","name":"Grazia","description":"Moda, belleza, celebrities, estilo de vida...","potentialAction":[{"@type":"SearchAction","target":{"@type":"EntryPoint","urlTemplate":"https:\/\/graziamagazine.com\/es\/?s={search_term_string}"},"query-input":"required name=search_term_string"}],"inLanguage":"es"}]}},"jetpack_sharing_enabled":true,"distributor_meta":false,"distributor_terms":false,"distributor_media":false,"distributor_original_site_name":"Grazia","distributor_original_site_url":"https:\/\/graziamagazine.com\/es","push-errors":false,"_links":{"self":[{"href":"https:\/\/graziamagazine.com\/es\/wp-json\/wp\/v2\/articles\/189129"}],"collection":[{"href":"https:\/\/graziamagazine.com\/es\/wp-json\/wp\/v2\/articles"}],"about":[{"href":"https:\/\/graziamagazine.com\/es\/wp-json\/wp\/v2\/types\/articles"}],"author":[{"embeddable":true,"href":"https:\/\/graziamagazine.com\/es\/wp-json\/wp\/v2\/users\/11653"}],"wp:featuredmedia":[{"embeddable":true,"href":"https:\/\/graziamagazine.com\/es\/wp-json\/wp\/v2\/media\/189130"}],"wp:attachment":[{"href":"https:\/\/graziamagazine.com\/es\/wp-json\/wp\/v2\/media?parent=189129"}],"wp:term":[{"taxonomy":"category","embeddable":true,"href":"https:\/\/graziamagazine.com\/es\/wp-json\/wp\/v2\/categories?post=189129"}],"curies":[{"name":"wp","href":"https:\/\/api.w.org\/{rel}","templated":true}]}}