{"id":189034,"date":"2025-10-23T17:01:29","date_gmt":"2025-10-23T15:01:29","guid":{"rendered":"https:\/\/graziamagazine.com\/es\/?post_type=articles&#038;p=189034"},"modified":"2025-10-23T17:07:30","modified_gmt":"2025-10-23T15:07:30","slug":"granate-el-tono-que-se-corona-como-must-de-temporada","status":"publish","type":"articles","link":"https:\/\/graziamagazine.com\/es\/articles\/granate-el-tono-que-se-corona-como-must-de-temporada\/","title":{"rendered":"Granate: el tono que se corona como must de temporada"},"content":{"rendered":"<p>La moda es un idioma visual, y cada nueva temporada trae consigo un matiz que marca el discurso. Este oto\u00f1o-invierno, ese matiz es el <strong>granate<\/strong> \u2014tambi\u00e9n conocido como burdeos, vino, borgo\u00f1a\u2014. Lejos de ser un simple \u201crojo m\u00e1s\u201d, se presenta como un neutro sofisticado, c\u00e1lido y con car\u00e1cter. Lo vimos en las pasarelas, lo encontramos en el street style y ahora es el tono que merece un lugar en tu armario, tu feed y tu vida real.<\/p>\n<h3>\u00bfPor qu\u00e9 el granate se impone?<\/h3>\n<ul>\n<li>Transmite elegancia sin esfuerzo: Su tonalidad, situada entre el rojo profundo y el p\u00farpura, resulta menos agresiva que un rojo vivo y m\u00e1s ricamente estructurada que un neutro cl\u00e1sico.<\/li>\n<li>Evoca calidez y sofisticaci\u00f3n: En estaciones fr\u00edas, buscamos confort sin perder estilo; el granate cumple ambos requisitos.<\/li>\n<li>Alto impacto y f\u00e1cil de combinar: Tal como apunta <em>Vogue Espa\u00f1a<\/em>, \u201cm\u00e1s suave y f\u00e1cil de llevar que el rojo vivo, pero m\u00e1s impactante que el negro o el marr\u00f3n\u201d.<\/li>\n<li>Apoyo masivo en pasarelas y calles: Gucci, Ferragamo, Khaite, entre otros, hanlotado la gama vino en colecciones oto\u00f1o-invierno, y el street style lo respalda.<\/li>\n<\/ul>\n<p><img decoding=\"async\" src=\"https:\/\/hips.hearstapps.com\/hmg-prod\/images\/burgundy-colour-trend-66daed0ee8834.jpg\" alt=\"Image\" \/><\/p>\n<h3>C\u00f3mo llevar el granate con estilo<\/h3>\n<p><strong>Red total look<\/strong><\/p>\n<p>Pi\u00e9nsalo como el nuevo \u201cnegro\u201d. Un vestido midi granate, botas altas del mismo tono y abrigo a juego ofrecen un efecto monocrom\u00e1tico de impacto.<\/p>\n<p><strong>Accento sutil<\/strong><\/p>\n<p>Si prefieres reservarlo para detalles, apuesta por accesorios \u2014bolso baguette, cintur\u00f3n, botas\u2014 que contrasten con un fondo neutro (beige, gris, marfil).<\/p>\n<p><strong>Combinaciones sofisticadas<\/strong>:<\/p>\n<ul>\n<li style=\"list-style-type: none\">\n<ul>\n<li>Granate + beige \/ camel \u2192 calidez y suavidad.<\/li>\n<li>Granate + azul noche \u2192 contraste elegante, perfecto para la noche.<\/li>\n<li>Granate + met\u00e1lico dorado \u2192 lujo y ambiente de evento sin recurrir al negro.<\/li>\n<\/ul>\n<\/li>\n<\/ul>\n<p><img decoding=\"async\" src=\"https:\/\/www.instyle.com\/thmb\/JfelgSRK7GTHVcuBO_I1CVYY100%3D\/1500x0\/filters%3Ano_upscale%28%29%3Amax_bytes%28150000%29%3Astrip_icc%28%29\/GettyImages-2201966613-0aee19d51b2c4d12afe6c15fee49acde.jpg\" alt=\"Image\" \/><\/p>\n<p><strong>Texturas y materiales<\/strong><\/p>\n<p>En piel estructurada, lana gruesa o seda fluida, este color se adapta. Una chaqueta de piel granate o una blusa satinada pueden ser piezas clave.<\/p>\n<p><strong>Maquillaje a juego<\/strong><\/p>\n<p>No solo prendas. Labial borgo\u00f1a, manicura granate o sombra p\u00farpura suave pueden sumarse al resto del look, reforzando el tono sin saturar.<\/p>\n<h3>lo que necesitas para un total look<\/h3>\n<p>Un blazer o abrigo en tono granate es la puerta de entrada ideal. Bajo filtro Ruth Mart\u00edn: que tenga silueta definida, ca\u00edda elegante y un corte que pueda convivir con traje, vaquero o vestido. Esa dualidad (oficina y afterhours) lo convierte en \u201cla compra que vale\u201d.<\/p>\n<p><strong>Para el exterior<\/strong><\/p>\n<p>Abrigo Teddy Bear Icon de alpaca y lana, de Max Mara, sobre base de seda y de corte ancho (<a href=\"https:\/\/es.maxmara.com\/p-1016055206019-tedgirl-cereza\" target=\"_blank\">2.209 euros en la web de Max Mara Espa\u00f1a<\/a>)<\/p>\n<p><img loading=\"lazy\" decoding=\"async\" class=\"aligncenter size-full wp-image-189040\" src=\"https:\/\/graziamagazine.com\/es\/wp-content\/uploads\/sites\/12\/2025\/10\/1016055206019-w-tedgirl-copia.jpg\" alt=\"\" width=\"1920\" height=\"2560\" srcset=\"https:\/\/graziamagazine.com\/es\/wp-content\/uploads\/sites\/12\/2025\/10\/1016055206019-w-tedgirl-copia.jpg 1920w, https:\/\/graziamagazine.com\/es\/wp-content\/uploads\/sites\/12\/2025\/10\/1016055206019-w-tedgirl-copia-225x300.jpg 225w, https:\/\/graziamagazine.com\/es\/wp-content\/uploads\/sites\/12\/2025\/10\/1016055206019-w-tedgirl-copia-768x1024.jpg 768w, https:\/\/graziamagazine.com\/es\/wp-content\/uploads\/sites\/12\/2025\/10\/1016055206019-w-tedgirl-copia-1152x1536.jpg 1152w, https:\/\/graziamagazine.com\/es\/wp-content\/uploads\/sites\/12\/2025\/10\/1016055206019-w-tedgirl-copia-1536x2048.jpg 1536w, https:\/\/graziamagazine.com\/es\/wp-content\/uploads\/sites\/12\/2025\/10\/1016055206019-w-tedgirl-copia-400x533.jpg 400w, https:\/\/graziamagazine.com\/es\/wp-content\/uploads\/sites\/12\/2025\/10\/1016055206019-w-tedgirl-copia-155x207.jpg 155w\" sizes=\"(max-width: 1920px) 100vw, 1920px\" \/><\/p>\n<p>Anorak efecto brillante water repellent, de Zara (<a href=\"https:\/\/www.zara.com\/es\/es\/anorak-efecto-brillante-water-repellent-windproof-p06318022.html?v1=494220732\" target=\"_blank\">59,95 euros<\/a>)<\/p>\n<p><img loading=\"lazy\" decoding=\"async\" class=\"aligncenter size-full wp-image-189041\" src=\"https:\/\/graziamagazine.com\/es\/wp-content\/uploads\/sites\/12\/2025\/10\/Captura-de-pantalla-2025-10-23-a-las-14.00.56.png\" alt=\"\" width=\"944\" height=\"1000\" srcset=\"https:\/\/graziamagazine.com\/es\/wp-content\/uploads\/sites\/12\/2025\/10\/Captura-de-pantalla-2025-10-23-a-las-14.00.56.png 944w, https:\/\/graziamagazine.com\/es\/wp-content\/uploads\/sites\/12\/2025\/10\/Captura-de-pantalla-2025-10-23-a-las-14.00.56-283x300.png 283w, https:\/\/graziamagazine.com\/es\/wp-content\/uploads\/sites\/12\/2025\/10\/Captura-de-pantalla-2025-10-23-a-las-14.00.56-768x814.png 768w, https:\/\/graziamagazine.com\/es\/wp-content\/uploads\/sites\/12\/2025\/10\/Captura-de-pantalla-2025-10-23-a-las-14.00.56-400x424.png 400w, https:\/\/graziamagazine.com\/es\/wp-content\/uploads\/sites\/12\/2025\/10\/Captura-de-pantalla-2025-10-23-a-las-14.00.56-155x164.png 155w\" sizes=\"(max-width: 944px) 100vw, 944px\" \/><\/p>\n<p>Chaqueta corta de piel de napa, de Massimo Dutti (<a href=\"https:\/\/www.massimodutti.com\/es\/chaqueta-corta-piel-napa-l04747597?cS=606&amp;srsltid=AfmBOoowuH8aJaeERAGyJfwojbfdWlsSWq15vhQclJyiUJT7Gs7DjCDiMt0\" target=\"_blank\">249 euros<\/a>)<\/p>\n<p><img loading=\"lazy\" decoding=\"async\" class=\"aligncenter size-full wp-image-189047\" src=\"https:\/\/graziamagazine.com\/es\/wp-content\/uploads\/sites\/12\/2025\/10\/Captura-de-pantalla-2025-10-23-a-las-16.35.49.png\" alt=\"\" width=\"1064\" height=\"952\" srcset=\"https:\/\/graziamagazine.com\/es\/wp-content\/uploads\/sites\/12\/2025\/10\/Captura-de-pantalla-2025-10-23-a-las-16.35.49.png 1064w, https:\/\/graziamagazine.com\/es\/wp-content\/uploads\/sites\/12\/2025\/10\/Captura-de-pantalla-2025-10-23-a-las-16.35.49-300x268.png 300w, https:\/\/graziamagazine.com\/es\/wp-content\/uploads\/sites\/12\/2025\/10\/Captura-de-pantalla-2025-10-23-a-las-16.35.49-1024x916.png 1024w, https:\/\/graziamagazine.com\/es\/wp-content\/uploads\/sites\/12\/2025\/10\/Captura-de-pantalla-2025-10-23-a-las-16.35.49-768x687.png 768w, https:\/\/graziamagazine.com\/es\/wp-content\/uploads\/sites\/12\/2025\/10\/Captura-de-pantalla-2025-10-23-a-las-16.35.49-400x358.png 400w, https:\/\/graziamagazine.com\/es\/wp-content\/uploads\/sites\/12\/2025\/10\/Captura-de-pantalla-2025-10-23-a-las-16.35.49-155x139.png 155w\" sizes=\"(max-width: 1064px) 100vw, 1064px\" \/><\/p>\n<p><strong>Para el interior<\/strong><\/p>\n<div class=\"MuiBox-root mui-latin-unpxae\">\n<p class=\"MuiTypography-root MuiTypography-headline-s DS-Typography mui-latin-1w4hih8\" data-testid=\"fashion-product-title\">Conjunto de top y c\u00e1rdigan de Dior, en punto de cachemira y seda en color morado ciruela (<a href=\"https:\/\/www.dior.com\/es_es\/fashion\/products\/514W14A1000_X3780\" target=\"_blank\">3.500 euros en la web de Dior Espa\u00f1a<\/a>)<\/p>\n<p data-testid=\"fashion-product-title\"><img loading=\"lazy\" decoding=\"async\" class=\"aligncenter size-full wp-image-189038\" src=\"https:\/\/graziamagazine.com\/es\/wp-content\/uploads\/sites\/12\/2025\/10\/514W14A1000X3780_E01-1-copia-e1761220079284.jpg\" alt=\"\" width=\"1403\" height=\"1271\" srcset=\"https:\/\/graziamagazine.com\/es\/wp-content\/uploads\/sites\/12\/2025\/10\/514W14A1000X3780_E01-1-copia-e1761220079284.jpg 1403w, https:\/\/graziamagazine.com\/es\/wp-content\/uploads\/sites\/12\/2025\/10\/514W14A1000X3780_E01-1-copia-e1761220079284-300x272.jpg 300w, https:\/\/graziamagazine.com\/es\/wp-content\/uploads\/sites\/12\/2025\/10\/514W14A1000X3780_E01-1-copia-e1761220079284-1024x928.jpg 1024w, https:\/\/graziamagazine.com\/es\/wp-content\/uploads\/sites\/12\/2025\/10\/514W14A1000X3780_E01-1-copia-e1761220079284-768x696.jpg 768w, https:\/\/graziamagazine.com\/es\/wp-content\/uploads\/sites\/12\/2025\/10\/514W14A1000X3780_E01-1-copia-e1761220079284-400x362.jpg 400w, https:\/\/graziamagazine.com\/es\/wp-content\/uploads\/sites\/12\/2025\/10\/514W14A1000X3780_E01-1-copia-e1761220079284-155x140.jpg 155w\" sizes=\"(max-width: 1403px) 100vw, 1403px\" \/><\/p>\n<\/div>\n<div class=\"MuiBox-root mui-latin-unpxae\">\n<p class=\"MuiTypography-root MuiTypography-headline-s DS-Typography mui-latin-1w4hih8\" data-testid=\"fashion-product-title\">Falda acampanada de largo medio de Dior, en lana y seda ligera y morado ciruela (<a href=\"https:\/\/www.dior.com\/es_es\/fashion\/products\/521J05A1166_X3780?objectID=521J05A1166_X3780&amp;query=ciruela&amp;queryID=daaa434a28d74474b07252474a510473\" target=\"_blank\">3.800 euros en la web de Dior Espa\u00f1a<\/a>)<\/p>\n<p data-testid=\"fashion-product-title\"><img loading=\"lazy\" decoding=\"async\" class=\"aligncenter size-full wp-image-189039\" src=\"https:\/\/graziamagazine.com\/es\/wp-content\/uploads\/sites\/12\/2025\/10\/Captura-de-pantalla-2025-10-23-a-las-13.50.02.png\" alt=\"\" width=\"1038\" height=\"1102\" srcset=\"https:\/\/graziamagazine.com\/es\/wp-content\/uploads\/sites\/12\/2025\/10\/Captura-de-pantalla-2025-10-23-a-las-13.50.02.png 1038w, https:\/\/graziamagazine.com\/es\/wp-content\/uploads\/sites\/12\/2025\/10\/Captura-de-pantalla-2025-10-23-a-las-13.50.02-283x300.png 283w, https:\/\/graziamagazine.com\/es\/wp-content\/uploads\/sites\/12\/2025\/10\/Captura-de-pantalla-2025-10-23-a-las-13.50.02-965x1024.png 965w, https:\/\/graziamagazine.com\/es\/wp-content\/uploads\/sites\/12\/2025\/10\/Captura-de-pantalla-2025-10-23-a-las-13.50.02-768x815.png 768w, https:\/\/graziamagazine.com\/es\/wp-content\/uploads\/sites\/12\/2025\/10\/Captura-de-pantalla-2025-10-23-a-las-13.50.02-400x425.png 400w, https:\/\/graziamagazine.com\/es\/wp-content\/uploads\/sites\/12\/2025\/10\/Captura-de-pantalla-2025-10-23-a-las-13.50.02-155x165.png 155w\" sizes=\"(max-width: 1038px) 100vw, 1038px\" \/><\/p>\n<p data-testid=\"fashion-product-title\">Mono ancho con cintur\u00f3n, de Zara (<a href=\"https:\/\/www.zara.com\/es\/es\/mono-ancho-cinturon-p00387157.html?v1=468331311\" target=\"_blank\">45,95 euros<\/a>)<\/p>\n<p data-testid=\"fashion-product-title\"><img loading=\"lazy\" decoding=\"async\" class=\"aligncenter size-full wp-image-189042\" src=\"https:\/\/graziamagazine.com\/es\/wp-content\/uploads\/sites\/12\/2025\/10\/Captura-de-pantalla-2025-10-23-a-las-14.18.45.png\" alt=\"\" width=\"886\" height=\"1234\" srcset=\"https:\/\/graziamagazine.com\/es\/wp-content\/uploads\/sites\/12\/2025\/10\/Captura-de-pantalla-2025-10-23-a-las-14.18.45.png 886w, https:\/\/graziamagazine.com\/es\/wp-content\/uploads\/sites\/12\/2025\/10\/Captura-de-pantalla-2025-10-23-a-las-14.18.45-215x300.png 215w, https:\/\/graziamagazine.com\/es\/wp-content\/uploads\/sites\/12\/2025\/10\/Captura-de-pantalla-2025-10-23-a-las-14.18.45-735x1024.png 735w, https:\/\/graziamagazine.com\/es\/wp-content\/uploads\/sites\/12\/2025\/10\/Captura-de-pantalla-2025-10-23-a-las-14.18.45-768x1070.png 768w, https:\/\/graziamagazine.com\/es\/wp-content\/uploads\/sites\/12\/2025\/10\/Captura-de-pantalla-2025-10-23-a-las-14.18.45-400x557.png 400w, https:\/\/graziamagazine.com\/es\/wp-content\/uploads\/sites\/12\/2025\/10\/Captura-de-pantalla-2025-10-23-a-las-14.18.45-155x215.png 155w\" sizes=\"(max-width: 886px) 100vw, 886px\" \/><\/p>\n<\/div>\n<p class=\"pdp__info__header__name\">Body tipo camisa de terciopelo, de Max Mara (<a href=\"https:\/\/es.maxmara.com\/p-1116035306006-fertile-cereza\" target=\"_blank\">485 euros en la web de la firma<\/a>)<\/p>\n<div><img loading=\"lazy\" decoding=\"async\" class=\"aligncenter size-full wp-image-189045\" src=\"https:\/\/graziamagazine.com\/es\/wp-content\/uploads\/sites\/12\/2025\/10\/Captura-de-pantalla-2025-10-23-a-las-14.22.41.png\" alt=\"\" width=\"1020\" height=\"1006\" srcset=\"https:\/\/graziamagazine.com\/es\/wp-content\/uploads\/sites\/12\/2025\/10\/Captura-de-pantalla-2025-10-23-a-las-14.22.41.png 1020w, https:\/\/graziamagazine.com\/es\/wp-content\/uploads\/sites\/12\/2025\/10\/Captura-de-pantalla-2025-10-23-a-las-14.22.41-300x296.png 300w, https:\/\/graziamagazine.com\/es\/wp-content\/uploads\/sites\/12\/2025\/10\/Captura-de-pantalla-2025-10-23-a-las-14.22.41-768x757.png 768w, https:\/\/graziamagazine.com\/es\/wp-content\/uploads\/sites\/12\/2025\/10\/Captura-de-pantalla-2025-10-23-a-las-14.22.41-400x395.png 400w, https:\/\/graziamagazine.com\/es\/wp-content\/uploads\/sites\/12\/2025\/10\/Captura-de-pantalla-2025-10-23-a-las-14.22.41-155x153.png 155w\" sizes=\"(max-width: 1020px) 100vw, 1020px\" \/><\/div>\n<div><\/div>\n<p>Pantalones anchos de pinzas, de SPORTMAX (<a href=\"https:\/\/es.sportmax.com\/p-sp2136025206003-quito-wine-coloured?_gl=1*1jj0o9o*_up*MQ..*_gs*MQ..&amp;gclid=CjwKCAjwpOfHBhAxEiwAm1SwEnOhSMkTMYerSOwG9qEX664X8XNQpFGgrDptH-UKsX0BZeAxxBFAOBoCiEIQAvD_BwE&amp;gclsrc=aw.ds&amp;gbraid=0AAAAADRQ818z_1V-RXzRbMapTA3hOI4tI\" target=\"_blank\">519 euros en la web de la marca<\/a>)<\/p>\n<p><img loading=\"lazy\" decoding=\"async\" class=\"aligncenter size-full wp-image-189050\" src=\"https:\/\/graziamagazine.com\/es\/wp-content\/uploads\/sites\/12\/2025\/10\/Captura-de-pantalla-2025-10-23-a-las-16.45.32.png\" alt=\"\" width=\"750\" height=\"1006\" srcset=\"https:\/\/graziamagazine.com\/es\/wp-content\/uploads\/sites\/12\/2025\/10\/Captura-de-pantalla-2025-10-23-a-las-16.45.32.png 750w, https:\/\/graziamagazine.com\/es\/wp-content\/uploads\/sites\/12\/2025\/10\/Captura-de-pantalla-2025-10-23-a-las-16.45.32-224x300.png 224w, https:\/\/graziamagazine.com\/es\/wp-content\/uploads\/sites\/12\/2025\/10\/Captura-de-pantalla-2025-10-23-a-las-16.45.32-400x537.png 400w, https:\/\/graziamagazine.com\/es\/wp-content\/uploads\/sites\/12\/2025\/10\/Captura-de-pantalla-2025-10-23-a-las-16.45.32-155x208.png 155w\" sizes=\"(max-width: 750px) 100vw, 750px\" \/><\/p>\n<div><\/div>\n<p><strong>Los complementos<\/strong><\/p>\n<p>Gafas de sol rectangulares en acetato con el anagrama Loewe dorado en la patilla (<a href=\"https:\/\/www.loewe.com\/eur\/es\/variacion?pid=G736270X18-7110&amp;dwvar_G736270X18-7110_Shared_size=null&amp;country=ES&amp;lang=es&amp;utm_source=google&amp;utm_medium=cpc&amp;utm_campaign=LOEWEMODA_FLG_ESP_PERFORMANCEMAX_OTH_OTHER_ON-GOING_EC_PEMA_GPMA_CRD_SPA_EUR_NAPP_&amp;utm_id=22868211810&amp;gad_source=1&amp;gad_campaignid=22877978815&amp;gbraid=0AAAAADsErF3ayqoV3ZzIGpSC4OJRDzMxK&amp;gclid=CjwKCAjwpOfHBhAxEiwAm1SwEgb1rTr_0NdbxtMBnZXu4NYInVeg299pTQNJTteKKnfpFmZLgjt42RoCtpAQAvD_BwE\" target=\"_blank\">350 euros en su web<\/a>)<\/p>\n<div><img loading=\"lazy\" decoding=\"async\" class=\"aligncenter size-full wp-image-189044\" src=\"https:\/\/graziamagazine.com\/es\/wp-content\/uploads\/sites\/12\/2025\/10\/Captura-de-pantalla-2025-10-23-a-las-15.14.04.png\" alt=\"\" width=\"822\" height=\"396\" srcset=\"https:\/\/graziamagazine.com\/es\/wp-content\/uploads\/sites\/12\/2025\/10\/Captura-de-pantalla-2025-10-23-a-las-15.14.04.png 822w, https:\/\/graziamagazine.com\/es\/wp-content\/uploads\/sites\/12\/2025\/10\/Captura-de-pantalla-2025-10-23-a-las-15.14.04-300x145.png 300w, https:\/\/graziamagazine.com\/es\/wp-content\/uploads\/sites\/12\/2025\/10\/Captura-de-pantalla-2025-10-23-a-las-15.14.04-768x370.png 768w, https:\/\/graziamagazine.com\/es\/wp-content\/uploads\/sites\/12\/2025\/10\/Captura-de-pantalla-2025-10-23-a-las-15.14.04-400x193.png 400w, https:\/\/graziamagazine.com\/es\/wp-content\/uploads\/sites\/12\/2025\/10\/Captura-de-pantalla-2025-10-23-a-las-15.14.04-155x75.png 155w\" sizes=\"(max-width: 822px) 100vw, 822px\" \/><\/div>\n<div class=\"product-labels pdp__info__header__collection\"><\/div>\n<p>Manoplas de tejido Teddy de alpaca y lana, con cord\u00f3n extra\u00edble para llevarlas colgadas, de Max Mara (<a href=\"https:\/\/es.maxmara.com\/p-4566065206019-ombrato-rojo-viola\" target=\"_blank\">169 euros<\/a>)<\/p>\n<section class=\"pdp__details--description\"><img loading=\"lazy\" decoding=\"async\" class=\"aligncenter size-full wp-image-189048\" src=\"https:\/\/graziamagazine.com\/es\/wp-content\/uploads\/sites\/12\/2025\/10\/Captura-de-pantalla-2025-10-23-a-las-16.36.30.png\" alt=\"\" width=\"1036\" height=\"792\" srcset=\"https:\/\/graziamagazine.com\/es\/wp-content\/uploads\/sites\/12\/2025\/10\/Captura-de-pantalla-2025-10-23-a-las-16.36.30.png 1036w, https:\/\/graziamagazine.com\/es\/wp-content\/uploads\/sites\/12\/2025\/10\/Captura-de-pantalla-2025-10-23-a-las-16.36.30-300x229.png 300w, https:\/\/graziamagazine.com\/es\/wp-content\/uploads\/sites\/12\/2025\/10\/Captura-de-pantalla-2025-10-23-a-las-16.36.30-1024x783.png 1024w, https:\/\/graziamagazine.com\/es\/wp-content\/uploads\/sites\/12\/2025\/10\/Captura-de-pantalla-2025-10-23-a-las-16.36.30-768x587.png 768w, https:\/\/graziamagazine.com\/es\/wp-content\/uploads\/sites\/12\/2025\/10\/Captura-de-pantalla-2025-10-23-a-las-16.36.30-400x306.png 400w, https:\/\/graziamagazine.com\/es\/wp-content\/uploads\/sites\/12\/2025\/10\/Captura-de-pantalla-2025-10-23-a-las-16.36.30-155x118.png 155w\" sizes=\"(max-width: 1036px) 100vw, 1036px\" \/><\/section>\n<p class=\"MuiTypography-root MuiTypography-headline-s DS-Typography mui-latin-1w4hih8\" data-testid=\"fashion-product-title\">Bolso mediano D-Journey de piel de becerro lisa vintage, de Dior (<a href=\"https:\/\/www.dior.com\/es_es\/fashion\/products\/M2417UBUQ_M42R\" target=\"_blank\">3.900 euros en la web de Dior Espa\u00f1a<\/a>)<\/p>\n<p><img loading=\"lazy\" decoding=\"async\" class=\"aligncenter size-full wp-image-189046\" src=\"https:\/\/graziamagazine.com\/es\/wp-content\/uploads\/sites\/12\/2025\/10\/M2417UBUQM42R_E03-copia.jpg\" alt=\"\" width=\"1440\" height=\"1557\" srcset=\"https:\/\/graziamagazine.com\/es\/wp-content\/uploads\/sites\/12\/2025\/10\/M2417UBUQM42R_E03-copia.jpg 1440w, https:\/\/graziamagazine.com\/es\/wp-content\/uploads\/sites\/12\/2025\/10\/M2417UBUQM42R_E03-copia-277x300.jpg 277w, https:\/\/graziamagazine.com\/es\/wp-content\/uploads\/sites\/12\/2025\/10\/M2417UBUQM42R_E03-copia-947x1024.jpg 947w, https:\/\/graziamagazine.com\/es\/wp-content\/uploads\/sites\/12\/2025\/10\/M2417UBUQM42R_E03-copia-768x830.jpg 768w, https:\/\/graziamagazine.com\/es\/wp-content\/uploads\/sites\/12\/2025\/10\/M2417UBUQM42R_E03-copia-1421x1536.jpg 1421w, https:\/\/graziamagazine.com\/es\/wp-content\/uploads\/sites\/12\/2025\/10\/M2417UBUQM42R_E03-copia-400x433.jpg 400w, https:\/\/graziamagazine.com\/es\/wp-content\/uploads\/sites\/12\/2025\/10\/M2417UBUQM42R_E03-copia-155x168.jpg 155w\" sizes=\"(max-width: 1440px) 100vw, 1440px\" \/><\/p>\n<p class=\"ProductDetail_title__Go9C2 textHeadingL_className__KQ29Z\">Bota tac\u00f3n textura, de Mango (<a href=\"https:\/\/shop.mango.com\/es\/es\/p\/mujer\/zapatos\/botas-y-botines\/bota-tacon-textura_17069095?c=78&amp;talla=39&amp;utm_source=google&amp;utm_medium=cpc&amp;utm_campaign=PMAX+-+1WOMAN+-+ES&amp;utm_campaignid=20419413598&amp;utm_content=&amp;gclsrc=aw.ds&amp;gad_source=1&amp;gad_campaignid=19965630159&amp;gbraid=0AAAAADpcxJiqe01xEJ7d6IcCN58rbLRAD&amp;gclid=CjwKCAjwpOfHBhAxEiwAm1SwEnbTW26GDtKChMABkbQbC3OOKReryPjxpTdC9t7YvFU9iZ_1gKUqWhoCJtQQAvD_BwE\" target=\"_blank\">89,99 euros exclusivo en la web de la marca<\/a>)<\/p>\n<p><img loading=\"lazy\" decoding=\"async\" class=\"aligncenter size-full wp-image-189049\" src=\"https:\/\/graziamagazine.com\/es\/wp-content\/uploads\/sites\/12\/2025\/10\/Captura-de-pantalla-2025-10-23-a-las-16.42.01.png\" alt=\"\" width=\"768\" height=\"1084\" srcset=\"https:\/\/graziamagazine.com\/es\/wp-content\/uploads\/sites\/12\/2025\/10\/Captura-de-pantalla-2025-10-23-a-las-16.42.01.png 768w, https:\/\/graziamagazine.com\/es\/wp-content\/uploads\/sites\/12\/2025\/10\/Captura-de-pantalla-2025-10-23-a-las-16.42.01-213x300.png 213w, https:\/\/graziamagazine.com\/es\/wp-content\/uploads\/sites\/12\/2025\/10\/Captura-de-pantalla-2025-10-23-a-las-16.42.01-725x1024.png 725w, https:\/\/graziamagazine.com\/es\/wp-content\/uploads\/sites\/12\/2025\/10\/Captura-de-pantalla-2025-10-23-a-las-16.42.01-400x565.png 400w, https:\/\/graziamagazine.com\/es\/wp-content\/uploads\/sites\/12\/2025\/10\/Captura-de-pantalla-2025-10-23-a-las-16.42.01-152x215.png 152w\" sizes=\"(max-width: 768px) 100vw, 768px\" \/><\/p>\n<p><strong>Los cosm\u00e9ticos<\/strong><\/p>\n<p class=\"pdp-details__breadcrumb\">Sombra de Ojos Diorshow 5 Couleurs en edici\u00f3n limitada de Navidad (<a href=\"https:\/\/www.dior.com\/es_es\/beauty\/products\/diorshow-5-couleurs---edicion-limitada-Y1000065.html\" target=\"_blank\">72 euros en la web de Dior Espa\u00f1a<\/a>)<\/p>\n<p><img loading=\"lazy\" decoding=\"async\" class=\"aligncenter size-full wp-image-189051\" src=\"https:\/\/graziamagazine.com\/es\/wp-content\/uploads\/sites\/12\/2025\/10\/Captura-de-pantalla-2025-10-23-a-las-16.49.43.png\" alt=\"\" width=\"838\" height=\"678\" srcset=\"https:\/\/graziamagazine.com\/es\/wp-content\/uploads\/sites\/12\/2025\/10\/Captura-de-pantalla-2025-10-23-a-las-16.49.43.png 838w, https:\/\/graziamagazine.com\/es\/wp-content\/uploads\/sites\/12\/2025\/10\/Captura-de-pantalla-2025-10-23-a-las-16.49.43-300x243.png 300w, https:\/\/graziamagazine.com\/es\/wp-content\/uploads\/sites\/12\/2025\/10\/Captura-de-pantalla-2025-10-23-a-las-16.49.43-768x621.png 768w, https:\/\/graziamagazine.com\/es\/wp-content\/uploads\/sites\/12\/2025\/10\/Captura-de-pantalla-2025-10-23-a-las-16.49.43-400x324.png 400w, https:\/\/graziamagazine.com\/es\/wp-content\/uploads\/sites\/12\/2025\/10\/Captura-de-pantalla-2025-10-23-a-las-16.49.43-155x125.png 155w\" sizes=\"(max-width: 838px) 100vw, 838px\" \/><\/p>\n<p>Lip Oil Balm con efecto labios beb\u00e9, de Clarins (<a href=\"https:\/\/www.clarins.es\/lip-oil-balm\/80106562.html?utm_source=google&amp;utm_medium=cpc&amp;utm_campaign=pla&amp;utm_term=80106562&amp;utm_content=Novedades&amp;utm_content=nonbrand&amp;gad_source=1&amp;gad_campaignid=18824361017&amp;gbraid=0AAAAADOVqfYrkubIRUaK5SG4b9XeJNeDN&amp;gclid=CjwKCAjwpOfHBhAxEiwAm1SwEoz27eHFx7cH110YBrMDD9skw0wDthaJHt4pwQ1-W8ei0CSZOR5BNhoCMcMQAvD_BwE\" target=\"_blank\">ahora 20,47 euros en la web de Clarins<\/a>)<\/p>\n<p><img loading=\"lazy\" decoding=\"async\" class=\"aligncenter size-full wp-image-189052\" src=\"https:\/\/graziamagazine.com\/es\/wp-content\/uploads\/sites\/12\/2025\/10\/Captura-de-pantalla-2025-10-23-a-las-16.59.15.png\" alt=\"\" width=\"834\" height=\"758\" srcset=\"https:\/\/graziamagazine.com\/es\/wp-content\/uploads\/sites\/12\/2025\/10\/Captura-de-pantalla-2025-10-23-a-las-16.59.15.png 834w, https:\/\/graziamagazine.com\/es\/wp-content\/uploads\/sites\/12\/2025\/10\/Captura-de-pantalla-2025-10-23-a-las-16.59.15-300x273.png 300w, https:\/\/graziamagazine.com\/es\/wp-content\/uploads\/sites\/12\/2025\/10\/Captura-de-pantalla-2025-10-23-a-las-16.59.15-768x698.png 768w, https:\/\/graziamagazine.com\/es\/wp-content\/uploads\/sites\/12\/2025\/10\/Captura-de-pantalla-2025-10-23-a-las-16.59.15-400x364.png 400w, https:\/\/graziamagazine.com\/es\/wp-content\/uploads\/sites\/12\/2025\/10\/Captura-de-pantalla-2025-10-23-a-las-16.59.15-155x141.png 155w\" sizes=\"(max-width: 834px) 100vw, 834px\" \/><\/p>\n<div><\/div>\n<p>Por supuesto no pod\u00eda faltar la manicura granate en este total look, y una buena opci\u00f3n son las lacas de u\u00f1as de <strong>Vitry<\/strong>, la firma francesa <span data-olk-copy-source=\"MessageBody\">experta en manicura y pedicura desde 1795, concretamente los tonos Imp\u00e9rial y Charleston, de su gama BE GREEN, compuestas por hasta un 84% de origen natural. De venta exclusiva en farmacias y parafarmacias, su precio recomendado es de 7,50 euros (la unidad).<br \/>\n<\/span><\/p>\n<p><img loading=\"lazy\" decoding=\"async\" class=\"aligncenter size-full wp-image-189043\" src=\"https:\/\/graziamagazine.com\/es\/wp-content\/uploads\/sites\/12\/2025\/10\/444ed00b-19ce-8415-60ec-c57439d2da62-e1761224875957.jpg\" alt=\"\" width=\"692\" height=\"513\" srcset=\"https:\/\/graziamagazine.com\/es\/wp-content\/uploads\/sites\/12\/2025\/10\/444ed00b-19ce-8415-60ec-c57439d2da62-e1761224875957.jpg 692w, https:\/\/graziamagazine.com\/es\/wp-content\/uploads\/sites\/12\/2025\/10\/444ed00b-19ce-8415-60ec-c57439d2da62-e1761224875957-300x222.jpg 300w, https:\/\/graziamagazine.com\/es\/wp-content\/uploads\/sites\/12\/2025\/10\/444ed00b-19ce-8415-60ec-c57439d2da62-e1761224875957-400x297.jpg 400w, https:\/\/graziamagazine.com\/es\/wp-content\/uploads\/sites\/12\/2025\/10\/444ed00b-19ce-8415-60ec-c57439d2da62-e1761224875957-155x115.jpg 155w\" sizes=\"(max-width: 692px) 100vw, 692px\" \/><\/p>\n<p>El granate no llega como modismo pasajero. Es un tono que entiende los matices del estilo contempor\u00e1neo: sofisticaci\u00f3n contenida, permanencia est\u00e9tica, capacidad de reinventar sin estridencias. Este oto\u00f1o, vestir granate no es seguir la tendencia: es hacerla tuya.<\/p>\n<p><em>*Im\u00e1genes: Getty Images y cortes\u00eda<\/em><\/p>\n","protected":false},"author":11653,"featured_media":189036,"template":"","format":"standard","categories":[1],"acf":[],"yoast_head":"<!-- This site is optimized with the Yoast SEO Premium plugin v18.5 (Yoast SEO v20.4) - https:\/\/yoast.com\/wordpress\/plugins\/seo\/ -->\n<title>Granate: el tono que se corona como must de temporada<\/title>\n<meta name=\"description\" content=\"Tambi\u00e9n conocido como burdeos, vino, borgo\u00f1a, lejos de ser un \u201crojo m\u00e1s\u201d, se presenta como un neutro sofisticado, c\u00e1lido y con car\u00e1cter.\" \/>\n<meta name=\"robots\" content=\"index, follow, max-snippet:-1, max-image-preview:large, max-video-preview:-1\" \/>\n<link rel=\"canonical\" href=\"https:\/\/graziamagazine.com\/es\/articles\/granate-el-tono-que-se-corona-como-must-de-temporada\/\" \/>\n<meta property=\"og:locale\" content=\"es_ES\" \/>\n<meta property=\"og:type\" content=\"article\" \/>\n<meta property=\"og:title\" content=\"Granate: el tono que se corona como must de temporada\" \/>\n<meta property=\"og:description\" content=\"Tambi\u00e9n conocido como burdeos, vino, borgo\u00f1a, lejos de ser un \u201crojo m\u00e1s\u201d, se presenta como un neutro sofisticado, c\u00e1lido y con car\u00e1cter.\" \/>\n<meta property=\"og:url\" content=\"https:\/\/graziamagazine.com\/es\/articles\/granate-el-tono-que-se-corona-como-must-de-temporada\/\" \/>\n<meta property=\"og:site_name\" content=\"Grazia\" \/>\n<meta property=\"article:modified_time\" content=\"2025-10-23T15:07:30+00:00\" \/>\n<meta property=\"og:image\" content=\"https:\/\/graziamagazine.com\/es\/wp-content\/uploads\/sites\/12\/2025\/10\/nina-sandbech-wears-burgundy-jacket-sourceunknown-wide-leg-news-photo-1730807630-copia-1-e1761218521278.jpg\" \/>\n\t<meta property=\"og:image:width\" content=\"658\" \/>\n\t<meta property=\"og:image:height\" content=\"448\" \/>\n\t<meta property=\"og:image:type\" content=\"image\/jpeg\" \/>\n<meta name=\"twitter:card\" content=\"summary_large_image\" \/>\n<meta name=\"twitter:label1\" content=\"Est. reading time\" \/>\n\t<meta name=\"twitter:data1\" content=\"7 minutos\" \/>\n<script type=\"application\/ld+json\" class=\"yoast-schema-graph\">{\"@context\":\"https:\/\/schema.org\",\"@graph\":[{\"@type\":\"WebPage\",\"@id\":\"https:\/\/graziamagazine.com\/es\/articles\/granate-el-tono-que-se-corona-como-must-de-temporada\/\",\"url\":\"https:\/\/graziamagazine.com\/es\/articles\/granate-el-tono-que-se-corona-como-must-de-temporada\/\",\"name\":\"Granate: el tono que se corona como must de temporada\",\"isPartOf\":{\"@id\":\"https:\/\/graziamagazine.com\/es\/#website\"},\"datePublished\":\"2025-10-23T15:01:29+00:00\",\"dateModified\":\"2025-10-23T15:07:30+00:00\",\"description\":\"Tambi\u00e9n conocido como burdeos, vino, borgo\u00f1a, lejos de ser un \u201crojo m\u00e1s\u201d, se presenta como un neutro sofisticado, c\u00e1lido y con car\u00e1cter.\",\"breadcrumb\":{\"@id\":\"https:\/\/graziamagazine.com\/es\/articles\/granate-el-tono-que-se-corona-como-must-de-temporada\/#breadcrumb\"},\"inLanguage\":\"es\",\"potentialAction\":[{\"@type\":\"ReadAction\",\"target\":[\"https:\/\/graziamagazine.com\/es\/articles\/granate-el-tono-que-se-corona-como-must-de-temporada\/\"]}]},{\"@type\":\"BreadcrumbList\",\"@id\":\"https:\/\/graziamagazine.com\/es\/articles\/granate-el-tono-que-se-corona-como-must-de-temporada\/#breadcrumb\",\"itemListElement\":[{\"@type\":\"ListItem\",\"position\":1,\"name\":\"Portada\",\"item\":\"https:\/\/graziamagazine.com\/es\/\"},{\"@type\":\"ListItem\",\"position\":2,\"name\":\"Granate: el tono que se corona como must de temporada\"}]},{\"@type\":\"WebSite\",\"@id\":\"https:\/\/graziamagazine.com\/es\/#website\",\"url\":\"https:\/\/graziamagazine.com\/es\/\",\"name\":\"Grazia\",\"description\":\"Moda, belleza, celebrities, estilo de vida...\",\"potentialAction\":[{\"@type\":\"SearchAction\",\"target\":{\"@type\":\"EntryPoint\",\"urlTemplate\":\"https:\/\/graziamagazine.com\/es\/?s={search_term_string}\"},\"query-input\":\"required name=search_term_string\"}],\"inLanguage\":\"es\"}]}<\/script>\n<!-- \/ Yoast SEO Premium plugin. -->","yoast_head_json":{"title":"Granate: el tono que se corona como must de temporada","description":"Tambi\u00e9n conocido como burdeos, vino, borgo\u00f1a, lejos de ser un \u201crojo m\u00e1s\u201d, se presenta como un neutro sofisticado, c\u00e1lido y con car\u00e1cter.","robots":{"index":"index","follow":"follow","max-snippet":"max-snippet:-1","max-image-preview":"max-image-preview:large","max-video-preview":"max-video-preview:-1"},"canonical":"https:\/\/graziamagazine.com\/es\/articles\/granate-el-tono-que-se-corona-como-must-de-temporada\/","og_locale":"es_ES","og_type":"article","og_title":"Granate: el tono que se corona como must de temporada","og_description":"Tambi\u00e9n conocido como burdeos, vino, borgo\u00f1a, lejos de ser un \u201crojo m\u00e1s\u201d, se presenta como un neutro sofisticado, c\u00e1lido y con car\u00e1cter.","og_url":"https:\/\/graziamagazine.com\/es\/articles\/granate-el-tono-que-se-corona-como-must-de-temporada\/","og_site_name":"Grazia","article_modified_time":"2025-10-23T15:07:30+00:00","og_image":[{"width":658,"height":448,"url":"https:\/\/graziamagazine.com\/es\/wp-content\/uploads\/sites\/12\/2025\/10\/nina-sandbech-wears-burgundy-jacket-sourceunknown-wide-leg-news-photo-1730807630-copia-1-e1761218521278.jpg","type":"image\/jpeg"}],"twitter_card":"summary_large_image","twitter_misc":{"Est. reading time":"7 minutos"},"schema":{"@context":"https:\/\/schema.org","@graph":[{"@type":"WebPage","@id":"https:\/\/graziamagazine.com\/es\/articles\/granate-el-tono-que-se-corona-como-must-de-temporada\/","url":"https:\/\/graziamagazine.com\/es\/articles\/granate-el-tono-que-se-corona-como-must-de-temporada\/","name":"Granate: el tono que se corona como must de temporada","isPartOf":{"@id":"https:\/\/graziamagazine.com\/es\/#website"},"datePublished":"2025-10-23T15:01:29+00:00","dateModified":"2025-10-23T15:07:30+00:00","description":"Tambi\u00e9n conocido como burdeos, vino, borgo\u00f1a, lejos de ser un \u201crojo m\u00e1s\u201d, se presenta como un neutro sofisticado, c\u00e1lido y con car\u00e1cter.","breadcrumb":{"@id":"https:\/\/graziamagazine.com\/es\/articles\/granate-el-tono-que-se-corona-como-must-de-temporada\/#breadcrumb"},"inLanguage":"es","potentialAction":[{"@type":"ReadAction","target":["https:\/\/graziamagazine.com\/es\/articles\/granate-el-tono-que-se-corona-como-must-de-temporada\/"]}]},{"@type":"BreadcrumbList","@id":"https:\/\/graziamagazine.com\/es\/articles\/granate-el-tono-que-se-corona-como-must-de-temporada\/#breadcrumb","itemListElement":[{"@type":"ListItem","position":1,"name":"Portada","item":"https:\/\/graziamagazine.com\/es\/"},{"@type":"ListItem","position":2,"name":"Granate: el tono que se corona como must de temporada"}]},{"@type":"WebSite","@id":"https:\/\/graziamagazine.com\/es\/#website","url":"https:\/\/graziamagazine.com\/es\/","name":"Grazia","description":"Moda, belleza, celebrities, estilo de vida...","potentialAction":[{"@type":"SearchAction","target":{"@type":"EntryPoint","urlTemplate":"https:\/\/graziamagazine.com\/es\/?s={search_term_string}"},"query-input":"required name=search_term_string"}],"inLanguage":"es"}]}},"jetpack_sharing_enabled":true,"distributor_meta":false,"distributor_terms":false,"distributor_media":false,"distributor_original_site_name":"Grazia","distributor_original_site_url":"https:\/\/graziamagazine.com\/es","push-errors":false,"_links":{"self":[{"href":"https:\/\/graziamagazine.com\/es\/wp-json\/wp\/v2\/articles\/189034"}],"collection":[{"href":"https:\/\/graziamagazine.com\/es\/wp-json\/wp\/v2\/articles"}],"about":[{"href":"https:\/\/graziamagazine.com\/es\/wp-json\/wp\/v2\/types\/articles"}],"author":[{"embeddable":true,"href":"https:\/\/graziamagazine.com\/es\/wp-json\/wp\/v2\/users\/11653"}],"wp:featuredmedia":[{"embeddable":true,"href":"https:\/\/graziamagazine.com\/es\/wp-json\/wp\/v2\/media\/189036"}],"wp:attachment":[{"href":"https:\/\/graziamagazine.com\/es\/wp-json\/wp\/v2\/media?parent=189034"}],"wp:term":[{"taxonomy":"category","embeddable":true,"href":"https:\/\/graziamagazine.com\/es\/wp-json\/wp\/v2\/categories?post=189034"}],"curies":[{"name":"wp","href":"https:\/\/api.w.org\/{rel}","templated":true}]}}