{"id":188982,"date":"2025-10-22T10:52:52","date_gmt":"2025-10-22T08:52:52","guid":{"rendered":"https:\/\/graziamagazine.com\/es\/?post_type=articles&#038;p=188982"},"modified":"2025-10-22T10:52:52","modified_gmt":"2025-10-22T08:52:52","slug":"mocasines-soft-5-ideas-para-lucir-el-hit-de-la-temporada","status":"publish","type":"articles","link":"https:\/\/graziamagazine.com\/es\/articles\/mocasines-soft-5-ideas-para-lucir-el-hit-de-la-temporada\/","title":{"rendered":"Mocasines soft: 5 ideas para lucir el hit de la temporada"},"content":{"rendered":"<p><span style=\"font-weight: 400\">Esta temporada, nuestros pies tomar\u00e1n un merecido descanso de los tacones y zapatos m\u00e1s formales, para abrirle paso a un calzado lleno de comodidad y practicidad: los mocasines soft. Este modelo, que se distingue por su suela flexible, acabados en piel suave y dise\u00f1o sencillo, se ha convertido en el zapato m\u00e1s buscado de la temporada ya que da la sensaci\u00f3n de caminar sobre una nube.<\/span><\/p>\n<p><span style=\"font-weight: 400\">Los mocasines siempre han sido un cl\u00e1sico de esta \u00e9poca del a\u00f1o, pero esta nueva versi\u00f3n llega con un aire mucho m\u00e1s relajado, ideal para el ritmo acelerado de la ciudad, y vienen generalmente en colores neutros como negro, beige y camel. Lo interesante es que estos zapatos logran moverse entre lo formal y lo casual con una naturalidad sorprendente.<\/span><\/p>\n<p><img loading=\"lazy\" decoding=\"async\" class=\"aligncenter size-full wp-image-188985\" src=\"https:\/\/graziamagazine.com\/es\/wp-content\/uploads\/sites\/12\/2025\/10\/GettyImages-2228691331-copia.jpg\" alt=\"\" width=\"1600\" height=\"2400\" srcset=\"https:\/\/graziamagazine.com\/es\/wp-content\/uploads\/sites\/12\/2025\/10\/GettyImages-2228691331-copia.jpg 1600w, https:\/\/graziamagazine.com\/es\/wp-content\/uploads\/sites\/12\/2025\/10\/GettyImages-2228691331-copia-200x300.jpg 200w, https:\/\/graziamagazine.com\/es\/wp-content\/uploads\/sites\/12\/2025\/10\/GettyImages-2228691331-copia-683x1024.jpg 683w, https:\/\/graziamagazine.com\/es\/wp-content\/uploads\/sites\/12\/2025\/10\/GettyImages-2228691331-copia-768x1152.jpg 768w, https:\/\/graziamagazine.com\/es\/wp-content\/uploads\/sites\/12\/2025\/10\/GettyImages-2228691331-copia-1024x1536.jpg 1024w, https:\/\/graziamagazine.com\/es\/wp-content\/uploads\/sites\/12\/2025\/10\/GettyImages-2228691331-copia-1365x2048.jpg 1365w, https:\/\/graziamagazine.com\/es\/wp-content\/uploads\/sites\/12\/2025\/10\/GettyImages-2228691331-copia-400x600.jpg 400w, https:\/\/graziamagazine.com\/es\/wp-content\/uploads\/sites\/12\/2025\/10\/GettyImages-2228691331-copia-143x215.jpg 143w\" sizes=\"(max-width: 1600px) 100vw, 1600px\" \/><\/p>\n<p><span style=\"font-weight: 400\">Para el d\u00eda a d\u00eda, los mocasines soft se llevan con jeans rectos y blazers oversized, creando un look chic perfecto para ir a trabajar. Para las noches, basta con combinarlos con un vestido midi o una falda satinada para transformarlos en protagonistas de un look m\u00e1s moderno.\u00a0<\/span><\/p>\n<p><span style=\"font-weight: 400\">Lo que los convierte en imprescindibles este oto\u00f1o es que pueden adaptarse a cualquier circunstancia y momento del d\u00eda ya que, cada vez m\u00e1s, ha quedado atr\u00e1s la idea de que la comodidad no puede ir de la mano con la moda, y los mocasines soft son el mejor ejemplo de que no es as\u00ed.<\/span><\/p>\n<h3>5 modelos para incluir en tu guardarropa de temporada<\/h3>\n<div class=\"MuiBox-root mui-latin-unpxae\">\n<p class=\"MuiTypography-root MuiTypography-headline-s DS-Typography mui-latin-1w4hih8\" data-testid=\"fashion-product-title\"><a href=\"https:\/\/www.dior.com\/es_es\/fashion\/products\/KDF038SKU_S900?objectID=KDF038SKU_S900&amp;query=mocasines&amp;queryID=d87402d8636a9856e99b8a465b7582ee\" target=\"_blank\"><strong>Mocas\u00edn DiorAlps Dior Boy (1.090 euros en la web de Dior)<\/strong><\/a><\/p>\n<div class=\"MuiBox-root mui-latin-15z0jav\"><img loading=\"lazy\" decoding=\"async\" class=\"aligncenter size-full wp-image-188988\" src=\"https:\/\/graziamagazine.com\/es\/wp-content\/uploads\/sites\/12\/2025\/10\/Captura-de-pantalla-2025-10-22-a-las-10.35.34.png\" alt=\"\" width=\"1170\" height=\"1040\" srcset=\"https:\/\/graziamagazine.com\/es\/wp-content\/uploads\/sites\/12\/2025\/10\/Captura-de-pantalla-2025-10-22-a-las-10.35.34.png 1170w, https:\/\/graziamagazine.com\/es\/wp-content\/uploads\/sites\/12\/2025\/10\/Captura-de-pantalla-2025-10-22-a-las-10.35.34-300x267.png 300w, https:\/\/graziamagazine.com\/es\/wp-content\/uploads\/sites\/12\/2025\/10\/Captura-de-pantalla-2025-10-22-a-las-10.35.34-1024x910.png 1024w, https:\/\/graziamagazine.com\/es\/wp-content\/uploads\/sites\/12\/2025\/10\/Captura-de-pantalla-2025-10-22-a-las-10.35.34-768x683.png 768w, https:\/\/graziamagazine.com\/es\/wp-content\/uploads\/sites\/12\/2025\/10\/Captura-de-pantalla-2025-10-22-a-las-10.35.34-400x356.png 400w, https:\/\/graziamagazine.com\/es\/wp-content\/uploads\/sites\/12\/2025\/10\/Captura-de-pantalla-2025-10-22-a-las-10.35.34-155x138.png 155w\" sizes=\"(max-width: 1170px) 100vw, 1170px\" \/><\/div>\n<\/div>\n<div><\/div>\n<div>\n<div class=\"product-detail-info__header\">\n<div class=\"product-detail-info__header-content\">\n<p class=\"product-detail-info__header-name\" data-qa-qualifier=\"product-detail-info-name\"><strong>Mocasines de piel Limited Edition, de Zara Studio (119 euros)\u00a0<\/strong><\/p>\n<\/div>\n<\/div>\n<\/div>\n<div><img loading=\"lazy\" decoding=\"async\" class=\"aligncenter size-full wp-image-188990\" src=\"https:\/\/graziamagazine.com\/es\/wp-content\/uploads\/sites\/12\/2025\/10\/Captura-de-pantalla-2025-10-22-a-las-10.45.21.png\" alt=\"\" width=\"934\" height=\"604\" srcset=\"https:\/\/graziamagazine.com\/es\/wp-content\/uploads\/sites\/12\/2025\/10\/Captura-de-pantalla-2025-10-22-a-las-10.45.21.png 934w, https:\/\/graziamagazine.com\/es\/wp-content\/uploads\/sites\/12\/2025\/10\/Captura-de-pantalla-2025-10-22-a-las-10.45.21-300x194.png 300w, https:\/\/graziamagazine.com\/es\/wp-content\/uploads\/sites\/12\/2025\/10\/Captura-de-pantalla-2025-10-22-a-las-10.45.21-768x497.png 768w, https:\/\/graziamagazine.com\/es\/wp-content\/uploads\/sites\/12\/2025\/10\/Captura-de-pantalla-2025-10-22-a-las-10.45.21-400x259.png 400w, https:\/\/graziamagazine.com\/es\/wp-content\/uploads\/sites\/12\/2025\/10\/Captura-de-pantalla-2025-10-22-a-las-10.45.21-155x100.png 155w\" sizes=\"(max-width: 934px) 100vw, 934px\" \/><\/div>\n<div><\/div>\n<div>\n<div class=\"bc8b52 bf1d90\">\n<p class=\"a52e1b a47b6d a7adae\"><a href=\"https:\/\/www2.hm.com\/es_es\/productpage.1304159001.html?utm_source=google&amp;utm_medium=cpc&amp;utm_campaign=mk_es|ln_spa|pl_google|ct_sh|bu_mens|kt_gen|bg_performance|cs_shopv2|adt_prospecting|sp_med|pi_esg06anu3aa214&amp;utm_term=&amp;gad_source=1&amp;gad_campaignid=13978517891&amp;gbraid=0AAAAADvrmzSHXh4k4m4ZqH-JVFjkLFBD_&amp;gclid=CjwKCAjwgeLHBhBuEiwAL5gNEWFTZfs0fLNvtfivMb_1QZnQFvg1uw5zVFAne94vfmRrB9pZOkJPiBoCaUcQAvD_BwE\" target=\"_blank\"><strong>Mocasines para casa con forro c\u00e1lido, de H&amp;M (29,99 euros)<\/strong><\/a><\/p>\n<p><img loading=\"lazy\" decoding=\"async\" class=\"aligncenter size-full wp-image-188989\" src=\"https:\/\/graziamagazine.com\/es\/wp-content\/uploads\/sites\/12\/2025\/10\/Captura-de-pantalla-2025-10-22-a-las-10.43.00.png\" alt=\"\" width=\"922\" height=\"506\" srcset=\"https:\/\/graziamagazine.com\/es\/wp-content\/uploads\/sites\/12\/2025\/10\/Captura-de-pantalla-2025-10-22-a-las-10.43.00.png 922w, https:\/\/graziamagazine.com\/es\/wp-content\/uploads\/sites\/12\/2025\/10\/Captura-de-pantalla-2025-10-22-a-las-10.43.00-300x165.png 300w, https:\/\/graziamagazine.com\/es\/wp-content\/uploads\/sites\/12\/2025\/10\/Captura-de-pantalla-2025-10-22-a-las-10.43.00-768x421.png 768w, https:\/\/graziamagazine.com\/es\/wp-content\/uploads\/sites\/12\/2025\/10\/Captura-de-pantalla-2025-10-22-a-las-10.43.00-400x220.png 400w, https:\/\/graziamagazine.com\/es\/wp-content\/uploads\/sites\/12\/2025\/10\/Captura-de-pantalla-2025-10-22-a-las-10.43.00-155x85.png 155w\" sizes=\"(max-width: 922px) 100vw, 922px\" \/><\/p>\n<\/div>\n<p class=\"b37b5e\" data-testid=\"color-selector-wrapper\"><strong><a href=\"https:\/\/www.pullandbear.com\/es\/mocasines-adornos-piel-l11419640?pelement=698305162&amp;cS=101&amp;utm_source=google&amp;utm_medium=cpc&amp;utm_campaign=PB_PER_Marca_GADS_ES_SHOPPING_MIX_MIX_UNISEX&amp;gclsrc=aw.ds&amp;gad_source=1&amp;gad_campaignid=21473209102&amp;gbraid=0AAAAADhGWSeLPrYB-ty4nzrzasUnW_yTg&amp;gclid=CjwKCAjwgeLHBhBuEiwAL5gNEWChApsbHmZblnowuYogawRbQBoNc9HC8nZmZgEWBRhIpcfnWAC2exoC4BQQAvD_BwE\" target=\"_blank\">Mocasines con adornos de piel, de Pull &amp; Bear (45,99 euros)<\/a><\/strong><\/p>\n<div data-testid=\"color-selector-wrapper\"><img loading=\"lazy\" decoding=\"async\" class=\"aligncenter size-full wp-image-188991\" src=\"https:\/\/graziamagazine.com\/es\/wp-content\/uploads\/sites\/12\/2025\/10\/Captura-de-pantalla-2025-10-22-a-las-10.49.36.png\" alt=\"\" width=\"702\" height=\"750\" srcset=\"https:\/\/graziamagazine.com\/es\/wp-content\/uploads\/sites\/12\/2025\/10\/Captura-de-pantalla-2025-10-22-a-las-10.49.36.png 702w, https:\/\/graziamagazine.com\/es\/wp-content\/uploads\/sites\/12\/2025\/10\/Captura-de-pantalla-2025-10-22-a-las-10.49.36-281x300.png 281w, https:\/\/graziamagazine.com\/es\/wp-content\/uploads\/sites\/12\/2025\/10\/Captura-de-pantalla-2025-10-22-a-las-10.49.36-400x427.png 400w, https:\/\/graziamagazine.com\/es\/wp-content\/uploads\/sites\/12\/2025\/10\/Captura-de-pantalla-2025-10-22-a-las-10.49.36-155x166.png 155w\" sizes=\"(max-width: 702px) 100vw, 702px\" \/><\/div>\n<\/div>\n<div class=\"MuiBox-root mui-latin-1xmjxen\">\n<div class=\"MuiBox-root mui-latin-gav99u\" title=\"Ante de piel de becerro negro\" role=\"alert\" aria-live=\"polite\" data-testid=\"fashion-product-subtitle\"><\/div>\n<\/div>\n<p><a href=\"https:\/\/www.zalando.es\/ugg-ansley-mocasines-chestnut-ug111d045-o11.html?ssku=UG111D045-O110006000&amp;lang=es&amp;otid=default&amp;wmc=SEM340_NB_GO._3922365855_680653101_35177162592.&amp;opc=2211&amp;mpp=google|v1||pla-297546631617||9197739||g|c||149809974124||pla|UG111D045-O110006000|297546631617|1|&amp;gclsrc=aw.ds&amp;gad_source=1&amp;gad_campaignid=680653101&amp;gbraid=0AAAAADM16e5SDTfDtQua4hBz9x1vdLJKJ&amp;gclid=CjwKCAjwgeLHBhBuEiwAL5gNETuOh3k4eSlSZV1hKjSSkD87yoLOLyHuHzQMgoSGcOfOeyZJCJ74vhoCfEIQAvD_BwE\" target=\"_blank\"><b>Mocasines Ansley, de UGG (124,95 euros en Zalando)<\/b><\/a><\/p>\n<p><img loading=\"lazy\" decoding=\"async\" class=\"aligncenter size-full wp-image-188992\" src=\"https:\/\/graziamagazine.com\/es\/wp-content\/uploads\/sites\/12\/2025\/10\/Captura-de-pantalla-2025-10-22-a-las-10.51.42.png\" alt=\"\" width=\"928\" height=\"496\" srcset=\"https:\/\/graziamagazine.com\/es\/wp-content\/uploads\/sites\/12\/2025\/10\/Captura-de-pantalla-2025-10-22-a-las-10.51.42.png 928w, https:\/\/graziamagazine.com\/es\/wp-content\/uploads\/sites\/12\/2025\/10\/Captura-de-pantalla-2025-10-22-a-las-10.51.42-300x160.png 300w, https:\/\/graziamagazine.com\/es\/wp-content\/uploads\/sites\/12\/2025\/10\/Captura-de-pantalla-2025-10-22-a-las-10.51.42-768x410.png 768w, https:\/\/graziamagazine.com\/es\/wp-content\/uploads\/sites\/12\/2025\/10\/Captura-de-pantalla-2025-10-22-a-las-10.51.42-400x214.png 400w, https:\/\/graziamagazine.com\/es\/wp-content\/uploads\/sites\/12\/2025\/10\/Captura-de-pantalla-2025-10-22-a-las-10.51.42-155x83.png 155w\" sizes=\"(max-width: 928px) 100vw, 928px\" \/><\/p>\n<p><em>*Im\u00e1genes: Getty Images y cortes\u00eda<\/em><\/p>\n<div class=\"row d-none d-md-block\">\n<div class=\"product-detail__header d-flex justify-content-between col-12\"><\/div>\n<\/div>\n","protected":false},"author":16349,"featured_media":188986,"template":"","format":"standard","categories":[1],"acf":[],"yoast_head":"<!-- This site is optimized with the Yoast SEO Premium plugin v18.5 (Yoast SEO v20.4) - https:\/\/yoast.com\/wordpress\/plugins\/seo\/ -->\n<title>Mocasines soft: 5 ideas para lucir el hit de la temporada<\/title>\n<meta name=\"description\" content=\"C\u00f3modos, estilosos y sobre todo s\u00faper calientes. Los mocasines de piel y pelo se convierten en una pieza clave en el armario oto\u00f1al.\" \/>\n<meta name=\"robots\" content=\"index, follow, max-snippet:-1, max-image-preview:large, max-video-preview:-1\" \/>\n<link rel=\"canonical\" href=\"https:\/\/graziamagazine.com\/es\/articles\/mocasines-soft-5-ideas-para-lucir-el-hit-de-la-temporada\/\" \/>\n<meta property=\"og:locale\" content=\"es_ES\" \/>\n<meta property=\"og:type\" content=\"article\" \/>\n<meta property=\"og:title\" content=\"Mocasines soft: 5 ideas para lucir el hit de la temporada\" \/>\n<meta property=\"og:description\" content=\"C\u00f3modos, estilosos y sobre todo s\u00faper calientes. Los mocasines de piel y pelo se convierten en una pieza clave en el armario oto\u00f1al.\" \/>\n<meta property=\"og:url\" content=\"https:\/\/graziamagazine.com\/es\/articles\/mocasines-soft-5-ideas-para-lucir-el-hit-de-la-temporada\/\" \/>\n<meta property=\"og:site_name\" content=\"Grazia\" \/>\n<meta property=\"og:image\" content=\"https:\/\/graziamagazine.com\/es\/wp-content\/uploads\/sites\/12\/2025\/10\/f.elconfidencial.com_original_7dc_3dd_a30_7dc3dda302e7076080395b008949f8a6.jpg\" \/>\n\t<meta property=\"og:image:width\" content=\"1200\" \/>\n\t<meta property=\"og:image:height\" content=\"900\" \/>\n\t<meta property=\"og:image:type\" content=\"image\/jpeg\" \/>\n<meta name=\"twitter:card\" content=\"summary_large_image\" \/>\n<meta name=\"twitter:label1\" content=\"Est. reading time\" \/>\n\t<meta name=\"twitter:data1\" content=\"3 minutos\" \/>\n<script type=\"application\/ld+json\" class=\"yoast-schema-graph\">{\"@context\":\"https:\/\/schema.org\",\"@graph\":[{\"@type\":\"WebPage\",\"@id\":\"https:\/\/graziamagazine.com\/es\/articles\/mocasines-soft-5-ideas-para-lucir-el-hit-de-la-temporada\/\",\"url\":\"https:\/\/graziamagazine.com\/es\/articles\/mocasines-soft-5-ideas-para-lucir-el-hit-de-la-temporada\/\",\"name\":\"Mocasines soft: 5 ideas para lucir el hit de la temporada\",\"isPartOf\":{\"@id\":\"https:\/\/graziamagazine.com\/es\/#website\"},\"datePublished\":\"2025-10-22T08:52:52+00:00\",\"dateModified\":\"2025-10-22T08:52:52+00:00\",\"description\":\"C\u00f3modos, estilosos y sobre todo s\u00faper calientes. Los mocasines de piel y pelo se convierten en una pieza clave en el armario oto\u00f1al.\",\"breadcrumb\":{\"@id\":\"https:\/\/graziamagazine.com\/es\/articles\/mocasines-soft-5-ideas-para-lucir-el-hit-de-la-temporada\/#breadcrumb\"},\"inLanguage\":\"es\",\"potentialAction\":[{\"@type\":\"ReadAction\",\"target\":[\"https:\/\/graziamagazine.com\/es\/articles\/mocasines-soft-5-ideas-para-lucir-el-hit-de-la-temporada\/\"]}]},{\"@type\":\"BreadcrumbList\",\"@id\":\"https:\/\/graziamagazine.com\/es\/articles\/mocasines-soft-5-ideas-para-lucir-el-hit-de-la-temporada\/#breadcrumb\",\"itemListElement\":[{\"@type\":\"ListItem\",\"position\":1,\"name\":\"Portada\",\"item\":\"https:\/\/graziamagazine.com\/es\/\"},{\"@type\":\"ListItem\",\"position\":2,\"name\":\"Mocasines soft: 5 ideas para lucir el hit de la temporada\"}]},{\"@type\":\"WebSite\",\"@id\":\"https:\/\/graziamagazine.com\/es\/#website\",\"url\":\"https:\/\/graziamagazine.com\/es\/\",\"name\":\"Grazia\",\"description\":\"Moda, belleza, celebrities, estilo de vida...\",\"potentialAction\":[{\"@type\":\"SearchAction\",\"target\":{\"@type\":\"EntryPoint\",\"urlTemplate\":\"https:\/\/graziamagazine.com\/es\/?s={search_term_string}\"},\"query-input\":\"required name=search_term_string\"}],\"inLanguage\":\"es\"}]}<\/script>\n<!-- \/ Yoast SEO Premium plugin. -->","yoast_head_json":{"title":"Mocasines soft: 5 ideas para lucir el hit de la temporada","description":"C\u00f3modos, estilosos y sobre todo s\u00faper calientes. Los mocasines de piel y pelo se convierten en una pieza clave en el armario oto\u00f1al.","robots":{"index":"index","follow":"follow","max-snippet":"max-snippet:-1","max-image-preview":"max-image-preview:large","max-video-preview":"max-video-preview:-1"},"canonical":"https:\/\/graziamagazine.com\/es\/articles\/mocasines-soft-5-ideas-para-lucir-el-hit-de-la-temporada\/","og_locale":"es_ES","og_type":"article","og_title":"Mocasines soft: 5 ideas para lucir el hit de la temporada","og_description":"C\u00f3modos, estilosos y sobre todo s\u00faper calientes. Los mocasines de piel y pelo se convierten en una pieza clave en el armario oto\u00f1al.","og_url":"https:\/\/graziamagazine.com\/es\/articles\/mocasines-soft-5-ideas-para-lucir-el-hit-de-la-temporada\/","og_site_name":"Grazia","og_image":[{"width":1200,"height":900,"url":"https:\/\/graziamagazine.com\/es\/wp-content\/uploads\/sites\/12\/2025\/10\/f.elconfidencial.com_original_7dc_3dd_a30_7dc3dda302e7076080395b008949f8a6.jpg","type":"image\/jpeg"}],"twitter_card":"summary_large_image","twitter_misc":{"Est. reading time":"3 minutos"},"schema":{"@context":"https:\/\/schema.org","@graph":[{"@type":"WebPage","@id":"https:\/\/graziamagazine.com\/es\/articles\/mocasines-soft-5-ideas-para-lucir-el-hit-de-la-temporada\/","url":"https:\/\/graziamagazine.com\/es\/articles\/mocasines-soft-5-ideas-para-lucir-el-hit-de-la-temporada\/","name":"Mocasines soft: 5 ideas para lucir el hit de la temporada","isPartOf":{"@id":"https:\/\/graziamagazine.com\/es\/#website"},"datePublished":"2025-10-22T08:52:52+00:00","dateModified":"2025-10-22T08:52:52+00:00","description":"C\u00f3modos, estilosos y sobre todo s\u00faper calientes. Los mocasines de piel y pelo se convierten en una pieza clave en el armario oto\u00f1al.","breadcrumb":{"@id":"https:\/\/graziamagazine.com\/es\/articles\/mocasines-soft-5-ideas-para-lucir-el-hit-de-la-temporada\/#breadcrumb"},"inLanguage":"es","potentialAction":[{"@type":"ReadAction","target":["https:\/\/graziamagazine.com\/es\/articles\/mocasines-soft-5-ideas-para-lucir-el-hit-de-la-temporada\/"]}]},{"@type":"BreadcrumbList","@id":"https:\/\/graziamagazine.com\/es\/articles\/mocasines-soft-5-ideas-para-lucir-el-hit-de-la-temporada\/#breadcrumb","itemListElement":[{"@type":"ListItem","position":1,"name":"Portada","item":"https:\/\/graziamagazine.com\/es\/"},{"@type":"ListItem","position":2,"name":"Mocasines soft: 5 ideas para lucir el hit de la temporada"}]},{"@type":"WebSite","@id":"https:\/\/graziamagazine.com\/es\/#website","url":"https:\/\/graziamagazine.com\/es\/","name":"Grazia","description":"Moda, belleza, celebrities, estilo de vida...","potentialAction":[{"@type":"SearchAction","target":{"@type":"EntryPoint","urlTemplate":"https:\/\/graziamagazine.com\/es\/?s={search_term_string}"},"query-input":"required name=search_term_string"}],"inLanguage":"es"}]}},"jetpack_sharing_enabled":true,"distributor_meta":false,"distributor_terms":false,"distributor_media":false,"distributor_original_site_name":"Grazia","distributor_original_site_url":"https:\/\/graziamagazine.com\/es","push-errors":false,"_links":{"self":[{"href":"https:\/\/graziamagazine.com\/es\/wp-json\/wp\/v2\/articles\/188982"}],"collection":[{"href":"https:\/\/graziamagazine.com\/es\/wp-json\/wp\/v2\/articles"}],"about":[{"href":"https:\/\/graziamagazine.com\/es\/wp-json\/wp\/v2\/types\/articles"}],"author":[{"embeddable":true,"href":"https:\/\/graziamagazine.com\/es\/wp-json\/wp\/v2\/users\/16349"}],"wp:featuredmedia":[{"embeddable":true,"href":"https:\/\/graziamagazine.com\/es\/wp-json\/wp\/v2\/media\/188986"}],"wp:attachment":[{"href":"https:\/\/graziamagazine.com\/es\/wp-json\/wp\/v2\/media?parent=188982"}],"wp:term":[{"taxonomy":"category","embeddable":true,"href":"https:\/\/graziamagazine.com\/es\/wp-json\/wp\/v2\/categories?post=188982"}],"curies":[{"name":"wp","href":"https:\/\/api.w.org\/{rel}","templated":true}]}}