{"id":188944,"date":"2025-10-21T08:00:07","date_gmt":"2025-10-21T06:00:07","guid":{"rendered":"https:\/\/graziamagazine.com\/es\/?post_type=articles&#038;p=188944"},"modified":"2025-10-21T09:25:29","modified_gmt":"2025-10-21T07:25:29","slug":"rosalia-revoluciona-madrid-con-el-anuncio-de-lux","status":"publish","type":"articles","link":"https:\/\/graziamagazine.com\/es\/articles\/rosalia-revoluciona-madrid-con-el-anuncio-de-lux\/","title":{"rendered":"Rosal\u00eda revoluciona Madrid con el anuncio de &#8216;LUX&#8217;"},"content":{"rendered":"<p data-start=\"96\" data-end=\"494\">La artista catalana no hace lanzamientos: crea acontecimientos. Y con <em data-start=\"166\" data-end=\"171\">LUX<\/em>, su cuarto \u00e1lbum, despliega todo un ritual de estilo, ciudad y s\u00edmbolo. Este 20 de octubre de 2025 marc\u00f3 el inicio de una nueva era: fecha oficial de publicaci\u00f3n \u2014<strong data-start=\"335\" data-end=\"353\">7 de noviembre<\/strong>\u2014, campa\u00f1a internacional y un acto sorpresa en Madrid que volvi\u00f3 la Plaza de Callao referente global.<\/p>\n<h3 data-start=\"501\" data-end=\"561\">Un anuncio que mezcla escenograf\u00eda, lujo y expectaci\u00f3n<\/h3>\n<p data-start=\"562\" data-end=\"921\">En un mundo hiper conectado, Rosal\u00eda apost\u00f3 por lo anal\u00f3gico y lo monumental: vallas luminosas en Times Square (Nueva York) que revelaban portada y fecha; al mismo tiempo, el coraz\u00f3n de Madrid se inundaba de miradas. \u201cHoy se viene\u201d, dijo ella en directo en TikTok, antes de que la imagen deslizara el anuncio en Callao.<\/p>\n<p data-start=\"562\" data-end=\"921\"><img loading=\"lazy\" decoding=\"async\" class=\"aligncenter size-full wp-image-188947\" src=\"https:\/\/graziamagazine.com\/es\/wp-content\/uploads\/sites\/12\/2025\/10\/1-ROSALIA-lux-RrpTO9aKlrhN3Jkmoy60PoK-1200x840@diario_abc-copia.jpg\" alt=\"\" width=\"1200\" height=\"840\" srcset=\"https:\/\/graziamagazine.com\/es\/wp-content\/uploads\/sites\/12\/2025\/10\/1-ROSALIA-lux-RrpTO9aKlrhN3Jkmoy60PoK-1200x840@diario_abc-copia.jpg 1200w, https:\/\/graziamagazine.com\/es\/wp-content\/uploads\/sites\/12\/2025\/10\/1-ROSALIA-lux-RrpTO9aKlrhN3Jkmoy60PoK-1200x840@diario_abc-copia-300x210.jpg 300w, https:\/\/graziamagazine.com\/es\/wp-content\/uploads\/sites\/12\/2025\/10\/1-ROSALIA-lux-RrpTO9aKlrhN3Jkmoy60PoK-1200x840@diario_abc-copia-1024x717.jpg 1024w, https:\/\/graziamagazine.com\/es\/wp-content\/uploads\/sites\/12\/2025\/10\/1-ROSALIA-lux-RrpTO9aKlrhN3Jkmoy60PoK-1200x840@diario_abc-copia-768x538.jpg 768w, https:\/\/graziamagazine.com\/es\/wp-content\/uploads\/sites\/12\/2025\/10\/1-ROSALIA-lux-RrpTO9aKlrhN3Jkmoy60PoK-1200x840@diario_abc-copia-400x280.jpg 400w, https:\/\/graziamagazine.com\/es\/wp-content\/uploads\/sites\/12\/2025\/10\/1-ROSALIA-lux-RrpTO9aKlrhN3Jkmoy60PoK-1200x840@diario_abc-copia-155x109.jpg 155w\" sizes=\"(max-width: 1200px) 100vw, 1200px\" \/><\/p>\n<p data-start=\"923\" data-end=\"1231\">Se present\u00f3 vestida de blanco, con referencias monacales y un halo dorado en el cabello. El ambiente fue mezcla de misa moderna y concierto \u00edntimo: orquesta, luces apagadas, meg\u00e1fono y una multitud convocada por redes para presenciar el momento en el centro madrile\u00f1o.<\/p>\n<h3 data-start=\"1238\" data-end=\"1292\">\u00bfPor qu\u00e9 la locura con <em data-start=\"1251\" data-end=\"1256\">LUX<\/em>?<\/h3>\n<ul data-start=\"1293\" data-end=\"2088\">\n<li data-start=\"1293\" data-end=\"1508\">\n<p data-start=\"1295\" data-end=\"1508\"><strong data-start=\"1295\" data-end=\"1316\">Transici\u00f3n sonora<\/strong>: Tras el estallido experimental de <em data-start=\"1352\" data-end=\"1362\">Motomami<\/em> (2022), LUX aparece como un \u201ctrabajo de tres a\u00f1os\u201d donde Rosal\u00eda se replantea sonido, imagen y presencia.<\/p>\n<\/li>\n<li data-start=\"1509\" data-end=\"1715\">\n<p data-start=\"1511\" data-end=\"1715\"><strong data-start=\"1511\" data-end=\"1533\">Est\u00e9tica simb\u00f3lica<\/strong>: El t\u00edtulo significa \u201cluz\u201d en lat\u00edn. Los s\u00edmbolos lit\u00fargicos, partituras cl\u00e1sicas y gui\u00f1os barrocos no son accesorios; constituyen narrativa.<\/p>\n<\/li>\n<li data-start=\"1716\" data-end=\"1881\">\n<p data-start=\"1718\" data-end=\"1881\"><strong data-start=\"1718\" data-end=\"1745\">Espacio urbano y global<\/strong>: Madrid y Nueva York se convierten en escenarios de anuncio. \u00bfCiudad cosmopolita como altavoz? S\u00ed. \u00bfEstilo como performance? Tambi\u00e9n.<\/p>\n<\/li>\n<li data-start=\"1882\" data-end=\"2088\">\n<p data-start=\"1884\" data-end=\"2088\"><strong data-start=\"1884\" data-end=\"1909\">Conexi\u00f3n digital-real<\/strong>: Directos en TikTok, filtraciones en redes sociales, luego acto f\u00edsico masivo. Rosal\u00eda domina los dos tiempos: viral y viral en la ciudad.<\/p>\n<\/li>\n<\/ul>\n<p><img loading=\"lazy\" decoding=\"async\" class=\"aligncenter size-full wp-image-188946\" src=\"https:\/\/graziamagazine.com\/es\/wp-content\/uploads\/sites\/12\/2025\/10\/rosalia.vt_.jpg\" alt=\"\" width=\"1440\" height=\"1440\" srcset=\"https:\/\/graziamagazine.com\/es\/wp-content\/uploads\/sites\/12\/2025\/10\/rosalia.vt_.jpg 1440w, https:\/\/graziamagazine.com\/es\/wp-content\/uploads\/sites\/12\/2025\/10\/rosalia.vt_-300x300.jpg 300w, https:\/\/graziamagazine.com\/es\/wp-content\/uploads\/sites\/12\/2025\/10\/rosalia.vt_-1024x1024.jpg 1024w, https:\/\/graziamagazine.com\/es\/wp-content\/uploads\/sites\/12\/2025\/10\/rosalia.vt_-150x150.jpg 150w, https:\/\/graziamagazine.com\/es\/wp-content\/uploads\/sites\/12\/2025\/10\/rosalia.vt_-768x768.jpg 768w, https:\/\/graziamagazine.com\/es\/wp-content\/uploads\/sites\/12\/2025\/10\/rosalia.vt_-400x400.jpg 400w, https:\/\/graziamagazine.com\/es\/wp-content\/uploads\/sites\/12\/2025\/10\/rosalia.vt_-155x155.jpg 155w\" sizes=\"(max-width: 1440px) 100vw, 1440px\" \/><img loading=\"lazy\" decoding=\"async\" class=\"aligncenter size-full wp-image-188946\" src=\"https:\/\/graziamagazine.com\/es\/wp-content\/uploads\/sites\/12\/2025\/10\/rosalia.vt_.jpg\" alt=\"\" width=\"1440\" height=\"1440\" srcset=\"https:\/\/graziamagazine.com\/es\/wp-content\/uploads\/sites\/12\/2025\/10\/rosalia.vt_.jpg 1440w, https:\/\/graziamagazine.com\/es\/wp-content\/uploads\/sites\/12\/2025\/10\/rosalia.vt_-300x300.jpg 300w, https:\/\/graziamagazine.com\/es\/wp-content\/uploads\/sites\/12\/2025\/10\/rosalia.vt_-1024x1024.jpg 1024w, https:\/\/graziamagazine.com\/es\/wp-content\/uploads\/sites\/12\/2025\/10\/rosalia.vt_-150x150.jpg 150w, https:\/\/graziamagazine.com\/es\/wp-content\/uploads\/sites\/12\/2025\/10\/rosalia.vt_-768x768.jpg 768w, https:\/\/graziamagazine.com\/es\/wp-content\/uploads\/sites\/12\/2025\/10\/rosalia.vt_-400x400.jpg 400w, https:\/\/graziamagazine.com\/es\/wp-content\/uploads\/sites\/12\/2025\/10\/rosalia.vt_-155x155.jpg 155w\" sizes=\"(max-width: 1440px) 100vw, 1440px\" \/><\/p>\n<h3 data-start=\"2095\" data-end=\"2134\">rosal\u00eda colapsa la Plaza de Callao<\/h3>\n<p data-start=\"2135\" data-end=\"2422\">La sorpresa fue compacta pero estrat\u00e9gica: pantallas de los Cines Callao se apagaron y renacieron con <em data-start=\"2237\" data-end=\"2242\">LUX<\/em>. Rosal\u00eda, en coche, con rosario colgado del retrovisor, meg\u00e1fono en mano y seguidores ya agolpados, convirti\u00f3 la plaza en pasarela y altar.<\/p>\n<p data-start=\"2424\" data-end=\"2655\">El centro de Madrid se llen\u00f3 de expectaci\u00f3n, c\u00e1maras, m\u00f3viles y murmullos. La artista dijo: \u201cLlevo tres a\u00f1os esperando este d\u00eda\u201d y volvi\u00f3 a poner Madrid en el mapa de sus grandes historias.<\/p>\n<p data-start=\"2424\" data-end=\"2655\"><img loading=\"lazy\" decoding=\"async\" class=\"aligncenter size-full wp-image-188945\" src=\"https:\/\/graziamagazine.com\/es\/wp-content\/uploads\/sites\/12\/2025\/10\/descarga-1.jpeg\" alt=\"\" width=\"1600\" height=\"900\" srcset=\"https:\/\/graziamagazine.com\/es\/wp-content\/uploads\/sites\/12\/2025\/10\/descarga-1.jpeg 1600w, https:\/\/graziamagazine.com\/es\/wp-content\/uploads\/sites\/12\/2025\/10\/descarga-1-300x169.jpeg 300w, https:\/\/graziamagazine.com\/es\/wp-content\/uploads\/sites\/12\/2025\/10\/descarga-1-1024x576.jpeg 1024w, https:\/\/graziamagazine.com\/es\/wp-content\/uploads\/sites\/12\/2025\/10\/descarga-1-768x432.jpeg 768w, https:\/\/graziamagazine.com\/es\/wp-content\/uploads\/sites\/12\/2025\/10\/descarga-1-1536x864.jpeg 1536w, https:\/\/graziamagazine.com\/es\/wp-content\/uploads\/sites\/12\/2025\/10\/descarga-1-400x225.jpeg 400w, https:\/\/graziamagazine.com\/es\/wp-content\/uploads\/sites\/12\/2025\/10\/descarga-1-155x87.jpeg 155w\" sizes=\"(max-width: 1600px) 100vw, 1600px\" \/><\/p>\n<h3 data-start=\"2662\" data-end=\"2688\">Qu\u00e9 esperar de <em data-start=\"2681\" data-end=\"2686\">LUX<\/em><\/h3>\n<p data-start=\"2689\" data-end=\"3017\">Aunque los detalles del \u00e1lbum siguen en parte bajo clave, se desprenden pistas s\u00f3lidas: m\u00fasica cl\u00e1sica mezclada con techno underground, referencias al templo, el club Berghain de Berl\u00edn, s\u00edmbolos religiosos. Se vislumbra una Rosal\u00eda m\u00e1s introspectiva, tan perfecionista como disruptiva.<\/p>\n<p data-start=\"3019\" data-end=\"3163\">El lanzamiento global est\u00e1 programado para el <strong data-start=\"3065\" data-end=\"3091\">7 de noviembre de 2025<\/strong> a trav\u00e9s de Columbia Records.<\/p>\n<p data-start=\"3195\" data-end=\"3548\">Rosal\u00eda no presenta un disco, presenta un mundo. <em data-start=\"3244\" data-end=\"3249\">LUX<\/em> se perfila como ese momento en que la artista se detiene, respira y dice: \u201ceste soy yo, sin filtros, sin concesiones\u201d. Transformar la Plaza de Callao en escenario de revelaci\u00f3n no es un gui\u00f1o: es declaraci\u00f3n. Y en la mezcla de ciudad, sonido y s\u00edmbolo, ver\u00e1s la luz que llevaba tiempo gest\u00e1ndose.<\/p>\n<p data-start=\"3195\" data-end=\"3548\"><em>*Im\u00e1genes: Redes Sociales<\/em><\/p>\n","protected":false},"author":11653,"featured_media":188948,"template":"","format":"standard","categories":[2971,13,4193],"acf":{"banner":""},"yoast_head":"<!-- This site is optimized with the Yoast SEO Premium plugin v18.5 (Yoast SEO v20.4) - https:\/\/yoast.com\/wordpress\/plugins\/seo\/ -->\n<title>Rosal\u00eda revoluciona Madrid con el anuncio de &#039;LUX&#039;<\/title>\n<meta name=\"description\" content=\"La nueva m\u00fasica de la catalana llegar\u00e1 el 7 de noviembre y mientras ha colapsado la Plaza de Callao en Madrid rodeada de miles de fans.\" \/>\n<meta name=\"robots\" content=\"index, follow, max-snippet:-1, max-image-preview:large, max-video-preview:-1\" \/>\n<link rel=\"canonical\" href=\"https:\/\/graziamagazine.com\/es\/articles\/rosalia-revoluciona-madrid-con-el-anuncio-de-lux\/\" \/>\n<meta property=\"og:locale\" content=\"es_ES\" \/>\n<meta property=\"og:type\" content=\"article\" \/>\n<meta property=\"og:title\" content=\"Rosal\u00eda revoluciona Madrid con el anuncio de &#039;LUX&#039;\" \/>\n<meta property=\"og:description\" content=\"La nueva m\u00fasica de la catalana llegar\u00e1 el 7 de noviembre y mientras ha colapsado la Plaza de Callao en Madrid rodeada de miles de fans.\" \/>\n<meta property=\"og:url\" content=\"https:\/\/graziamagazine.com\/es\/articles\/rosalia-revoluciona-madrid-con-el-anuncio-de-lux\/\" \/>\n<meta property=\"og:site_name\" content=\"Grazia\" \/>\n<meta property=\"article:modified_time\" content=\"2025-10-21T07:25:29+00:00\" \/>\n<meta property=\"og:image\" content=\"https:\/\/graziamagazine.com\/es\/wp-content\/uploads\/sites\/12\/2025\/10\/e8b0cf38-e7e9-4636-805b-b4b66a993b41_16-9-discover-aspect-ratio_default_0.jpg\" \/>\n\t<meta property=\"og:image:width\" content=\"1200\" \/>\n\t<meta property=\"og:image:height\" content=\"675\" \/>\n\t<meta property=\"og:image:type\" content=\"image\/jpeg\" \/>\n<meta name=\"twitter:card\" content=\"summary_large_image\" \/>\n<meta name=\"twitter:label1\" content=\"Est. reading time\" \/>\n\t<meta name=\"twitter:data1\" content=\"3 minutos\" \/>\n<script type=\"application\/ld+json\" class=\"yoast-schema-graph\">{\"@context\":\"https:\/\/schema.org\",\"@graph\":[{\"@type\":\"WebPage\",\"@id\":\"https:\/\/graziamagazine.com\/es\/articles\/rosalia-revoluciona-madrid-con-el-anuncio-de-lux\/\",\"url\":\"https:\/\/graziamagazine.com\/es\/articles\/rosalia-revoluciona-madrid-con-el-anuncio-de-lux\/\",\"name\":\"Rosal\u00eda revoluciona Madrid con el anuncio de 'LUX'\",\"isPartOf\":{\"@id\":\"https:\/\/graziamagazine.com\/es\/#website\"},\"datePublished\":\"2025-10-21T06:00:07+00:00\",\"dateModified\":\"2025-10-21T07:25:29+00:00\",\"description\":\"La nueva m\u00fasica de la catalana llegar\u00e1 el 7 de noviembre y mientras ha colapsado la Plaza de Callao en Madrid rodeada de miles de fans.\",\"breadcrumb\":{\"@id\":\"https:\/\/graziamagazine.com\/es\/articles\/rosalia-revoluciona-madrid-con-el-anuncio-de-lux\/#breadcrumb\"},\"inLanguage\":\"es\",\"potentialAction\":[{\"@type\":\"ReadAction\",\"target\":[\"https:\/\/graziamagazine.com\/es\/articles\/rosalia-revoluciona-madrid-con-el-anuncio-de-lux\/\"]}]},{\"@type\":\"BreadcrumbList\",\"@id\":\"https:\/\/graziamagazine.com\/es\/articles\/rosalia-revoluciona-madrid-con-el-anuncio-de-lux\/#breadcrumb\",\"itemListElement\":[{\"@type\":\"ListItem\",\"position\":1,\"name\":\"Portada\",\"item\":\"https:\/\/graziamagazine.com\/es\/\"},{\"@type\":\"ListItem\",\"position\":2,\"name\":\"Rosal\u00eda revoluciona Madrid con el anuncio de &#8216;LUX&#8217;\"}]},{\"@type\":\"WebSite\",\"@id\":\"https:\/\/graziamagazine.com\/es\/#website\",\"url\":\"https:\/\/graziamagazine.com\/es\/\",\"name\":\"Grazia\",\"description\":\"Moda, belleza, celebrities, estilo de vida...\",\"potentialAction\":[{\"@type\":\"SearchAction\",\"target\":{\"@type\":\"EntryPoint\",\"urlTemplate\":\"https:\/\/graziamagazine.com\/es\/?s={search_term_string}\"},\"query-input\":\"required name=search_term_string\"}],\"inLanguage\":\"es\"}]}<\/script>\n<!-- \/ Yoast SEO Premium plugin. -->","yoast_head_json":{"title":"Rosal\u00eda revoluciona Madrid con el anuncio de 'LUX'","description":"La nueva m\u00fasica de la catalana llegar\u00e1 el 7 de noviembre y mientras ha colapsado la Plaza de Callao en Madrid rodeada de miles de fans.","robots":{"index":"index","follow":"follow","max-snippet":"max-snippet:-1","max-image-preview":"max-image-preview:large","max-video-preview":"max-video-preview:-1"},"canonical":"https:\/\/graziamagazine.com\/es\/articles\/rosalia-revoluciona-madrid-con-el-anuncio-de-lux\/","og_locale":"es_ES","og_type":"article","og_title":"Rosal\u00eda revoluciona Madrid con el anuncio de 'LUX'","og_description":"La nueva m\u00fasica de la catalana llegar\u00e1 el 7 de noviembre y mientras ha colapsado la Plaza de Callao en Madrid rodeada de miles de fans.","og_url":"https:\/\/graziamagazine.com\/es\/articles\/rosalia-revoluciona-madrid-con-el-anuncio-de-lux\/","og_site_name":"Grazia","article_modified_time":"2025-10-21T07:25:29+00:00","og_image":[{"width":1200,"height":675,"url":"https:\/\/graziamagazine.com\/es\/wp-content\/uploads\/sites\/12\/2025\/10\/e8b0cf38-e7e9-4636-805b-b4b66a993b41_16-9-discover-aspect-ratio_default_0.jpg","type":"image\/jpeg"}],"twitter_card":"summary_large_image","twitter_misc":{"Est. reading time":"3 minutos"},"schema":{"@context":"https:\/\/schema.org","@graph":[{"@type":"WebPage","@id":"https:\/\/graziamagazine.com\/es\/articles\/rosalia-revoluciona-madrid-con-el-anuncio-de-lux\/","url":"https:\/\/graziamagazine.com\/es\/articles\/rosalia-revoluciona-madrid-con-el-anuncio-de-lux\/","name":"Rosal\u00eda revoluciona Madrid con el anuncio de 'LUX'","isPartOf":{"@id":"https:\/\/graziamagazine.com\/es\/#website"},"datePublished":"2025-10-21T06:00:07+00:00","dateModified":"2025-10-21T07:25:29+00:00","description":"La nueva m\u00fasica de la catalana llegar\u00e1 el 7 de noviembre y mientras ha colapsado la Plaza de Callao en Madrid rodeada de miles de fans.","breadcrumb":{"@id":"https:\/\/graziamagazine.com\/es\/articles\/rosalia-revoluciona-madrid-con-el-anuncio-de-lux\/#breadcrumb"},"inLanguage":"es","potentialAction":[{"@type":"ReadAction","target":["https:\/\/graziamagazine.com\/es\/articles\/rosalia-revoluciona-madrid-con-el-anuncio-de-lux\/"]}]},{"@type":"BreadcrumbList","@id":"https:\/\/graziamagazine.com\/es\/articles\/rosalia-revoluciona-madrid-con-el-anuncio-de-lux\/#breadcrumb","itemListElement":[{"@type":"ListItem","position":1,"name":"Portada","item":"https:\/\/graziamagazine.com\/es\/"},{"@type":"ListItem","position":2,"name":"Rosal\u00eda revoluciona Madrid con el anuncio de &#8216;LUX&#8217;"}]},{"@type":"WebSite","@id":"https:\/\/graziamagazine.com\/es\/#website","url":"https:\/\/graziamagazine.com\/es\/","name":"Grazia","description":"Moda, belleza, celebrities, estilo de vida...","potentialAction":[{"@type":"SearchAction","target":{"@type":"EntryPoint","urlTemplate":"https:\/\/graziamagazine.com\/es\/?s={search_term_string}"},"query-input":"required name=search_term_string"}],"inLanguage":"es"}]}},"jetpack_sharing_enabled":true,"distributor_meta":false,"distributor_terms":false,"distributor_media":false,"distributor_original_site_name":"Grazia","distributor_original_site_url":"https:\/\/graziamagazine.com\/es","push-errors":false,"_links":{"self":[{"href":"https:\/\/graziamagazine.com\/es\/wp-json\/wp\/v2\/articles\/188944"}],"collection":[{"href":"https:\/\/graziamagazine.com\/es\/wp-json\/wp\/v2\/articles"}],"about":[{"href":"https:\/\/graziamagazine.com\/es\/wp-json\/wp\/v2\/types\/articles"}],"author":[{"embeddable":true,"href":"https:\/\/graziamagazine.com\/es\/wp-json\/wp\/v2\/users\/11653"}],"wp:featuredmedia":[{"embeddable":true,"href":"https:\/\/graziamagazine.com\/es\/wp-json\/wp\/v2\/media\/188948"}],"wp:attachment":[{"href":"https:\/\/graziamagazine.com\/es\/wp-json\/wp\/v2\/media?parent=188944"}],"wp:term":[{"taxonomy":"category","embeddable":true,"href":"https:\/\/graziamagazine.com\/es\/wp-json\/wp\/v2\/categories?post=188944"}],"curies":[{"name":"wp","href":"https:\/\/api.w.org\/{rel}","templated":true}]}}