{"id":188935,"date":"2025-10-21T08:00:51","date_gmt":"2025-10-21T06:00:51","guid":{"rendered":"https:\/\/graziamagazine.com\/es\/?post_type=articles&#038;p=188935"},"modified":"2025-10-20T23:50:02","modified_gmt":"2025-10-20T21:50:02","slug":"los-galardonados-con-los-premios-princesa-de-asturias","status":"publish","type":"articles","link":"https:\/\/graziamagazine.com\/es\/articles\/los-galardonados-con-los-premios-princesa-de-asturias\/","title":{"rendered":"Los galardonados con los Premios Princesa de Asturias"},"content":{"rendered":"<p>Cada oto\u00f1o, Oviedo se viste de ceremonia, y Espa\u00f1a se detiene unos segundos para celebrar algo m\u00e1s que un premio: una manera de entender el mundo. Los <strong>Premios Princesa de Asturias<\/strong> no son una simple alfombra azul ni un desfile de nombres ilustres. Son una cita con la excelencia \u2014esa que se cultiva a fuego lento, entre la ciencia, la cultura y el compromiso\u2014 y una declaraci\u00f3n de principios sobre lo que a\u00fan merece ser aplaudido.<\/p>\n<p>En un a\u00f1o donde el ruido medi\u00e1tico y la inmediatez parecen dictarlo todo, la edici\u00f3n <strong>2025<\/strong> llega como un recordatorio sereno de que hay otra forma de impacto: la que dejan las ideas, las obras y las trayectorias que iluminan a largo plazo. Desde pensadores que redefinen el sentido de la libertad hasta deportistas que rompen moldes, los premiados de este a\u00f1o conforman una radiograf\u00eda brillante de lo que significa avanzar con prop\u00f3sito.<\/p>\n<blockquote><p>La edici\u00f3n 2025 arranca en un momento en el que el mundo pide detenerse para mirar con atenci\u00f3n lo que perdura: el pensamiento cr\u00edtico, la ciencia que cura, el arte que une, el deporte que transforma, la cooperaci\u00f3n que salva. Y lo hace sumando una programaci\u00f3n de m\u00e1s de <strong>80 actividades<\/strong> entre el 16 y el 25 de octubre de 2025, en m\u00faltiples localidades asturianas \u2014Oviedo, Gij\u00f3n, Avil\u00e9s, Colombres, San Mart\u00edn del Rey Aurelio\u2014.<\/p><\/blockquote>\n<p>Este enfoque \u201csemana de los premios\u201d demuestra que el galard\u00f3n no es solo el acto de entrega: es la conversaci\u00f3n p\u00fablica que lo precede, lo acompa\u00f1a y lo prolonga.<\/p>\n<h3>Los galardonados de este a\u00f1o<\/h3>\n<p><strong>Comunicaci\u00f3n y Humanidades: Byung-Chul Han<\/strong><\/p>\n<p>El fil\u00f3sofo surcoreano-alem\u00e1n, autor de <em>La sociedad del cansancio<\/em>, es premiado por su mirada l\u00facida sobre la soledad digital, la hiperproductividad y la p\u00e9rdida del silencio en nuestra era. Su obra ha cambiado el modo en que entendemos la intimidad y el tiempo.<\/p>\n<p><img loading=\"lazy\" decoding=\"async\" class=\"aligncenter size-full wp-image-188937\" src=\"https:\/\/graziamagazine.com\/es\/wp-content\/uploads\/sites\/12\/2025\/10\/bch-2025-3-3-copia.jpg\" alt=\"\" width=\"562\" height=\"492\" srcset=\"https:\/\/graziamagazine.com\/es\/wp-content\/uploads\/sites\/12\/2025\/10\/bch-2025-3-3-copia.jpg 562w, https:\/\/graziamagazine.com\/es\/wp-content\/uploads\/sites\/12\/2025\/10\/bch-2025-3-3-copia-300x263.jpg 300w, https:\/\/graziamagazine.com\/es\/wp-content\/uploads\/sites\/12\/2025\/10\/bch-2025-3-3-copia-400x350.jpg 400w, https:\/\/graziamagazine.com\/es\/wp-content\/uploads\/sites\/12\/2025\/10\/bch-2025-3-3-copia-155x136.jpg 155w\" sizes=\"(max-width: 562px) 100vw, 562px\" \/><\/p>\n<p><strong>Letras: Eduardo Mendoza<\/strong><\/p>\n<p>El escritor barcelon\u00e9s recibe el premio por una carrera que ha combinado iron\u00eda, inteligencia y retrato social. Mendoza ha conseguido lo dif\u00edcil: hacer literatura de lo cotidiano y convertir la risa en espejo. Su estilo, entre lo cl\u00e1sico y lo \u00e1cido, sigue siendo un punto de referencia en la narrativa espa\u00f1ola contempor\u00e1nea.<\/p>\n<p><img decoding=\"async\" class=\"aligncenter\" src=\"https:\/\/www.fpa.es\/resources\/img\/portal\/2025\/05\/14\/em-subhome.webp\" alt=\"Eduardo Mendoza\" \/><\/p>\n<p><strong>Ciencias Sociales: Douglas Massey<\/strong><\/p>\n<p>Soci\u00f3logo estadounidense especializado en migraciones y desigualdad social. Su investigaci\u00f3n, tan rigurosa como humana, ha ayudado a comprender los movimientos migratorios no como amenaza, sino como reflejo de la evoluci\u00f3n del mundo global.<\/p>\n<p><img decoding=\"async\" class=\"aligncenter\" src=\"https:\/\/www.fpa.es\/resources\/img\/portal\/2025\/05\/21\/dm-subhome.webp\" alt=\"Douglas Massey\" \/><\/p>\n<p><strong>Artes: Graciela Iturbide<\/strong><\/p>\n<p>La fot\u00f3grafa mexicana, una leyenda viva de la imagen, es reconocida por su capacidad para narrar lo invisible: lo cotidiano, lo ritual, lo ind\u00edgena, lo femenino. Su lente convierte lo local en universal. Cada una de sus fotos parece un poema callado.<\/p>\n<p><img decoding=\"async\" class=\"aligncenter\" src=\"https:\/\/www.fpa.es\/resources\/img\/portal\/2025\/05\/23\/gi-subhome.webp\" alt=\"Graciela Iturbide\" \/><\/p>\n<p><strong>Deportes: Serena Williams<\/strong><\/p>\n<p>La deportista que redefini\u00f3 la historia del tenis (y del deporte femenino) es distinguida por su carrera y su activismo. Serena no solo acumul\u00f3 23 t\u00edtulos de Grand Slam: cambi\u00f3 la conversaci\u00f3n sobre cuerpo, ambici\u00f3n y poder en el deporte.<\/p>\n<p><img decoding=\"async\" class=\"aligncenter\" src=\"https:\/\/www.fpa.es\/resources\/img\/portal\/2025\/05\/28\/sw-subhome.webp\" alt=\"Serena Williams\" \/><\/p>\n<p><strong>Concordia: Museo Nacional de Antropolog\u00eda de M\u00e9xico<\/strong><\/p>\n<p>Un premio colectivo a la preservaci\u00f3n cultural. La instituci\u00f3n ha sido reconocida por su defensa de la identidad y la diversidad, por custodiar objetos que cuentan la historia del continente americano y por su papel educativo en un mundo que olvida con facilidad.<\/p>\n<p><img decoding=\"async\" class=\"aligncenter\" src=\"https:\/\/www.fpa.es\/resources\/img\/portal\/2025\/06\/04\/mna-562.png\" alt=\"Museo Nacional de Antropolog\u00eda de M\u00e9xico\" \/><\/p>\n<p><strong>Investigaci\u00f3n Cient\u00edfica y T\u00e9cnica: Mary-Claire King<\/strong><\/p>\n<p>Genetista estadounidense cuyo descubrimiento del gen <strong>BRCA1<\/strong> transform\u00f3 la prevenci\u00f3n y diagn\u00f3stico del c\u00e1ncer de mama. Su trabajo ha salvado miles de vidas y abri\u00f3 camino para una ciencia m\u00e1s emp\u00e1tica, m\u00e1s centrada en las personas.<\/p>\n<p><img decoding=\"async\" class=\"aligncenter\" src=\"https:\/\/www.fpa.es\/resources\/img\/portal\/2025\/06\/12\/mck-subhome.webp\" alt=\"Mary-Claire King\" \/><\/p>\n<p><strong>Cooperaci\u00f3n Internacional: Mario Draghi<\/strong><\/p>\n<p>Ex primer ministro de Italia y ex presidente del Banco Central Europeo. Galardonado por su liderazgo en tiempos de crisis y por defender una Europa unida en torno a la estabilidad, la solidaridad y la sostenibilidad econ\u00f3mica.<\/p>\n<p><img decoding=\"async\" class=\"aligncenter\" src=\"https:\/\/www.fpa.es\/resources\/img\/portal\/2025\/06\/18\/md-ficha-subhome.webp\" alt=\"Mario Draghi\" \/><\/p>\n<blockquote><p>Los Premios Princesa de Asturias no son solo la entrega de galardones a figuras destacadas: son un espacio para encontrarse con lo esencial, reflexionar sobre los desaf\u00edos y aplaudir aquello que dota significado a lo que hacemos.<\/p><\/blockquote>\n<h3>Una mirada al mundo desde Oviedo<\/h3>\n<p>Los <strong>Premios Princesa de Asturias<\/strong> nacieron para reconocer la excelencia, pero en 2025 se consolidan como un espejo global. Cada nombre refleja una corriente: la filosof\u00eda como resistencia al ruido, la ciencia como esperanza, la cultura como identidad y el deporte como empoderamiento. Adem\u00e1s, muchos de los galardonados tienen impacto internacional, lo que sit\u00faa a Espa\u00f1a (y Asturias) como plataforma mundial de reconocimiento.<\/p>\n<p>Este a\u00f1o, la Fundaci\u00f3n Princesa de Asturias refuerza adem\u00e1s la dimensi\u00f3n p\u00fablica del evento con m\u00e1s de <strong>80 actividades paralelas<\/strong> \u2014exposiciones, charlas, conciertos y encuentros con los premiados\u2014 que convierten Oviedo en un epicentro de di\u00e1logo, arte y conocimiento.<\/p>\n<p>En un mundo donde todo se acelera, estos premios siguen apostando por lo esencial: <strong>personas que piensan, crean, investigan y construyen comunidad<\/strong>. Los Premios Princesa de Asturias 2025 ofrecen algo que cada vez cuesta m\u00e1s encontrar: <strong>ecos y efectos reales<\/strong>, no solo aplausos fugaces. Las actividades de esta semana prolongan el di\u00e1logo, lo abren al p\u00fablico y lo vuelven parte viva de la comunidad. Ver esos valores en acci\u00f3n \u2014personas, ciencia, arte, deporte\u2014 es tan importante como ver el momento del galard\u00f3n. Y en ese encuentro entre lo visible y lo vivido, radica el verdadero valor de esta edici\u00f3n.<\/p>\n<p><img decoding=\"async\" src=\"https:\/\/www.fpa.es\/resources\/img\/portal\/2024\/10\/19\/datos-tecnicos-02408.webp\" alt=\"RTVE ofrecer\u00e1 la se\u00f1al institucional de la solemne ceremonia de entrega de los Premios Princesa de Asturias\" \/><\/p>\n<p>Lo que se premia en Asturias no son carreras individuales, sino una forma de estar en el mundo. Detr\u00e1s de cada nombre hay una historia de disciplina, curiosidad y coherencia. Y quiz\u00e1s por eso, cada oto\u00f1o, los focos apuntan a Oviedo: porque all\u00ed, entre la niebla y los aplausos, el talento se vuelve legado.\u00a0 Y que en esa l\u00ednea \u2014entre lo \u00edntimo y lo global, entre lo personal y lo colectivo\u2014 est\u00e1 la grandeza. Desde Oviedo, el aplauso se extiende al mundo.<\/p>\n<p><em>*Im\u00e1genes: cortes\u00eda<\/em><\/p>\n","protected":false},"author":11653,"featured_media":188938,"template":"","format":"standard","categories":[2971],"acf":{"banner":""},"yoast_head":"<!-- This site is optimized with the Yoast SEO Premium plugin v18.5 (Yoast SEO v20.4) - https:\/\/yoast.com\/wordpress\/plugins\/seo\/ -->\n<title>Los galardonados con los Premios Princesa de Asturias<\/title>\n<meta name=\"description\" content=\"Cada oto\u00f1o, Oviedo se convierte en el epicentro de una conversaci\u00f3n global sobre cultura, ciencia, deporte, solidaridad y legado.\" \/>\n<meta name=\"robots\" content=\"index, follow, max-snippet:-1, max-image-preview:large, max-video-preview:-1\" \/>\n<link rel=\"canonical\" href=\"https:\/\/graziamagazine.com\/es\/articles\/los-galardonados-con-los-premios-princesa-de-asturias\/\" \/>\n<meta property=\"og:locale\" content=\"es_ES\" \/>\n<meta property=\"og:type\" content=\"article\" \/>\n<meta property=\"og:title\" content=\"Los galardonados con los Premios Princesa de Asturias\" \/>\n<meta property=\"og:description\" content=\"Cada oto\u00f1o, Oviedo se convierte en el epicentro de una conversaci\u00f3n global sobre cultura, ciencia, deporte, solidaridad y legado.\" \/>\n<meta property=\"og:url\" content=\"https:\/\/graziamagazine.com\/es\/articles\/los-galardonados-con-los-premios-princesa-de-asturias\/\" \/>\n<meta property=\"og:site_name\" content=\"Grazia\" \/>\n<meta property=\"article:modified_time\" content=\"2025-10-20T21:50:02+00:00\" \/>\n<meta property=\"og:image\" content=\"https:\/\/graziamagazine.com\/es\/wp-content\/uploads\/sites\/12\/2025\/10\/calendario-de-ruedas-de-prensa-y-llegadas-de-los-galardonados-a-asturias-2025-copia.jpg\" \/>\n\t<meta property=\"og:image:width\" content=\"1080\" \/>\n\t<meta property=\"og:image:height\" content=\"582\" \/>\n\t<meta property=\"og:image:type\" content=\"image\/jpeg\" \/>\n<meta name=\"twitter:card\" content=\"summary_large_image\" \/>\n<meta name=\"twitter:label1\" content=\"Est. reading time\" \/>\n\t<meta name=\"twitter:data1\" content=\"7 minutos\" \/>\n<script type=\"application\/ld+json\" class=\"yoast-schema-graph\">{\"@context\":\"https:\/\/schema.org\",\"@graph\":[{\"@type\":\"WebPage\",\"@id\":\"https:\/\/graziamagazine.com\/es\/articles\/los-galardonados-con-los-premios-princesa-de-asturias\/\",\"url\":\"https:\/\/graziamagazine.com\/es\/articles\/los-galardonados-con-los-premios-princesa-de-asturias\/\",\"name\":\"Los galardonados con los Premios Princesa de Asturias\",\"isPartOf\":{\"@id\":\"https:\/\/graziamagazine.com\/es\/#website\"},\"datePublished\":\"2025-10-21T06:00:51+00:00\",\"dateModified\":\"2025-10-20T21:50:02+00:00\",\"description\":\"Cada oto\u00f1o, Oviedo se convierte en el epicentro de una conversaci\u00f3n global sobre cultura, ciencia, deporte, solidaridad y legado.\",\"breadcrumb\":{\"@id\":\"https:\/\/graziamagazine.com\/es\/articles\/los-galardonados-con-los-premios-princesa-de-asturias\/#breadcrumb\"},\"inLanguage\":\"es\",\"potentialAction\":[{\"@type\":\"ReadAction\",\"target\":[\"https:\/\/graziamagazine.com\/es\/articles\/los-galardonados-con-los-premios-princesa-de-asturias\/\"]}]},{\"@type\":\"BreadcrumbList\",\"@id\":\"https:\/\/graziamagazine.com\/es\/articles\/los-galardonados-con-los-premios-princesa-de-asturias\/#breadcrumb\",\"itemListElement\":[{\"@type\":\"ListItem\",\"position\":1,\"name\":\"Portada\",\"item\":\"https:\/\/graziamagazine.com\/es\/\"},{\"@type\":\"ListItem\",\"position\":2,\"name\":\"Los galardonados con los Premios Princesa de Asturias\"}]},{\"@type\":\"WebSite\",\"@id\":\"https:\/\/graziamagazine.com\/es\/#website\",\"url\":\"https:\/\/graziamagazine.com\/es\/\",\"name\":\"Grazia\",\"description\":\"Moda, belleza, celebrities, estilo de vida...\",\"potentialAction\":[{\"@type\":\"SearchAction\",\"target\":{\"@type\":\"EntryPoint\",\"urlTemplate\":\"https:\/\/graziamagazine.com\/es\/?s={search_term_string}\"},\"query-input\":\"required name=search_term_string\"}],\"inLanguage\":\"es\"}]}<\/script>\n<!-- \/ Yoast SEO Premium plugin. -->","yoast_head_json":{"title":"Los galardonados con los Premios Princesa de Asturias","description":"Cada oto\u00f1o, Oviedo se convierte en el epicentro de una conversaci\u00f3n global sobre cultura, ciencia, deporte, solidaridad y legado.","robots":{"index":"index","follow":"follow","max-snippet":"max-snippet:-1","max-image-preview":"max-image-preview:large","max-video-preview":"max-video-preview:-1"},"canonical":"https:\/\/graziamagazine.com\/es\/articles\/los-galardonados-con-los-premios-princesa-de-asturias\/","og_locale":"es_ES","og_type":"article","og_title":"Los galardonados con los Premios Princesa de Asturias","og_description":"Cada oto\u00f1o, Oviedo se convierte en el epicentro de una conversaci\u00f3n global sobre cultura, ciencia, deporte, solidaridad y legado.","og_url":"https:\/\/graziamagazine.com\/es\/articles\/los-galardonados-con-los-premios-princesa-de-asturias\/","og_site_name":"Grazia","article_modified_time":"2025-10-20T21:50:02+00:00","og_image":[{"width":1080,"height":582,"url":"https:\/\/graziamagazine.com\/es\/wp-content\/uploads\/sites\/12\/2025\/10\/calendario-de-ruedas-de-prensa-y-llegadas-de-los-galardonados-a-asturias-2025-copia.jpg","type":"image\/jpeg"}],"twitter_card":"summary_large_image","twitter_misc":{"Est. reading time":"7 minutos"},"schema":{"@context":"https:\/\/schema.org","@graph":[{"@type":"WebPage","@id":"https:\/\/graziamagazine.com\/es\/articles\/los-galardonados-con-los-premios-princesa-de-asturias\/","url":"https:\/\/graziamagazine.com\/es\/articles\/los-galardonados-con-los-premios-princesa-de-asturias\/","name":"Los galardonados con los Premios Princesa de Asturias","isPartOf":{"@id":"https:\/\/graziamagazine.com\/es\/#website"},"datePublished":"2025-10-21T06:00:51+00:00","dateModified":"2025-10-20T21:50:02+00:00","description":"Cada oto\u00f1o, Oviedo se convierte en el epicentro de una conversaci\u00f3n global sobre cultura, ciencia, deporte, solidaridad y legado.","breadcrumb":{"@id":"https:\/\/graziamagazine.com\/es\/articles\/los-galardonados-con-los-premios-princesa-de-asturias\/#breadcrumb"},"inLanguage":"es","potentialAction":[{"@type":"ReadAction","target":["https:\/\/graziamagazine.com\/es\/articles\/los-galardonados-con-los-premios-princesa-de-asturias\/"]}]},{"@type":"BreadcrumbList","@id":"https:\/\/graziamagazine.com\/es\/articles\/los-galardonados-con-los-premios-princesa-de-asturias\/#breadcrumb","itemListElement":[{"@type":"ListItem","position":1,"name":"Portada","item":"https:\/\/graziamagazine.com\/es\/"},{"@type":"ListItem","position":2,"name":"Los galardonados con los Premios Princesa de Asturias"}]},{"@type":"WebSite","@id":"https:\/\/graziamagazine.com\/es\/#website","url":"https:\/\/graziamagazine.com\/es\/","name":"Grazia","description":"Moda, belleza, celebrities, estilo de vida...","potentialAction":[{"@type":"SearchAction","target":{"@type":"EntryPoint","urlTemplate":"https:\/\/graziamagazine.com\/es\/?s={search_term_string}"},"query-input":"required name=search_term_string"}],"inLanguage":"es"}]}},"jetpack_sharing_enabled":true,"distributor_meta":false,"distributor_terms":false,"distributor_media":false,"distributor_original_site_name":"Grazia","distributor_original_site_url":"https:\/\/graziamagazine.com\/es","push-errors":false,"_links":{"self":[{"href":"https:\/\/graziamagazine.com\/es\/wp-json\/wp\/v2\/articles\/188935"}],"collection":[{"href":"https:\/\/graziamagazine.com\/es\/wp-json\/wp\/v2\/articles"}],"about":[{"href":"https:\/\/graziamagazine.com\/es\/wp-json\/wp\/v2\/types\/articles"}],"author":[{"embeddable":true,"href":"https:\/\/graziamagazine.com\/es\/wp-json\/wp\/v2\/users\/11653"}],"wp:featuredmedia":[{"embeddable":true,"href":"https:\/\/graziamagazine.com\/es\/wp-json\/wp\/v2\/media\/188938"}],"wp:attachment":[{"href":"https:\/\/graziamagazine.com\/es\/wp-json\/wp\/v2\/media?parent=188935"}],"wp:term":[{"taxonomy":"category","embeddable":true,"href":"https:\/\/graziamagazine.com\/es\/wp-json\/wp\/v2\/categories?post=188935"}],"curies":[{"name":"wp","href":"https:\/\/api.w.org\/{rel}","templated":true}]}}