{"id":188708,"date":"2025-10-10T08:00:48","date_gmt":"2025-10-10T06:00:48","guid":{"rendered":"https:\/\/graziamagazine.com\/es\/?post_type=articles&#038;p=188708"},"modified":"2025-10-10T09:24:17","modified_gmt":"2025-10-10T07:24:17","slug":"como-llevar-las-transparencias-este-otono-invierno","status":"publish","type":"articles","link":"https:\/\/graziamagazine.com\/es\/articles\/como-llevar-las-transparencias-este-otono-invierno\/","title":{"rendered":"C\u00f3mo llevar las transparencias este oto\u00f1o-invierno"},"content":{"rendered":"<p>En las \u00faltimas semanas, las semanas de la moda se han consolidado no solo como vitrinas de la moda, sino como el epicentro donde se dictan los c\u00f3digos est\u00e9ticos de una generaci\u00f3n que consume, crea y comunica en tiempo real. Lo que antes era un circuito cerrado de pasarelas y front rows exclusivos, hoy vibra con la energ\u00eda de un fen\u00f3meno global que respira diversidad, digitalizaci\u00f3n y deseo. Cada capital imprime su ADN en la conversaci\u00f3n.<\/p>\n<p>Y aunque las grandes citas de la moda acaban de terminar, hay dos protagonistas indiscutibles que marcan el rumbo de la temporada: el marr\u00f3n chocolate y las transparencias. Este binomio, sofisticado y sensual, domina las pasarelas y el <em>street style<\/em> por igual. Las transparencias, en especial, se consolidan como el nuevo fetiche de las <em>insiders<\/em>: presentes en faldas que dejan entrever la ropa interior y se combinan con vaqueros, en blusas que aportan ligereza o en vestidos fluidos que insin\u00faan la silueta con sutileza.<\/p>\n<p><img loading=\"lazy\" decoding=\"async\" class=\"aligncenter size-full wp-image-188710\" src=\"https:\/\/graziamagazine.com\/es\/wp-content\/uploads\/sites\/12\/2025\/10\/NdP_IMAGEN_INTERIOR_7.png\" alt=\"\" width=\"900\" height=\"1350\" srcset=\"https:\/\/graziamagazine.com\/es\/wp-content\/uploads\/sites\/12\/2025\/10\/NdP_IMAGEN_INTERIOR_7.png 900w, https:\/\/graziamagazine.com\/es\/wp-content\/uploads\/sites\/12\/2025\/10\/NdP_IMAGEN_INTERIOR_7-200x300.png 200w, https:\/\/graziamagazine.com\/es\/wp-content\/uploads\/sites\/12\/2025\/10\/NdP_IMAGEN_INTERIOR_7-683x1024.png 683w, https:\/\/graziamagazine.com\/es\/wp-content\/uploads\/sites\/12\/2025\/10\/NdP_IMAGEN_INTERIOR_7-768x1152.png 768w, https:\/\/graziamagazine.com\/es\/wp-content\/uploads\/sites\/12\/2025\/10\/NdP_IMAGEN_INTERIOR_7-400x600.png 400w, https:\/\/graziamagazine.com\/es\/wp-content\/uploads\/sites\/12\/2025\/10\/NdP_IMAGEN_INTERIOR_7-143x215.png 143w\" sizes=\"(max-width: 900px) 100vw, 900px\" \/><\/p>\n<p>En forma de una u otra prenda, las transparencias son sin\u00f3nimo de elegancia intr\u00ednseca, de una sensualidad sugerente y sofisticada y de un must que todas las mujeres elegantes (y cualquier amante) de la moda necesita en su vestidor esta temporada para crear los mejores looks a partir de ellas. Eso es algo que saben en <a href=\"https:\/\/charoruiz.com\/\"title=\"https:\/\/charoruiz.com\/\"  target=\"_blank\" rel=\"noopener noreferrer\" data-auth=\"NotApplicable\" data-linkindex=\"3\" target=\"_blank\">Charo Ruiz<\/a> donde, como cada temporada apuestan por las transparencias en algunas de las prendas m\u00e1s especiales de su nueva colecci\u00f3n, recuperando la esencia de las \u00e9pocas m\u00e1s hippies de la isla pitusa y brindando la oportunidad de crear los mejores looks.<\/p>\n<p><img loading=\"lazy\" decoding=\"async\" class=\"aligncenter size-full wp-image-188709\" src=\"https:\/\/graziamagazine.com\/es\/wp-content\/uploads\/sites\/12\/2025\/10\/41.png\" alt=\"\" width=\"900\" height=\"1350\" srcset=\"https:\/\/graziamagazine.com\/es\/wp-content\/uploads\/sites\/12\/2025\/10\/41.png 900w, https:\/\/graziamagazine.com\/es\/wp-content\/uploads\/sites\/12\/2025\/10\/41-200x300.png 200w, https:\/\/graziamagazine.com\/es\/wp-content\/uploads\/sites\/12\/2025\/10\/41-683x1024.png 683w, https:\/\/graziamagazine.com\/es\/wp-content\/uploads\/sites\/12\/2025\/10\/41-768x1152.png 768w, https:\/\/graziamagazine.com\/es\/wp-content\/uploads\/sites\/12\/2025\/10\/41-400x600.png 400w, https:\/\/graziamagazine.com\/es\/wp-content\/uploads\/sites\/12\/2025\/10\/41-143x215.png 143w\" sizes=\"(max-width: 900px) 100vw, 900px\" \/><\/p>\n<p>Piezas como el Top Briny, que combina con la falda corta Haze en azul oscuro, se convierten en el d\u00fao perfecto para los eventos m\u00e1s especiales de la temporada. Un conjunto vers\u00e1til que podemos llevar tanto a un festival con botas altas y accesorios llamativos como a una cita m\u00e1s elegante, acompa\u00f1ado de unos tacones y un abrigo.<\/p>\n<div class=\"content-gallery\"><div class=\"gallery-placeholder\"><div class=\"spinner\"><\/div><\/div><span class=\"gallery-pagination\"><\/span><div id=\"gallery-1\" class=\"gallery galleryid-188708 gallery-columns- gallery-size-\"><figure class=\"gallery-item\"><div class=\"gallery-icon landscape\"><img loading=\"lazy\" decoding=\"async\" width=\"1024\" height=\"1024\" src=\"https:\/\/graziamagazine.com\/es\/wp-content\/uploads\/sites\/12\/2025\/10\/18.png\" class=\"lazy\" alt=\"\" srcset=\"https:\/\/graziamagazine.com\/es\/wp-content\/uploads\/sites\/12\/2025\/10\/18.png 1024w, https:\/\/graziamagazine.com\/es\/wp-content\/uploads\/sites\/12\/2025\/10\/18-300x300.png 300w, https:\/\/graziamagazine.com\/es\/wp-content\/uploads\/sites\/12\/2025\/10\/18-150x150.png 150w, https:\/\/graziamagazine.com\/es\/wp-content\/uploads\/sites\/12\/2025\/10\/18-768x768.png 768w, https:\/\/graziamagazine.com\/es\/wp-content\/uploads\/sites\/12\/2025\/10\/18-400x400.png 400w, https:\/\/graziamagazine.com\/es\/wp-content\/uploads\/sites\/12\/2025\/10\/18-155x155.png 155w\" sizes=\"(max-width: 1024px) 100vw, 1024px\" \/><\/div><\/figure><figure class=\"gallery-item\"><div class=\"gallery-icon landscape\"><img loading=\"lazy\" decoding=\"async\" width=\"1024\" height=\"1024\" src=\"https:\/\/graziamagazine.com\/es\/wp-content\/uploads\/sites\/12\/2025\/10\/19.png\" class=\"lazy\" alt=\"\" srcset=\"https:\/\/graziamagazine.com\/es\/wp-content\/uploads\/sites\/12\/2025\/10\/19.png 1024w, https:\/\/graziamagazine.com\/es\/wp-content\/uploads\/sites\/12\/2025\/10\/19-300x300.png 300w, https:\/\/graziamagazine.com\/es\/wp-content\/uploads\/sites\/12\/2025\/10\/19-150x150.png 150w, https:\/\/graziamagazine.com\/es\/wp-content\/uploads\/sites\/12\/2025\/10\/19-768x768.png 768w, https:\/\/graziamagazine.com\/es\/wp-content\/uploads\/sites\/12\/2025\/10\/19-400x400.png 400w, https:\/\/graziamagazine.com\/es\/wp-content\/uploads\/sites\/12\/2025\/10\/19-155x155.png 155w\" sizes=\"(max-width: 1024px) 100vw, 1024px\" \/><\/div><\/figure><\/div><\/div>\n<p><span data-olk-copy-source=\"MessageBody\"><a href=\"https:\/\/charoruiz.com\/products\/top-briny?variant=51458725806423\" target=\"_blank\">Top Briny azul (230 euros)<\/a> y <a href=\"https:\/\/charoruiz.com\/products\/short-skirt-haze?variant=51458771517783\" target=\"_blank\">falda corta Haze (265 euros)<\/a><\/span><\/p>\n<p><span data-olk-copy-source=\"MessageBody\">Aunque, si queremos viajar a la Ibiza de los 70, la de las bolas de discoteca enormes y las furgonetas vintage, <\/span><strong>Halo<\/strong> es la opci\u00f3n m\u00e1s setentera con la que podremos conseguirlo. Un conjunto con pantal\u00f3n acampanado y un body de lo m\u00e1s vers\u00e1til, que tambi\u00e9n llevaremos con vaqueros y una biker e, incluso, con un traje de sastrer\u00eda, para transformar un look de noche.<\/p>\n<div class=\"content-gallery\"><div class=\"gallery-placeholder\"><div class=\"spinner\"><\/div><\/div><span class=\"gallery-pagination\"><\/span><div id=\"gallery-2\" class=\"gallery galleryid-188708 gallery-columns- gallery-size-\"><figure class=\"gallery-item\"><div class=\"gallery-icon landscape\"><img loading=\"lazy\" decoding=\"async\" width=\"1024\" height=\"1024\" src=\"https:\/\/graziamagazine.com\/es\/wp-content\/uploads\/sites\/12\/2025\/10\/20.png\" class=\"lazy\" alt=\"\" srcset=\"https:\/\/graziamagazine.com\/es\/wp-content\/uploads\/sites\/12\/2025\/10\/20.png 1024w, https:\/\/graziamagazine.com\/es\/wp-content\/uploads\/sites\/12\/2025\/10\/20-300x300.png 300w, https:\/\/graziamagazine.com\/es\/wp-content\/uploads\/sites\/12\/2025\/10\/20-150x150.png 150w, https:\/\/graziamagazine.com\/es\/wp-content\/uploads\/sites\/12\/2025\/10\/20-768x768.png 768w, https:\/\/graziamagazine.com\/es\/wp-content\/uploads\/sites\/12\/2025\/10\/20-400x400.png 400w, https:\/\/graziamagazine.com\/es\/wp-content\/uploads\/sites\/12\/2025\/10\/20-155x155.png 155w\" sizes=\"(max-width: 1024px) 100vw, 1024px\" \/><\/div><\/figure><figure class=\"gallery-item\"><div class=\"gallery-icon landscape\"><img loading=\"lazy\" decoding=\"async\" width=\"1024\" height=\"1024\" src=\"https:\/\/graziamagazine.com\/es\/wp-content\/uploads\/sites\/12\/2025\/10\/21.png\" class=\"lazy\" alt=\"\" srcset=\"https:\/\/graziamagazine.com\/es\/wp-content\/uploads\/sites\/12\/2025\/10\/21.png 1024w, https:\/\/graziamagazine.com\/es\/wp-content\/uploads\/sites\/12\/2025\/10\/21-300x300.png 300w, https:\/\/graziamagazine.com\/es\/wp-content\/uploads\/sites\/12\/2025\/10\/21-150x150.png 150w, https:\/\/graziamagazine.com\/es\/wp-content\/uploads\/sites\/12\/2025\/10\/21-768x768.png 768w, https:\/\/graziamagazine.com\/es\/wp-content\/uploads\/sites\/12\/2025\/10\/21-400x400.png 400w, https:\/\/graziamagazine.com\/es\/wp-content\/uploads\/sites\/12\/2025\/10\/21-155x155.png 155w\" sizes=\"(max-width: 1024px) 100vw, 1024px\" \/><\/div><\/figure><\/div><\/div>\n<p><span data-olk-copy-source=\"MessageBody\"><a href=\"https:\/\/charoruiz.com\/products\/top-olha?variant=51458730262871\" target=\"_blank\">Top Olha azul (265 euros)<\/a> y <a href=\"https:\/\/charoruiz.com\/products\/pants-halo?variant=51459033399639\" target=\"_blank\">pantalones Halo azul (265 euros)<\/a><\/span><\/p>\n<p><span data-olk-copy-source=\"MessageBody\">En cuanto a los vestidos, <\/span><strong>Coral Black<\/strong> se presenta como el cl\u00e1sico modelo negro de encaje que nunca pasa de moda. Ese vestido atemporal que llevaremos con nuestro abrigo preferido para conquistar los planes m\u00e1s ex\u00f3ticos. Aunque, si buscamos dar un extra de frescura a nuestra imagen, el <strong>vestido corto Pearl<\/strong> es ideal para conseguirlo. Sexy, rom\u00e1ntico y con un toque italiano, define al 100% la esencia de la firma m\u00e1s juvenil de hoy en d\u00eda.<\/p>\n<p><img loading=\"lazy\" decoding=\"async\" class=\"aligncenter size-full wp-image-188716\" src=\"https:\/\/graziamagazine.com\/es\/wp-content\/uploads\/sites\/12\/2025\/10\/22.png\" alt=\"\" width=\"1024\" height=\"1024\" srcset=\"https:\/\/graziamagazine.com\/es\/wp-content\/uploads\/sites\/12\/2025\/10\/22.png 1024w, https:\/\/graziamagazine.com\/es\/wp-content\/uploads\/sites\/12\/2025\/10\/22-300x300.png 300w, https:\/\/graziamagazine.com\/es\/wp-content\/uploads\/sites\/12\/2025\/10\/22-150x150.png 150w, https:\/\/graziamagazine.com\/es\/wp-content\/uploads\/sites\/12\/2025\/10\/22-768x768.png 768w, https:\/\/graziamagazine.com\/es\/wp-content\/uploads\/sites\/12\/2025\/10\/22-400x400.png 400w, https:\/\/graziamagazine.com\/es\/wp-content\/uploads\/sites\/12\/2025\/10\/22-155x155.png 155w\" sizes=\"(max-width: 1024px) 100vw, 1024px\" \/><\/p>\n<p><a href=\"https:\/\/charoruiz.com\/products\/short-dress-coral?variant=51459026059607\" target=\"_blank\"><span data-olk-copy-source=\"MessageBody\">Vestido corto Coral Black (440 euros)<\/span><\/a><\/p>\n<p>Y es que, en esta colecci\u00f3n FW de Charo Ruiz encontraremos las opciones m\u00e1s chics y femeninas con las que sumarnos a la tendencia ochentera de los encajes a trav\u00e9s del tejido mesh, haciendo una oda a la sensualidad sin olvidar los rasgos ibicencos que tanto definen a la firma.<\/p>\n<p><em>*Im\u00e1genes: Instagram y cortes\u00eda<\/em><\/p>\n<p>&nbsp;<\/p>\n","protected":false},"author":11653,"featured_media":188711,"template":"","format":"standard","categories":[11738,1],"acf":[],"yoast_head":"<!-- This site is optimized with the Yoast SEO Premium plugin v18.5 (Yoast SEO v20.4) - https:\/\/yoast.com\/wordpress\/plugins\/seo\/ -->\n<title>C\u00f3mo llevar las transparencias este oto\u00f1o-invierno<\/title>\n<meta name=\"description\" content=\"Tanto en las pasarelas como en el street style, las transparencias se consolidan como el nuevo fetiche de las insiders.\" \/>\n<meta name=\"robots\" content=\"index, follow, max-snippet:-1, max-image-preview:large, max-video-preview:-1\" \/>\n<link rel=\"canonical\" href=\"https:\/\/graziamagazine.com\/es\/articles\/como-llevar-las-transparencias-este-otono-invierno\/\" \/>\n<meta property=\"og:locale\" content=\"es_ES\" \/>\n<meta property=\"og:type\" content=\"article\" \/>\n<meta property=\"og:title\" content=\"C\u00f3mo llevar las transparencias este oto\u00f1o-invierno\" \/>\n<meta property=\"og:description\" content=\"Tanto en las pasarelas como en el street style, las transparencias se consolidan como el nuevo fetiche de las insiders.\" \/>\n<meta property=\"og:url\" content=\"https:\/\/graziamagazine.com\/es\/articles\/como-llevar-las-transparencias-este-otono-invierno\/\" \/>\n<meta property=\"og:site_name\" content=\"Grazia\" \/>\n<meta property=\"article:modified_time\" content=\"2025-10-10T07:24:17+00:00\" \/>\n<meta property=\"og:image\" content=\"https:\/\/graziamagazine.com\/es\/wp-content\/uploads\/sites\/12\/2025\/10\/NdP_IMAGEN_PORTADA_15.png\" \/>\n\t<meta property=\"og:image:width\" content=\"1500\" \/>\n\t<meta property=\"og:image:height\" content=\"1000\" \/>\n\t<meta property=\"og:image:type\" content=\"image\/png\" \/>\n<meta name=\"twitter:card\" content=\"summary_large_image\" \/>\n<meta name=\"twitter:label1\" content=\"Est. reading time\" \/>\n\t<meta name=\"twitter:data1\" content=\"4 minutos\" \/>\n<script type=\"application\/ld+json\" class=\"yoast-schema-graph\">{\"@context\":\"https:\/\/schema.org\",\"@graph\":[{\"@type\":\"WebPage\",\"@id\":\"https:\/\/graziamagazine.com\/es\/articles\/como-llevar-las-transparencias-este-otono-invierno\/\",\"url\":\"https:\/\/graziamagazine.com\/es\/articles\/como-llevar-las-transparencias-este-otono-invierno\/\",\"name\":\"C\u00f3mo llevar las transparencias este oto\u00f1o-invierno\",\"isPartOf\":{\"@id\":\"https:\/\/graziamagazine.com\/es\/#website\"},\"datePublished\":\"2025-10-10T06:00:48+00:00\",\"dateModified\":\"2025-10-10T07:24:17+00:00\",\"description\":\"Tanto en las pasarelas como en el street style, las transparencias se consolidan como el nuevo fetiche de las insiders.\",\"breadcrumb\":{\"@id\":\"https:\/\/graziamagazine.com\/es\/articles\/como-llevar-las-transparencias-este-otono-invierno\/#breadcrumb\"},\"inLanguage\":\"es\",\"potentialAction\":[{\"@type\":\"ReadAction\",\"target\":[\"https:\/\/graziamagazine.com\/es\/articles\/como-llevar-las-transparencias-este-otono-invierno\/\"]}]},{\"@type\":\"BreadcrumbList\",\"@id\":\"https:\/\/graziamagazine.com\/es\/articles\/como-llevar-las-transparencias-este-otono-invierno\/#breadcrumb\",\"itemListElement\":[{\"@type\":\"ListItem\",\"position\":1,\"name\":\"Portada\",\"item\":\"https:\/\/graziamagazine.com\/es\/\"},{\"@type\":\"ListItem\",\"position\":2,\"name\":\"C\u00f3mo llevar las transparencias este oto\u00f1o-invierno\"}]},{\"@type\":\"WebSite\",\"@id\":\"https:\/\/graziamagazine.com\/es\/#website\",\"url\":\"https:\/\/graziamagazine.com\/es\/\",\"name\":\"Grazia\",\"description\":\"Moda, belleza, celebrities, estilo de vida...\",\"potentialAction\":[{\"@type\":\"SearchAction\",\"target\":{\"@type\":\"EntryPoint\",\"urlTemplate\":\"https:\/\/graziamagazine.com\/es\/?s={search_term_string}\"},\"query-input\":\"required name=search_term_string\"}],\"inLanguage\":\"es\"}]}<\/script>\n<!-- \/ Yoast SEO Premium plugin. -->","yoast_head_json":{"title":"C\u00f3mo llevar las transparencias este oto\u00f1o-invierno","description":"Tanto en las pasarelas como en el street style, las transparencias se consolidan como el nuevo fetiche de las insiders.","robots":{"index":"index","follow":"follow","max-snippet":"max-snippet:-1","max-image-preview":"max-image-preview:large","max-video-preview":"max-video-preview:-1"},"canonical":"https:\/\/graziamagazine.com\/es\/articles\/como-llevar-las-transparencias-este-otono-invierno\/","og_locale":"es_ES","og_type":"article","og_title":"C\u00f3mo llevar las transparencias este oto\u00f1o-invierno","og_description":"Tanto en las pasarelas como en el street style, las transparencias se consolidan como el nuevo fetiche de las insiders.","og_url":"https:\/\/graziamagazine.com\/es\/articles\/como-llevar-las-transparencias-este-otono-invierno\/","og_site_name":"Grazia","article_modified_time":"2025-10-10T07:24:17+00:00","og_image":[{"width":1500,"height":1000,"url":"https:\/\/graziamagazine.com\/es\/wp-content\/uploads\/sites\/12\/2025\/10\/NdP_IMAGEN_PORTADA_15.png","type":"image\/png"}],"twitter_card":"summary_large_image","twitter_misc":{"Est. reading time":"4 minutos"},"schema":{"@context":"https:\/\/schema.org","@graph":[{"@type":"WebPage","@id":"https:\/\/graziamagazine.com\/es\/articles\/como-llevar-las-transparencias-este-otono-invierno\/","url":"https:\/\/graziamagazine.com\/es\/articles\/como-llevar-las-transparencias-este-otono-invierno\/","name":"C\u00f3mo llevar las transparencias este oto\u00f1o-invierno","isPartOf":{"@id":"https:\/\/graziamagazine.com\/es\/#website"},"datePublished":"2025-10-10T06:00:48+00:00","dateModified":"2025-10-10T07:24:17+00:00","description":"Tanto en las pasarelas como en el street style, las transparencias se consolidan como el nuevo fetiche de las insiders.","breadcrumb":{"@id":"https:\/\/graziamagazine.com\/es\/articles\/como-llevar-las-transparencias-este-otono-invierno\/#breadcrumb"},"inLanguage":"es","potentialAction":[{"@type":"ReadAction","target":["https:\/\/graziamagazine.com\/es\/articles\/como-llevar-las-transparencias-este-otono-invierno\/"]}]},{"@type":"BreadcrumbList","@id":"https:\/\/graziamagazine.com\/es\/articles\/como-llevar-las-transparencias-este-otono-invierno\/#breadcrumb","itemListElement":[{"@type":"ListItem","position":1,"name":"Portada","item":"https:\/\/graziamagazine.com\/es\/"},{"@type":"ListItem","position":2,"name":"C\u00f3mo llevar las transparencias este oto\u00f1o-invierno"}]},{"@type":"WebSite","@id":"https:\/\/graziamagazine.com\/es\/#website","url":"https:\/\/graziamagazine.com\/es\/","name":"Grazia","description":"Moda, belleza, celebrities, estilo de vida...","potentialAction":[{"@type":"SearchAction","target":{"@type":"EntryPoint","urlTemplate":"https:\/\/graziamagazine.com\/es\/?s={search_term_string}"},"query-input":"required name=search_term_string"}],"inLanguage":"es"}]}},"jetpack_sharing_enabled":true,"distributor_meta":false,"distributor_terms":false,"distributor_media":false,"distributor_original_site_name":"Grazia","distributor_original_site_url":"https:\/\/graziamagazine.com\/es","push-errors":false,"_links":{"self":[{"href":"https:\/\/graziamagazine.com\/es\/wp-json\/wp\/v2\/articles\/188708"}],"collection":[{"href":"https:\/\/graziamagazine.com\/es\/wp-json\/wp\/v2\/articles"}],"about":[{"href":"https:\/\/graziamagazine.com\/es\/wp-json\/wp\/v2\/types\/articles"}],"author":[{"embeddable":true,"href":"https:\/\/graziamagazine.com\/es\/wp-json\/wp\/v2\/users\/11653"}],"wp:featuredmedia":[{"embeddable":true,"href":"https:\/\/graziamagazine.com\/es\/wp-json\/wp\/v2\/media\/188711"}],"wp:attachment":[{"href":"https:\/\/graziamagazine.com\/es\/wp-json\/wp\/v2\/media?parent=188708"}],"wp:term":[{"taxonomy":"category","embeddable":true,"href":"https:\/\/graziamagazine.com\/es\/wp-json\/wp\/v2\/categories?post=188708"}],"curies":[{"name":"wp","href":"https:\/\/api.w.org\/{rel}","templated":true}]}}