{"id":188559,"date":"2025-10-07T00:39:22","date_gmt":"2025-10-06T22:39:22","guid":{"rendered":"https:\/\/graziamagazine.com\/es\/?post_type=articles&#038;p=188559"},"modified":"2025-10-07T11:46:59","modified_gmt":"2025-10-07T09:46:59","slug":"el-debut-de-matthieu-blazy-para-chanel-ss26-en-pfw","status":"publish","type":"articles","link":"https:\/\/graziamagazine.com\/es\/articles\/el-debut-de-matthieu-blazy-para-chanel-ss26-en-pfw\/","title":{"rendered":"El debut de Matthieu Blazy para CHANEL SS26 en PFW"},"content":{"rendered":"<p data-start=\"232\" data-end=\"743\">La m\u00e1s reciente colecci\u00f3n de CHANEL Primavera-Verano 2026, presentada por Matthieu Blazy, ha transportado a los asistentes a un mundo de ensue\u00f1o, inspirado por el cosmos y el sentimiento universal de admiraci\u00f3n hacia las estrellas y el cielo. La frase ic\u00f3nica de Gabrielle Chanel, \u201cMe encanta todo lo que est\u00e1 arriba: el cielo, la luna, creo en las estrellas.\u201d, resume la inspiraci\u00f3n detr\u00e1s de este desfile, que se despliega como una oda al universo, un lugar sin tiempo, lleno de misterio y emoci\u00f3n compartida.<\/p>\n<p data-start=\"745\" data-end=\"1063\">El concepto detr\u00e1s de la colecci\u00f3n es claramente universal: todos observamos el mismo cielo, y, seg\u00fan Blazy, esa vista provoca una emoci\u00f3n com\u00fan en cada uno de nosotros. Esta propuesta transciende lo f\u00edsico y se convierte en una experiencia emocional y visual, donde la conexi\u00f3n con lo et\u00e9reo y lo sublime es palpable.<\/p>\n<div class=\"content-gallery\">\n<div class=\"gallery-placeholder\">\n<div class=\"spinner\"><\/div>\n<\/div>\n<p>&nbsp;<\/p>\n<div id=\"gallery-1\" class=\"gallery galleryid- gallery-columns- gallery-size-\">\n<figure class=\"gallery-item\">\n<div class=\"gallery-icon landscape\"><img loading=\"lazy\" decoding=\"async\" class=\"lazy\" src=\"https:\/\/graziamagazine.com\/mx\/wp-content\/uploads\/sites\/13\/2025\/10\/Captura-de-Pantalla-2025-10-06-a-las-13.32.39.png\" alt=\"\" width=\"748\" height=\"1132\" \/><\/div>\n<\/figure>\n<figure class=\"gallery-item\">\n<div class=\"gallery-icon landscape\"><img loading=\"lazy\" decoding=\"async\" class=\"lazy\" src=\"https:\/\/graziamagazine.com\/mx\/wp-content\/uploads\/sites\/13\/2025\/10\/Captura-de-Pantalla-2025-10-06-a-las-13.32.44.png\" alt=\"\" width=\"748\" height=\"1132\" \/><\/div>\n<\/figure>\n<figure class=\"gallery-item\">\n<div class=\"gallery-icon landscape\"><img loading=\"lazy\" decoding=\"async\" class=\"lazy\" src=\"https:\/\/graziamagazine.com\/mx\/wp-content\/uploads\/sites\/13\/2025\/10\/Captura-de-Pantalla-2025-10-06-a-las-13.32.49.png\" alt=\"\" width=\"748\" height=\"1132\" \/><\/div>\n<\/figure>\n<figure class=\"gallery-item\">\n<div class=\"gallery-icon landscape\"><img loading=\"lazy\" decoding=\"async\" class=\"lazy\" src=\"https:\/\/graziamagazine.com\/mx\/wp-content\/uploads\/sites\/13\/2025\/10\/Captura-de-Pantalla-2025-10-06-a-las-13.32.54.png\" alt=\"\" width=\"748\" height=\"1132\" \/><\/div>\n<\/figure>\n<figure class=\"gallery-item\">\n<div class=\"gallery-icon landscape\"><img loading=\"lazy\" decoding=\"async\" class=\"lazy\" src=\"https:\/\/graziamagazine.com\/mx\/wp-content\/uploads\/sites\/13\/2025\/10\/Captura-de-Pantalla-2025-10-06-a-las-13.32.58.png\" alt=\"\" width=\"748\" height=\"1132\" \/><\/div>\n<\/figure>\n<\/div>\n<\/div>\n<p data-start=\"1065\" data-end=\"1560\">Las siluetas en esta colecci\u00f3n mantienen la elegancia cl\u00e1sica de CHANEL, pero con un enfoque contempor\u00e1neo. Blazy ha jugado con formas amplias y relajadas, equilibrando la estructura con la fluidez.<\/p>\n<p data-start=\"1065\" data-end=\"1560\"><img decoding=\"async\" src=\"https:\/\/staticx.noticiasilimitadas.pt\/jn\/1315aa06-61e4-4ac9-b199-e1f5ab8ad11d_1200x675.jpg\" alt=\"O renascimento da Chanel: Matthieu Blazy inaugura uma nova era sob a lua de Paris - JN\" \/><\/p>\n<p data-start=\"1065\" data-end=\"1560\">La colecci\u00f3n presenta trajes de l\u00edneas depuradas y blusas de gran volumen, combinadas con pantalones y faldas que fluyen libremente, evocando la ligereza de las nubes en el cielo. El corte es preciso, pero la suavidad de las prendas permite un movimiento que se asemeja al vuelo de las estrellas.<\/p>\n<div class=\"content-gallery\">\n<div class=\"gallery-placeholder\">\n<div class=\"spinner\"><\/div>\n<\/div>\n<p>&nbsp;<\/p>\n<div id=\"gallery-2\" class=\"gallery galleryid- gallery-columns- gallery-size-\">\n<figure class=\"gallery-item\">\n<div class=\"gallery-icon landscape\"><img loading=\"lazy\" decoding=\"async\" class=\"lazy\" src=\"https:\/\/graziamagazine.com\/mx\/wp-content\/uploads\/sites\/13\/2025\/10\/Captura-de-Pantalla-2025-10-06-a-las-13.33.27.png\" alt=\"\" width=\"748\" height=\"1132\" \/><\/div>\n<\/figure>\n<figure class=\"gallery-item\">\n<div class=\"gallery-icon landscape\"><img loading=\"lazy\" decoding=\"async\" class=\"lazy\" src=\"https:\/\/graziamagazine.com\/mx\/wp-content\/uploads\/sites\/13\/2025\/10\/Captura-de-Pantalla-2025-10-06-a-las-13.33.03.png\" alt=\"\" width=\"748\" height=\"1132\" \/><\/div>\n<\/figure>\n<figure class=\"gallery-item\">\n<div class=\"gallery-icon landscape\"><img loading=\"lazy\" decoding=\"async\" class=\"lazy\" src=\"https:\/\/graziamagazine.com\/mx\/wp-content\/uploads\/sites\/13\/2025\/10\/Captura-de-Pantalla-2025-10-06-a-las-13.33.08.png\" alt=\"\" width=\"748\" height=\"1132\" \/><\/div>\n<\/figure>\n<figure class=\"gallery-item\">\n<div class=\"gallery-icon landscape\"><img loading=\"lazy\" decoding=\"async\" class=\"lazy\" src=\"https:\/\/graziamagazine.com\/mx\/wp-content\/uploads\/sites\/13\/2025\/10\/Captura-de-Pantalla-2025-10-06-a-las-13.33.22.png\" alt=\"\" width=\"748\" height=\"1132\" \/><\/div>\n<\/figure>\n<figure class=\"gallery-item\">\n<div class=\"gallery-icon landscape\"><img loading=\"lazy\" decoding=\"async\" class=\"lazy\" src=\"https:\/\/graziamagazine.com\/mx\/wp-content\/uploads\/sites\/13\/2025\/10\/Captura-de-Pantalla-2025-10-06-a-las-13.33.32.png\" alt=\"\" width=\"748\" height=\"1132\" \/><\/div>\n<\/figure>\n<\/div>\n<\/div>\n<p data-start=\"1562\" data-end=\"2091\">Las texturas utilizadas son un homenaje al cosmos. Se aprecian tejidos met\u00e1licos, sedas y organzas que capturan la luz de manera hipn\u00f3tica, como si fueran fragmentos de estrellas ca\u00eddas.<\/p>\n<p data-start=\"1562\" data-end=\"2091\">Adem\u00e1s, el uso de plumas, especialmente en las faldas y vestidos, crea un efecto que recuerda a las constelaciones, simbolizando la conexi\u00f3n infinita entre los cuerpos celestes. Los acabados en los vestidos son delicados, con detalles que evocan la belleza del espacio exterior, en tonos plateados y dorados que recuerdan a la luz de la luna.<\/p>\n<div class=\"content-gallery\">\n<div class=\"gallery-placeholder\">\n<div class=\"spinner\"><\/div>\n<\/div>\n<p>&nbsp;<\/p>\n<div id=\"gallery-3\" class=\"gallery galleryid- gallery-columns- gallery-size-\">\n<figure class=\"gallery-item\">\n<div class=\"gallery-icon landscape\"><img loading=\"lazy\" decoding=\"async\" class=\"lazy\" src=\"https:\/\/graziamagazine.com\/mx\/wp-content\/uploads\/sites\/13\/2025\/10\/Captura-de-Pantalla-2025-10-06-a-las-13.33.43.png\" alt=\"\" width=\"748\" height=\"1132\" \/><\/div>\n<\/figure>\n<figure class=\"gallery-item\">\n<div class=\"gallery-icon landscape\"><img loading=\"lazy\" decoding=\"async\" class=\"lazy\" src=\"https:\/\/graziamagazine.com\/mx\/wp-content\/uploads\/sites\/13\/2025\/10\/Captura-de-Pantalla-2025-10-06-a-las-13.33.48.png\" alt=\"\" width=\"748\" height=\"1132\" \/><\/div>\n<\/figure>\n<figure class=\"gallery-item\">\n<div class=\"gallery-icon landscape\"><img loading=\"lazy\" decoding=\"async\" class=\"lazy\" src=\"https:\/\/graziamagazine.com\/mx\/wp-content\/uploads\/sites\/13\/2025\/10\/Captura-de-Pantalla-2025-10-06-a-las-13.33.53.png\" alt=\"\" width=\"748\" height=\"1132\" \/><\/div>\n<\/figure>\n<figure class=\"gallery-item\">\n<div class=\"gallery-icon landscape\"><img loading=\"lazy\" decoding=\"async\" class=\"lazy\" src=\"https:\/\/graziamagazine.com\/mx\/wp-content\/uploads\/sites\/13\/2025\/10\/Captura-de-Pantalla-2025-10-06-a-las-13.33.58.png\" alt=\"\" width=\"748\" height=\"1132\" \/><\/div>\n<\/figure>\n<figure class=\"gallery-item\">\n<div class=\"gallery-icon landscape\"><img loading=\"lazy\" decoding=\"async\" class=\"lazy\" src=\"https:\/\/graziamagazine.com\/mx\/wp-content\/uploads\/sites\/13\/2025\/10\/Captura-de-Pantalla-2025-10-06-a-las-13.34.03.png\" alt=\"\" width=\"748\" height=\"1132\" \/><\/div>\n<\/figure>\n<\/div>\n<\/div>\n<p data-start=\"2093\" data-end=\"2410\">En cuanto a la paleta de colores, el desfile estuvo marcado por una mezcla de tonos de plata, dorado y azul profundo, combinados con matices c\u00e1lidos de rojos, naranjas y fucsias, evocando la fuerza y la energ\u00eda c\u00f3smica. Los colores vibrantes se mezclan con el brillo met\u00e1lico, creando una atm\u00f3sfera de lujo celestial.<\/p>\n<p data-start=\"2412\" data-end=\"2815\">Los accesorios en esta colecci\u00f3n juegan un papel crucial en completar la atm\u00f3sfera de la pasarela. Los zapatos de charol blanco y los bolsos de cadena met\u00e1lica, adornados con detalles en forma de estrellas y lunas, destacan por su elegancia y armonizan con la tem\u00e1tica del universo. Los pendientes y collares, tambi\u00e9n con formas astrales, a\u00f1aden un toque de sofisticaci\u00f3n y conexi\u00f3n con el tema c\u00f3smico.<\/p>\n<div class=\"content-gallery\">\n<div class=\"gallery-placeholder\">\n<div class=\"spinner\"><\/div>\n<\/div>\n<p>&nbsp;<\/p>\n<div id=\"gallery-4\" class=\"gallery galleryid- gallery-columns- gallery-size-\">\n<figure class=\"gallery-item\">\n<div class=\"gallery-icon landscape\"><img loading=\"lazy\" decoding=\"async\" class=\"lazy\" src=\"https:\/\/graziamagazine.com\/mx\/wp-content\/uploads\/sites\/13\/2025\/10\/Captura-de-Pantalla-2025-10-06-a-las-13.34.29.png\" alt=\"\" width=\"748\" height=\"1132\" \/><\/div>\n<\/figure>\n<figure class=\"gallery-item\">\n<div class=\"gallery-icon landscape\"><img loading=\"lazy\" decoding=\"async\" class=\"lazy\" src=\"https:\/\/graziamagazine.com\/mx\/wp-content\/uploads\/sites\/13\/2025\/10\/Captura-de-Pantalla-2025-10-06-a-las-13.34.23.png\" alt=\"\" width=\"748\" height=\"1132\" \/><\/div>\n<\/figure>\n<figure class=\"gallery-item\">\n<div class=\"gallery-icon landscape\"><img loading=\"lazy\" decoding=\"async\" class=\"lazy\" src=\"https:\/\/graziamagazine.com\/mx\/wp-content\/uploads\/sites\/13\/2025\/10\/Captura-de-Pantalla-2025-10-06-a-las-13.34.19.png\" alt=\"\" width=\"748\" height=\"1132\" \/><\/div>\n<\/figure>\n<figure class=\"gallery-item\">\n<div class=\"gallery-icon landscape\"><img loading=\"lazy\" decoding=\"async\" class=\"lazy\" src=\"https:\/\/graziamagazine.com\/mx\/wp-content\/uploads\/sites\/13\/2025\/10\/Captura-de-Pantalla-2025-10-06-a-las-13.34.08.png\" alt=\"\" width=\"748\" height=\"1132\" \/><\/div>\n<\/figure>\n<\/div>\n<\/div>\n<p data-start=\"2817\" data-end=\"3125\">La visi\u00f3n de Matthieu Blazy para CHANEL Primavera-Verano 2026 no solo rinde homenaje a la visi\u00f3n de Gabrielle Chanel, sino que tambi\u00e9n demuestra c\u00f3mo la moda puede trascender las fronteras del tiempo, el espacio y la emoci\u00f3n, conectando a todos los que la experimentan con algo m\u00e1s grande que ellos mismos.<\/p>\n<p data-start=\"2817\" data-end=\"3125\"><em>*Im\u00e1genes: cortes\u00eda y Getty Images<\/em><\/p>\n","protected":false},"author":16349,"featured_media":188572,"template":"","format":"standard","categories":[1],"acf":[],"yoast_head":"<!-- This site is optimized with the Yoast SEO Premium plugin v18.5 (Yoast SEO v20.4) - https:\/\/yoast.com\/wordpress\/plugins\/seo\/ -->\n<title>El debut de Mathieu Blazy para CHANEL SS26 en PFW<\/title>\n<meta name=\"description\" content=\"Un viaje a trav\u00e9s del universo de la moda y la elegancia en el desfile de CHANEL Primavera-Verano 2026, dirigido por Matthieu Blazy.\" \/>\n<meta name=\"robots\" content=\"index, follow, max-snippet:-1, max-image-preview:large, max-video-preview:-1\" \/>\n<link rel=\"canonical\" href=\"https:\/\/graziamagazine.com\/es\/articles\/el-debut-de-matthieu-blazy-para-chanel-ss26-en-pfw\/\" \/>\n<meta property=\"og:locale\" content=\"es_ES\" \/>\n<meta property=\"og:type\" content=\"article\" \/>\n<meta property=\"og:title\" content=\"El debut de Matthieu Blazy para CHANEL SS26 en PFW\" \/>\n<meta property=\"og:description\" content=\"Un viaje a trav\u00e9s del universo de la moda y la elegancia en el desfile de CHANEL Primavera-Verano 2026, dirigido por Matthieu Blazy.\" \/>\n<meta property=\"og:url\" content=\"https:\/\/graziamagazine.com\/es\/articles\/el-debut-de-matthieu-blazy-para-chanel-ss26-en-pfw\/\" \/>\n<meta property=\"og:site_name\" content=\"Grazia\" \/>\n<meta property=\"article:modified_time\" content=\"2025-10-07T09:46:59+00:00\" \/>\n<meta property=\"og:image\" content=\"https:\/\/graziamagazine.com\/es\/wp-content\/uploads\/sites\/12\/2025\/10\/f.elconfidencial.com_original_e47_cdc_d91_e47cdcd9147f047490d064114d072aac.jpg\" \/>\n\t<meta property=\"og:image:width\" content=\"1200\" \/>\n\t<meta property=\"og:image:height\" content=\"900\" \/>\n\t<meta property=\"og:image:type\" content=\"image\/jpeg\" \/>\n<meta name=\"twitter:card\" content=\"summary_large_image\" \/>\n<meta name=\"twitter:label1\" content=\"Est. reading time\" \/>\n\t<meta name=\"twitter:data1\" content=\"7 minutos\" \/>\n<script type=\"application\/ld+json\" class=\"yoast-schema-graph\">{\"@context\":\"https:\/\/schema.org\",\"@graph\":[{\"@type\":\"WebPage\",\"@id\":\"https:\/\/graziamagazine.com\/es\/articles\/el-debut-de-matthieu-blazy-para-chanel-ss26-en-pfw\/\",\"url\":\"https:\/\/graziamagazine.com\/es\/articles\/el-debut-de-matthieu-blazy-para-chanel-ss26-en-pfw\/\",\"name\":\"El debut de Mathieu Blazy para CHANEL SS26 en PFW\",\"isPartOf\":{\"@id\":\"https:\/\/graziamagazine.com\/es\/#website\"},\"datePublished\":\"2025-10-06T22:39:22+00:00\",\"dateModified\":\"2025-10-07T09:46:59+00:00\",\"description\":\"Un viaje a trav\u00e9s del universo de la moda y la elegancia en el desfile de CHANEL Primavera-Verano 2026, dirigido por Matthieu Blazy.\",\"breadcrumb\":{\"@id\":\"https:\/\/graziamagazine.com\/es\/articles\/el-debut-de-matthieu-blazy-para-chanel-ss26-en-pfw\/#breadcrumb\"},\"inLanguage\":\"es\",\"potentialAction\":[{\"@type\":\"ReadAction\",\"target\":[\"https:\/\/graziamagazine.com\/es\/articles\/el-debut-de-matthieu-blazy-para-chanel-ss26-en-pfw\/\"]}]},{\"@type\":\"BreadcrumbList\",\"@id\":\"https:\/\/graziamagazine.com\/es\/articles\/el-debut-de-matthieu-blazy-para-chanel-ss26-en-pfw\/#breadcrumb\",\"itemListElement\":[{\"@type\":\"ListItem\",\"position\":1,\"name\":\"Portada\",\"item\":\"https:\/\/graziamagazine.com\/es\/\"},{\"@type\":\"ListItem\",\"position\":2,\"name\":\"El debut de Matthieu Blazy para CHANEL SS26 en PFW\"}]},{\"@type\":\"WebSite\",\"@id\":\"https:\/\/graziamagazine.com\/es\/#website\",\"url\":\"https:\/\/graziamagazine.com\/es\/\",\"name\":\"Grazia\",\"description\":\"Moda, belleza, celebrities, estilo de vida...\",\"potentialAction\":[{\"@type\":\"SearchAction\",\"target\":{\"@type\":\"EntryPoint\",\"urlTemplate\":\"https:\/\/graziamagazine.com\/es\/?s={search_term_string}\"},\"query-input\":\"required name=search_term_string\"}],\"inLanguage\":\"es\"}]}<\/script>\n<!-- \/ Yoast SEO Premium plugin. -->","yoast_head_json":{"title":"El debut de Mathieu Blazy para CHANEL SS26 en PFW","description":"Un viaje a trav\u00e9s del universo de la moda y la elegancia en el desfile de CHANEL Primavera-Verano 2026, dirigido por Matthieu Blazy.","robots":{"index":"index","follow":"follow","max-snippet":"max-snippet:-1","max-image-preview":"max-image-preview:large","max-video-preview":"max-video-preview:-1"},"canonical":"https:\/\/graziamagazine.com\/es\/articles\/el-debut-de-matthieu-blazy-para-chanel-ss26-en-pfw\/","og_locale":"es_ES","og_type":"article","og_title":"El debut de Matthieu Blazy para CHANEL SS26 en PFW","og_description":"Un viaje a trav\u00e9s del universo de la moda y la elegancia en el desfile de CHANEL Primavera-Verano 2026, dirigido por Matthieu Blazy.","og_url":"https:\/\/graziamagazine.com\/es\/articles\/el-debut-de-matthieu-blazy-para-chanel-ss26-en-pfw\/","og_site_name":"Grazia","article_modified_time":"2025-10-07T09:46:59+00:00","og_image":[{"width":1200,"height":900,"url":"https:\/\/graziamagazine.com\/es\/wp-content\/uploads\/sites\/12\/2025\/10\/f.elconfidencial.com_original_e47_cdc_d91_e47cdcd9147f047490d064114d072aac.jpg","type":"image\/jpeg"}],"twitter_card":"summary_large_image","twitter_misc":{"Est. reading time":"7 minutos"},"schema":{"@context":"https:\/\/schema.org","@graph":[{"@type":"WebPage","@id":"https:\/\/graziamagazine.com\/es\/articles\/el-debut-de-matthieu-blazy-para-chanel-ss26-en-pfw\/","url":"https:\/\/graziamagazine.com\/es\/articles\/el-debut-de-matthieu-blazy-para-chanel-ss26-en-pfw\/","name":"El debut de Mathieu Blazy para CHANEL SS26 en PFW","isPartOf":{"@id":"https:\/\/graziamagazine.com\/es\/#website"},"datePublished":"2025-10-06T22:39:22+00:00","dateModified":"2025-10-07T09:46:59+00:00","description":"Un viaje a trav\u00e9s del universo de la moda y la elegancia en el desfile de CHANEL Primavera-Verano 2026, dirigido por Matthieu Blazy.","breadcrumb":{"@id":"https:\/\/graziamagazine.com\/es\/articles\/el-debut-de-matthieu-blazy-para-chanel-ss26-en-pfw\/#breadcrumb"},"inLanguage":"es","potentialAction":[{"@type":"ReadAction","target":["https:\/\/graziamagazine.com\/es\/articles\/el-debut-de-matthieu-blazy-para-chanel-ss26-en-pfw\/"]}]},{"@type":"BreadcrumbList","@id":"https:\/\/graziamagazine.com\/es\/articles\/el-debut-de-matthieu-blazy-para-chanel-ss26-en-pfw\/#breadcrumb","itemListElement":[{"@type":"ListItem","position":1,"name":"Portada","item":"https:\/\/graziamagazine.com\/es\/"},{"@type":"ListItem","position":2,"name":"El debut de Matthieu Blazy para CHANEL SS26 en PFW"}]},{"@type":"WebSite","@id":"https:\/\/graziamagazine.com\/es\/#website","url":"https:\/\/graziamagazine.com\/es\/","name":"Grazia","description":"Moda, belleza, celebrities, estilo de vida...","potentialAction":[{"@type":"SearchAction","target":{"@type":"EntryPoint","urlTemplate":"https:\/\/graziamagazine.com\/es\/?s={search_term_string}"},"query-input":"required name=search_term_string"}],"inLanguage":"es"}]}},"jetpack_sharing_enabled":true,"distributor_meta":false,"distributor_terms":false,"distributor_media":false,"distributor_original_site_name":"Grazia","distributor_original_site_url":"https:\/\/graziamagazine.com\/es","push-errors":false,"_links":{"self":[{"href":"https:\/\/graziamagazine.com\/es\/wp-json\/wp\/v2\/articles\/188559"}],"collection":[{"href":"https:\/\/graziamagazine.com\/es\/wp-json\/wp\/v2\/articles"}],"about":[{"href":"https:\/\/graziamagazine.com\/es\/wp-json\/wp\/v2\/types\/articles"}],"author":[{"embeddable":true,"href":"https:\/\/graziamagazine.com\/es\/wp-json\/wp\/v2\/users\/16349"}],"wp:featuredmedia":[{"embeddable":true,"href":"https:\/\/graziamagazine.com\/es\/wp-json\/wp\/v2\/media\/188572"}],"wp:attachment":[{"href":"https:\/\/graziamagazine.com\/es\/wp-json\/wp\/v2\/media?parent=188559"}],"wp:term":[{"taxonomy":"category","embeddable":true,"href":"https:\/\/graziamagazine.com\/es\/wp-json\/wp\/v2\/categories?post=188559"}],"curies":[{"name":"wp","href":"https:\/\/api.w.org\/{rel}","templated":true}]}}