{"id":188524,"date":"2025-10-06T12:13:19","date_gmt":"2025-10-06T10:13:19","guid":{"rendered":"https:\/\/graziamagazine.com\/es\/?post_type=articles&#038;p=188524"},"modified":"2025-10-06T12:13:19","modified_gmt":"2025-10-06T10:13:19","slug":"ayo-edebiri-nueva-embajadora-de-chanel","status":"publish","type":"articles","link":"https:\/\/graziamagazine.com\/es\/articles\/ayo-edebiri-nueva-embajadora-de-chanel\/","title":{"rendered":"Ayo Edebiri, nueva embajadora de Chanel"},"content":{"rendered":"<p>Una nueva etapa llega a CHANEL con su nuevo dise\u00f1ador, Matthieu Blazy, del que se podr\u00e1 ver su primera colecci\u00f3n primavera-verano 2026 sobre la pasarela en la Semana de la Moda de Par\u00eds. Hoy la maison acaba de anunciar que Ayo Edebiri, la galardonada actriz, directora y guionista estadounidense, conocida por su talento y sus audaces decisiones creativas, ha sido nombrada Embajadora de la casa.<\/p>\n<p>Reconocida por sus destacados papeles en series y pel\u00edculas aclamadas por la cr\u00edtica (<em>The Bear<\/em>, <em>After the hunt<\/em>), Ayo Edebiri encarna a una nueva generaci\u00f3n de artistas que desaf\u00edan los g\u00e9neros y que constantemente traspasan fronteras. Su estilo distintivo, su ingenio y su singular perspectiva del mundo la convierten en una aliada natural de CHANEL. La actriz se estrenaba en la pasada edici\u00f3n del Festival de Cine de Venecia presentando &#8216;After de Hunt&#8217; y lo hac\u00eda con looks de la maison, tanto de d\u00eda como sobre la alfombra roja.<\/p>\n        <blockquote class=\"instagram-media \" style=\"background: #ffffff;border: 0;margin: 1px;width: 100%;padding: 0;\"  data-instgrm-permalink=\"https:\/\/www.instagram.com\/p\/DN_bJrljqV7\/?img_index=1\" data-instgrm-version=\"14\"><\/blockquote>\n<p>Ayo Edebiri y Matthieu Blazy comparten un respeto mutuo por su trabajo creativo. Ayo Edebiri luci\u00f3 recientemente creaciones de CHANEL en el Festival de Cine de Venecia y el Festival de Cine de Nueva York. Ayo Edebiri: \u201c<em>Matthieu y yo conectamos al instante. Me encanta su visi\u00f3n, sensible y alegre a la vez. Hay soltura y elegancia, pero tambi\u00e9n una hermosa fuerza interior. Su apariencia me inspira confianza, pero me siento yo misma. Estoy muy feliz de embarcarme en esta aventura con Matthieu y CHANEL<\/em>\u201d.<\/p>\n<blockquote><p>\u00abEstoy muy feliz de embarcarme en esta aventura con Matthieu y CHANEL\u201d, afirma la actriz<\/p><\/blockquote>\n<p><img loading=\"lazy\" decoding=\"async\" class=\"aligncenter size-full wp-image-188525\" src=\"https:\/\/graziamagazine.com\/es\/wp-content\/uploads\/sites\/12\/2025\/10\/chanel_ayo-edebiri_new-chanel-ambassador_copyright-chanel-LD.jpg\" alt=\"\" width=\"1500\" height=\"2250\" srcset=\"https:\/\/graziamagazine.com\/es\/wp-content\/uploads\/sites\/12\/2025\/10\/chanel_ayo-edebiri_new-chanel-ambassador_copyright-chanel-LD.jpg 1500w, https:\/\/graziamagazine.com\/es\/wp-content\/uploads\/sites\/12\/2025\/10\/chanel_ayo-edebiri_new-chanel-ambassador_copyright-chanel-LD-200x300.jpg 200w, https:\/\/graziamagazine.com\/es\/wp-content\/uploads\/sites\/12\/2025\/10\/chanel_ayo-edebiri_new-chanel-ambassador_copyright-chanel-LD-683x1024.jpg 683w, https:\/\/graziamagazine.com\/es\/wp-content\/uploads\/sites\/12\/2025\/10\/chanel_ayo-edebiri_new-chanel-ambassador_copyright-chanel-LD-768x1152.jpg 768w, https:\/\/graziamagazine.com\/es\/wp-content\/uploads\/sites\/12\/2025\/10\/chanel_ayo-edebiri_new-chanel-ambassador_copyright-chanel-LD-1024x1536.jpg 1024w, https:\/\/graziamagazine.com\/es\/wp-content\/uploads\/sites\/12\/2025\/10\/chanel_ayo-edebiri_new-chanel-ambassador_copyright-chanel-LD-1365x2048.jpg 1365w, https:\/\/graziamagazine.com\/es\/wp-content\/uploads\/sites\/12\/2025\/10\/chanel_ayo-edebiri_new-chanel-ambassador_copyright-chanel-LD-400x600.jpg 400w, https:\/\/graziamagazine.com\/es\/wp-content\/uploads\/sites\/12\/2025\/10\/chanel_ayo-edebiri_new-chanel-ambassador_copyright-chanel-LD-143x215.jpg 143w\" sizes=\"(max-width: 1500px) 100vw, 1500px\" \/><\/p>\n<p>Por su parte Matthieu Blazy lo ha dejado claro: \u201c<em>Ayo es pura fuerza, pero al mismo tiempo, es lo suficientemente vulnerable como para siempre exponerse. Escribe, act\u00faa, dirige\u2026 Nada puede detenerla. Admiro su audacia, su belleza, su intelecto y su elecci\u00f3n de proyectos art\u00edsticos. Lo hace todo con una amabilidad y un ingenio incre\u00edbles, con una sonrisa c\u00e1lida<\/em>\u201d.<\/p>\n<p>Hoy lunes 6 de octubre de 2025, el artista asistir\u00e1 al desfile Primavera-Verano 2026 en el Grand Palais de Par\u00eds, donde Matthieu Blazy presentar\u00e1 su primera colecci\u00f3n para CHANEL.<\/p>\n<p><em>*Im\u00e1genes: Getty Images y cortes\u00eda<\/em><\/p>\n<p>&nbsp;<\/p>\n","protected":false},"author":11653,"featured_media":188526,"template":"","format":"standard","categories":[13],"acf":[],"yoast_head":"<!-- This site is optimized with the Yoast SEO Premium plugin v18.5 (Yoast SEO v20.4) - https:\/\/yoast.com\/wordpress\/plugins\/seo\/ -->\n<title>Ayo Edebiri, nueva embajadora de Chanel | Grazia<\/title>\n<meta name=\"description\" content=\"La actriz se convierte en embajadora de la nueva era de la maison que inicia junto a Matthieu Blazy, que debuta en Paris Fashion Week.\" \/>\n<meta name=\"robots\" content=\"index, follow, max-snippet:-1, max-image-preview:large, max-video-preview:-1\" \/>\n<link rel=\"canonical\" href=\"https:\/\/graziamagazine.com\/es\/articles\/ayo-edebiri-nueva-embajadora-de-chanel\/\" \/>\n<meta property=\"og:locale\" content=\"es_ES\" \/>\n<meta property=\"og:type\" content=\"article\" \/>\n<meta property=\"og:title\" content=\"Ayo Edebiri, nueva embajadora de Chanel\" \/>\n<meta property=\"og:description\" content=\"La actriz se convierte en embajadora de la nueva era de la maison que inicia junto a Matthieu Blazy, que debuta en Paris Fashion Week.\" \/>\n<meta property=\"og:url\" content=\"https:\/\/graziamagazine.com\/es\/articles\/ayo-edebiri-nueva-embajadora-de-chanel\/\" \/>\n<meta property=\"og:site_name\" content=\"Grazia\" \/>\n<meta property=\"og:image\" content=\"https:\/\/graziamagazine.com\/es\/wp-content\/uploads\/sites\/12\/2025\/10\/ayoedebiri-e1759745548728.jpg\" \/>\n\t<meta property=\"og:image:width\" content=\"1410\" \/>\n\t<meta property=\"og:image:height\" content=\"954\" \/>\n\t<meta property=\"og:image:type\" content=\"image\/jpeg\" \/>\n<meta name=\"twitter:card\" content=\"summary_large_image\" \/>\n<meta name=\"twitter:label1\" content=\"Est. reading time\" \/>\n\t<meta name=\"twitter:data1\" content=\"2 minutos\" \/>\n<script type=\"application\/ld+json\" class=\"yoast-schema-graph\">{\"@context\":\"https:\/\/schema.org\",\"@graph\":[{\"@type\":\"WebPage\",\"@id\":\"https:\/\/graziamagazine.com\/es\/articles\/ayo-edebiri-nueva-embajadora-de-chanel\/\",\"url\":\"https:\/\/graziamagazine.com\/es\/articles\/ayo-edebiri-nueva-embajadora-de-chanel\/\",\"name\":\"Ayo Edebiri, nueva embajadora de Chanel | Grazia\",\"isPartOf\":{\"@id\":\"https:\/\/graziamagazine.com\/es\/#website\"},\"datePublished\":\"2025-10-06T10:13:19+00:00\",\"dateModified\":\"2025-10-06T10:13:19+00:00\",\"description\":\"La actriz se convierte en embajadora de la nueva era de la maison que inicia junto a Matthieu Blazy, que debuta en Paris Fashion Week.\",\"breadcrumb\":{\"@id\":\"https:\/\/graziamagazine.com\/es\/articles\/ayo-edebiri-nueva-embajadora-de-chanel\/#breadcrumb\"},\"inLanguage\":\"es\",\"potentialAction\":[{\"@type\":\"ReadAction\",\"target\":[\"https:\/\/graziamagazine.com\/es\/articles\/ayo-edebiri-nueva-embajadora-de-chanel\/\"]}]},{\"@type\":\"BreadcrumbList\",\"@id\":\"https:\/\/graziamagazine.com\/es\/articles\/ayo-edebiri-nueva-embajadora-de-chanel\/#breadcrumb\",\"itemListElement\":[{\"@type\":\"ListItem\",\"position\":1,\"name\":\"Portada\",\"item\":\"https:\/\/graziamagazine.com\/es\/\"},{\"@type\":\"ListItem\",\"position\":2,\"name\":\"Ayo Edebiri, nueva embajadora de Chanel\"}]},{\"@type\":\"WebSite\",\"@id\":\"https:\/\/graziamagazine.com\/es\/#website\",\"url\":\"https:\/\/graziamagazine.com\/es\/\",\"name\":\"Grazia\",\"description\":\"Moda, belleza, celebrities, estilo de vida...\",\"potentialAction\":[{\"@type\":\"SearchAction\",\"target\":{\"@type\":\"EntryPoint\",\"urlTemplate\":\"https:\/\/graziamagazine.com\/es\/?s={search_term_string}\"},\"query-input\":\"required name=search_term_string\"}],\"inLanguage\":\"es\"}]}<\/script>\n<!-- \/ Yoast SEO Premium plugin. -->","yoast_head_json":{"title":"Ayo Edebiri, nueva embajadora de Chanel | Grazia","description":"La actriz se convierte en embajadora de la nueva era de la maison que inicia junto a Matthieu Blazy, que debuta en Paris Fashion Week.","robots":{"index":"index","follow":"follow","max-snippet":"max-snippet:-1","max-image-preview":"max-image-preview:large","max-video-preview":"max-video-preview:-1"},"canonical":"https:\/\/graziamagazine.com\/es\/articles\/ayo-edebiri-nueva-embajadora-de-chanel\/","og_locale":"es_ES","og_type":"article","og_title":"Ayo Edebiri, nueva embajadora de Chanel","og_description":"La actriz se convierte en embajadora de la nueva era de la maison que inicia junto a Matthieu Blazy, que debuta en Paris Fashion Week.","og_url":"https:\/\/graziamagazine.com\/es\/articles\/ayo-edebiri-nueva-embajadora-de-chanel\/","og_site_name":"Grazia","og_image":[{"width":1410,"height":954,"url":"https:\/\/graziamagazine.com\/es\/wp-content\/uploads\/sites\/12\/2025\/10\/ayoedebiri-e1759745548728.jpg","type":"image\/jpeg"}],"twitter_card":"summary_large_image","twitter_misc":{"Est. reading time":"2 minutos"},"schema":{"@context":"https:\/\/schema.org","@graph":[{"@type":"WebPage","@id":"https:\/\/graziamagazine.com\/es\/articles\/ayo-edebiri-nueva-embajadora-de-chanel\/","url":"https:\/\/graziamagazine.com\/es\/articles\/ayo-edebiri-nueva-embajadora-de-chanel\/","name":"Ayo Edebiri, nueva embajadora de Chanel | Grazia","isPartOf":{"@id":"https:\/\/graziamagazine.com\/es\/#website"},"datePublished":"2025-10-06T10:13:19+00:00","dateModified":"2025-10-06T10:13:19+00:00","description":"La actriz se convierte en embajadora de la nueva era de la maison que inicia junto a Matthieu Blazy, que debuta en Paris Fashion Week.","breadcrumb":{"@id":"https:\/\/graziamagazine.com\/es\/articles\/ayo-edebiri-nueva-embajadora-de-chanel\/#breadcrumb"},"inLanguage":"es","potentialAction":[{"@type":"ReadAction","target":["https:\/\/graziamagazine.com\/es\/articles\/ayo-edebiri-nueva-embajadora-de-chanel\/"]}]},{"@type":"BreadcrumbList","@id":"https:\/\/graziamagazine.com\/es\/articles\/ayo-edebiri-nueva-embajadora-de-chanel\/#breadcrumb","itemListElement":[{"@type":"ListItem","position":1,"name":"Portada","item":"https:\/\/graziamagazine.com\/es\/"},{"@type":"ListItem","position":2,"name":"Ayo Edebiri, nueva embajadora de Chanel"}]},{"@type":"WebSite","@id":"https:\/\/graziamagazine.com\/es\/#website","url":"https:\/\/graziamagazine.com\/es\/","name":"Grazia","description":"Moda, belleza, celebrities, estilo de vida...","potentialAction":[{"@type":"SearchAction","target":{"@type":"EntryPoint","urlTemplate":"https:\/\/graziamagazine.com\/es\/?s={search_term_string}"},"query-input":"required name=search_term_string"}],"inLanguage":"es"}]}},"jetpack_sharing_enabled":true,"distributor_meta":false,"distributor_terms":false,"distributor_media":false,"distributor_original_site_name":"Grazia","distributor_original_site_url":"https:\/\/graziamagazine.com\/es","push-errors":false,"_links":{"self":[{"href":"https:\/\/graziamagazine.com\/es\/wp-json\/wp\/v2\/articles\/188524"}],"collection":[{"href":"https:\/\/graziamagazine.com\/es\/wp-json\/wp\/v2\/articles"}],"about":[{"href":"https:\/\/graziamagazine.com\/es\/wp-json\/wp\/v2\/types\/articles"}],"author":[{"embeddable":true,"href":"https:\/\/graziamagazine.com\/es\/wp-json\/wp\/v2\/users\/11653"}],"wp:featuredmedia":[{"embeddable":true,"href":"https:\/\/graziamagazine.com\/es\/wp-json\/wp\/v2\/media\/188526"}],"wp:attachment":[{"href":"https:\/\/graziamagazine.com\/es\/wp-json\/wp\/v2\/media?parent=188524"}],"wp:term":[{"taxonomy":"category","embeddable":true,"href":"https:\/\/graziamagazine.com\/es\/wp-json\/wp\/v2\/categories?post=188524"}],"curies":[{"name":"wp","href":"https:\/\/api.w.org\/{rel}","templated":true}]}}