{"id":188507,"date":"2025-10-06T11:27:50","date_gmt":"2025-10-06T09:27:50","guid":{"rendered":"https:\/\/graziamagazine.com\/es\/?post_type=articles&#038;p=188507"},"modified":"2025-10-06T11:27:50","modified_gmt":"2025-10-06T09:27:50","slug":"jean-paul-gaultier-ss26-una-vuelta-a-los-80-en-pfw","status":"publish","type":"articles","link":"https:\/\/graziamagazine.com\/es\/articles\/jean-paul-gaultier-ss26-una-vuelta-a-los-80-en-pfw\/","title":{"rendered":"Jean Paul Gaultier SS26, una vuelta a los 80 en PFW"},"content":{"rendered":"<div class=\"content-gallery\">Un nuevo estreno se produc\u00eda este fin de semana en la Semana de la Moda de Par\u00eds. Se trata de la primera colecci\u00f3n del dise\u00f1ador Duran Lantick para Jean Paul Gaultier, inaugurando una nueva etapa en la casa francesa.<\/div>\n<div>Despu\u00e9s de varios a\u00f1os y temporadas con dise\u00f1adores invitados para sus colecciones Alta Costura, el dise\u00f1ador present\u00f3 &#8216;Junior&#8217;, una colecci\u00f3n <em>ready-to-wear<\/em> para primavera-verano 2026 que trajo de regreso la esencia de Gaultier, su imagen disruptiva y atrevida de la maison, adem\u00e1s de volver a subir a la pasarela la colecci\u00f3n <em>ready-to-wear.<\/em><\/div>\n<div><\/div>\n<div><img decoding=\"async\" src=\"https:\/\/r.fashionunited.com\/fnQ-37DV7HQjqKU6YDXidrkiCk0n6bPP0OHL62PB5bY\/resize:fill:1164:0:0\/gravity:ce\/quality:70\/aHR0cHM6Ly9mYXNoaW9udW5pdGVkLmNvbS9pbWcvdXBsb2FkLzIwMjUvMTAvMDYvZ2F1bHRpZXItczI2LTAwMS1qZjd2b2Y2NC0yMDI1LTEwLTA2LmpwZWc\" alt=\"\u201cJunior\u201d, SS26 Jean Paul Gaultier\" \/><\/div>\n<div><\/div>\n<div>Ese regreso a lo mejor de Gaultier lo dej\u00f3 claro con el primer look, en naranja, una reinterpretaci\u00f3n del famoso cors\u00e9 con sujetador c\u00f3nico que Madonna hizo m\u00e1s famoso todav\u00eda, pero con una form\u00e1s alargada, muy del estilo de las creaciones de Lantink.<\/div>\n<div><\/div>\n<div><img decoding=\"async\" src=\"https:\/\/highxtar.com\/wp-content\/uploads\/2025\/10\/highxtar-Jean-Paul-Gaultier-SS26-55.avif\" \/><\/div>\n<div><\/div>\n<div>\n<figure>\n<div class=\"image-container\">\n<div class=\"container\"><\/div>\n<\/div>\n<\/figure>\n<p><img decoding=\"async\" src=\"https:\/\/highxtar.com\/wp-content\/uploads\/2025\/10\/highxtar-Jean-Paul-Gaultier-SS26-41.avif\" \/><\/p>\n<p><img decoding=\"async\" src=\"https:\/\/highxtar.com\/wp-content\/uploads\/2025\/10\/highxtar-Jean-Paul-Gaultier-SS26-36.avif\" \/><\/p>\n<p>Presentada en el s\u00f3tano del Mus\u00e9e du Quai Branly, esta primera colecci\u00f3n que inicia una nueva era en ella, incluye atrevidos cut-outs tanto en las prendas superiores como en las inferiores, tambi\u00e9n en los dise\u00f1os masculinos.<\/p>\n<p><img decoding=\"async\" src=\"https:\/\/highxtar.com\/wp-content\/uploads\/2025\/10\/highxtar-Jean-Paul-Gaultier-SS26-28.avif\" \/><\/p>\n<p><img decoding=\"async\" src=\"https:\/\/highxtar.com\/wp-content\/uploads\/2025\/10\/highxtar-Jean-Paul-Gaultier-SS26-58.avif\" \/><\/p>\n<p><img decoding=\"async\" src=\"https:\/\/highxtar.com\/wp-content\/uploads\/2025\/10\/highxtar-Jean-Paul-Gaultier-SS26-20.avif\" \/><\/p>\n<p><img decoding=\"async\" src=\"https:\/\/highxtar.com\/wp-content\/uploads\/2025\/10\/highxtar-Jean-Paul-Gaultier-SS26-31.avif\" \/><\/p>\n<p><img decoding=\"async\" src=\"https:\/\/highxtar.com\/wp-content\/uploads\/2025\/10\/highxtar-Jean-Paul-Gaultier-SS26-45.avif\" \/><\/p>\n<p><img decoding=\"async\" src=\"https:\/\/highxtar.com\/wp-content\/uploads\/2025\/10\/highxtar-Jean-Paul-Gaultier-SS26-14.avif\" \/><\/p>\n<p><img decoding=\"async\" src=\"https:\/\/highxtar.com\/wp-content\/uploads\/2025\/10\/highxtar-Jean-Paul-Gaultier-SS26-17.avif\" \/><\/p>\n<p><img decoding=\"async\" src=\"https:\/\/highxtar.com\/wp-content\/uploads\/2025\/10\/highxtar-Jean-Paul-Gaultier-SS26-39.avif\" \/><\/p>\n<p><img decoding=\"async\" src=\"https:\/\/highxtar.com\/wp-content\/uploads\/2025\/10\/highxtar-Jean-Paul-Gaultier-SS26-46.avif\" \/><\/p>\n<p>La prenda que m\u00e1s controvertida de la colecci\u00f3n, sin duda, han sido los looks donde se ham estampado im\u00e1genes del cuerpo desnudo llenos de vello.<\/p>\n<p><img decoding=\"async\" src=\"https:\/\/r.fashionunited.com\/Qd284OWYfRYJj3JMS0gvlG-ftTcAistxCP1Ceq259SA\/resize:fill:1164:0:0\/gravity:ce\/quality:70\/aHR0cHM6Ly9mYXNoaW9udW5pdGVkLmNvbS9pbWcvdXBsb2FkLzIwMjUvMTAvMDYvZ2F1bHRpZXItczI2LTAwNS0xLXNxYmpuajllLTIwMjUtMTAtMDYuanBlZw\" alt=\"\u201cJunior\u201d, SS26 Jean Paul Gaultier\" \/><\/p>\n<p><img decoding=\"async\" src=\"https:\/\/r.fashionunited.com\/RHWmPnanEK8mfnvKXpUclzQL61k_Ubn9eyW7xJL57mk\/resize:fill:1164:0:0\/gravity:ce\/quality:70\/aHR0cHM6Ly9mYXNoaW9udW5pdGVkLmNvbS9pbWcvdXBsb2FkLzIwMjUvMTAvMDYvZ2F1bHRpZXItczI2LTAwNi0xb3RzaGIwMS0yMDI1LTEwLTA2LmpwZWc\" alt=\"\u201cJunior\u201d, SS26 Jean Paul Gaultier\" \/><\/p>\n<p><img decoding=\"async\" src=\"https:\/\/r.fashionunited.com\/U2LXO_XTwwJC0CDKeQzfQi4RpWB9NE0Hz6jzayDfP2w\/resize:fill:1164:0:0\/gravity:ce\/quality:70\/aHR0cHM6Ly9mYXNoaW9udW5pdGVkLmNvbS9pbWcvdXBsb2FkLzIwMjUvMTAvMDYvZ2F1bHRpZXItczI2LTAwOC1tc2hiNjI3ci0yMDI1LTEwLTA2LmpwZWc\" alt=\"\u201cJunior\u201d, SS26 Jean Paul Gaultier\" \/><\/p>\n<p><em>*Im\u00e1genes: Getty Images<\/em><\/p>\n<\/div>\n","protected":false},"author":16349,"featured_media":188523,"template":"","format":"standard","categories":[1],"acf":[],"yoast_head":"<!-- This site is optimized with the Yoast SEO Premium plugin v18.5 (Yoast SEO v20.4) - https:\/\/yoast.com\/wordpress\/plugins\/seo\/ -->\n<title>Jean Paul Gaultier SS26, una vuelta a los 80 en PFW<\/title>\n<meta name=\"description\" content=\"Duran Lantink debuta con su primera colecci\u00f3n &quot;Junior&quot;, una reinterpretaci\u00f3n del legado ochentero de la maison.\" \/>\n<meta name=\"robots\" content=\"index, follow, max-snippet:-1, max-image-preview:large, max-video-preview:-1\" \/>\n<link rel=\"canonical\" href=\"https:\/\/graziamagazine.com\/es\/articles\/jean-paul-gaultier-ss26-una-vuelta-a-los-80-en-pfw\/\" \/>\n<meta property=\"og:locale\" content=\"es_ES\" \/>\n<meta property=\"og:type\" content=\"article\" \/>\n<meta property=\"og:title\" content=\"Jean Paul Gaultier SS26, una vuelta a los 80 en PFW\" \/>\n<meta property=\"og:description\" content=\"Duran Lantink debuta con su primera colecci\u00f3n &quot;Junior&quot;, una reinterpretaci\u00f3n del legado ochentero de la maison.\" \/>\n<meta property=\"og:url\" content=\"https:\/\/graziamagazine.com\/es\/articles\/jean-paul-gaultier-ss26-una-vuelta-a-los-80-en-pfw\/\" \/>\n<meta property=\"og:site_name\" content=\"Grazia\" \/>\n<meta property=\"og:image\" content=\"https:\/\/graziamagazine.com\/es\/wp-content\/uploads\/sites\/12\/2025\/10\/00031-jean-paul-gaultier-spring-2026-ready-to-wear-credit-gorunway-copia-scaled-e1759740945763.jpg\" \/>\n\t<meta property=\"og:image:width\" content=\"1659\" \/>\n\t<meta property=\"og:image:height\" content=\"1318\" \/>\n\t<meta property=\"og:image:type\" content=\"image\/jpeg\" \/>\n<meta name=\"twitter:card\" content=\"summary_large_image\" \/>\n<meta name=\"twitter:label1\" content=\"Est. reading time\" \/>\n\t<meta name=\"twitter:data1\" content=\"5 minutos\" \/>\n<script type=\"application\/ld+json\" class=\"yoast-schema-graph\">{\"@context\":\"https:\/\/schema.org\",\"@graph\":[{\"@type\":\"WebPage\",\"@id\":\"https:\/\/graziamagazine.com\/es\/articles\/jean-paul-gaultier-ss26-una-vuelta-a-los-80-en-pfw\/\",\"url\":\"https:\/\/graziamagazine.com\/es\/articles\/jean-paul-gaultier-ss26-una-vuelta-a-los-80-en-pfw\/\",\"name\":\"Jean Paul Gaultier SS26, una vuelta a los 80 en PFW\",\"isPartOf\":{\"@id\":\"https:\/\/graziamagazine.com\/es\/#website\"},\"datePublished\":\"2025-10-06T09:27:50+00:00\",\"dateModified\":\"2025-10-06T09:27:50+00:00\",\"description\":\"Duran Lantink debuta con su primera colecci\u00f3n \\\"Junior\\\", una reinterpretaci\u00f3n del legado ochentero de la maison.\",\"breadcrumb\":{\"@id\":\"https:\/\/graziamagazine.com\/es\/articles\/jean-paul-gaultier-ss26-una-vuelta-a-los-80-en-pfw\/#breadcrumb\"},\"inLanguage\":\"es\",\"potentialAction\":[{\"@type\":\"ReadAction\",\"target\":[\"https:\/\/graziamagazine.com\/es\/articles\/jean-paul-gaultier-ss26-una-vuelta-a-los-80-en-pfw\/\"]}]},{\"@type\":\"BreadcrumbList\",\"@id\":\"https:\/\/graziamagazine.com\/es\/articles\/jean-paul-gaultier-ss26-una-vuelta-a-los-80-en-pfw\/#breadcrumb\",\"itemListElement\":[{\"@type\":\"ListItem\",\"position\":1,\"name\":\"Portada\",\"item\":\"https:\/\/graziamagazine.com\/es\/\"},{\"@type\":\"ListItem\",\"position\":2,\"name\":\"Jean Paul Gaultier SS26, una vuelta a los 80 en PFW\"}]},{\"@type\":\"WebSite\",\"@id\":\"https:\/\/graziamagazine.com\/es\/#website\",\"url\":\"https:\/\/graziamagazine.com\/es\/\",\"name\":\"Grazia\",\"description\":\"Moda, belleza, celebrities, estilo de vida...\",\"potentialAction\":[{\"@type\":\"SearchAction\",\"target\":{\"@type\":\"EntryPoint\",\"urlTemplate\":\"https:\/\/graziamagazine.com\/es\/?s={search_term_string}\"},\"query-input\":\"required name=search_term_string\"}],\"inLanguage\":\"es\"}]}<\/script>\n<!-- \/ Yoast SEO Premium plugin. -->","yoast_head_json":{"title":"Jean Paul Gaultier SS26, una vuelta a los 80 en PFW","description":"Duran Lantink debuta con su primera colecci\u00f3n \"Junior\", una reinterpretaci\u00f3n del legado ochentero de la maison.","robots":{"index":"index","follow":"follow","max-snippet":"max-snippet:-1","max-image-preview":"max-image-preview:large","max-video-preview":"max-video-preview:-1"},"canonical":"https:\/\/graziamagazine.com\/es\/articles\/jean-paul-gaultier-ss26-una-vuelta-a-los-80-en-pfw\/","og_locale":"es_ES","og_type":"article","og_title":"Jean Paul Gaultier SS26, una vuelta a los 80 en PFW","og_description":"Duran Lantink debuta con su primera colecci\u00f3n \"Junior\", una reinterpretaci\u00f3n del legado ochentero de la maison.","og_url":"https:\/\/graziamagazine.com\/es\/articles\/jean-paul-gaultier-ss26-una-vuelta-a-los-80-en-pfw\/","og_site_name":"Grazia","og_image":[{"width":1659,"height":1318,"url":"https:\/\/graziamagazine.com\/es\/wp-content\/uploads\/sites\/12\/2025\/10\/00031-jean-paul-gaultier-spring-2026-ready-to-wear-credit-gorunway-copia-scaled-e1759740945763.jpg","type":"image\/jpeg"}],"twitter_card":"summary_large_image","twitter_misc":{"Est. reading time":"5 minutos"},"schema":{"@context":"https:\/\/schema.org","@graph":[{"@type":"WebPage","@id":"https:\/\/graziamagazine.com\/es\/articles\/jean-paul-gaultier-ss26-una-vuelta-a-los-80-en-pfw\/","url":"https:\/\/graziamagazine.com\/es\/articles\/jean-paul-gaultier-ss26-una-vuelta-a-los-80-en-pfw\/","name":"Jean Paul Gaultier SS26, una vuelta a los 80 en PFW","isPartOf":{"@id":"https:\/\/graziamagazine.com\/es\/#website"},"datePublished":"2025-10-06T09:27:50+00:00","dateModified":"2025-10-06T09:27:50+00:00","description":"Duran Lantink debuta con su primera colecci\u00f3n \"Junior\", una reinterpretaci\u00f3n del legado ochentero de la maison.","breadcrumb":{"@id":"https:\/\/graziamagazine.com\/es\/articles\/jean-paul-gaultier-ss26-una-vuelta-a-los-80-en-pfw\/#breadcrumb"},"inLanguage":"es","potentialAction":[{"@type":"ReadAction","target":["https:\/\/graziamagazine.com\/es\/articles\/jean-paul-gaultier-ss26-una-vuelta-a-los-80-en-pfw\/"]}]},{"@type":"BreadcrumbList","@id":"https:\/\/graziamagazine.com\/es\/articles\/jean-paul-gaultier-ss26-una-vuelta-a-los-80-en-pfw\/#breadcrumb","itemListElement":[{"@type":"ListItem","position":1,"name":"Portada","item":"https:\/\/graziamagazine.com\/es\/"},{"@type":"ListItem","position":2,"name":"Jean Paul Gaultier SS26, una vuelta a los 80 en PFW"}]},{"@type":"WebSite","@id":"https:\/\/graziamagazine.com\/es\/#website","url":"https:\/\/graziamagazine.com\/es\/","name":"Grazia","description":"Moda, belleza, celebrities, estilo de vida...","potentialAction":[{"@type":"SearchAction","target":{"@type":"EntryPoint","urlTemplate":"https:\/\/graziamagazine.com\/es\/?s={search_term_string}"},"query-input":"required name=search_term_string"}],"inLanguage":"es"}]}},"jetpack_sharing_enabled":true,"distributor_meta":false,"distributor_terms":false,"distributor_media":false,"distributor_original_site_name":"Grazia","distributor_original_site_url":"https:\/\/graziamagazine.com\/es","push-errors":false,"_links":{"self":[{"href":"https:\/\/graziamagazine.com\/es\/wp-json\/wp\/v2\/articles\/188507"}],"collection":[{"href":"https:\/\/graziamagazine.com\/es\/wp-json\/wp\/v2\/articles"}],"about":[{"href":"https:\/\/graziamagazine.com\/es\/wp-json\/wp\/v2\/types\/articles"}],"author":[{"embeddable":true,"href":"https:\/\/graziamagazine.com\/es\/wp-json\/wp\/v2\/users\/16349"}],"wp:featuredmedia":[{"embeddable":true,"href":"https:\/\/graziamagazine.com\/es\/wp-json\/wp\/v2\/media\/188523"}],"wp:attachment":[{"href":"https:\/\/graziamagazine.com\/es\/wp-json\/wp\/v2\/media?parent=188507"}],"wp:term":[{"taxonomy":"category","embeddable":true,"href":"https:\/\/graziamagazine.com\/es\/wp-json\/wp\/v2\/categories?post=188507"}],"curies":[{"name":"wp","href":"https:\/\/api.w.org\/{rel}","templated":true}]}}