{"id":188429,"date":"2025-10-02T18:30:25","date_gmt":"2025-10-02T16:30:25","guid":{"rendered":"https:\/\/graziamagazine.com\/es\/?post_type=articles&#038;p=188429"},"modified":"2025-10-02T18:30:25","modified_gmt":"2025-10-02T16:30:25","slug":"rabanne-ss26-llevo-a-pfw-la-frescura-costera","status":"publish","type":"articles","link":"https:\/\/graziamagazine.com\/es\/articles\/rabanne-ss26-llevo-a-pfw-la-frescura-costera\/","title":{"rendered":"Rabanne SS26 llev\u00f3 a PFW la frescura costera"},"content":{"rendered":"<p data-start=\"577\" data-end=\"950\">La promesa del verano tom\u00f3 la pasarela de Par\u00eds con la colecci\u00f3n <strong data-start=\"682\" data-end=\"715\">Spring\/Summer 2026 de Rabanne<\/strong>, una propuesta dirigida por Julien Dossena que nos invita a imaginar la moda como un escape costero. Lujo y playa se encuentran en una narrativa vibrante, donde el esp\u00edritu n\u00e1utico se mezcla con la sofisticaci\u00f3n propia de la maison.<\/p>\n<p data-start=\"952\" data-end=\"1082\">A continuaci\u00f3n, repasamos los <strong data-start=\"982\" data-end=\"1012\">cinco looks m\u00e1s memorables<\/strong> de un desfile que promete marcar tendencia en la pr\u00f3xima temporada:<\/p>\n<h3 data-start=\"1084\" data-end=\"1121\">Look 1: El frescor azul y coral<\/h3>\n<figure id=\"attachment_157891\" class=\"wp-caption alignnone\" style=\"width: 679px\" aria-describedby=\"caption-attachment-157891\"><img loading=\"lazy\" decoding=\"async\" class=\"size-large wp-image-157891\" src=\"https:\/\/graziamagazine.com\/mx\/wp-content\/uploads\/sites\/13\/2025\/10\/Captura-de-Pantalla-2025-10-02-a-las-9.25.24-679x1024.png\" alt=\"Rabanne SS26 conquista Par\u00eds con frescura costera\" width=\"679\" height=\"1024\" \/><\/figure>\n<p data-start=\"1122\" data-end=\"1429\">Un top en azul cielo de l\u00edneas envolventes se combina con una falda en tono coral de silueta fluida. La mezcla crea un balance perfecto entre modernidad y vitalidad, evocando el vaiv\u00e9n de las olas. Los accesorios met\u00e1licos y sandalias adornadas con flores tridimensionales refuerzan la est\u00e9tica veraniega.<\/p>\n<h3 data-start=\"1431\" data-end=\"1469\">Look 2: La inocencia escult\u00f3rica<\/h3>\n<figure id=\"attachment_157892\" class=\"wp-caption alignnone\" style=\"width: 679px\" aria-describedby=\"caption-attachment-157892\"><img loading=\"lazy\" decoding=\"async\" class=\"size-large wp-image-157892\" src=\"https:\/\/graziamagazine.com\/mx\/wp-content\/uploads\/sites\/13\/2025\/10\/Captura-de-Pantalla-2025-10-02-a-las-9.25.37-679x1024.png\" alt=\"Rabanne SS26 conquista Par\u00eds con frescura costera\" width=\"679\" height=\"1024\" \/><\/figure>\n<p data-start=\"1470\" data-end=\"1745\">Un vestido corto en rosa p\u00e1lido se transforma en obra de arte gracias a sus bordes florales en relieve y a un juego de cut outs estrat\u00e9gicos. Complementado con gafas de gran tama\u00f1o y bolso brillante, el look es pura teatralidad costera con un gui\u00f1o l\u00fadico al glamour retro.<\/p>\n<h3 data-start=\"1747\" data-end=\"1779\">Look 3: El mar en el pecho<\/h3>\n<figure id=\"attachment_157893\" class=\"wp-caption alignnone\" style=\"width: 679px\" aria-describedby=\"caption-attachment-157893\"><img loading=\"lazy\" decoding=\"async\" class=\"size-large wp-image-157893\" src=\"https:\/\/graziamagazine.com\/mx\/wp-content\/uploads\/sites\/13\/2025\/10\/Captura-de-Pantalla-2025-10-02-a-las-9.25.56-679x1024.png\" alt=\"Rabanne SS26 conquista Par\u00eds con frescura costera\" width=\"679\" height=\"1024\" \/><\/figure>\n<p data-start=\"1780\" data-end=\"2086\">Dossena propone un top blanco adornado con palmeras bordadas en pedrer\u00eda que enmarcan un recorte central, acompa\u00f1ado de una falda amarilla estructurada y un cintur\u00f3n maxi. El contraste entre la artesan\u00eda y la innovaci\u00f3n logra transmitir un aire sofisticado que convierte al look en icono de la colecci\u00f3n.<\/p>\n<h3 data-start=\"1979\" data-end=\"2026\">Look 4: Armadura futurista reinterpretada<\/h3>\n<figure id=\"attachment_157894\" class=\"wp-caption alignnone\" style=\"width: 679px\" aria-describedby=\"caption-attachment-157894\"><img loading=\"lazy\" decoding=\"async\" class=\"size-large wp-image-157894\" src=\"https:\/\/graziamagazine.com\/mx\/wp-content\/uploads\/sites\/13\/2025\/10\/Captura-de-Pantalla-2025-10-02-a-las-9.26.17-679x1024.png\" alt=\"Rabanne SS26 conquista Par\u00eds con frescura costera\" width=\"679\" height=\"1024\" \/><\/figure>\n<p data-start=\"2027\" data-end=\"2443\">Un mini dress plateado confeccionado con piezas met\u00e1licas rectangulares superpuestas evoca las m\u00edticas armaduras de Rabanne. Aunque el material parece r\u00edgido, el vestido adquiere una ca\u00edda ligera y danzante, semejante a una cascada brillante. El estilismo se completa con un collar largo y zapatos de tac\u00f3n con ornamentos met\u00e1licos, prolongando la est\u00e9tica festiva y futurista con un aire sesentero reinterpretado.<\/p>\n<h3 data-start=\"2445\" data-end=\"2494\">Look 5: Streetwear con teatralidad met\u00e1lica<\/h3>\n<figure id=\"attachment_157895\" class=\"wp-caption alignnone\" style=\"width: 679px\" aria-describedby=\"caption-attachment-157895\"><img loading=\"lazy\" decoding=\"async\" class=\"size-large wp-image-157895\" src=\"https:\/\/graziamagazine.com\/mx\/wp-content\/uploads\/sites\/13\/2025\/10\/Captura-de-Pantalla-2025-10-02-a-las-9.28.23-679x1024.png\" alt=\"Rabanne SS26 conquista Par\u00eds con frescura costera\" width=\"679\" height=\"1024\" \/><\/figure>\n<p data-start=\"2495\" data-end=\"2953\">Una blusa de punto verde se mezcla con un chaleco oversize de cuero negro, generando contraste entre lo artesanal y lo urbano. La minifalda dorada de placas met\u00e1licas crea un efecto tridimensional y arquitect\u00f3nico que aporta dramatismo.<\/p>\n<p data-start=\"2495\" data-end=\"2953\">Los accesorios, un maxi collar plateado y sandalias con hojas doradas que suben hasta el tobillo, refuerzan la teatralidad met\u00e1lica de Rabanne. El resultado es un look h\u00edbrido que une lo cotidiano con lo extraordinario.<\/p>\n<p data-start=\"2495\" data-end=\"2953\">La propuesta de <strong data-start=\"2595\" data-end=\"2611\">Rabanne SS26<\/strong> no solo celebra la moda como expresi\u00f3n est\u00e9tica, sino como experiencia emocional. Con este desfile, Dossena confirma que el lujo tambi\u00e9n puede ser l\u00fadico, fresco y profundamente contempor\u00e1neo.<\/p>\n<p data-start=\"2495\" data-end=\"2953\"><em>*Im\u00e1genes: Getty Images<\/em><\/p>\n","protected":false},"author":16349,"featured_media":188430,"template":"","format":"standard","categories":[1],"acf":[],"yoast_head":"<!-- This site is optimized with the Yoast SEO Premium plugin v18.5 (Yoast SEO v20.4) - https:\/\/yoast.com\/wordpress\/plugins\/seo\/ -->\n<title>Rabanne SS26 llev\u00f3 a PFW la frescura costera<\/title>\n<meta name=\"description\" content=\"El desfile de Julien Dossena en Paris celebra la libertad veraniega con cinco looks que redefinen el lujo contempor\u00e1neo desde la playa.\" \/>\n<meta name=\"robots\" content=\"index, follow, max-snippet:-1, max-image-preview:large, max-video-preview:-1\" \/>\n<link rel=\"canonical\" href=\"https:\/\/graziamagazine.com\/es\/articles\/rabanne-ss26-llevo-a-pfw-la-frescura-costera\/\" \/>\n<meta property=\"og:locale\" content=\"es_ES\" \/>\n<meta property=\"og:type\" content=\"article\" \/>\n<meta property=\"og:title\" content=\"Rabanne SS26 llev\u00f3 a PFW la frescura costera\" \/>\n<meta property=\"og:description\" content=\"El desfile de Julien Dossena en Paris celebra la libertad veraniega con cinco looks que redefinen el lujo contempor\u00e1neo desde la playa.\" \/>\n<meta property=\"og:url\" content=\"https:\/\/graziamagazine.com\/es\/articles\/rabanne-ss26-llevo-a-pfw-la-frescura-costera\/\" \/>\n<meta property=\"og:site_name\" content=\"Grazia\" \/>\n<meta property=\"og:image\" content=\"https:\/\/graziamagazine.com\/es\/wp-content\/uploads\/sites\/12\/2025\/10\/Captura-de-Pantalla-2025-10-02-a-las-9.35.33.png\" \/>\n\t<meta property=\"og:image:width\" content=\"762\" \/>\n\t<meta property=\"og:image:height\" content=\"586\" \/>\n\t<meta property=\"og:image:type\" content=\"image\/png\" \/>\n<meta name=\"twitter:card\" content=\"summary_large_image\" \/>\n<meta name=\"twitter:label1\" content=\"Est. reading time\" \/>\n\t<meta name=\"twitter:data1\" content=\"3 minutos\" \/>\n<script type=\"application\/ld+json\" class=\"yoast-schema-graph\">{\"@context\":\"https:\/\/schema.org\",\"@graph\":[{\"@type\":\"WebPage\",\"@id\":\"https:\/\/graziamagazine.com\/es\/articles\/rabanne-ss26-llevo-a-pfw-la-frescura-costera\/\",\"url\":\"https:\/\/graziamagazine.com\/es\/articles\/rabanne-ss26-llevo-a-pfw-la-frescura-costera\/\",\"name\":\"Rabanne SS26 llev\u00f3 a PFW la frescura costera\",\"isPartOf\":{\"@id\":\"https:\/\/graziamagazine.com\/es\/#website\"},\"datePublished\":\"2025-10-02T16:30:25+00:00\",\"dateModified\":\"2025-10-02T16:30:25+00:00\",\"description\":\"El desfile de Julien Dossena en Paris celebra la libertad veraniega con cinco looks que redefinen el lujo contempor\u00e1neo desde la playa.\",\"breadcrumb\":{\"@id\":\"https:\/\/graziamagazine.com\/es\/articles\/rabanne-ss26-llevo-a-pfw-la-frescura-costera\/#breadcrumb\"},\"inLanguage\":\"es\",\"potentialAction\":[{\"@type\":\"ReadAction\",\"target\":[\"https:\/\/graziamagazine.com\/es\/articles\/rabanne-ss26-llevo-a-pfw-la-frescura-costera\/\"]}]},{\"@type\":\"BreadcrumbList\",\"@id\":\"https:\/\/graziamagazine.com\/es\/articles\/rabanne-ss26-llevo-a-pfw-la-frescura-costera\/#breadcrumb\",\"itemListElement\":[{\"@type\":\"ListItem\",\"position\":1,\"name\":\"Portada\",\"item\":\"https:\/\/graziamagazine.com\/es\/\"},{\"@type\":\"ListItem\",\"position\":2,\"name\":\"Rabanne SS26 llev\u00f3 a PFW la frescura costera\"}]},{\"@type\":\"WebSite\",\"@id\":\"https:\/\/graziamagazine.com\/es\/#website\",\"url\":\"https:\/\/graziamagazine.com\/es\/\",\"name\":\"Grazia\",\"description\":\"Moda, belleza, celebrities, estilo de vida...\",\"potentialAction\":[{\"@type\":\"SearchAction\",\"target\":{\"@type\":\"EntryPoint\",\"urlTemplate\":\"https:\/\/graziamagazine.com\/es\/?s={search_term_string}\"},\"query-input\":\"required name=search_term_string\"}],\"inLanguage\":\"es\"}]}<\/script>\n<!-- \/ Yoast SEO Premium plugin. -->","yoast_head_json":{"title":"Rabanne SS26 llev\u00f3 a PFW la frescura costera","description":"El desfile de Julien Dossena en Paris celebra la libertad veraniega con cinco looks que redefinen el lujo contempor\u00e1neo desde la playa.","robots":{"index":"index","follow":"follow","max-snippet":"max-snippet:-1","max-image-preview":"max-image-preview:large","max-video-preview":"max-video-preview:-1"},"canonical":"https:\/\/graziamagazine.com\/es\/articles\/rabanne-ss26-llevo-a-pfw-la-frescura-costera\/","og_locale":"es_ES","og_type":"article","og_title":"Rabanne SS26 llev\u00f3 a PFW la frescura costera","og_description":"El desfile de Julien Dossena en Paris celebra la libertad veraniega con cinco looks que redefinen el lujo contempor\u00e1neo desde la playa.","og_url":"https:\/\/graziamagazine.com\/es\/articles\/rabanne-ss26-llevo-a-pfw-la-frescura-costera\/","og_site_name":"Grazia","og_image":[{"width":762,"height":586,"url":"https:\/\/graziamagazine.com\/es\/wp-content\/uploads\/sites\/12\/2025\/10\/Captura-de-Pantalla-2025-10-02-a-las-9.35.33.png","type":"image\/png"}],"twitter_card":"summary_large_image","twitter_misc":{"Est. reading time":"3 minutos"},"schema":{"@context":"https:\/\/schema.org","@graph":[{"@type":"WebPage","@id":"https:\/\/graziamagazine.com\/es\/articles\/rabanne-ss26-llevo-a-pfw-la-frescura-costera\/","url":"https:\/\/graziamagazine.com\/es\/articles\/rabanne-ss26-llevo-a-pfw-la-frescura-costera\/","name":"Rabanne SS26 llev\u00f3 a PFW la frescura costera","isPartOf":{"@id":"https:\/\/graziamagazine.com\/es\/#website"},"datePublished":"2025-10-02T16:30:25+00:00","dateModified":"2025-10-02T16:30:25+00:00","description":"El desfile de Julien Dossena en Paris celebra la libertad veraniega con cinco looks que redefinen el lujo contempor\u00e1neo desde la playa.","breadcrumb":{"@id":"https:\/\/graziamagazine.com\/es\/articles\/rabanne-ss26-llevo-a-pfw-la-frescura-costera\/#breadcrumb"},"inLanguage":"es","potentialAction":[{"@type":"ReadAction","target":["https:\/\/graziamagazine.com\/es\/articles\/rabanne-ss26-llevo-a-pfw-la-frescura-costera\/"]}]},{"@type":"BreadcrumbList","@id":"https:\/\/graziamagazine.com\/es\/articles\/rabanne-ss26-llevo-a-pfw-la-frescura-costera\/#breadcrumb","itemListElement":[{"@type":"ListItem","position":1,"name":"Portada","item":"https:\/\/graziamagazine.com\/es\/"},{"@type":"ListItem","position":2,"name":"Rabanne SS26 llev\u00f3 a PFW la frescura costera"}]},{"@type":"WebSite","@id":"https:\/\/graziamagazine.com\/es\/#website","url":"https:\/\/graziamagazine.com\/es\/","name":"Grazia","description":"Moda, belleza, celebrities, estilo de vida...","potentialAction":[{"@type":"SearchAction","target":{"@type":"EntryPoint","urlTemplate":"https:\/\/graziamagazine.com\/es\/?s={search_term_string}"},"query-input":"required name=search_term_string"}],"inLanguage":"es"}]}},"jetpack_sharing_enabled":true,"distributor_meta":false,"distributor_terms":false,"distributor_media":false,"distributor_original_site_name":"Grazia","distributor_original_site_url":"https:\/\/graziamagazine.com\/es","push-errors":false,"_links":{"self":[{"href":"https:\/\/graziamagazine.com\/es\/wp-json\/wp\/v2\/articles\/188429"}],"collection":[{"href":"https:\/\/graziamagazine.com\/es\/wp-json\/wp\/v2\/articles"}],"about":[{"href":"https:\/\/graziamagazine.com\/es\/wp-json\/wp\/v2\/types\/articles"}],"author":[{"embeddable":true,"href":"https:\/\/graziamagazine.com\/es\/wp-json\/wp\/v2\/users\/16349"}],"wp:featuredmedia":[{"embeddable":true,"href":"https:\/\/graziamagazine.com\/es\/wp-json\/wp\/v2\/media\/188430"}],"wp:attachment":[{"href":"https:\/\/graziamagazine.com\/es\/wp-json\/wp\/v2\/media?parent=188429"}],"wp:term":[{"taxonomy":"category","embeddable":true,"href":"https:\/\/graziamagazine.com\/es\/wp-json\/wp\/v2\/categories?post=188429"}],"curies":[{"name":"wp","href":"https:\/\/api.w.org\/{rel}","templated":true}]}}