{"id":188419,"date":"2025-10-02T10:26:33","date_gmt":"2025-10-02T08:26:33","guid":{"rendered":"https:\/\/graziamagazine.com\/es\/?post_type=articles&#038;p=188419"},"modified":"2025-10-02T15:04:30","modified_gmt":"2025-10-02T13:04:30","slug":"los-looks-favoritos-del-desfile-de-balmain-en-paris-fashion-week","status":"publish","type":"articles","link":"https:\/\/graziamagazine.com\/es\/articles\/los-looks-favoritos-del-desfile-de-balmain-en-paris-fashion-week\/","title":{"rendered":"Los looks favoritos del desfile de Balmain en Paris Fashion Week"},"content":{"rendered":"<p>La nueva colecci\u00f3n Womenswear de <span class=\"x1lliihq x1plvlek xryxfnj x1n2onr6 xyejjpt x15dsfln x193iq5w xeuugli x1fj9vlw x13faqbe x1vvkbs x1s928wv xhkezso x1gmr53x x1cpjm7i x1fgarty x1943h6x x1i0vuye xvs91rp x1s688f x5n08af x10wh9bi xpm28yp x8viiok x1o7cslx\" dir=\"auto\">Olivier Rousteing para Balmain SS26 nos llev\u00f3 por diferentes universos: una mezcla de boho tropical con mezclas de prendas tipo safari y colores que bien podr\u00edamos usar tanto en vacaciones como en una expedici\u00f3n. Desde la introducci\u00f3n del pantal\u00f3n bombacho como prenda imprescindible de la temporada hasta el uso de tops hechos con conchitas marinas, esta exploraci\u00f3n para Balmian seguir\u00e1 generando conversaci\u00f3n.<\/span><\/p>\n<h3>Top 5 looks de Balmain SS26<\/h3>\n<figure id=\"attachment_157863\" class=\"wp-caption alignnone\" style=\"width: 846px\" aria-describedby=\"caption-attachment-157863\"><img loading=\"lazy\" decoding=\"async\" class=\"wp-image-157863 size-full\" src=\"https:\/\/graziamagazine.com\/mx\/wp-content\/uploads\/sites\/13\/2025\/10\/top-5-looks-de-balmain-de-la-pasarela-y-de-los-invitados-al-desfile-en-paris-fashion-week-3-e1759356677917.jpg\" alt=\"Top 5 looks de Balmain de la pasarela y los invitados al desfile en Paris Fashion Week\" width=\"846\" height=\"1190\" \/><\/figure>\n<p>Este vestido corto con cut-outs laterales presenta conchas de todo tipo de tama\u00f1os, tanto en la parte del torso como en la falda, siendo as\u00ed una obra espectacular. Tambi\u00e9n juega con las tonalidades del beige, aludiendo al color arena, y mostrando un look muy pulido dentro de tanto dramatismo otorgado por estas piezas marinas.<\/p>\n<figure id=\"attachment_157864\" class=\"wp-caption alignnone\" style=\"width: 800px\" aria-describedby=\"caption-attachment-157864\"><img loading=\"lazy\" decoding=\"async\" class=\"wp-image-157864 size-full\" src=\"https:\/\/graziamagazine.com\/mx\/wp-content\/uploads\/sites\/13\/2025\/10\/top-5-looks-de-balmain-de-la-pasarela-y-de-los-invitados-al-desfile-en-paris-fashion-week-4-e1759356709611.jpg\" alt=\"Top 5 looks de Balmain de la pasarela y los invitados al desfile en Paris Fashion Week\" width=\"800\" height=\"1182\" \/><\/figure>\n<p>Un fiel representante de c\u00f3mo viene la nueva moda de Balmain: c\u00f3moda y casual pero con toques sorpresa. Los pantalones bombachos se combinan con un su\u00e9ter tejido corto y amplio, brillando con un collar que simula ser un top hecho de pedrer\u00eda y m\u00e1s conchas marinas en un elegante color rojo de diferentes matices.<\/p>\n<figure id=\"attachment_157862\" class=\"wp-caption alignnone\" style=\"width: 814px\" aria-describedby=\"caption-attachment-157862\"><img loading=\"lazy\" decoding=\"async\" class=\"wp-image-157862 size-full\" src=\"https:\/\/graziamagazine.com\/mx\/wp-content\/uploads\/sites\/13\/2025\/10\/top-5-looks-de-balmain-de-la-pasarela-y-de-los-invitados-al-desfile-en-paris-fashion-week-2-e1759356733709.jpg\" alt=\"Top 5 looks de Balmain de la pasarela y los invitados al desfile en Paris Fashion Week\" width=\"814\" height=\"1180\" \/><\/figure>\n<p>Sutil y favorecedor, este traje drapeado con un hombro descubierto es todo lo que la mujer Balmain necesita para brillar en un cuarto. El acento color verde oliva un tanto m\u00e1s brillante nos dice que la temporada primavera\/verano viene con un lado safari muy sofisticado.<\/p>\n<figure id=\"attachment_157861\" class=\"wp-caption alignnone\" style=\"width: 810px\" aria-describedby=\"caption-attachment-157861\"><img loading=\"lazy\" decoding=\"async\" class=\"wp-image-157861 size-full\" src=\"https:\/\/graziamagazine.com\/mx\/wp-content\/uploads\/sites\/13\/2025\/10\/top-5-looks-de-balmain-de-la-pasarela-y-de-los-invitados-al-desfile-en-paris-fashion-week-1-e1759356765734.jpg\" alt=\"Top 5 looks de Balmain de la pasarela y los invitados al desfile en Paris Fashion Week\" width=\"810\" height=\"1180\" \/><\/figure>\n<p>Los tejidos fueron segundos protagonistas en la pasarela: estos vestidos tipo flapper (con flecos en el borde) han sido usados por d\u00e9cadas, pero contienen un molde m\u00e1s innovador con el efecto cors\u00e9 en el torso. Es relajado y muy chic, f\u00e1cil de combinar con todo tipo de accesorios y listo para empacarse para cualquier resort de lujo.<\/p>\n<figure id=\"attachment_157866\" class=\"wp-caption alignnone\" style=\"width: 786px\" aria-describedby=\"caption-attachment-157866\"><img loading=\"lazy\" decoding=\"async\" class=\"wp-image-157866 size-full\" src=\"https:\/\/graziamagazine.com\/mx\/wp-content\/uploads\/sites\/13\/2025\/10\/top-5-looks-de-balmain-de-la-pasarela-y-de-los-invitados-al-desfile-en-paris-fashion-week-5-e1759356796921.jpg\" alt=\"Top 5 looks de Balmain de la pasarela y los invitados al desfile en Paris Fashion Week\" width=\"786\" height=\"1174\" \/><\/figure>\n<p>El d\u00fao\u00a0<em>top + bottom\u00a0<\/em>toma un aire relajado y fluido, donde el confort toma nuevos niveles y luce elegante sin esforzarse demasiado. Los detalles intrincados y bordados en ambas piezas lo hacen m\u00e1s din\u00e1mico, mientras que el color beige se adhiere a la temporada.<\/p>\n<h3>Invitados al desfile de Balmain SS26<\/h3>\n<p>La front row de Balmain SS26 se tradujo en figuras de la jet set internacional: entre cantantes, actrices y empresarias, vimos a figuras como Anitta (con un vestido de cuero abierto al frente) o Cara Delevigne con un traje de chaqueta amplia y jorts.<\/p>\n<figure id=\"attachment_157867\" class=\"wp-caption alignnone\" style=\"width: 900px\" aria-describedby=\"caption-attachment-157867\"><img loading=\"lazy\" decoding=\"async\" class=\"wp-image-157867 size-full\" src=\"https:\/\/graziamagazine.com\/mx\/wp-content\/uploads\/sites\/13\/2025\/10\/top-5-looks-de-balmain-de-la-pasarela-y-de-los-invitados-al-desfile-en-paris-fashion-week-6.jpg\" alt=\"Top 5 looks de Balmain de la pasarela y los invitados al desfile en Paris Fashion Week\" width=\"900\" height=\"1200\" \/><figcaption id=\"caption-attachment-157867\" class=\"wp-caption-text\">Anitta<\/figcaption><\/figure>\n<figure id=\"attachment_157872\" class=\"wp-caption alignnone\" style=\"width: 900px\" aria-describedby=\"caption-attachment-157872\"><img loading=\"lazy\" decoding=\"async\" class=\"wp-image-157872 size-full\" src=\"https:\/\/graziamagazine.com\/mx\/wp-content\/uploads\/sites\/13\/2025\/10\/top-5-looks-de-balmain-de-la-pasarela-y-de-los-invitados-al-desfile-en-paris-fashion-week-10.jpg\" alt=\"Top 5 looks de Balmain de la pasarela y los invitados al desfile en Paris Fashion Week\" width=\"900\" height=\"1200\" \/><figcaption id=\"caption-attachment-157872\" class=\"wp-caption-text\">Cara Delevingne<\/figcaption><\/figure>\n<p>La supermodelo brasile\u00f1a Isabeli Fontana se decant\u00f3 por el aspecto de cuero-total, con un abrigo midi atado a la cintura con mangas abullonadas, mientras que la modelo francesa Cindy Bruna eligi\u00f3 el animal print con un modelo de zebra + pantalones negros de cuero.<\/p>\n<figure id=\"attachment_157871\" class=\"wp-caption alignnone\" style=\"width: 900px\" aria-describedby=\"caption-attachment-157871\"><img loading=\"lazy\" decoding=\"async\" class=\"wp-image-157871 size-full\" src=\"https:\/\/graziamagazine.com\/mx\/wp-content\/uploads\/sites\/13\/2025\/10\/top-5-looks-de-balmain-de-la-pasarela-y-de-los-invitados-al-desfile-en-paris-fashion-week-9.jpg\" alt=\"Top 5 looks de Balmain de la pasarela y los invitados al desfile en Paris Fashion Week\" width=\"900\" height=\"1200\" \/><figcaption id=\"caption-attachment-157871\" class=\"wp-caption-text\">Isabeli Fontana<\/figcaption><\/figure>\n<figure id=\"attachment_157870\" class=\"wp-caption alignnone\" style=\"width: 900px\" aria-describedby=\"caption-attachment-157870\"><img loading=\"lazy\" decoding=\"async\" class=\"wp-image-157870 size-full\" src=\"https:\/\/graziamagazine.com\/mx\/wp-content\/uploads\/sites\/13\/2025\/10\/top-5-looks-de-balmain-de-la-pasarela-y-de-los-invitados-al-desfile-en-paris-fashion-week-8.jpg\" alt=\"Top 5 looks de Balmain de la pasarela y los invitados al desfile en Paris Fashion Week\" width=\"900\" height=\"1200\" \/><figcaption id=\"caption-attachment-157870\" class=\"wp-caption-text\">Cindy Bruna<\/figcaption><\/figure>\n<p>Taylor Hill luci\u00f3 un colorido conjunto amarillo brillante con cuello recto y mangas escondidas que es favorecedor para la temporada que viene. Mientras Nicky Hilton apost\u00f3 por el efecto zebra print al estilo de los a\u00f1os sesenta-setenta, con manga larga y cuello alto.<\/p>\n<figure id=\"attachment_157869\" class=\"wp-caption alignnone\" style=\"width: 900px\" aria-describedby=\"caption-attachment-157869\"><img loading=\"lazy\" decoding=\"async\" class=\"wp-image-157869 size-full\" src=\"https:\/\/graziamagazine.com\/mx\/wp-content\/uploads\/sites\/13\/2025\/10\/top-5-looks-de-balmain-de-la-pasarela-y-de-los-invitados-al-desfile-en-paris-fashion-week-7.jpg\" alt=\"Top 5 looks de Balmain de la pasarela y los invitados al desfile en Paris Fashion Week\" width=\"900\" height=\"1200\" \/><figcaption id=\"caption-attachment-157869\" class=\"wp-caption-text\">Taylor Hill<\/figcaption><\/figure>\n<figure id=\"attachment_157868\" class=\"wp-caption alignnone\" style=\"width: 900px\" aria-describedby=\"caption-attachment-157868\"><img loading=\"lazy\" decoding=\"async\" class=\"wp-image-157868 size-full\" src=\"https:\/\/graziamagazine.com\/mx\/wp-content\/uploads\/sites\/13\/2025\/10\/top-5-looks-de-balmain-de-la-pasarela-y-de-los-invitados-al-desfile-en-paris-fashion-week-7-1.jpg\" alt=\"Top 5 looks de Balmain de la pasarela y los invitados al desfile en Paris Fashion Week\" width=\"900\" height=\"1200\" \/><figcaption id=\"caption-attachment-157868\" class=\"wp-caption-text\">Nicky Hilton<\/p>\n<\/figcaption><\/figure>\n","protected":false},"author":42761,"featured_media":188421,"template":"","format":"standard","categories":[1],"acf":[],"yoast_head":"<!-- This site is optimized with the Yoast SEO Premium plugin v18.5 (Yoast SEO v20.4) - https:\/\/yoast.com\/wordpress\/plugins\/seo\/ -->\n<title>Los looks favoritos del desfile de Balmain en Paris Fashion Week<\/title>\n<meta name=\"description\" content=\"La nueva colecci\u00f3n Womenswear de Olivier Rousteing para Balmain SS26 nos llev\u00f3 por diferentes universos: una mezcla de boho tropical con mezclas de\" \/>\n<meta name=\"robots\" content=\"index, follow, max-snippet:-1, max-image-preview:large, max-video-preview:-1\" \/>\n<link rel=\"canonical\" href=\"https:\/\/graziamagazine.com\/es\/articles\/los-looks-favoritos-del-desfile-de-balmain-en-paris-fashion-week\/\" \/>\n<meta property=\"og:locale\" content=\"es_ES\" \/>\n<meta property=\"og:type\" content=\"article\" \/>\n<meta property=\"og:title\" content=\"Los looks favoritos del desfile de Balmain en Paris Fashion Week\" \/>\n<meta property=\"og:description\" content=\"La nueva colecci\u00f3n Womenswear de Olivier Rousteing para Balmain SS26 nos llev\u00f3 por diferentes universos: una mezcla de boho tropical con mezclas de\" \/>\n<meta property=\"og:url\" content=\"https:\/\/graziamagazine.com\/es\/articles\/los-looks-favoritos-del-desfile-de-balmain-en-paris-fashion-week\/\" \/>\n<meta property=\"og:site_name\" content=\"Grazia\" \/>\n<meta property=\"article:modified_time\" content=\"2025-10-02T13:04:30+00:00\" \/>\n<meta property=\"og:image\" content=\"https:\/\/graziamagazine.com\/es\/wp-content\/uploads\/sites\/12\/2025\/10\/top-5-looks-de-balmain-de-la-pasarela-y-de-los-invitados-al-desfile-en-paris-fashion-week-11.jpg\" \/>\n\t<meta property=\"og:image:width\" content=\"1280\" \/>\n\t<meta property=\"og:image:height\" content=\"720\" \/>\n\t<meta property=\"og:image:type\" content=\"image\/jpeg\" \/>\n<meta name=\"twitter:card\" content=\"summary_large_image\" \/>\n<meta name=\"twitter:label1\" content=\"Est. reading time\" \/>\n\t<meta name=\"twitter:data1\" content=\"5 minutos\" \/>\n<script type=\"application\/ld+json\" class=\"yoast-schema-graph\">{\"@context\":\"https:\/\/schema.org\",\"@graph\":[{\"@type\":\"WebPage\",\"@id\":\"https:\/\/graziamagazine.com\/es\/articles\/los-looks-favoritos-del-desfile-de-balmain-en-paris-fashion-week\/\",\"url\":\"https:\/\/graziamagazine.com\/es\/articles\/los-looks-favoritos-del-desfile-de-balmain-en-paris-fashion-week\/\",\"name\":\"Los looks favoritos del desfile de Balmain en Paris Fashion Week\",\"isPartOf\":{\"@id\":\"https:\/\/graziamagazine.com\/es\/#website\"},\"datePublished\":\"2025-10-02T08:26:33+00:00\",\"dateModified\":\"2025-10-02T13:04:30+00:00\",\"description\":\"La nueva colecci\u00f3n Womenswear de Olivier Rousteing para Balmain SS26 nos llev\u00f3 por diferentes universos: una mezcla de boho tropical con mezclas de\",\"breadcrumb\":{\"@id\":\"https:\/\/graziamagazine.com\/es\/articles\/los-looks-favoritos-del-desfile-de-balmain-en-paris-fashion-week\/#breadcrumb\"},\"inLanguage\":\"es\",\"potentialAction\":[{\"@type\":\"ReadAction\",\"target\":[\"https:\/\/graziamagazine.com\/es\/articles\/los-looks-favoritos-del-desfile-de-balmain-en-paris-fashion-week\/\"]}]},{\"@type\":\"BreadcrumbList\",\"@id\":\"https:\/\/graziamagazine.com\/es\/articles\/los-looks-favoritos-del-desfile-de-balmain-en-paris-fashion-week\/#breadcrumb\",\"itemListElement\":[{\"@type\":\"ListItem\",\"position\":1,\"name\":\"Portada\",\"item\":\"https:\/\/graziamagazine.com\/es\/\"},{\"@type\":\"ListItem\",\"position\":2,\"name\":\"Los looks favoritos del desfile de Balmain en Paris Fashion Week\"}]},{\"@type\":\"WebSite\",\"@id\":\"https:\/\/graziamagazine.com\/es\/#website\",\"url\":\"https:\/\/graziamagazine.com\/es\/\",\"name\":\"Grazia\",\"description\":\"Moda, belleza, celebrities, estilo de vida...\",\"potentialAction\":[{\"@type\":\"SearchAction\",\"target\":{\"@type\":\"EntryPoint\",\"urlTemplate\":\"https:\/\/graziamagazine.com\/es\/?s={search_term_string}\"},\"query-input\":\"required name=search_term_string\"}],\"inLanguage\":\"es\"}]}<\/script>\n<!-- \/ Yoast SEO Premium plugin. -->","yoast_head_json":{"title":"Los looks favoritos del desfile de Balmain en Paris Fashion Week","description":"La nueva colecci\u00f3n Womenswear de Olivier Rousteing para Balmain SS26 nos llev\u00f3 por diferentes universos: una mezcla de boho tropical con mezclas de","robots":{"index":"index","follow":"follow","max-snippet":"max-snippet:-1","max-image-preview":"max-image-preview:large","max-video-preview":"max-video-preview:-1"},"canonical":"https:\/\/graziamagazine.com\/es\/articles\/los-looks-favoritos-del-desfile-de-balmain-en-paris-fashion-week\/","og_locale":"es_ES","og_type":"article","og_title":"Los looks favoritos del desfile de Balmain en Paris Fashion Week","og_description":"La nueva colecci\u00f3n Womenswear de Olivier Rousteing para Balmain SS26 nos llev\u00f3 por diferentes universos: una mezcla de boho tropical con mezclas de","og_url":"https:\/\/graziamagazine.com\/es\/articles\/los-looks-favoritos-del-desfile-de-balmain-en-paris-fashion-week\/","og_site_name":"Grazia","article_modified_time":"2025-10-02T13:04:30+00:00","og_image":[{"width":1280,"height":720,"url":"https:\/\/graziamagazine.com\/es\/wp-content\/uploads\/sites\/12\/2025\/10\/top-5-looks-de-balmain-de-la-pasarela-y-de-los-invitados-al-desfile-en-paris-fashion-week-11.jpg","type":"image\/jpeg"}],"twitter_card":"summary_large_image","twitter_misc":{"Est. reading time":"5 minutos"},"schema":{"@context":"https:\/\/schema.org","@graph":[{"@type":"WebPage","@id":"https:\/\/graziamagazine.com\/es\/articles\/los-looks-favoritos-del-desfile-de-balmain-en-paris-fashion-week\/","url":"https:\/\/graziamagazine.com\/es\/articles\/los-looks-favoritos-del-desfile-de-balmain-en-paris-fashion-week\/","name":"Los looks favoritos del desfile de Balmain en Paris Fashion Week","isPartOf":{"@id":"https:\/\/graziamagazine.com\/es\/#website"},"datePublished":"2025-10-02T08:26:33+00:00","dateModified":"2025-10-02T13:04:30+00:00","description":"La nueva colecci\u00f3n Womenswear de Olivier Rousteing para Balmain SS26 nos llev\u00f3 por diferentes universos: una mezcla de boho tropical con mezclas de","breadcrumb":{"@id":"https:\/\/graziamagazine.com\/es\/articles\/los-looks-favoritos-del-desfile-de-balmain-en-paris-fashion-week\/#breadcrumb"},"inLanguage":"es","potentialAction":[{"@type":"ReadAction","target":["https:\/\/graziamagazine.com\/es\/articles\/los-looks-favoritos-del-desfile-de-balmain-en-paris-fashion-week\/"]}]},{"@type":"BreadcrumbList","@id":"https:\/\/graziamagazine.com\/es\/articles\/los-looks-favoritos-del-desfile-de-balmain-en-paris-fashion-week\/#breadcrumb","itemListElement":[{"@type":"ListItem","position":1,"name":"Portada","item":"https:\/\/graziamagazine.com\/es\/"},{"@type":"ListItem","position":2,"name":"Los looks favoritos del desfile de Balmain en Paris Fashion Week"}]},{"@type":"WebSite","@id":"https:\/\/graziamagazine.com\/es\/#website","url":"https:\/\/graziamagazine.com\/es\/","name":"Grazia","description":"Moda, belleza, celebrities, estilo de vida...","potentialAction":[{"@type":"SearchAction","target":{"@type":"EntryPoint","urlTemplate":"https:\/\/graziamagazine.com\/es\/?s={search_term_string}"},"query-input":"required name=search_term_string"}],"inLanguage":"es"}]}},"jetpack_sharing_enabled":true,"distributor_meta":false,"distributor_terms":false,"distributor_media":false,"distributor_original_site_name":"Grazia","distributor_original_site_url":"https:\/\/graziamagazine.com\/es","push-errors":false,"_links":{"self":[{"href":"https:\/\/graziamagazine.com\/es\/wp-json\/wp\/v2\/articles\/188419"}],"collection":[{"href":"https:\/\/graziamagazine.com\/es\/wp-json\/wp\/v2\/articles"}],"about":[{"href":"https:\/\/graziamagazine.com\/es\/wp-json\/wp\/v2\/types\/articles"}],"author":[{"embeddable":true,"href":"https:\/\/graziamagazine.com\/es\/wp-json\/wp\/v2\/users\/42761"}],"wp:featuredmedia":[{"embeddable":true,"href":"https:\/\/graziamagazine.com\/es\/wp-json\/wp\/v2\/media\/188421"}],"wp:attachment":[{"href":"https:\/\/graziamagazine.com\/es\/wp-json\/wp\/v2\/media?parent=188419"}],"wp:term":[{"taxonomy":"category","embeddable":true,"href":"https:\/\/graziamagazine.com\/es\/wp-json\/wp\/v2\/categories?post=188419"}],"curies":[{"name":"wp","href":"https:\/\/api.w.org\/{rel}","templated":true}]}}