{"id":188110,"date":"2025-09-29T08:00:20","date_gmt":"2025-09-29T06:00:20","guid":{"rendered":"https:\/\/graziamagazine.com\/es\/?post_type=articles&#038;p=188110"},"modified":"2025-09-28T23:37:30","modified_gmt":"2025-09-28T21:37:30","slug":"palazzo-fendi-milano-la-nueva-boutique-de-la-casa-italiana","status":"publish","type":"articles","link":"https:\/\/graziamagazine.com\/es\/articles\/palazzo-fendi-milano-la-nueva-boutique-de-la-casa-italiana\/","title":{"rendered":"Palazzo FENDI Milano, la nueva boutique de la casa italiana"},"content":{"rendered":"<p>Coincidiendo con la Semana de la Moda de Mil\u00e1n, FENDI ha abierto las puertas de <span class=\"markjhgussxz5\" data-markjs=\"true\" data-ogac=\"\" data-ogab=\"\" data-ogsc=\"\" data-ogsb=\"\">Palazzo<\/span>\u00a0<span class=\"markqpxp42kzl\" data-markjs=\"true\" data-ogac=\"\" data-ogab=\"\" data-ogsc=\"\" data-ogsb=\"\">FENDI<\/span>\u00a0Milano, una boutique \u00fanica ubicada en el cruce entre Via Montenapoleone y Corso Matteotti. El edificio, una magn\u00edfica estructura hist\u00f3rica racionalista, fue dise\u00f1ado por el arquitecto Emilio Lancia y construido entre 1933 y 1936. Reconcebido como el nuevo destino milan\u00e9s para la m\u00e1xima experiencia\u00a0<span class=\"markqpxp42kzl\" data-markjs=\"true\" data-ogac=\"\" data-ogab=\"\" data-ogsc=\"\" data-ogsb=\"\">FENDI<\/span>,\u00a0<span class=\"markjhgussxz5\" data-markjs=\"true\" data-ogac=\"\" data-ogab=\"\" data-ogsc=\"\" data-ogsb=\"\">Palazzo<\/span>\u00a0<span class=\"markqpxp42kzl\" data-markjs=\"true\" data-ogac=\"\" data-ogab=\"\" data-ogsc=\"\" data-ogsb=\"\">FENDI<\/span> Milano alberga una boutique de 910 metros cuadrados que se extiende a lo largo de cuatro plantas, incluyendo un Atelier interno. Adem\u00e1s, las tres plantas superiores albergar\u00e1n tres conceptos gastron\u00f3micos \u00fanicos de Langosteria.<\/p>\n<p>La majestuosa fachada se caracteriza por una alternancia de ventanas arqueadas y cuadradas tanto a nivel de calle como en las plantas superiores, con una pasarela cubierta con arcos en Corso Matteotti. Una torre central domina la arquitectura en la intersecci\u00f3n de las dos calles y desarrolla los espacios verticalmente. Detalles sutiles y estilizados embellecen la fachada original que se mantiene intacta, excepto por la adici\u00f3n del logotipo de\u00a0<span class=\"markqpxp42kzl\" data-markjs=\"true\" data-ogac=\"\" data-ogab=\"\" data-ogsc=\"\" data-ogsb=\"\">FENDI<\/span>\u00a0y manijas de puerta de forma org\u00e1nica inspiradas en el suave movimiento del cuero.<\/p>\n<p><span data-olk-copy-source=\"MessageBody\">El nuevo concepto de boutique, dise\u00f1ado por el Departamento de Arquitectura de\u00a0<span class=\"markqpxp42kzl\" data-markjs=\"true\" data-ogac=\"\" data-ogab=\"\" data-ogsc=\"\" data-ogsb=\"\">FENDI<\/span>, fusiona detalles que evocan los interiores milaneses de los a\u00f1os 30 con elementos innegablemente\u00a0<span class=\"markqpxp42kzl\" data-markjs=\"true\" data-ogac=\"\" data-ogab=\"\" data-ogsc=\"\" data-ogsb=\"\">FENDI<\/span>. Desde la suavidad de las curvas inspiradas en la artesan\u00eda del cuero hasta las formas arqueadas, estas se colocan en continuidad con las siluetas limpias de las escaleras de Mil\u00e1n y su caracter\u00edstica contraposici\u00f3n de texturas. As\u00ed comienza un sofisticado equilibrio entre los patrones de m\u00e1rmol preexistentes del edificio y los m\u00e1rmoles especiales de la Maison, inspirados en los suelos de la Antigua Roma y la herencia de\u00a0<span class=\"markqpxp42kzl\" data-markjs=\"true\" data-ogac=\"\" data-ogab=\"\" data-ogsc=\"\" data-ogsb=\"\">FENDI<\/span>.<\/span><\/p>\n<p>El dise\u00f1o interior de\u00a0<span class=\"markjhgussxz5\" data-markjs=\"true\" data-ogac=\"\" data-ogab=\"\" data-ogsc=\"\" data-ogsb=\"\">Palazzo<\/span>\u00a0<span class=\"markqpxp42kzl\" data-markjs=\"true\" data-ogac=\"\" data-ogab=\"\" data-ogsc=\"\" data-ogsb=\"\">FENDI<\/span>\u00a0Milano se enriquece a\u00fan m\u00e1s a trav\u00e9s de una asociaci\u00f3n con fundaciones y galer\u00edas locales seleccionadas: Fondazione Officine Saffi, Fondazione Arnaldo Pomodoro, y las galer\u00edas Mazzoleni y Secci. La inclusi\u00f3n de piezas de arte cuidadosamente elegidas, algunas de ellas hechas a medida, acerca la boutique a una galer\u00eda abierta donde las creaciones de\u00a0<span class=\"markqpxp42kzl\" data-markjs=\"true\" data-ogac=\"\" data-ogab=\"\" data-ogsc=\"\" data-ogsb=\"\">FENDI<\/span>\u00a0se colocan en continuidad con obras de arte excepcionales.<\/p>\n<p><img loading=\"lazy\" decoding=\"async\" class=\"aligncenter size-full wp-image-188233\" src=\"https:\/\/graziamagazine.com\/es\/wp-content\/uploads\/sites\/12\/2025\/09\/Captura-de-pantalla-2025-09-24-114919.png\" alt=\"\" width=\"1141\" height=\"758\" srcset=\"https:\/\/graziamagazine.com\/es\/wp-content\/uploads\/sites\/12\/2025\/09\/Captura-de-pantalla-2025-09-24-114919.png 1141w, https:\/\/graziamagazine.com\/es\/wp-content\/uploads\/sites\/12\/2025\/09\/Captura-de-pantalla-2025-09-24-114919-300x199.png 300w, https:\/\/graziamagazine.com\/es\/wp-content\/uploads\/sites\/12\/2025\/09\/Captura-de-pantalla-2025-09-24-114919-1024x680.png 1024w, https:\/\/graziamagazine.com\/es\/wp-content\/uploads\/sites\/12\/2025\/09\/Captura-de-pantalla-2025-09-24-114919-768x510.png 768w, https:\/\/graziamagazine.com\/es\/wp-content\/uploads\/sites\/12\/2025\/09\/Captura-de-pantalla-2025-09-24-114919-400x266.png 400w, https:\/\/graziamagazine.com\/es\/wp-content\/uploads\/sites\/12\/2025\/09\/Captura-de-pantalla-2025-09-24-114919-155x103.png 155w\" sizes=\"(max-width: 1141px) 100vw, 1141px\" \/><\/p>\n<h3><strong data-olk-copy-source=\"MessageBody\">Planta Baja: <\/strong>Accesorios de mujer<\/h3>\n<p>Al entrar a la boutique por los dos accesos principales de Via Montenapoleone, los invitados son recibidos en un espacioso vest\u00edbulo dominado por formas redondas y org\u00e1nicas. Los arcos de madera de nogal se mezclan a la perfecci\u00f3n con paredes de m\u00e1rmol <em>Calce Romana<\/em>\u00a0y\u00a0<em>Travertino<\/em>\u00a0acanalado, un gui\u00f1o a las columnas de la Antigua Roma, con una pared central destacada en m\u00e1rmol\u00a0<em>Travertino<\/em>\u00a0escultural con fondo amarillo\u00a0<span class=\"markqpxp42kzl\" data-markjs=\"true\" data-ogac=\"\" data-ogab=\"\" data-ogsc=\"\" data-ogsb=\"\">FENDI<\/span>. Su suave e irregular drapeado recuerda a las estatuas romanas barrocas, mientras que el suelo estilo\u00a0<em>Domus<\/em>\u00a0est\u00e1 inspirado en los patrones geom\u00e9tricos de las antiguas casas romanas. Los azulejos cuadrados de m\u00e1rmol\u00a0<em>Rosso Lepanto<\/em>\u00a0y\u00a0<em>Breccia Oniciata<\/em>\u00a0componen filas paralelas ordenadas sobre un fondo de\u00a0<em>Travertino<\/em>, a\u00f1adiendo toques de borgo\u00f1a y amarillo cremoso.<br \/>\nEn el centro del \u00e1rea se alza una columna desestructurada, de forma casi org\u00e1nica, del artista Anton Alvarez, parte de la colaboraci\u00f3n con la Fondazione Officine Saffi. Hecha a medida para\u00a0<span class=\"markqpxp42kzl\" data-markjs=\"true\" data-ogac=\"\" data-ogab=\"\" data-ogsc=\"\" data-ogsb=\"\">FENDI<\/span>\u00a0como una reinterpretaci\u00f3n de las formas cl\u00e1sicas, la escultura est\u00e1 elaborada en cer\u00e1mica esmaltada en una gama de tonos que incluyen el amarillo vivo, un gui\u00f1o a los c\u00f3digos\u00a0<span class=\"markqpxp42kzl\" data-markjs=\"true\" data-ogac=\"\" data-ogab=\"\" data-ogsc=\"\" data-ogsb=\"\">FENDI<\/span>, y delicados tonos morados y verdes.<\/p>\n<p><img loading=\"lazy\" decoding=\"async\" class=\"aligncenter size-full wp-image-188239\" src=\"https:\/\/graziamagazine.com\/es\/wp-content\/uploads\/sites\/12\/2025\/09\/Captura-de-pantalla-2025-09-28-a-las-23.33.25.png\" alt=\"\" width=\"804\" height=\"1198\" srcset=\"https:\/\/graziamagazine.com\/es\/wp-content\/uploads\/sites\/12\/2025\/09\/Captura-de-pantalla-2025-09-28-a-las-23.33.25.png 804w, https:\/\/graziamagazine.com\/es\/wp-content\/uploads\/sites\/12\/2025\/09\/Captura-de-pantalla-2025-09-28-a-las-23.33.25-201x300.png 201w, https:\/\/graziamagazine.com\/es\/wp-content\/uploads\/sites\/12\/2025\/09\/Captura-de-pantalla-2025-09-28-a-las-23.33.25-687x1024.png 687w, https:\/\/graziamagazine.com\/es\/wp-content\/uploads\/sites\/12\/2025\/09\/Captura-de-pantalla-2025-09-28-a-las-23.33.25-768x1144.png 768w, https:\/\/graziamagazine.com\/es\/wp-content\/uploads\/sites\/12\/2025\/09\/Captura-de-pantalla-2025-09-28-a-las-23.33.25-400x596.png 400w, https:\/\/graziamagazine.com\/es\/wp-content\/uploads\/sites\/12\/2025\/09\/Captura-de-pantalla-2025-09-28-a-las-23.33.25-144x215.png 144w\" sizes=\"(max-width: 804px) 100vw, 804px\" \/><\/p>\n<p><span data-olk-copy-source=\"MessageBody\">Una magn\u00edfica entrada desde Corso Matteotti da la bienvenida a los invitados que se dirigen a la boutique\u00a0<span class=\"markqpxp42kzl\" data-markjs=\"true\" data-ogac=\"\" data-ogab=\"\" data-ogsc=\"\" data-ogsb=\"\">FENDI<\/span>\u00a0o a las experiencias gastron\u00f3micas de Langosteria ubicadas en las plantas superiores. La boiserie de madera de nogal est\u00e1 grabada con formas geom\u00e9tricas y los caracteres de Langosteria, creando una sensaci\u00f3n de continuidad entre los ascensores y la conserjer\u00eda. Una escultura artesanal de Roberto Sironi centra el espacio, una forma abstracta multifac\u00e9tica similar a un meteorito coloreada en azul el\u00e9ctrico, amarillo oscuro y tonos terracota, creada con la t\u00e9cnica del\u00a0<em>Marmo di Rima<\/em>. Un bajorrelieve arquitect\u00f3nico en cer\u00e1mica incorpora patrones\u00a0<span class=\"markqpxp42kzl\" data-markjs=\"true\" data-ogac=\"\" data-ogab=\"\" data-ogsc=\"\" data-ogsb=\"\">FENDI<\/span>\u00a0dentro de l\u00edneas geom\u00e9tricas, alternados con nichos que exhiben art\u00edculos\u00a0<span class=\"markqpxp42kzl\" data-markjs=\"true\" data-ogac=\"\" data-ogab=\"\" data-ogsc=\"\" data-ogsb=\"\">FENDI<\/span>\u00a0que representan la identidad y el patrimonio de la Maison.<\/span><\/p>\n<p>Avanzando hacia el interior del edificio, la sala de accesorios alberga joyas de moda, gafas de sol, cinturones, fragancias y accesorios textiles. Las paredes son una alternancia de m\u00e1rmol\u00a0<em>Travertino<\/em>\u00a0acanalado que forma \u00e1ngulos curvos y\u00a0<em>Calce<\/em>\u00a0estampado en tono cobre, espaciados por nichos de yeso texturizado color marfil. Colgadas en las esquinas, dos piezas anudadas asim\u00e9tricas del artista Roger Cal, parte de la colaboraci\u00f3n con Officine Saffi, est\u00e1n elaboradas en cer\u00e1mica de color amarillo\u00a0<span class=\"markqpxp42kzl\" data-markjs=\"true\" data-ogac=\"\" data-ogab=\"\" data-ogsc=\"\" data-ogsb=\"\">FENDI<\/span>\u00a0y rosa chicle.<\/p>\n<p><img loading=\"lazy\" decoding=\"async\" class=\"aligncenter size-full wp-image-188235\" src=\"https:\/\/graziamagazine.com\/es\/wp-content\/uploads\/sites\/12\/2025\/09\/Captura-de-pantalla-2025-09-24-115001.png\" alt=\"\" width=\"1150\" height=\"759\" srcset=\"https:\/\/graziamagazine.com\/es\/wp-content\/uploads\/sites\/12\/2025\/09\/Captura-de-pantalla-2025-09-24-115001.png 1150w, https:\/\/graziamagazine.com\/es\/wp-content\/uploads\/sites\/12\/2025\/09\/Captura-de-pantalla-2025-09-24-115001-300x198.png 300w, https:\/\/graziamagazine.com\/es\/wp-content\/uploads\/sites\/12\/2025\/09\/Captura-de-pantalla-2025-09-24-115001-1024x676.png 1024w, https:\/\/graziamagazine.com\/es\/wp-content\/uploads\/sites\/12\/2025\/09\/Captura-de-pantalla-2025-09-24-115001-768x507.png 768w, https:\/\/graziamagazine.com\/es\/wp-content\/uploads\/sites\/12\/2025\/09\/Captura-de-pantalla-2025-09-24-115001-400x264.png 400w, https:\/\/graziamagazine.com\/es\/wp-content\/uploads\/sites\/12\/2025\/09\/Captura-de-pantalla-2025-09-24-115001-155x102.png 155w\" sizes=\"(max-width: 1150px) 100vw, 1150px\" \/><\/p>\n<p>En el centro de la planta baja hay un espacio hexagonal donde dos escaleras gemelas y una columna central que alberga el ascensor conducen a la planta superior. La escalera mantiene la forma original dise\u00f1ada por Emilio Lancia, con la adici\u00f3n de una alternancia de delicados elementos de rombos de cristal rosa y una barandilla de cuero\u00a0<em>Cuoio Romano<\/em>\u00a0con costuras\u00a0<em>Selleria<\/em>. De manera similar, las ventanas redondas presentes en el hueco de la escalera se han conservado y restaurado con secciones met\u00e1licas que crean un patr\u00f3n de diamante.<\/p>\n<p>Continuando con el homenaje a la arquitectura local, un expositor decorativo con tres nichos est\u00e1 dise\u00f1ado para recordar el cl\u00e1sico buz\u00f3n de metal de un\u00a0<em><span class=\"markjhgussxz5\" data-markjs=\"true\" data-ogac=\"\" data-ogab=\"\" data-ogsc=\"\" data-ogsb=\"\">palazzo<\/span><\/em>\u00a0milan\u00e9s. Al comienzo de las escaleras gemelas se colocan dos conjuntos de tres obras de arte de Franco Mazzucchelli, elaboradas en PVC inflable de colores.<\/p>\n<p>Mirando hacia arriba, un fresco contempor\u00e1neo del artista Edoardo Piermattei a\u00f1ade una dimensi\u00f3n escult\u00f3rica al techo, pintado en tonos de rosa, borgo\u00f1a y terracota, con toques de azul ne\u00f3n. La historia contin\u00faa a lo largo de todo el hueco de la escalera con diferentes t\u00e9cnicas: en el primer piso hay una delicada acuarela; en el segundo y tercer piso, dos b\u00f3vedas tridimensionales \u00fanicas est\u00e1n decoradas con la t\u00e9cnica\u00a0<em>poche \u00e0 douille<\/em>, todas ellas concebidas por Piermattei exclusivamente para\u00a0<span class=\"markjhgussxz5\" data-markjs=\"true\" data-ogac=\"\" data-ogab=\"\" data-ogsc=\"\" data-ogsb=\"\">Palazzo<\/span>\u00a0<span class=\"markqpxp42kzl\" data-markjs=\"true\" data-ogac=\"\" data-ogab=\"\" data-ogsc=\"\" data-ogsb=\"\">FENDI<\/span>\u00a0Milano.<\/p>\n<p><img loading=\"lazy\" decoding=\"async\" class=\"aligncenter size-full wp-image-188238\" src=\"https:\/\/graziamagazine.com\/es\/wp-content\/uploads\/sites\/12\/2025\/09\/Captura-de-pantalla-2025-09-28-a-las-23.26.39-copia.jpg\" alt=\"\" width=\"1818\" height=\"1206\" srcset=\"https:\/\/graziamagazine.com\/es\/wp-content\/uploads\/sites\/12\/2025\/09\/Captura-de-pantalla-2025-09-28-a-las-23.26.39-copia.jpg 1818w, https:\/\/graziamagazine.com\/es\/wp-content\/uploads\/sites\/12\/2025\/09\/Captura-de-pantalla-2025-09-28-a-las-23.26.39-copia-300x199.jpg 300w, https:\/\/graziamagazine.com\/es\/wp-content\/uploads\/sites\/12\/2025\/09\/Captura-de-pantalla-2025-09-28-a-las-23.26.39-copia-1024x679.jpg 1024w, https:\/\/graziamagazine.com\/es\/wp-content\/uploads\/sites\/12\/2025\/09\/Captura-de-pantalla-2025-09-28-a-las-23.26.39-copia-768x509.jpg 768w, https:\/\/graziamagazine.com\/es\/wp-content\/uploads\/sites\/12\/2025\/09\/Captura-de-pantalla-2025-09-28-a-las-23.26.39-copia-1536x1019.jpg 1536w, https:\/\/graziamagazine.com\/es\/wp-content\/uploads\/sites\/12\/2025\/09\/Captura-de-pantalla-2025-09-28-a-las-23.26.39-copia-400x265.jpg 400w, https:\/\/graziamagazine.com\/es\/wp-content\/uploads\/sites\/12\/2025\/09\/Captura-de-pantalla-2025-09-28-a-las-23.26.39-copia-155x103.jpg 155w\" sizes=\"(max-width: 1818px) 100vw, 1818px\" \/><\/p>\n<h3><strong data-olk-copy-source=\"MessageBody\">Primer Piso: <\/strong>Hombres y Ni\u00f1os<\/h3>\n<p>El \u00e1rea de Hombres se despliega en el primer piso. Desde el parqu\u00e9 de madera de teca, inspirado en las formas de los tableros de backgammon, hasta las paredes de <em>Travertino Silver<\/em>\u00a0acanalado y el techo de grano rayado, el espacio est\u00e1 dominado por una contraposici\u00f3n de texturas y materiales. Los expositores de nuevo dise\u00f1o, hechos a mano en\u00a0<em>Travertino<\/em>\u00a0y cristal texturizado retroiluminado, se inspiran en la\u00a0<em>anastilosis<\/em>, la t\u00e9cnica arquitect\u00f3nica de reconstruir antiguas ruinas romanas utilizando elementos originales combinados con nuevos materiales.<\/p>\n<p>Haciendo referencia a la Villa Necchi Campiglio de Piero Portaluppi en Mil\u00e1n, una puerta perforada de n\u00edquel plateado se abre a la sala VIP de Hombres: un espacio tipo club donde las paredes de madera de nogal oscuro acanalado se unen a los suelos de\u00a0<em>Travertino Silver<\/em>. Una magn\u00edfica pintura de Daniel Crews-Chubbs, titulada\u00a0<em>Where the wild things are<\/em>, a\u00f1ade una profunda dimensi\u00f3n. Completando el espacio, un probador especial con un papel pintado de inspiraci\u00f3n romana dise\u00f1ado por el artista Luke Edward Hall para Rubelli viste el espacio.<\/p>\n<p>En el mismo piso, la sala\u00a0<span class=\"markqpxp42kzl\" data-markjs=\"true\" data-ogac=\"\" data-ogab=\"\" data-ogsc=\"\" data-ogsb=\"\">FENDI<\/span>\u00a0Kids presume de tonos neutros con detalles pastel, como se ve en el suelo de\u00a0<em>Palladiana<\/em>\u00a0en\u00a0<em>Travertino<\/em>\u00a0y m\u00e1rmoles de colores y los divertidos giros en elementos de la Antigua Roma. Los mostradores de madera de nogal se colocan en continuidad con las paredes de\u00a0<em>Calce Romana<\/em>\u00a0y con un expositor \u00fanico de\u00a0<em>anastilosis<\/em>\u00a0elaborado con diferentes m\u00e1rmoles en tonos pastel.<\/p>\n<p><img loading=\"lazy\" decoding=\"async\" class=\"aligncenter size-full wp-image-188234\" src=\"https:\/\/graziamagazine.com\/es\/wp-content\/uploads\/sites\/12\/2025\/09\/Captura-de-pantalla-2025-09-24-114936.png\" alt=\"\" width=\"508\" height=\"762\" srcset=\"https:\/\/graziamagazine.com\/es\/wp-content\/uploads\/sites\/12\/2025\/09\/Captura-de-pantalla-2025-09-24-114936.png 508w, https:\/\/graziamagazine.com\/es\/wp-content\/uploads\/sites\/12\/2025\/09\/Captura-de-pantalla-2025-09-24-114936-200x300.png 200w, https:\/\/graziamagazine.com\/es\/wp-content\/uploads\/sites\/12\/2025\/09\/Captura-de-pantalla-2025-09-24-114936-400x600.png 400w, https:\/\/graziamagazine.com\/es\/wp-content\/uploads\/sites\/12\/2025\/09\/Captura-de-pantalla-2025-09-24-114936-143x215.png 143w\" sizes=\"(max-width: 508px) 100vw, 508px\" \/><\/p>\n<h3><strong data-olk-copy-source=\"MessageBody\">Segundo Piso:<\/strong> Mujer, Alta Costura y Alta Joyer\u00eda<\/h3>\n<p>Subiendo al segundo piso, un majestuoso espacio alberga las piezas de Alta Costura y piel de\u00a0<span class=\"markqpxp42kzl\" data-markjs=\"true\" data-ogac=\"\" data-ogab=\"\" data-ogsc=\"\" data-ogsb=\"\">FENDI<\/span>\u00a0en un ambiente lujoso y neutro. Las paredes de color marfil lacado se complementan con arcos de m\u00e1rmol\u00a0<em>Travertino Ascoli<\/em>, acentuados por los detalles de metal dorado del sistema de exhibici\u00f3n.<\/p>\n<p>Dos salones de pr\u00eat-\u00e0-porter femenino siguen la combinaci\u00f3n de materiales y patrones romanos y milaneses: diferentes m\u00e1rmoles con forma de diamantes o rayas alternas \u2013 inspirados en el suelo hist\u00f3rico del edificio \u2013 se combinan con exhibidores de\u00a0<em>anastilosis<\/em>\u00a0y el techo geom\u00e9trico original restaurado. El dise\u00f1o sigue l\u00edneas sinuosas y suaves, como se ve en el banco Eternity de Arda Yeniai, continuando con detalles como los tiradores curvos de las puertas en cristal de color. Las paredes onduladas de\u00a0<em>Calce Romana<\/em>\u00a0sirven como exhibidor de zapatos, inspiradas en el despliegue de rollos de cuero y la fachada de la F\u00e1brica\u00a0<span class=\"markqpxp42kzl\" data-markjs=\"true\" data-ogac=\"\" data-ogab=\"\" data-ogsc=\"\" data-ogsb=\"\">FENDI<\/span>\u00a0en Fermo, especializada en calzado.<\/p>\n<p><img loading=\"lazy\" decoding=\"async\" class=\"aligncenter size-full wp-image-188236\" src=\"https:\/\/graziamagazine.com\/es\/wp-content\/uploads\/sites\/12\/2025\/09\/Captura-de-pantalla-2025-09-28-a-las-23.26.17-copia.jpg\" alt=\"\" width=\"1818\" height=\"1196\" srcset=\"https:\/\/graziamagazine.com\/es\/wp-content\/uploads\/sites\/12\/2025\/09\/Captura-de-pantalla-2025-09-28-a-las-23.26.17-copia.jpg 1818w, https:\/\/graziamagazine.com\/es\/wp-content\/uploads\/sites\/12\/2025\/09\/Captura-de-pantalla-2025-09-28-a-las-23.26.17-copia-300x197.jpg 300w, https:\/\/graziamagazine.com\/es\/wp-content\/uploads\/sites\/12\/2025\/09\/Captura-de-pantalla-2025-09-28-a-las-23.26.17-copia-1024x674.jpg 1024w, https:\/\/graziamagazine.com\/es\/wp-content\/uploads\/sites\/12\/2025\/09\/Captura-de-pantalla-2025-09-28-a-las-23.26.17-copia-768x505.jpg 768w, https:\/\/graziamagazine.com\/es\/wp-content\/uploads\/sites\/12\/2025\/09\/Captura-de-pantalla-2025-09-28-a-las-23.26.17-copia-1536x1010.jpg 1536w, https:\/\/graziamagazine.com\/es\/wp-content\/uploads\/sites\/12\/2025\/09\/Captura-de-pantalla-2025-09-28-a-las-23.26.17-copia-400x263.jpg 400w, https:\/\/graziamagazine.com\/es\/wp-content\/uploads\/sites\/12\/2025\/09\/Captura-de-pantalla-2025-09-28-a-las-23.26.17-copia-155x102.jpg 155w\" sizes=\"(max-width: 1818px) 100vw, 1818px\" \/><\/p>\n<p>Dos puertas sim\u00e9tricas de madera y cristal conectan el \u00e1rea de pr\u00eat-\u00e0-porter con dos salas VIP redondas para mujeres, ambas inundadas de luz natural. Una est\u00e1 dedicada espec\u00edficamente a piezas de Alta Joyer\u00eda con una consola de exhibici\u00f3n de m\u00e1rmol\u00a0<em>Travertino Ascoli<\/em>\u00a0y una paleta de colores rosa empolvado, en contraste con los colores vivos del mobiliario; la otra, con una magn\u00edfica vista de Piazza San Babila, alberga una escultura humano-abstracta del artista belga Florian Tomballe. Alfombras redondas \u00fanicas enriquecen las salas VIP con su patr\u00f3n geom\u00e9trico y su c\u00e1lida paleta.<\/p>\n<h3><strong data-olk-copy-source=\"MessageBody\">Tercer Piso:<\/strong> Atelier y Apartamento\u00a0<span class=\"markqpxp42kzl\" data-markjs=\"true\" data-ogac=\"\" data-ogab=\"\" data-ogsc=\"\" data-ogsb=\"\">FENDI<\/span><\/h3>\n<p>El tercer piso, inaugurado por una escultura de Nick Cave, est\u00e1 dedicado al Atelier <span class=\"markqpxp42kzl\" data-markjs=\"true\" data-ogac=\"\" data-ogab=\"\" data-ogsc=\"\" data-ogsb=\"\">FENDI<\/span>: un templo de la excelencia romana que celebra la artesan\u00eda del cuero y las pieles como dos de las firmas de la Maison. Los invitados tendr\u00e1n la oportunidad de ver a los artesanos de\u00a0<span class=\"markqpxp42kzl\" data-markjs=\"true\" data-ogac=\"\" data-ogab=\"\" data-ogsc=\"\" data-ogsb=\"\">FENDI<\/span>\u00a0trabajar, creando y personalizando productos \u00fanicos. Exposiciones dedicadas en metal de aluminio, inspiradas en los dise\u00f1os de Franco Albini, mostrar\u00e1n algunas de las piezas ic\u00f3nicas de la Maison e ilustrar\u00e1n los 100 a\u00f1os de historia de\u00a0<span class=\"markqpxp42kzl\" data-markjs=\"true\" data-ogac=\"\" data-ogab=\"\" data-ogsc=\"\" data-ogsb=\"\">FENDI<\/span>. Los azulejos del suelo en m\u00e1rmoles\u00a0<em>Travertino Romano<\/em>\u00a0y\u00a0<em>Ceppo Milanese<\/em>\u00a0se alternan en un patr\u00f3n geom\u00e9trico que recuerda al\u00a0<em>opus sectile<\/em>\u00a0romano, una t\u00e9cnica antigua utilizada para suelos decorativos. La artesan\u00eda de las pieles de\u00a0<span class=\"markqpxp42kzl\" data-markjs=\"true\" data-ogac=\"\" data-ogab=\"\" data-ogsc=\"\" data-ogsb=\"\">FENDI<\/span>\u00a0se atestigua a\u00fan m\u00e1s a trav\u00e9s de las diversas tabletas de piel exhibidas en la boutique, cuidadosamente seleccionadas para representar las habilidades del excelente Atelier de Pieles de la Maison.<\/p>\n<p><img loading=\"lazy\" decoding=\"async\" class=\"aligncenter size-full wp-image-188237\" src=\"https:\/\/graziamagazine.com\/es\/wp-content\/uploads\/sites\/12\/2025\/09\/Captura-de-pantalla-2025-09-28-a-las-23.26.27-copia.jpg\" alt=\"\" width=\"1818\" height=\"1200\" srcset=\"https:\/\/graziamagazine.com\/es\/wp-content\/uploads\/sites\/12\/2025\/09\/Captura-de-pantalla-2025-09-28-a-las-23.26.27-copia.jpg 1818w, https:\/\/graziamagazine.com\/es\/wp-content\/uploads\/sites\/12\/2025\/09\/Captura-de-pantalla-2025-09-28-a-las-23.26.27-copia-300x198.jpg 300w, https:\/\/graziamagazine.com\/es\/wp-content\/uploads\/sites\/12\/2025\/09\/Captura-de-pantalla-2025-09-28-a-las-23.26.27-copia-1024x676.jpg 1024w, https:\/\/graziamagazine.com\/es\/wp-content\/uploads\/sites\/12\/2025\/09\/Captura-de-pantalla-2025-09-28-a-las-23.26.27-copia-768x507.jpg 768w, https:\/\/graziamagazine.com\/es\/wp-content\/uploads\/sites\/12\/2025\/09\/Captura-de-pantalla-2025-09-28-a-las-23.26.27-copia-1536x1014.jpg 1536w, https:\/\/graziamagazine.com\/es\/wp-content\/uploads\/sites\/12\/2025\/09\/Captura-de-pantalla-2025-09-28-a-las-23.26.27-copia-400x264.jpg 400w, https:\/\/graziamagazine.com\/es\/wp-content\/uploads\/sites\/12\/2025\/09\/Captura-de-pantalla-2025-09-28-a-las-23.26.27-copia-155x102.jpg 155w\" sizes=\"(max-width: 1818px) 100vw, 1818px\" \/><\/p>\n<p>El espacio se desarrolla en el Apartamento\u00a0<span class=\"markqpxp42kzl\" data-markjs=\"true\" data-ogac=\"\" data-ogab=\"\" data-ogsc=\"\" data-ogsb=\"\">FENDI<\/span>, al que se accede a trav\u00e9s de un vest\u00edbulo arqueado especial inspirado en la arquitectura del Pante\u00f3n romano. Una puerta de metal que recuerda el techo artesonado del monumento conduce al sal\u00f3n VIP, una sala envolvente con techo curvo iluminado por nichos de luz redondos que representan el\u00a0<em>\u00f3culo<\/em>\u00a0del Pante\u00f3n. Un v\u00edvido suelo de mosaico de m\u00e1rmol introduce un toque de color que explota por completo en la obra de arte\u00a0<em>Rosso Rosa<\/em>\u00a0de Agostino Bonalumi, una extroflecci\u00f3n sobre lienzo en un tono rosa brillante que inicia un di\u00e1logo natural con la luz. En las paredes adyacentes, el tr\u00edptico\u00a0<em>Tracce I<\/em>\u00a0de Arnaldo Pomodoro simboliza la colaboraci\u00f3n de a\u00f1os entre\u00a0<span class=\"markqpxp42kzl\" data-markjs=\"true\" data-ogac=\"\" data-ogab=\"\" data-ogsc=\"\" data-ogsb=\"\">FENDI<\/span>\u00a0y la Fondazione Arnaldo Pomodoro. Finalmente, un mueble bar especial de cer\u00e1mica elaborado con la t\u00e9cnica japonesa\u00a0<em>Raku<\/em>\u00a0se abre para revelar productos del universo\u00a0<span class=\"markqpxp42kzl\" data-markjs=\"true\" data-ogac=\"\" data-ogab=\"\" data-ogsc=\"\" data-ogsb=\"\">FENDI<\/span>.<\/p>\n<p>\u00bfD\u00f3nde? Via Monte Napoleone, 1. Mil\u00e1n (Italia)<\/p>\n<p><em>*Im\u00e1genes: cortes\u00eda<\/em><\/p>\n","protected":false},"author":11653,"featured_media":188232,"template":"","format":"standard","categories":[2971],"acf":{"banner":""},"yoast_head":"<!-- This site is optimized with the Yoast SEO Premium plugin v18.5 (Yoast SEO v20.4) - https:\/\/yoast.com\/wordpress\/plugins\/seo\/ -->\n<title>Palazzo FENDI Milano, la nueva boutique de la casa italiana<\/title>\n<meta name=\"description\" content=\"Una boutique de m\u00e1s de 900 metros cuadrados que se extiende a lo largo de cuatro plantas, incluyendo un Atelier interno.\" \/>\n<meta name=\"robots\" content=\"index, follow, max-snippet:-1, max-image-preview:large, max-video-preview:-1\" \/>\n<link rel=\"canonical\" href=\"https:\/\/graziamagazine.com\/es\/articles\/palazzo-fendi-milano-la-nueva-boutique-de-la-casa-italiana\/\" \/>\n<meta property=\"og:locale\" content=\"es_ES\" \/>\n<meta property=\"og:type\" content=\"article\" \/>\n<meta property=\"og:title\" content=\"Palazzo FENDI Milano, la nueva boutique de la casa italiana\" \/>\n<meta property=\"og:description\" content=\"Una boutique de m\u00e1s de 900 metros cuadrados que se extiende a lo largo de cuatro plantas, incluyendo un Atelier interno.\" \/>\n<meta property=\"og:url\" content=\"https:\/\/graziamagazine.com\/es\/articles\/palazzo-fendi-milano-la-nueva-boutique-de-la-casa-italiana\/\" \/>\n<meta property=\"og:site_name\" content=\"Grazia\" \/>\n<meta property=\"article:modified_time\" content=\"2025-09-28T21:37:30+00:00\" \/>\n<meta property=\"og:image\" content=\"https:\/\/graziamagazine.com\/es\/wp-content\/uploads\/sites\/12\/2025\/09\/Captura-de-pantalla-2025-09-24-114839.png\" \/>\n\t<meta property=\"og:image:width\" content=\"1020\" \/>\n\t<meta property=\"og:image:height\" content=\"767\" \/>\n\t<meta property=\"og:image:type\" content=\"image\/png\" \/>\n<meta name=\"twitter:card\" content=\"summary_large_image\" \/>\n<meta name=\"twitter:label1\" content=\"Est. reading time\" \/>\n\t<meta name=\"twitter:data1\" content=\"10 minutos\" \/>\n<script type=\"application\/ld+json\" class=\"yoast-schema-graph\">{\"@context\":\"https:\/\/schema.org\",\"@graph\":[{\"@type\":\"WebPage\",\"@id\":\"https:\/\/graziamagazine.com\/es\/articles\/palazzo-fendi-milano-la-nueva-boutique-de-la-casa-italiana\/\",\"url\":\"https:\/\/graziamagazine.com\/es\/articles\/palazzo-fendi-milano-la-nueva-boutique-de-la-casa-italiana\/\",\"name\":\"Palazzo FENDI Milano, la nueva boutique de la casa italiana\",\"isPartOf\":{\"@id\":\"https:\/\/graziamagazine.com\/es\/#website\"},\"datePublished\":\"2025-09-29T06:00:20+00:00\",\"dateModified\":\"2025-09-28T21:37:30+00:00\",\"description\":\"Una boutique de m\u00e1s de 900 metros cuadrados que se extiende a lo largo de cuatro plantas, incluyendo un Atelier interno.\",\"breadcrumb\":{\"@id\":\"https:\/\/graziamagazine.com\/es\/articles\/palazzo-fendi-milano-la-nueva-boutique-de-la-casa-italiana\/#breadcrumb\"},\"inLanguage\":\"es\",\"potentialAction\":[{\"@type\":\"ReadAction\",\"target\":[\"https:\/\/graziamagazine.com\/es\/articles\/palazzo-fendi-milano-la-nueva-boutique-de-la-casa-italiana\/\"]}]},{\"@type\":\"BreadcrumbList\",\"@id\":\"https:\/\/graziamagazine.com\/es\/articles\/palazzo-fendi-milano-la-nueva-boutique-de-la-casa-italiana\/#breadcrumb\",\"itemListElement\":[{\"@type\":\"ListItem\",\"position\":1,\"name\":\"Portada\",\"item\":\"https:\/\/graziamagazine.com\/es\/\"},{\"@type\":\"ListItem\",\"position\":2,\"name\":\"Palazzo FENDI Milano, la nueva boutique de la casa italiana\"}]},{\"@type\":\"WebSite\",\"@id\":\"https:\/\/graziamagazine.com\/es\/#website\",\"url\":\"https:\/\/graziamagazine.com\/es\/\",\"name\":\"Grazia\",\"description\":\"Moda, belleza, celebrities, estilo de vida...\",\"potentialAction\":[{\"@type\":\"SearchAction\",\"target\":{\"@type\":\"EntryPoint\",\"urlTemplate\":\"https:\/\/graziamagazine.com\/es\/?s={search_term_string}\"},\"query-input\":\"required name=search_term_string\"}],\"inLanguage\":\"es\"}]}<\/script>\n<!-- \/ Yoast SEO Premium plugin. -->","yoast_head_json":{"title":"Palazzo FENDI Milano, la nueva boutique de la casa italiana","description":"Una boutique de m\u00e1s de 900 metros cuadrados que se extiende a lo largo de cuatro plantas, incluyendo un Atelier interno.","robots":{"index":"index","follow":"follow","max-snippet":"max-snippet:-1","max-image-preview":"max-image-preview:large","max-video-preview":"max-video-preview:-1"},"canonical":"https:\/\/graziamagazine.com\/es\/articles\/palazzo-fendi-milano-la-nueva-boutique-de-la-casa-italiana\/","og_locale":"es_ES","og_type":"article","og_title":"Palazzo FENDI Milano, la nueva boutique de la casa italiana","og_description":"Una boutique de m\u00e1s de 900 metros cuadrados que se extiende a lo largo de cuatro plantas, incluyendo un Atelier interno.","og_url":"https:\/\/graziamagazine.com\/es\/articles\/palazzo-fendi-milano-la-nueva-boutique-de-la-casa-italiana\/","og_site_name":"Grazia","article_modified_time":"2025-09-28T21:37:30+00:00","og_image":[{"width":1020,"height":767,"url":"https:\/\/graziamagazine.com\/es\/wp-content\/uploads\/sites\/12\/2025\/09\/Captura-de-pantalla-2025-09-24-114839.png","type":"image\/png"}],"twitter_card":"summary_large_image","twitter_misc":{"Est. reading time":"10 minutos"},"schema":{"@context":"https:\/\/schema.org","@graph":[{"@type":"WebPage","@id":"https:\/\/graziamagazine.com\/es\/articles\/palazzo-fendi-milano-la-nueva-boutique-de-la-casa-italiana\/","url":"https:\/\/graziamagazine.com\/es\/articles\/palazzo-fendi-milano-la-nueva-boutique-de-la-casa-italiana\/","name":"Palazzo FENDI Milano, la nueva boutique de la casa italiana","isPartOf":{"@id":"https:\/\/graziamagazine.com\/es\/#website"},"datePublished":"2025-09-29T06:00:20+00:00","dateModified":"2025-09-28T21:37:30+00:00","description":"Una boutique de m\u00e1s de 900 metros cuadrados que se extiende a lo largo de cuatro plantas, incluyendo un Atelier interno.","breadcrumb":{"@id":"https:\/\/graziamagazine.com\/es\/articles\/palazzo-fendi-milano-la-nueva-boutique-de-la-casa-italiana\/#breadcrumb"},"inLanguage":"es","potentialAction":[{"@type":"ReadAction","target":["https:\/\/graziamagazine.com\/es\/articles\/palazzo-fendi-milano-la-nueva-boutique-de-la-casa-italiana\/"]}]},{"@type":"BreadcrumbList","@id":"https:\/\/graziamagazine.com\/es\/articles\/palazzo-fendi-milano-la-nueva-boutique-de-la-casa-italiana\/#breadcrumb","itemListElement":[{"@type":"ListItem","position":1,"name":"Portada","item":"https:\/\/graziamagazine.com\/es\/"},{"@type":"ListItem","position":2,"name":"Palazzo FENDI Milano, la nueva boutique de la casa italiana"}]},{"@type":"WebSite","@id":"https:\/\/graziamagazine.com\/es\/#website","url":"https:\/\/graziamagazine.com\/es\/","name":"Grazia","description":"Moda, belleza, celebrities, estilo de vida...","potentialAction":[{"@type":"SearchAction","target":{"@type":"EntryPoint","urlTemplate":"https:\/\/graziamagazine.com\/es\/?s={search_term_string}"},"query-input":"required name=search_term_string"}],"inLanguage":"es"}]}},"jetpack_sharing_enabled":true,"distributor_meta":false,"distributor_terms":false,"distributor_media":false,"distributor_original_site_name":"Grazia","distributor_original_site_url":"https:\/\/graziamagazine.com\/es","push-errors":false,"_links":{"self":[{"href":"https:\/\/graziamagazine.com\/es\/wp-json\/wp\/v2\/articles\/188110"}],"collection":[{"href":"https:\/\/graziamagazine.com\/es\/wp-json\/wp\/v2\/articles"}],"about":[{"href":"https:\/\/graziamagazine.com\/es\/wp-json\/wp\/v2\/types\/articles"}],"author":[{"embeddable":true,"href":"https:\/\/graziamagazine.com\/es\/wp-json\/wp\/v2\/users\/11653"}],"wp:featuredmedia":[{"embeddable":true,"href":"https:\/\/graziamagazine.com\/es\/wp-json\/wp\/v2\/media\/188232"}],"wp:attachment":[{"href":"https:\/\/graziamagazine.com\/es\/wp-json\/wp\/v2\/media?parent=188110"}],"wp:term":[{"taxonomy":"category","embeddable":true,"href":"https:\/\/graziamagazine.com\/es\/wp-json\/wp\/v2\/categories?post=188110"}],"curies":[{"name":"wp","href":"https:\/\/api.w.org\/{rel}","templated":true}]}}