{"id":187838,"date":"2025-09-17T16:54:52","date_gmt":"2025-09-17T14:54:52","guid":{"rendered":"https:\/\/graziamagazine.com\/es\/?post_type=articles&#038;p=187838"},"modified":"2025-09-17T16:54:52","modified_gmt":"2025-09-17T14:54:52","slug":"sirat-representara-a-espana-en-los-oscar-2026","status":"publish","type":"articles","link":"https:\/\/graziamagazine.com\/es\/articles\/sirat-representara-a-espana-en-los-oscar-2026\/","title":{"rendered":"Sir\u00e2t representar\u00e1 a Espa\u00f1a en los Oscar 2026"},"content":{"rendered":"<p>La Academia de Cine ha elegido\u00a0<em>Sir\u00e2t,<\/em>\u00a0dirigida por\u00a0<strong>Oliver Laxe<\/strong>, como representante espa\u00f1ola en la 98 edici\u00f3n de los Premios Oscar. El cineasta,\u00a0<strong>Pablo Berger<\/strong>, acompa\u00f1ado por el presidente de la Academia\u00a0<strong>Fernando M\u00e9ndez-Leite<\/strong>\u00a0y la notaria\u00a0<strong>Eva Fern\u00e1ndez Medina<\/strong>\u00a0ha anunciado la decisi\u00f3n de los acad\u00e9micos en un acto que tuvo lugar este mi\u00e9rcoles en la Academia de Cine.<\/p>\n<p>El cuarto largometraje del cineasta gallego, ganadora del Premio del Jurado del Festival de Cannes, est\u00e1 protagonizado por\u00a0<strong>Sergi L\u00f3pez<\/strong>\u00a0y traslada al espectador al desierto, a una rave perdida en medio de las monta\u00f1as del sur de Marruecos.<\/p>\n<p><img decoding=\"async\" src=\"https:\/\/pics.filmaffinity.com\/sirat-867910558-large.jpg\" alt=\"Sirat. Trance en el desierto (2025) - Filmaffinity\" \/><\/p>\n<p>Habr\u00e1 que esperar hasta el pr\u00f3ximo 16 de diciembre de 2025, fecha en la que se desvelar\u00e1 la shortlist de los Oscar, para conocer si la candidata espa\u00f1ola contin\u00faa su carrera por lograr la estatuilla a la Mejor Pel\u00edcula Internacional. El 22 de enero de 2026 conoceremos las cinco pel\u00edculas nominadas en esta categor\u00eda y la ceremonia de los Oscar tendr\u00e1 lugar el 15 de marzo de 2026 en Los \u00c1ngeles.<\/p>\n<p><img decoding=\"async\" src=\"https:\/\/www.academiadecine.com\/wp-content\/uploads\/2025\/09\/AOR5974-scaled.jpg\" \/><\/p>\n<p>En la rueda de prensa posterior, su director, Oliver Laxe, que intervino por v\u00eda telem\u00e1tica, quiso agradecer el apoyo de todos los miembros de la Academia de Cine. \u201cTodos los compa\u00f1eros son muy conscientes de los riesgos que hay al hacer una pel\u00edcula, lo complicado que es, y yo estoy sintiendo mucho su calor, que me motiva mucho para hacerlo lo mejor posible\u201d.<\/p>\n<p>\u201cNos quedan muchas etapas, todav\u00eda no hay nada hecho. Nunca hab\u00eda pensado que una pel\u00edcula m\u00eda tuviera opciones en los Oscar. Ahora es turno de empezar a hacer a la idea, pero lo cierto es que salimos en todas la quinielas\u201d, destac\u00f3 el cineasta galego.<\/p>\n<p>Uno de sus productores,\u00a0<strong>Agust\u00edn Almod\u00f3var<\/strong>, pidi\u00f3 el apoyo de los profesionales espa\u00f1oles que forman parte de la Academia de Hollywood. \u201cNos gustar\u00eda que todos ellos nos apoyaran, para que esta pel\u00edcula pueda estar en la shortlist en esta primera fase. Nos gustar\u00eda pedirles a todos que nos echen una mano\u201d.<\/p>\n<p>En la misma l\u00ednea,\u00a0<strong>Esther Garc\u00eda<\/strong>, su productora, dijo: \u201cHaremos\u00a0<em>raves<\/em>\u00a0en todo el mundo y pases en todos los pa\u00edses donde haya acad\u00e9micos, para que podamos impulsar a la pel\u00edcula. Hacer una campa\u00f1a es un proceso largo, hay que darlo todo hasta el \u00faltimo momento. Es muy importante demostrar a todos los miembros de la Academia de Hollywood que queremos ese premio, que nos importa y que vamos a luchar por \u00e9l\u201d.<\/p>\n<p>Durante la comparencia, que tuvo lugar en la sede de la Academia de Cine, tambi\u00e9n intervino por v\u00eda telem\u00e1tica\u00a0<strong>Xavi Font<\/strong>, otro de los productores reivindic\u00f3 que la pel\u00edcula tambi\u00e9n puede optar a nominaciones en otras categor\u00edas. \u201cEs algo que solo pod\u00eda suceder si obten\u00edamos la selecci\u00f3n por parte de la Academia. Creo que nuestra obligaci\u00f3n es so\u00f1ar, pensar que es posible. Hay muchas categor\u00edas en las que no ver\u00eda nada desmedido que la pel\u00edcula captara la atenci\u00f3n de la Academia de Hollywood\u201d, dijo Font, que desde Santander estaba acompa\u00f1ado por Laxe y por otro de sus productor,\u00a0<strong>Oriol Maym\u00f3<\/strong>.<\/p>\n<p><img decoding=\"async\" src=\"https:\/\/www.academiadecine.com\/wp-content\/uploads\/2025\/09\/AOR7191-1-scaled.jpg\" \/><\/p>\n<p>El acto celebrado hoy cont\u00f3 con la presencia del director del Instituto de Cinematograf\u00eda y Artes Audiovisuales (ICAA),\u00a0<strong>Ignasi Cam\u00f3s<\/strong>, y del director de Relaciones Institucionales de Movistar +,\u00a0<strong>Sergio S\u00e1nchez<\/strong>.<\/p>\n","protected":false},"author":11653,"featured_media":187839,"template":"","format":"standard","categories":[2971],"acf":{"banner":""},"yoast_head":"<!-- This site is optimized with the Yoast SEO Premium plugin v18.5 (Yoast SEO v20.4) - https:\/\/yoast.com\/wordpress\/plugins\/seo\/ -->\n<title>Sir\u00e2t representar\u00e1 a Espa\u00f1a en los Oscar 2026 | Grazia<\/title>\n<meta name=\"description\" content=\"La Academia de Cine ha elegido\u00a0Sir\u00e2t,\u00a0dirigida por\u00a0Oliver Laxe, como representante espa\u00f1ola en la 98 edici\u00f3n de los Premios Oscar. El cineasta,\u00a0Pablo\" \/>\n<meta name=\"robots\" content=\"index, follow, max-snippet:-1, max-image-preview:large, max-video-preview:-1\" \/>\n<link rel=\"canonical\" href=\"https:\/\/graziamagazine.com\/es\/articles\/sirat-representara-a-espana-en-los-oscar-2026\/\" \/>\n<meta property=\"og:locale\" content=\"es_ES\" \/>\n<meta property=\"og:type\" content=\"article\" \/>\n<meta property=\"og:title\" content=\"Sir\u00e2t representar\u00e1 a Espa\u00f1a en los Oscar 2026\" \/>\n<meta property=\"og:description\" content=\"La Academia de Cine ha elegido\u00a0Sir\u00e2t,\u00a0dirigida por\u00a0Oliver Laxe, como representante espa\u00f1ola en la 98 edici\u00f3n de los Premios Oscar. El cineasta,\u00a0Pablo\" \/>\n<meta property=\"og:url\" content=\"https:\/\/graziamagazine.com\/es\/articles\/sirat-representara-a-espana-en-los-oscar-2026\/\" \/>\n<meta property=\"og:site_name\" content=\"Grazia\" \/>\n<meta property=\"og:image\" content=\"https:\/\/graziamagazine.com\/es\/wp-content\/uploads\/sites\/12\/2025\/09\/sirat-pelicula-oliver-laxe-6825cf71498af-copia.jpg\" \/>\n\t<meta property=\"og:image:width\" content=\"1200\" \/>\n\t<meta property=\"og:image:height\" content=\"601\" \/>\n\t<meta property=\"og:image:type\" content=\"image\/jpeg\" \/>\n<meta name=\"twitter:card\" content=\"summary_large_image\" \/>\n<meta name=\"twitter:label1\" content=\"Est. reading time\" \/>\n\t<meta name=\"twitter:data1\" content=\"4 minutos\" \/>\n<script type=\"application\/ld+json\" class=\"yoast-schema-graph\">{\"@context\":\"https:\/\/schema.org\",\"@graph\":[{\"@type\":\"WebPage\",\"@id\":\"https:\/\/graziamagazine.com\/es\/articles\/sirat-representara-a-espana-en-los-oscar-2026\/\",\"url\":\"https:\/\/graziamagazine.com\/es\/articles\/sirat-representara-a-espana-en-los-oscar-2026\/\",\"name\":\"Sir\u00e2t representar\u00e1 a Espa\u00f1a en los Oscar 2026 | Grazia\",\"isPartOf\":{\"@id\":\"https:\/\/graziamagazine.com\/es\/#website\"},\"datePublished\":\"2025-09-17T14:54:52+00:00\",\"dateModified\":\"2025-09-17T14:54:52+00:00\",\"description\":\"La Academia de Cine ha elegido\u00a0Sir\u00e2t,\u00a0dirigida por\u00a0Oliver Laxe, como representante espa\u00f1ola en la 98 edici\u00f3n de los Premios Oscar. El cineasta,\u00a0Pablo\",\"breadcrumb\":{\"@id\":\"https:\/\/graziamagazine.com\/es\/articles\/sirat-representara-a-espana-en-los-oscar-2026\/#breadcrumb\"},\"inLanguage\":\"es\",\"potentialAction\":[{\"@type\":\"ReadAction\",\"target\":[\"https:\/\/graziamagazine.com\/es\/articles\/sirat-representara-a-espana-en-los-oscar-2026\/\"]}]},{\"@type\":\"BreadcrumbList\",\"@id\":\"https:\/\/graziamagazine.com\/es\/articles\/sirat-representara-a-espana-en-los-oscar-2026\/#breadcrumb\",\"itemListElement\":[{\"@type\":\"ListItem\",\"position\":1,\"name\":\"Portada\",\"item\":\"https:\/\/graziamagazine.com\/es\/\"},{\"@type\":\"ListItem\",\"position\":2,\"name\":\"Sir\u00e2t representar\u00e1 a Espa\u00f1a en los Oscar 2026\"}]},{\"@type\":\"WebSite\",\"@id\":\"https:\/\/graziamagazine.com\/es\/#website\",\"url\":\"https:\/\/graziamagazine.com\/es\/\",\"name\":\"Grazia\",\"description\":\"Moda, belleza, celebrities, estilo de vida...\",\"potentialAction\":[{\"@type\":\"SearchAction\",\"target\":{\"@type\":\"EntryPoint\",\"urlTemplate\":\"https:\/\/graziamagazine.com\/es\/?s={search_term_string}\"},\"query-input\":\"required name=search_term_string\"}],\"inLanguage\":\"es\"}]}<\/script>\n<!-- \/ Yoast SEO Premium plugin. -->","yoast_head_json":{"title":"Sir\u00e2t representar\u00e1 a Espa\u00f1a en los Oscar 2026 | Grazia","description":"La Academia de Cine ha elegido\u00a0Sir\u00e2t,\u00a0dirigida por\u00a0Oliver Laxe, como representante espa\u00f1ola en la 98 edici\u00f3n de los Premios Oscar. El cineasta,\u00a0Pablo","robots":{"index":"index","follow":"follow","max-snippet":"max-snippet:-1","max-image-preview":"max-image-preview:large","max-video-preview":"max-video-preview:-1"},"canonical":"https:\/\/graziamagazine.com\/es\/articles\/sirat-representara-a-espana-en-los-oscar-2026\/","og_locale":"es_ES","og_type":"article","og_title":"Sir\u00e2t representar\u00e1 a Espa\u00f1a en los Oscar 2026","og_description":"La Academia de Cine ha elegido\u00a0Sir\u00e2t,\u00a0dirigida por\u00a0Oliver Laxe, como representante espa\u00f1ola en la 98 edici\u00f3n de los Premios Oscar. El cineasta,\u00a0Pablo","og_url":"https:\/\/graziamagazine.com\/es\/articles\/sirat-representara-a-espana-en-los-oscar-2026\/","og_site_name":"Grazia","og_image":[{"width":1200,"height":601,"url":"https:\/\/graziamagazine.com\/es\/wp-content\/uploads\/sites\/12\/2025\/09\/sirat-pelicula-oliver-laxe-6825cf71498af-copia.jpg","type":"image\/jpeg"}],"twitter_card":"summary_large_image","twitter_misc":{"Est. reading time":"4 minutos"},"schema":{"@context":"https:\/\/schema.org","@graph":[{"@type":"WebPage","@id":"https:\/\/graziamagazine.com\/es\/articles\/sirat-representara-a-espana-en-los-oscar-2026\/","url":"https:\/\/graziamagazine.com\/es\/articles\/sirat-representara-a-espana-en-los-oscar-2026\/","name":"Sir\u00e2t representar\u00e1 a Espa\u00f1a en los Oscar 2026 | Grazia","isPartOf":{"@id":"https:\/\/graziamagazine.com\/es\/#website"},"datePublished":"2025-09-17T14:54:52+00:00","dateModified":"2025-09-17T14:54:52+00:00","description":"La Academia de Cine ha elegido\u00a0Sir\u00e2t,\u00a0dirigida por\u00a0Oliver Laxe, como representante espa\u00f1ola en la 98 edici\u00f3n de los Premios Oscar. El cineasta,\u00a0Pablo","breadcrumb":{"@id":"https:\/\/graziamagazine.com\/es\/articles\/sirat-representara-a-espana-en-los-oscar-2026\/#breadcrumb"},"inLanguage":"es","potentialAction":[{"@type":"ReadAction","target":["https:\/\/graziamagazine.com\/es\/articles\/sirat-representara-a-espana-en-los-oscar-2026\/"]}]},{"@type":"BreadcrumbList","@id":"https:\/\/graziamagazine.com\/es\/articles\/sirat-representara-a-espana-en-los-oscar-2026\/#breadcrumb","itemListElement":[{"@type":"ListItem","position":1,"name":"Portada","item":"https:\/\/graziamagazine.com\/es\/"},{"@type":"ListItem","position":2,"name":"Sir\u00e2t representar\u00e1 a Espa\u00f1a en los Oscar 2026"}]},{"@type":"WebSite","@id":"https:\/\/graziamagazine.com\/es\/#website","url":"https:\/\/graziamagazine.com\/es\/","name":"Grazia","description":"Moda, belleza, celebrities, estilo de vida...","potentialAction":[{"@type":"SearchAction","target":{"@type":"EntryPoint","urlTemplate":"https:\/\/graziamagazine.com\/es\/?s={search_term_string}"},"query-input":"required name=search_term_string"}],"inLanguage":"es"}]}},"jetpack_sharing_enabled":true,"distributor_meta":false,"distributor_terms":false,"distributor_media":false,"distributor_original_site_name":"Grazia","distributor_original_site_url":"https:\/\/graziamagazine.com\/es","push-errors":false,"_links":{"self":[{"href":"https:\/\/graziamagazine.com\/es\/wp-json\/wp\/v2\/articles\/187838"}],"collection":[{"href":"https:\/\/graziamagazine.com\/es\/wp-json\/wp\/v2\/articles"}],"about":[{"href":"https:\/\/graziamagazine.com\/es\/wp-json\/wp\/v2\/types\/articles"}],"author":[{"embeddable":true,"href":"https:\/\/graziamagazine.com\/es\/wp-json\/wp\/v2\/users\/11653"}],"wp:featuredmedia":[{"embeddable":true,"href":"https:\/\/graziamagazine.com\/es\/wp-json\/wp\/v2\/media\/187839"}],"wp:attachment":[{"href":"https:\/\/graziamagazine.com\/es\/wp-json\/wp\/v2\/media?parent=187838"}],"wp:term":[{"taxonomy":"category","embeddable":true,"href":"https:\/\/graziamagazine.com\/es\/wp-json\/wp\/v2\/categories?post=187838"}],"curies":[{"name":"wp","href":"https:\/\/api.w.org\/{rel}","templated":true}]}}