{"id":187746,"date":"2025-09-15T11:02:41","date_gmt":"2025-09-15T09:02:41","guid":{"rendered":"https:\/\/graziamagazine.com\/es\/?post_type=articles&#038;p=187746"},"modified":"2025-09-15T11:02:41","modified_gmt":"2025-09-15T09:02:41","slug":"los-mejores-looks-de-la-alfombra-roja-de-los-emmy-2025","status":"publish","type":"articles","link":"https:\/\/graziamagazine.com\/es\/articles\/los-mejores-looks-de-la-alfombra-roja-de-los-emmy-2025\/","title":{"rendered":"Los mejores looks de la alfombra roja de los Emmy 2025"},"content":{"rendered":"<p data-start=\"400\" data-end=\"734\">El domingo 14 de septiembre, la edici\u00f3n 77 de los Premios Emmy convirti\u00f3 la alfombra roja en el escenario m\u00e1s esperado del a\u00f1o. Las c\u00e1maras, los flashes y el murmullo de los fans solo pod\u00edan significar una cosa: la moda iba a hablar tan alto como los premios.<\/p>\n<p data-start=\"400\" data-end=\"734\">\u00bfQuieres recorrer con nosotros los looks m\u00e1s comentados de la noche?<\/p>\n<h3 data-start=\"736\" data-end=\"766\">Jenna Ortega, de Givenchy<img loading=\"lazy\" decoding=\"async\" class=\"alignnone wp-image-156294 size-full\" src=\"https:\/\/graziamagazine.com\/mx\/wp-content\/uploads\/sites\/13\/2025\/09\/WhatsApp-Image-2025-09-14-at-6.36.35-PM.jpeg\" alt=\"\" width=\"1066\" height=\"1600\" \/><\/h3>\n<p data-start=\"767\" data-end=\"940\">Jenna llega y todas las miradas se dirigen hacia ella. El top brillante de cristales unido con hilos met\u00e1licos se roba el show, mientras la falda larga negra de Givenchy aporta el equilibrio perfecto. Un look oscuro, magn\u00e9tico y lleno de car\u00e1cter.<\/p>\n<h3 data-start=\"942\" data-end=\"977\">Lauren Graham y Alexis Bledel<img loading=\"lazy\" decoding=\"async\" class=\"alignnone wp-image-156300 size-full\" src=\"https:\/\/graziamagazine.com\/mx\/wp-content\/uploads\/sites\/13\/2025\/09\/Captura-de-Pantalla-2025-09-14-a-las-18.47.56.png\" alt=\"\" width=\"802\" height=\"1208\" \/><\/h3>\n<p data-start=\"1000\" data-end=\"1229\">La nostalgia entra en escena. Lauren Graham, en un vestido negro de flores, y Alexis Bledel, en un strapless plata, hacen suspirar a los fans de <em data-start=\"1145\" data-end=\"1160\">Gilmore Girls<\/em>. Madre e hija en la ficci\u00f3n, brillando juntas en la alfombra real.<\/p>\n<h3 data-start=\"1140\" data-end=\"1169\">Lisa en tul rosa chicle<img loading=\"lazy\" decoding=\"async\" class=\"alignnone wp-image-156292 size-full\" src=\"https:\/\/graziamagazine.com\/mx\/wp-content\/uploads\/sites\/13\/2025\/09\/WhatsApp-Image-2025-09-14-at-6.36.34-PM.jpeg\" alt=\"\" width=\"1068\" height=\"1600\" \/><\/h3>\n<p data-start=\"1261\" data-end=\"1435\">Los gritos de los fans de K-pop se escuchan apenas aparece Lisa. Su vestido asim\u00e9trico en tul rosa chicle no solo sorprende, tambi\u00e9n llena de frescura y fantas\u00eda el evento.<\/p>\n<h3 data-start=\"1303\" data-end=\"1346\">Scarlett Johansson, de prada<img loading=\"lazy\" decoding=\"async\" class=\"alignnone wp-image-156286 size-full\" src=\"https:\/\/graziamagazine.com\/mx\/wp-content\/uploads\/sites\/13\/2025\/09\/Captura-de-Pantalla-2025-09-14-a-las-18.41.25.png\" alt=\"\" width=\"808\" height=\"1210\" \/><\/h3>\n<p data-start=\"1481\" data-end=\"1650\">Scarlett elige el minimalismo m\u00e1s audaz: un strapless off white con textura de vendas. Entre sencillez y dramatismo, logra uno de los looks m\u00e1s comentados de la noche.<\/p>\n<h3 data-start=\"1470\" data-end=\"1505\">Leighton Meester y Adam Brody, de prada<img loading=\"lazy\" decoding=\"async\" class=\"alignnone wp-image-156301 size-full\" src=\"https:\/\/graziamagazine.com\/mx\/wp-content\/uploads\/sites\/13\/2025\/09\/Captura-de-Pantalla-2025-09-14-a-las-18.52.24.png\" alt=\"\" width=\"872\" height=\"1304\" \/><\/h3>\n<p data-start=\"1688\" data-end=\"1858\">El d\u00fao pastel m\u00e1s tierno de la alfombra. Adam luce azul suave, mientras Leighton deslumbra en tonos rosados y celestes. Juntos, parecen salidos de una postal rom\u00e1ntica.<\/p>\n<h3 data-start=\"1688\" data-end=\"1858\"><b data-olk-copy-source=\"MessageBody\">Catherine O&#8217;Hara, de dior (by jonathan anderson)<\/b><\/h3>\n<p><img loading=\"lazy\" decoding=\"async\" class=\"size-full wp-image-187757\" src=\"https:\/\/graziamagazine.com\/es\/wp-content\/uploads\/sites\/12\/2025\/09\/CATHERINE-OHARA_DIOR_EMMYS-copia-scaled.jpeg\" alt=\"\" width=\"1707\" height=\"2560\" srcset=\"https:\/\/graziamagazine.com\/es\/wp-content\/uploads\/sites\/12\/2025\/09\/CATHERINE-OHARA_DIOR_EMMYS-copia-scaled.jpeg 1707w, https:\/\/graziamagazine.com\/es\/wp-content\/uploads\/sites\/12\/2025\/09\/CATHERINE-OHARA_DIOR_EMMYS-copia-200x300.jpeg 200w, https:\/\/graziamagazine.com\/es\/wp-content\/uploads\/sites\/12\/2025\/09\/CATHERINE-OHARA_DIOR_EMMYS-copia-683x1024.jpeg 683w, https:\/\/graziamagazine.com\/es\/wp-content\/uploads\/sites\/12\/2025\/09\/CATHERINE-OHARA_DIOR_EMMYS-copia-768x1152.jpeg 768w, https:\/\/graziamagazine.com\/es\/wp-content\/uploads\/sites\/12\/2025\/09\/CATHERINE-OHARA_DIOR_EMMYS-copia-1024x1536.jpeg 1024w, https:\/\/graziamagazine.com\/es\/wp-content\/uploads\/sites\/12\/2025\/09\/CATHERINE-OHARA_DIOR_EMMYS-copia-1365x2048.jpeg 1365w, https:\/\/graziamagazine.com\/es\/wp-content\/uploads\/sites\/12\/2025\/09\/CATHERINE-OHARA_DIOR_EMMYS-copia-400x600.jpeg 400w, https:\/\/graziamagazine.com\/es\/wp-content\/uploads\/sites\/12\/2025\/09\/CATHERINE-OHARA_DIOR_EMMYS-copia-143x215.jpeg 143w\" sizes=\"(max-width: 1707px) 100vw, 1707px\" \/><\/p>\n<h3 data-start=\"1635\" data-end=\"1663\">Pedro Pascal, de Celine<img loading=\"lazy\" decoding=\"async\" class=\"alignnone wp-image-156293 size-full\" src=\"https:\/\/graziamagazine.com\/mx\/wp-content\/uploads\/sites\/13\/2025\/09\/WhatsApp-Image-2025-09-14-at-6.36.35-PM-1.jpeg\" alt=\"\" width=\"1066\" height=\"1600\" \/><\/h3>\n<p data-start=\"1889\" data-end=\"2040\">El internet lo confirma: Pedro Pascal nunca falla. Con un traje oversize off white de Celine y sin corbata, mezcla elegancia con relajaci\u00f3n absoluta.<\/p>\n<h3 data-start=\"1785\" data-end=\"1822\">Selena Gomez, de louis vuitton<img loading=\"lazy\" decoding=\"async\" class=\"alignnone size-large wp-image-156297\" src=\"https:\/\/graziamagazine.com\/mx\/wp-content\/uploads\/sites\/13\/2025\/09\/WhatsApp-Image-2025-09-14-at-6.36.37-PM-805x1024.jpeg\" alt=\"\" width=\"805\" height=\"1024\" \/><\/h3>\n<p data-start=\"2080\" data-end=\"2238\">Selena brilla con fuerza en un vestido largo rojo de cuello alto y escote asim\u00e9trico. Joyer\u00eda plata minimalista para dejar que el vestido hable por s\u00ed solo.<\/p>\n<h3 data-start=\"2080\" data-end=\"2238\"><span data-olk-copy-source=\"MessageBody\">Rashida Jones. de Dior<\/span><\/h3>\n<p><img loading=\"lazy\" decoding=\"async\" class=\"size-full wp-image-187756\" src=\"https:\/\/graziamagazine.com\/es\/wp-content\/uploads\/sites\/12\/2025\/09\/RASHIDA-JONES_DIOR_EMMYS-copia-scaled.jpeg\" alt=\"\" width=\"1707\" height=\"2560\" srcset=\"https:\/\/graziamagazine.com\/es\/wp-content\/uploads\/sites\/12\/2025\/09\/RASHIDA-JONES_DIOR_EMMYS-copia-scaled.jpeg 1707w, https:\/\/graziamagazine.com\/es\/wp-content\/uploads\/sites\/12\/2025\/09\/RASHIDA-JONES_DIOR_EMMYS-copia-200x300.jpeg 200w, https:\/\/graziamagazine.com\/es\/wp-content\/uploads\/sites\/12\/2025\/09\/RASHIDA-JONES_DIOR_EMMYS-copia-683x1024.jpeg 683w, https:\/\/graziamagazine.com\/es\/wp-content\/uploads\/sites\/12\/2025\/09\/RASHIDA-JONES_DIOR_EMMYS-copia-768x1152.jpeg 768w, https:\/\/graziamagazine.com\/es\/wp-content\/uploads\/sites\/12\/2025\/09\/RASHIDA-JONES_DIOR_EMMYS-copia-1024x1536.jpeg 1024w, https:\/\/graziamagazine.com\/es\/wp-content\/uploads\/sites\/12\/2025\/09\/RASHIDA-JONES_DIOR_EMMYS-copia-1365x2048.jpeg 1365w, https:\/\/graziamagazine.com\/es\/wp-content\/uploads\/sites\/12\/2025\/09\/RASHIDA-JONES_DIOR_EMMYS-copia-400x600.jpeg 400w, https:\/\/graziamagazine.com\/es\/wp-content\/uploads\/sites\/12\/2025\/09\/RASHIDA-JONES_DIOR_EMMYS-copia-143x215.jpeg 143w\" sizes=\"(max-width: 1707px) 100vw, 1707px\" \/><\/p>\n<h3 data-start=\"1947\" data-end=\"1985\">Justine Lupe, de Carolina Herrera<img loading=\"lazy\" decoding=\"async\" class=\"alignnone wp-image-156291 size-full\" src=\"https:\/\/graziamagazine.com\/mx\/wp-content\/uploads\/sites\/13\/2025\/09\/Captura-de-Pantalla-2025-09-14-a-las-18.40.02.png\" alt=\"\" width=\"812\" height=\"1218\" \/><\/h3>\n<p data-start=\"2279\" data-end=\"2405\">La actriz deslumbra con transparencias sofisticadas de Carolina Herrera FW25. Un balance perfecto entre sensualidad y clase.<\/p>\n<h3 data-start=\"2109\" data-end=\"2149\">Krys Marshall, de Sebastian Gunawan<img loading=\"lazy\" decoding=\"async\" class=\"alignnone wp-image-156290 size-full\" src=\"https:\/\/graziamagazine.com\/mx\/wp-content\/uploads\/sites\/13\/2025\/09\/Captura-de-Pantalla-2025-09-14-a-las-18.40.22.png\" alt=\"\" width=\"790\" height=\"1198\" \/><\/h3>\n<p data-start=\"2448\" data-end=\"2552\">Un strapless crema escultural convierte a Krys en una de las apariciones m\u00e1s sofisticadas de la noche.<\/p>\n<h3 data-start=\"2258\" data-end=\"2292\">Michelle Monaghan, de Rabanne<img loading=\"lazy\" decoding=\"async\" class=\"alignnone wp-image-156289 size-full\" src=\"https:\/\/graziamagazine.com\/mx\/wp-content\/uploads\/sites\/13\/2025\/09\/Captura-de-Pantalla-2025-09-14-a-las-18.40.33.png\" alt=\"\" width=\"808\" height=\"1210\" \/><\/h3>\n<p data-start=\"2589\" data-end=\"2691\">Rabanne le da a Michelle un brillo met\u00e1lico que la hace destacar como una verdadera diosa futurista.<\/p>\n<h3 data-start=\"2386\" data-end=\"2419\">Britt Lower, de Calvin Klein<img loading=\"lazy\" decoding=\"async\" class=\"alignnone wp-image-156288 size-full\" src=\"https:\/\/graziamagazine.com\/mx\/wp-content\/uploads\/sites\/13\/2025\/09\/Captura-de-Pantalla-2025-09-14-a-las-18.40.43.png\" alt=\"\" width=\"768\" height=\"1102\" \/><\/h3>\n<p data-start=\"2727\" data-end=\"2823\">Con un vestido color ladrillo, Britt demuestra que la sobriedad tambi\u00e9n puede ser inolvidable.<\/p>\n<h3 data-start=\"2515\" data-end=\"2548\">Colman Domingo, de Valentino<img loading=\"lazy\" decoding=\"async\" class=\"alignnone wp-image-156295 size-full\" src=\"https:\/\/graziamagazine.com\/mx\/wp-content\/uploads\/sites\/13\/2025\/09\/WhatsApp-Image-2025-09-14-at-6.36.37-PM-1.jpeg\" alt=\"\" width=\"1100\" height=\"1600\" \/><\/h3>\n<p data-start=\"2859\" data-end=\"2962\">Cristales, traje retro y joyas de Boucheron. Colman no solo viste moda, la transforma en espect\u00e1culo.<\/p>\n<h3 data-start=\"2665\" data-end=\"2698\">Michelle Williams, de Chanel<img loading=\"lazy\" decoding=\"async\" class=\"alignnone wp-image-156287 size-full\" src=\"https:\/\/graziamagazine.com\/mx\/wp-content\/uploads\/sites\/13\/2025\/09\/Captura-de-Pantalla-2025-09-14-a-las-18.41.14.png\" alt=\"\" width=\"798\" height=\"1210\" \/><\/h3>\n<p data-start=\"2998\" data-end=\"3088\">Michelle opta por un dise\u00f1o vintage bridal de Chanel. Romanticismo puro en cada detalle.<\/p>\n<h3 data-start=\"2795\" data-end=\"2836\">Sydney Sweeney, de Oscar de la Renta<img loading=\"lazy\" decoding=\"async\" class=\"alignnone wp-image-156298 size-full\" src=\"https:\/\/graziamagazine.com\/mx\/wp-content\/uploads\/sites\/13\/2025\/09\/WhatsApp-Image-2025-09-14-at-6.36.40-PM-1.jpeg\" alt=\"\" width=\"1068\" height=\"1600\" \/><\/h3>\n<p data-start=\"3132\" data-end=\"3218\">El Old Hollywood revive con Sydney. Glamour, elegancia y un aire de estrella eterna.<\/p>\n<h3 data-start=\"2935\" data-end=\"2969\">Sarah Paulson, de Marc Jacobs<img loading=\"lazy\" decoding=\"async\" class=\"alignnone wp-image-156285 size-full\" src=\"https:\/\/graziamagazine.com\/mx\/wp-content\/uploads\/sites\/13\/2025\/09\/Captura-de-Pantalla-2025-09-14-a-las-18.41.37.png\" alt=\"\" width=\"794\" height=\"1200\" \/><\/h3>\n<p data-start=\"2970\" data-end=\"3048\">Sarah apuesta por el dramatismo con un dise\u00f1o de plumas que acapara miradas.<\/p>\n<h3 data-start=\"3050\" data-end=\"3098\">Catherine Zeta-Jones de YARA SHOEMAKER <img loading=\"lazy\" decoding=\"async\" class=\"alignnone wp-image-156284 size-full\" src=\"https:\/\/graziamagazine.com\/mx\/wp-content\/uploads\/sites\/13\/2025\/09\/Captura-de-Pantalla-2025-09-14-a-las-18.41.49.png\" alt=\"\" width=\"804\" height=\"1214\" \/><\/h3>\n<p data-start=\"3099\" data-end=\"3225\">Catherine canaliza el glamour g\u00f3tico con una silueta encorsetada con detalles de encaje, reafirmando su esencia sofisticada.<\/p>\n<h3 data-start=\"3099\" data-end=\"3225\"><span data-olk-copy-source=\"MessageBody\">Ruth Negga, de Prada<\/span><\/h3>\n<p data-start=\"3099\" data-end=\"3225\"><img decoding=\"async\" src=\"https:\/\/refresh-bee-production.s3.amazonaws.com\/beefree\/images\/a15a868ac5e486aa6a33d5c25fd8500f1332e86f616ae392597f3aafba8df6c5\/Ruth_Negga_Emmys%202025.jpg\" \/><\/p>\n<h3 data-start=\"3099\" data-end=\"3225\"><span data-olk-copy-source=\"MessageBody\">Jake Gyllenhaal, de prada<\/span><\/h3>\n<p data-start=\"3099\" data-end=\"3225\"><img decoding=\"async\" src=\"https:\/\/refresh-bee-production.s3.amazonaws.com\/beefree\/images\/a15a868ac5e486aa6a33d5c25fd8500f1332e86f616ae392597f3aafba8df6c5\/Jake_Gyllenhaal_Prada_Emmys%202025.jpg\" \/><\/p>\n<p data-start=\"3099\" data-end=\"3225\"><em><strong>*IMAGEN: Google Images<\/strong><\/em><\/p>\n","protected":false},"author":28953,"featured_media":187747,"template":"","format":"standard","categories":[1],"acf":[],"yoast_head":"<!-- This site is optimized with the Yoast SEO Premium plugin v18.5 (Yoast SEO v20.4) - https:\/\/yoast.com\/wordpress\/plugins\/seo\/ -->\n<title>Los mejores looks de la alfombra roja de los Emmy 2025<\/title>\n<meta name=\"description\" content=\"La alfombra roja de los Emmy 2025 celebra la moda y re\u00fane a grandes talentos en looks cl\u00e1sicos, vanguardistas y absolutamente memorables.\" \/>\n<meta name=\"robots\" content=\"index, follow, max-snippet:-1, max-image-preview:large, max-video-preview:-1\" \/>\n<link rel=\"canonical\" href=\"https:\/\/graziamagazine.com\/es\/articles\/los-mejores-looks-de-la-alfombra-roja-de-los-emmy-2025\/\" \/>\n<meta property=\"og:locale\" content=\"es_ES\" \/>\n<meta property=\"og:type\" content=\"article\" \/>\n<meta property=\"og:title\" content=\"Los mejores looks de la alfombra roja de los Emmy 2025\" \/>\n<meta property=\"og:description\" content=\"La alfombra roja de los Emmy 2025 celebra la moda y re\u00fane a grandes talentos en looks cl\u00e1sicos, vanguardistas y absolutamente memorables.\" \/>\n<meta property=\"og:url\" content=\"https:\/\/graziamagazine.com\/es\/articles\/los-mejores-looks-de-la-alfombra-roja-de-los-emmy-2025\/\" \/>\n<meta property=\"og:site_name\" content=\"Grazia\" \/>\n<meta property=\"og:image\" content=\"https:\/\/graziamagazine.com\/es\/wp-content\/uploads\/sites\/12\/2025\/09\/WhatsApp-Image-2025-09-14-at-6.36.40-PM-e1757897182706.jpeg\" \/>\n\t<meta property=\"og:image:width\" content=\"1125\" \/>\n\t<meta property=\"og:image:height\" content=\"759\" \/>\n\t<meta property=\"og:image:type\" content=\"image\/jpeg\" \/>\n<meta name=\"twitter:card\" content=\"summary_large_image\" \/>\n<meta name=\"twitter:label1\" content=\"Est. reading time\" \/>\n\t<meta name=\"twitter:data1\" content=\"7 minutos\" \/>\n<script type=\"application\/ld+json\" class=\"yoast-schema-graph\">{\"@context\":\"https:\/\/schema.org\",\"@graph\":[{\"@type\":\"WebPage\",\"@id\":\"https:\/\/graziamagazine.com\/es\/articles\/los-mejores-looks-de-la-alfombra-roja-de-los-emmy-2025\/\",\"url\":\"https:\/\/graziamagazine.com\/es\/articles\/los-mejores-looks-de-la-alfombra-roja-de-los-emmy-2025\/\",\"name\":\"Los mejores looks de la alfombra roja de los Emmy 2025\",\"isPartOf\":{\"@id\":\"https:\/\/graziamagazine.com\/es\/#website\"},\"datePublished\":\"2025-09-15T09:02:41+00:00\",\"dateModified\":\"2025-09-15T09:02:41+00:00\",\"description\":\"La alfombra roja de los Emmy 2025 celebra la moda y re\u00fane a grandes talentos en looks cl\u00e1sicos, vanguardistas y absolutamente memorables.\",\"breadcrumb\":{\"@id\":\"https:\/\/graziamagazine.com\/es\/articles\/los-mejores-looks-de-la-alfombra-roja-de-los-emmy-2025\/#breadcrumb\"},\"inLanguage\":\"es\",\"potentialAction\":[{\"@type\":\"ReadAction\",\"target\":[\"https:\/\/graziamagazine.com\/es\/articles\/los-mejores-looks-de-la-alfombra-roja-de-los-emmy-2025\/\"]}]},{\"@type\":\"BreadcrumbList\",\"@id\":\"https:\/\/graziamagazine.com\/es\/articles\/los-mejores-looks-de-la-alfombra-roja-de-los-emmy-2025\/#breadcrumb\",\"itemListElement\":[{\"@type\":\"ListItem\",\"position\":1,\"name\":\"Portada\",\"item\":\"https:\/\/graziamagazine.com\/es\/\"},{\"@type\":\"ListItem\",\"position\":2,\"name\":\"Los mejores looks de la alfombra roja de los Emmy 2025\"}]},{\"@type\":\"WebSite\",\"@id\":\"https:\/\/graziamagazine.com\/es\/#website\",\"url\":\"https:\/\/graziamagazine.com\/es\/\",\"name\":\"Grazia\",\"description\":\"Moda, belleza, celebrities, estilo de vida...\",\"potentialAction\":[{\"@type\":\"SearchAction\",\"target\":{\"@type\":\"EntryPoint\",\"urlTemplate\":\"https:\/\/graziamagazine.com\/es\/?s={search_term_string}\"},\"query-input\":\"required name=search_term_string\"}],\"inLanguage\":\"es\"}]}<\/script>\n<!-- \/ Yoast SEO Premium plugin. -->","yoast_head_json":{"title":"Los mejores looks de la alfombra roja de los Emmy 2025","description":"La alfombra roja de los Emmy 2025 celebra la moda y re\u00fane a grandes talentos en looks cl\u00e1sicos, vanguardistas y absolutamente memorables.","robots":{"index":"index","follow":"follow","max-snippet":"max-snippet:-1","max-image-preview":"max-image-preview:large","max-video-preview":"max-video-preview:-1"},"canonical":"https:\/\/graziamagazine.com\/es\/articles\/los-mejores-looks-de-la-alfombra-roja-de-los-emmy-2025\/","og_locale":"es_ES","og_type":"article","og_title":"Los mejores looks de la alfombra roja de los Emmy 2025","og_description":"La alfombra roja de los Emmy 2025 celebra la moda y re\u00fane a grandes talentos en looks cl\u00e1sicos, vanguardistas y absolutamente memorables.","og_url":"https:\/\/graziamagazine.com\/es\/articles\/los-mejores-looks-de-la-alfombra-roja-de-los-emmy-2025\/","og_site_name":"Grazia","og_image":[{"width":1125,"height":759,"url":"https:\/\/graziamagazine.com\/es\/wp-content\/uploads\/sites\/12\/2025\/09\/WhatsApp-Image-2025-09-14-at-6.36.40-PM-e1757897182706.jpeg","type":"image\/jpeg"}],"twitter_card":"summary_large_image","twitter_misc":{"Est. reading time":"7 minutos"},"schema":{"@context":"https:\/\/schema.org","@graph":[{"@type":"WebPage","@id":"https:\/\/graziamagazine.com\/es\/articles\/los-mejores-looks-de-la-alfombra-roja-de-los-emmy-2025\/","url":"https:\/\/graziamagazine.com\/es\/articles\/los-mejores-looks-de-la-alfombra-roja-de-los-emmy-2025\/","name":"Los mejores looks de la alfombra roja de los Emmy 2025","isPartOf":{"@id":"https:\/\/graziamagazine.com\/es\/#website"},"datePublished":"2025-09-15T09:02:41+00:00","dateModified":"2025-09-15T09:02:41+00:00","description":"La alfombra roja de los Emmy 2025 celebra la moda y re\u00fane a grandes talentos en looks cl\u00e1sicos, vanguardistas y absolutamente memorables.","breadcrumb":{"@id":"https:\/\/graziamagazine.com\/es\/articles\/los-mejores-looks-de-la-alfombra-roja-de-los-emmy-2025\/#breadcrumb"},"inLanguage":"es","potentialAction":[{"@type":"ReadAction","target":["https:\/\/graziamagazine.com\/es\/articles\/los-mejores-looks-de-la-alfombra-roja-de-los-emmy-2025\/"]}]},{"@type":"BreadcrumbList","@id":"https:\/\/graziamagazine.com\/es\/articles\/los-mejores-looks-de-la-alfombra-roja-de-los-emmy-2025\/#breadcrumb","itemListElement":[{"@type":"ListItem","position":1,"name":"Portada","item":"https:\/\/graziamagazine.com\/es\/"},{"@type":"ListItem","position":2,"name":"Los mejores looks de la alfombra roja de los Emmy 2025"}]},{"@type":"WebSite","@id":"https:\/\/graziamagazine.com\/es\/#website","url":"https:\/\/graziamagazine.com\/es\/","name":"Grazia","description":"Moda, belleza, celebrities, estilo de vida...","potentialAction":[{"@type":"SearchAction","target":{"@type":"EntryPoint","urlTemplate":"https:\/\/graziamagazine.com\/es\/?s={search_term_string}"},"query-input":"required name=search_term_string"}],"inLanguage":"es"}]}},"jetpack_sharing_enabled":true,"distributor_meta":false,"distributor_terms":false,"distributor_media":false,"distributor_original_site_name":"Grazia","distributor_original_site_url":"https:\/\/graziamagazine.com\/es","push-errors":false,"_links":{"self":[{"href":"https:\/\/graziamagazine.com\/es\/wp-json\/wp\/v2\/articles\/187746"}],"collection":[{"href":"https:\/\/graziamagazine.com\/es\/wp-json\/wp\/v2\/articles"}],"about":[{"href":"https:\/\/graziamagazine.com\/es\/wp-json\/wp\/v2\/types\/articles"}],"author":[{"embeddable":true,"href":"https:\/\/graziamagazine.com\/es\/wp-json\/wp\/v2\/users\/28953"}],"wp:featuredmedia":[{"embeddable":true,"href":"https:\/\/graziamagazine.com\/es\/wp-json\/wp\/v2\/media\/187747"}],"wp:attachment":[{"href":"https:\/\/graziamagazine.com\/es\/wp-json\/wp\/v2\/media?parent=187746"}],"wp:term":[{"taxonomy":"category","embeddable":true,"href":"https:\/\/graziamagazine.com\/es\/wp-json\/wp\/v2\/categories?post=187746"}],"curies":[{"name":"wp","href":"https:\/\/api.w.org\/{rel}","templated":true}]}}