{"id":187681,"date":"2025-09-12T08:00:26","date_gmt":"2025-09-12T06:00:26","guid":{"rendered":"https:\/\/graziamagazine.com\/es\/?post_type=articles&#038;p=187681"},"modified":"2025-09-12T02:08:39","modified_gmt":"2025-09-12T00:08:39","slug":"nyfw-michael-kors-primavera-verano-2026","status":"publish","type":"articles","link":"https:\/\/graziamagazine.com\/es\/articles\/nyfw-michael-kors-primavera-verano-2026\/","title":{"rendered":"NYFW: Michael Kors Primavera\/Verano 2026"},"content":{"rendered":"<p><span data-olk-copy-source=\"MessageBody\">La elegancia terrenal fue el tema del desfile Primavera\/Verano 2026 de Michael Kors, que tuvo lugar esta ma\u00f1ana en Terminal Warehouse en Chelsea, Nueva York. Inspirado en la tem\u00e1tica de la colecci\u00f3n, as\u00ed como en la casa de playa del dise\u00f1ador, el lugar fue transformado con paneles de madera, toques de terracota, cactus imponentes y elementos escult\u00f3ricos inspirados en la naturaleza.<\/span><\/p>\n<p><span style=\"font-weight: 400\">Suki Waterhouse, Lisa Rinna, Olivia Wilde, Leslie Bibb (y su corte bob) y Lili Reinhart, fueron algunas de las celebridades que observaron el show desde la primera fila. <\/span><span style=\"font-weight: 400\">Michael Kors present\u00f3 conjuntos en caf\u00e9, negro y blanco con texturas, como pantalones harem transparentes o faldas con flecos, para a\u00f1adir un toque de profundidad a la interpretaci\u00f3n monocrom\u00e1tica de la paleta primaveral.\u00a0<\/span><\/p>\n<blockquote><p><em data-olk-copy-source=\"MessageBody\">\u201cEl simple hecho es que el escapismo nos ayuda enormemente\u201d,\u00a0<\/em>dice Michael Kors<\/p><\/blockquote>\n<p><img decoding=\"async\" src=\"https:\/\/mcusercontent.com\/bdb24db159a6957b212356827\/_compresseds\/570d5ae9-9146-0007-297d-fd3c489eb87c.jpg\" \/><\/p>\n<p>Para esta temporada, Kors apost\u00f3 por la sensualidad relajada de la primavera y el verano. El drapeado fluido y la sastrer\u00eda suave fueron protagonistas, explorados en pareos, pijamas y pantalones culottes drapeados que ejemplifican el glamour relajado. Prendas que se mueven con la brisa\u2014<em>como caftanes largos y t\u00fanicas fluidas<\/em>\u2014compartieron la pasarela con gamuza perforada y paillettes envueltos en un delicado voile de seda transl\u00facido, todo<br \/>\ndise\u00f1ado para reflejar la ligereza de la temporada. Los tonos des\u00e9rticos dominaron la paleta: ramas, espresso y crudo combinados con matices de atardecer como palomino, anacardo, cuarzo y guayaba.<\/p>\n<blockquote><p><em>\u201cMuchos de nosotros vivimos vidas urbanas y cuando viajas, aprendes sobre ti mismo, sobre otras personas y sobre la vida. Es la naturaleza la que siempre nos impacta, pero equilibrada con elegancia y sofisticaci\u00f3n\u2014eso es todo lo que quiero que transmita esta colecci\u00f3n.\u201d<\/em><\/p><\/blockquote>\n<p>Los accesorios fueron suaves, texturizados y meticulosamente elaborados: un clutch de cuero sobredimensionado, bolsos tejidos con nudos y llamativas joyas de cuero hechas a mano por artesanos italianos. Sandalias y mules estilizados, tanto planos como de tac\u00f3n, completaron la actitud sofisticada pero desenfadada.<\/p>\n<p><img decoding=\"async\" src=\"https:\/\/mcusercontent.com\/bdb24db159a6957b212356827\/_compresseds\/e371a2f8-6588-c267-fd67-6d6971746363.jpg\" \/><\/p>\n<p><span style=\"font-weight: 400\">El dise\u00f1ador cit\u00f3 Sicilia como inspiraci\u00f3n para la rusticidad de la colecci\u00f3n, sus tonos que van del amanecer al atardecer y los tonos naturales, pero tambi\u00e9n dej\u00f3 ver la eliminaci\u00f3n de las estructuras r\u00edgidas de las chamarras y la incorporaci\u00f3n de flecos artesanales a los bolsos y vestuarios f\u00e1ciles de llevar para las mujeres en movimiento.<\/span><\/p>\n<p><span style=\"font-weight: 400\">\u201cEl desfile y esta colecci\u00f3n son muy relajados, pero elegantes. Es sensual, no un sexy encapsulado. Lo ver\u00e1n en el casting: son mujeres de todas las edades, mujeres de todas las tallas, y una palabra que ya nadie usa: sofisticada. No es una palabra sucia\u201d, explic\u00f3 Michael Kors.<\/span><\/p>\n<p><img decoding=\"async\" src=\"https:\/\/mcusercontent.com\/bdb24db159a6957b212356827\/_compresseds\/5e1fe7b9-5cfb-e53c-5f09-967b542b6acc.jpg\" \/><\/p>\n<p>Un\u00a0<em>soundtrack<\/em> personalizado creado por el compositor Sebastien Perrin acentu\u00f3 la calidez de la temporada mientras modelos como Frankie Rayder, Liisa Winkler, Paloma Elsesser, Mica Arga\u00f1araz, Anok Yai, Adut Akech, Alex Consani, Devyn Garcia, Kai Schreiber y m\u00e1s desfilaron por la pasarela.<\/p>\n<p><img decoding=\"async\" src=\"https:\/\/mcusercontent.com\/bdb24db159a6957b212356827\/_compresseds\/692a8b56-5c20-5592-84d1-779acded4191.jpg\" \/><\/p>\n<p><span style=\"font-weight: 400\">El resto de nuestros looks favoritos:<\/span><\/p>\n<div class=\"content-gallery\">\n<div class=\"gallery-placeholder\">\n<div class=\"spinner\"><\/div>\n<\/div>\n<p>&nbsp;<\/p>\n<div id=\"gallery-1\" class=\"gallery galleryid- gallery-columns- gallery-size-medium\">\n<figure class=\"gallery-item\">\n<div class=\"gallery-icon landscape\"><img loading=\"lazy\" decoding=\"async\" class=\"lazy\" src=\"https:\/\/graziamagazine.com\/mx\/wp-content\/uploads\/sites\/13\/2025\/09\/16.jpg\" alt=\"\" width=\"568\" height=\"896\" \/><\/div>\n<\/figure>\n<figure class=\"gallery-item\">\n<div class=\"gallery-icon landscape\"><img loading=\"lazy\" decoding=\"async\" class=\"lazy\" src=\"https:\/\/graziamagazine.com\/mx\/wp-content\/uploads\/sites\/13\/2025\/09\/20.jpg\" alt=\"\" width=\"574\" height=\"883\" \/><\/div>\n<\/figure>\n<figure class=\"gallery-item\">\n<div class=\"gallery-icon landscape\"><img loading=\"lazy\" decoding=\"async\" class=\"lazy\" src=\"https:\/\/graziamagazine.com\/mx\/wp-content\/uploads\/sites\/13\/2025\/09\/19.jpg\" alt=\"\" width=\"593\" height=\"887\" \/><\/div>\n<\/figure>\n<figure class=\"gallery-item\">\n<div class=\"gallery-icon landscape\"><img loading=\"lazy\" decoding=\"async\" class=\"lazy\" src=\"https:\/\/graziamagazine.com\/mx\/wp-content\/uploads\/sites\/13\/2025\/09\/18.jpg\" alt=\"\" width=\"557\" height=\"869\" \/><\/div>\n<\/figure>\n<figure class=\"gallery-item\">\n<div class=\"gallery-icon landscape\"><img loading=\"lazy\" decoding=\"async\" class=\"lazy\" src=\"https:\/\/graziamagazine.com\/mx\/wp-content\/uploads\/sites\/13\/2025\/09\/17.jpg\" alt=\"\" width=\"575\" height=\"885\" \/><\/div>\n<\/figure>\n<figure class=\"gallery-item\">\n<div class=\"gallery-icon landscape\"><img loading=\"lazy\" decoding=\"async\" class=\"lazy\" src=\"https:\/\/graziamagazine.com\/mx\/wp-content\/uploads\/sites\/13\/2025\/09\/15.jpg\" alt=\"\" width=\"576\" height=\"894\" \/><\/div>\n<\/figure>\n<figure class=\"gallery-item\">\n<div class=\"gallery-icon landscape\"><img loading=\"lazy\" decoding=\"async\" class=\"lazy\" src=\"https:\/\/graziamagazine.com\/mx\/wp-content\/uploads\/sites\/13\/2025\/09\/14.jpg\" alt=\"\" width=\"567\" height=\"873\" \/><\/div>\n<\/figure>\n<figure class=\"gallery-item\">\n<div class=\"gallery-icon landscape\"><img loading=\"lazy\" decoding=\"async\" class=\"lazy\" src=\"https:\/\/graziamagazine.com\/mx\/wp-content\/uploads\/sites\/13\/2025\/09\/13.jpg\" alt=\"\" width=\"572\" height=\"891\" \/><\/div>\n<\/figure>\n<figure class=\"gallery-item\">\n<div class=\"gallery-icon landscape\"><img loading=\"lazy\" decoding=\"async\" class=\"lazy\" src=\"https:\/\/graziamagazine.com\/mx\/wp-content\/uploads\/sites\/13\/2025\/09\/4-1.jpg\" alt=\"\" width=\"589\" height=\"892\" \/><\/div>\n<\/figure>\n<figure class=\"gallery-item\">\n<div class=\"gallery-icon landscape\"><img loading=\"lazy\" decoding=\"async\" class=\"lazy\" src=\"https:\/\/graziamagazine.com\/mx\/wp-content\/uploads\/sites\/13\/2025\/09\/5-1.jpg\" alt=\"\" width=\"596\" height=\"888\" \/><\/div>\n<\/figure>\n<figure class=\"gallery-item\">\n<div class=\"gallery-icon landscape\"><img loading=\"lazy\" decoding=\"async\" class=\"lazy\" src=\"https:\/\/graziamagazine.com\/mx\/wp-content\/uploads\/sites\/13\/2025\/09\/6-1.jpg\" alt=\"\" width=\"589\" height=\"898\" \/><\/div>\n<\/figure>\n<figure class=\"gallery-item\">\n<div class=\"gallery-icon landscape\"><img loading=\"lazy\" decoding=\"async\" class=\"lazy\" src=\"https:\/\/graziamagazine.com\/mx\/wp-content\/uploads\/sites\/13\/2025\/09\/7-1.jpg\" alt=\"\" width=\"591\" height=\"898\" \/><\/div>\n<\/figure>\n<figure class=\"gallery-item\">\n<div class=\"gallery-icon landscape\"><img loading=\"lazy\" decoding=\"async\" class=\"lazy\" src=\"https:\/\/graziamagazine.com\/mx\/wp-content\/uploads\/sites\/13\/2025\/09\/8-1.jpg\" alt=\"\" width=\"593\" height=\"889\" \/><\/div>\n<\/figure>\n<figure class=\"gallery-item\">\n<div class=\"gallery-icon landscape\"><img loading=\"lazy\" decoding=\"async\" class=\"lazy\" src=\"https:\/\/graziamagazine.com\/mx\/wp-content\/uploads\/sites\/13\/2025\/09\/9-1.jpg\" alt=\"\" width=\"583\" height=\"895\" \/><\/div>\n<\/figure>\n<figure class=\"gallery-item\">\n<div class=\"gallery-icon landscape\"><img loading=\"lazy\" decoding=\"async\" class=\"lazy\" src=\"https:\/\/graziamagazine.com\/mx\/wp-content\/uploads\/sites\/13\/2025\/09\/10-1.jpg\" alt=\"\" width=\"547\" height=\"899\" \/><\/div>\n<\/figure>\n<figure class=\"gallery-item\">\n<div class=\"gallery-icon landscape\"><img loading=\"lazy\" decoding=\"async\" class=\"lazy\" src=\"https:\/\/graziamagazine.com\/mx\/wp-content\/uploads\/sites\/13\/2025\/09\/11.jpg\" alt=\"\" width=\"594\" height=\"887\" \/><\/div>\n<\/figure>\n<figure class=\"gallery-item\">\n<div class=\"gallery-icon landscape\"><img loading=\"lazy\" decoding=\"async\" class=\"lazy\" src=\"https:\/\/graziamagazine.com\/mx\/wp-content\/uploads\/sites\/13\/2025\/09\/12.jpg\" alt=\"\" width=\"591\" height=\"893\" \/><\/div>\n<\/figure>\n<figure class=\"gallery-item\">\n<div class=\"gallery-icon landscape\"><img loading=\"lazy\" decoding=\"async\" class=\"lazy\" src=\"https:\/\/graziamagazine.com\/mx\/wp-content\/uploads\/sites\/13\/2025\/09\/3-2.jpg\" alt=\"\" width=\"592\" height=\"894\" \/><\/div>\n<\/figure>\n<figure class=\"gallery-item\">\n<div class=\"gallery-icon landscape\"><img loading=\"lazy\" decoding=\"async\" class=\"lazy\" src=\"https:\/\/graziamagazine.com\/mx\/wp-content\/uploads\/sites\/13\/2025\/09\/2-1.jpg\" alt=\"\" width=\"565\" height=\"881\" \/><\/div>\n<\/figure>\n<figure class=\"gallery-item\">\n<div class=\"gallery-icon landscape\"><img loading=\"lazy\" decoding=\"async\" class=\"lazy\" src=\"https:\/\/graziamagazine.com\/mx\/wp-content\/uploads\/sites\/13\/2025\/09\/1-1.jpg\" alt=\"\" width=\"601\" height=\"903\" \/><\/div>\n<\/figure>\n<\/div>\n<\/div>\n","protected":false},"author":16349,"featured_media":187694,"template":"","format":"standard","categories":[1],"acf":[],"yoast_head":"<!-- This site is optimized with the Yoast SEO Premium plugin v18.5 (Yoast SEO v20.4) - https:\/\/yoast.com\/wordpress\/plugins\/seo\/ -->\n<title>NYFW: Michael Kors Primavera\/Verano 2026<\/title>\n<meta name=\"description\" content=\"La elegancia terrenal fue el tema del desfile Primavera\/Verano 2026 de Michael Kors, que tuvo lugar esta ma\u00f1ana en Terminal Warehouse en Chelsea, Nueva\" \/>\n<meta name=\"robots\" content=\"index, follow, max-snippet:-1, max-image-preview:large, max-video-preview:-1\" \/>\n<link rel=\"canonical\" href=\"https:\/\/graziamagazine.com\/es\/articles\/nyfw-michael-kors-primavera-verano-2026\/\" \/>\n<meta property=\"og:locale\" content=\"es_ES\" \/>\n<meta property=\"og:type\" content=\"article\" \/>\n<meta property=\"og:title\" content=\"NYFW: Michael Kors Primavera\/Verano 2026\" \/>\n<meta property=\"og:description\" content=\"La elegancia terrenal fue el tema del desfile Primavera\/Verano 2026 de Michael Kors, que tuvo lugar esta ma\u00f1ana en Terminal Warehouse en Chelsea, Nueva\" \/>\n<meta property=\"og:url\" content=\"https:\/\/graziamagazine.com\/es\/articles\/nyfw-michael-kors-primavera-verano-2026\/\" \/>\n<meta property=\"og:site_name\" content=\"Grazia\" \/>\n<meta property=\"article:modified_time\" content=\"2025-09-12T00:08:39+00:00\" \/>\n<meta property=\"og:image\" content=\"https:\/\/graziamagazine.com\/es\/wp-content\/uploads\/sites\/12\/2025\/09\/107721ad-0b45-3b96-ba58-0f714525f3f7-copia-scaled.jpeg\" \/>\n\t<meta property=\"og:image:width\" content=\"2560\" \/>\n\t<meta property=\"og:image:height\" content=\"1707\" \/>\n\t<meta property=\"og:image:type\" content=\"image\/jpeg\" \/>\n<meta name=\"twitter:card\" content=\"summary_large_image\" \/>\n<meta name=\"twitter:label1\" content=\"Est. reading time\" \/>\n\t<meta name=\"twitter:data1\" content=\"7 minutos\" \/>\n<script type=\"application\/ld+json\" class=\"yoast-schema-graph\">{\"@context\":\"https:\/\/schema.org\",\"@graph\":[{\"@type\":\"WebPage\",\"@id\":\"https:\/\/graziamagazine.com\/es\/articles\/nyfw-michael-kors-primavera-verano-2026\/\",\"url\":\"https:\/\/graziamagazine.com\/es\/articles\/nyfw-michael-kors-primavera-verano-2026\/\",\"name\":\"NYFW: Michael Kors Primavera\/Verano 2026\",\"isPartOf\":{\"@id\":\"https:\/\/graziamagazine.com\/es\/#website\"},\"datePublished\":\"2025-09-12T06:00:26+00:00\",\"dateModified\":\"2025-09-12T00:08:39+00:00\",\"description\":\"La elegancia terrenal fue el tema del desfile Primavera\/Verano 2026 de Michael Kors, que tuvo lugar esta ma\u00f1ana en Terminal Warehouse en Chelsea, Nueva\",\"breadcrumb\":{\"@id\":\"https:\/\/graziamagazine.com\/es\/articles\/nyfw-michael-kors-primavera-verano-2026\/#breadcrumb\"},\"inLanguage\":\"es\",\"potentialAction\":[{\"@type\":\"ReadAction\",\"target\":[\"https:\/\/graziamagazine.com\/es\/articles\/nyfw-michael-kors-primavera-verano-2026\/\"]}]},{\"@type\":\"BreadcrumbList\",\"@id\":\"https:\/\/graziamagazine.com\/es\/articles\/nyfw-michael-kors-primavera-verano-2026\/#breadcrumb\",\"itemListElement\":[{\"@type\":\"ListItem\",\"position\":1,\"name\":\"Portada\",\"item\":\"https:\/\/graziamagazine.com\/es\/\"},{\"@type\":\"ListItem\",\"position\":2,\"name\":\"NYFW: Michael Kors Primavera\/Verano 2026\"}]},{\"@type\":\"WebSite\",\"@id\":\"https:\/\/graziamagazine.com\/es\/#website\",\"url\":\"https:\/\/graziamagazine.com\/es\/\",\"name\":\"Grazia\",\"description\":\"Moda, belleza, celebrities, estilo de vida...\",\"potentialAction\":[{\"@type\":\"SearchAction\",\"target\":{\"@type\":\"EntryPoint\",\"urlTemplate\":\"https:\/\/graziamagazine.com\/es\/?s={search_term_string}\"},\"query-input\":\"required name=search_term_string\"}],\"inLanguage\":\"es\"}]}<\/script>\n<!-- \/ Yoast SEO Premium plugin. -->","yoast_head_json":{"title":"NYFW: Michael Kors Primavera\/Verano 2026","description":"La elegancia terrenal fue el tema del desfile Primavera\/Verano 2026 de Michael Kors, que tuvo lugar esta ma\u00f1ana en Terminal Warehouse en Chelsea, Nueva","robots":{"index":"index","follow":"follow","max-snippet":"max-snippet:-1","max-image-preview":"max-image-preview:large","max-video-preview":"max-video-preview:-1"},"canonical":"https:\/\/graziamagazine.com\/es\/articles\/nyfw-michael-kors-primavera-verano-2026\/","og_locale":"es_ES","og_type":"article","og_title":"NYFW: Michael Kors Primavera\/Verano 2026","og_description":"La elegancia terrenal fue el tema del desfile Primavera\/Verano 2026 de Michael Kors, que tuvo lugar esta ma\u00f1ana en Terminal Warehouse en Chelsea, Nueva","og_url":"https:\/\/graziamagazine.com\/es\/articles\/nyfw-michael-kors-primavera-verano-2026\/","og_site_name":"Grazia","article_modified_time":"2025-09-12T00:08:39+00:00","og_image":[{"width":2560,"height":1707,"url":"https:\/\/graziamagazine.com\/es\/wp-content\/uploads\/sites\/12\/2025\/09\/107721ad-0b45-3b96-ba58-0f714525f3f7-copia-scaled.jpeg","type":"image\/jpeg"}],"twitter_card":"summary_large_image","twitter_misc":{"Est. reading time":"7 minutos"},"schema":{"@context":"https:\/\/schema.org","@graph":[{"@type":"WebPage","@id":"https:\/\/graziamagazine.com\/es\/articles\/nyfw-michael-kors-primavera-verano-2026\/","url":"https:\/\/graziamagazine.com\/es\/articles\/nyfw-michael-kors-primavera-verano-2026\/","name":"NYFW: Michael Kors Primavera\/Verano 2026","isPartOf":{"@id":"https:\/\/graziamagazine.com\/es\/#website"},"datePublished":"2025-09-12T06:00:26+00:00","dateModified":"2025-09-12T00:08:39+00:00","description":"La elegancia terrenal fue el tema del desfile Primavera\/Verano 2026 de Michael Kors, que tuvo lugar esta ma\u00f1ana en Terminal Warehouse en Chelsea, Nueva","breadcrumb":{"@id":"https:\/\/graziamagazine.com\/es\/articles\/nyfw-michael-kors-primavera-verano-2026\/#breadcrumb"},"inLanguage":"es","potentialAction":[{"@type":"ReadAction","target":["https:\/\/graziamagazine.com\/es\/articles\/nyfw-michael-kors-primavera-verano-2026\/"]}]},{"@type":"BreadcrumbList","@id":"https:\/\/graziamagazine.com\/es\/articles\/nyfw-michael-kors-primavera-verano-2026\/#breadcrumb","itemListElement":[{"@type":"ListItem","position":1,"name":"Portada","item":"https:\/\/graziamagazine.com\/es\/"},{"@type":"ListItem","position":2,"name":"NYFW: Michael Kors Primavera\/Verano 2026"}]},{"@type":"WebSite","@id":"https:\/\/graziamagazine.com\/es\/#website","url":"https:\/\/graziamagazine.com\/es\/","name":"Grazia","description":"Moda, belleza, celebrities, estilo de vida...","potentialAction":[{"@type":"SearchAction","target":{"@type":"EntryPoint","urlTemplate":"https:\/\/graziamagazine.com\/es\/?s={search_term_string}"},"query-input":"required name=search_term_string"}],"inLanguage":"es"}]}},"jetpack_sharing_enabled":true,"distributor_meta":false,"distributor_terms":false,"distributor_media":false,"distributor_original_site_name":"Grazia","distributor_original_site_url":"https:\/\/graziamagazine.com\/es","push-errors":false,"_links":{"self":[{"href":"https:\/\/graziamagazine.com\/es\/wp-json\/wp\/v2\/articles\/187681"}],"collection":[{"href":"https:\/\/graziamagazine.com\/es\/wp-json\/wp\/v2\/articles"}],"about":[{"href":"https:\/\/graziamagazine.com\/es\/wp-json\/wp\/v2\/types\/articles"}],"author":[{"embeddable":true,"href":"https:\/\/graziamagazine.com\/es\/wp-json\/wp\/v2\/users\/16349"}],"wp:featuredmedia":[{"embeddable":true,"href":"https:\/\/graziamagazine.com\/es\/wp-json\/wp\/v2\/media\/187694"}],"wp:attachment":[{"href":"https:\/\/graziamagazine.com\/es\/wp-json\/wp\/v2\/media?parent=187681"}],"wp:term":[{"taxonomy":"category","embeddable":true,"href":"https:\/\/graziamagazine.com\/es\/wp-json\/wp\/v2\/categories?post=187681"}],"curies":[{"name":"wp","href":"https:\/\/api.w.org\/{rel}","templated":true}]}}