{"id":187646,"date":"2025-09-11T08:00:08","date_gmt":"2025-09-11T06:00:08","guid":{"rendered":"https:\/\/graziamagazine.com\/es\/?post_type=articles&#038;p=187646"},"modified":"2025-09-10T23:27:16","modified_gmt":"2025-09-10T21:27:16","slug":"blanca-suelves-imagen-del-40-aniversario-de-mercedes-benz-fashion-week-madrid","status":"publish","type":"articles","link":"https:\/\/graziamagazine.com\/es\/articles\/blanca-suelves-imagen-del-40-aniversario-de-mercedes-benz-fashion-week-madrid\/","title":{"rendered":"Blanca Suelves, imagen del 40 aniversario de Mercedes-Benz Fashion Week Madrid"},"content":{"rendered":"<p>La gran cita de la moda de autor en Espa\u00f1a celebra 40 a\u00f1os llenos de inspiraci\u00f3n, creatividad y mucho talento. Y en esta edici\u00f3n tan especial ha contado con la modelo Blanca Suelves para ser imagen de su campa\u00f1a de comunicaci\u00f3n.<\/p>\n<p>Ser la imagen de esta campa\u00f1a ha sido una alegr\u00eda, una sorpresa y un orgullo. Intento no ser muy nost\u00e1lgica, as\u00ed que trabajar con un equipo joven, lleno de ilusi\u00f3n y profesionalidad, y ser yo la elegida, ha sido para m\u00ed un privilegio.<\/p>\n        <blockquote class=\"instagram-media \" style=\"background: #ffffff;border: 0;margin: 1px;width: 100%;padding: 0;\"  data-instgrm-permalink=\"https:\/\/www.instagram.com\/p\/DOYz51bDWm8\/\" data-instgrm-version=\"14\"><\/blockquote>\n<h3><b><span data-olk-copy-source=\"MessageBody\">V\u00ednculo con la moda espa\u00f1ola<\/span><\/b><\/h3>\n<p>Desde muy joven he trabajado en muchas facetas de la moda: como modelo en campa\u00f1as y en pasarela en Madrid y Barcelona; despu\u00e9s, en las p\u00e1ginas del dominical ABC, Blanco y Negro, donde estuve en la secci\u00f3n de moda; en televisi\u00f3n, donde present\u00e9 varios a\u00f1os el primer programa que se hizo en Espa\u00f1a, en Canal Estilo, de Canal Plus, en el que entrevist\u00e1bamos a todos los protagonistas del momento y retransmit\u00edamos en directo todos los desfiles, y en el que yo era la presentadora; en Antena 3, donde colabor\u00e9 en el telediario que presentaba Roberto Arce, Buenos d\u00edas, Espa\u00f1a! en el que entrevist\u00e9 en Mil\u00e1n a Giorgio Armani, entre otros; y en Telemadrid, en Con T de Tarde, donde presentaba en directo desfiles de marcas m\u00e1s accesibles y populares.<\/p>\n<blockquote><p>\u201cSer la imagen de esta campa\u00f1a ha sido una alegr\u00eda, una sorpresa y un orgullo. Intento no ser muy nost\u00e1lgica, as\u00ed que trabajar con un equipo joven, lleno de ilusi\u00f3n y profesionalidad, y ser yo la elegida, ha sido para m\u00ed un privilegio.\u201d<\/p><\/blockquote>\n<p><img loading=\"lazy\" decoding=\"async\" class=\"aligncenter size-full wp-image-187651\" src=\"https:\/\/graziamagazine.com\/es\/wp-content\/uploads\/sites\/12\/2025\/09\/Blanca-Suelves_cartel.png\" alt=\"\" width=\"1541\" height=\"850\" srcset=\"https:\/\/graziamagazine.com\/es\/wp-content\/uploads\/sites\/12\/2025\/09\/Blanca-Suelves_cartel.png 1541w, https:\/\/graziamagazine.com\/es\/wp-content\/uploads\/sites\/12\/2025\/09\/Blanca-Suelves_cartel-300x165.png 300w, https:\/\/graziamagazine.com\/es\/wp-content\/uploads\/sites\/12\/2025\/09\/Blanca-Suelves_cartel-1024x565.png 1024w, https:\/\/graziamagazine.com\/es\/wp-content\/uploads\/sites\/12\/2025\/09\/Blanca-Suelves_cartel-768x424.png 768w, https:\/\/graziamagazine.com\/es\/wp-content\/uploads\/sites\/12\/2025\/09\/Blanca-Suelves_cartel-1536x847.png 1536w, https:\/\/graziamagazine.com\/es\/wp-content\/uploads\/sites\/12\/2025\/09\/Blanca-Suelves_cartel-400x221.png 400w, https:\/\/graziamagazine.com\/es\/wp-content\/uploads\/sites\/12\/2025\/09\/Blanca-Suelves_cartel-155x85.png 155w\" sizes=\"(max-width: 1541px) 100vw, 1541px\" \/><\/p>\n<p><em>\u00bfHay alg\u00fan momento especial o recuerdo ligado a la pasarela o a la moda espa\u00f1ola que guardes con cari\u00f1o?<\/em><\/p>\n<p>Haber sido elegida, entre muchas tops del momento, para desfilar en la inauguraci\u00f3n de los Juegos Ol\u00edmpicos de Barcelona 92 fue inolvidable. Fueron d\u00edas de entusiasmo: los ensayos, la convivencia en la ciudad ol\u00edmpica y la emoci\u00f3n que sent\u00ed en el estadio aquella noche fueron algo realmente \u00fanico. Y hasta hoy, irrepetible.<\/p>\n<h3><b>Inspiraci\u00f3n y legado <\/b><\/h3>\n<p><em>\u00bfQu\u00e9 mensaje te gustar\u00eda transmitir a las nuevas generaciones de modelos y dise\u00f1adores que ven en <span class=\"mark922iw300s\" data-markjs=\"true\" data-ogac=\"\" data-ogab=\"\" data-ogsc=\"\" data-ogsb=\"\">MBFWMadrid<\/span>\u00a0un referente?<\/em><\/p>\n<p>Yo no soy qui\u00e9n para dar consejos, y menos a modelos o dise\u00f1adores. Quiz\u00e1 mi mensaje ser\u00eda siempre hacia nuestros pol\u00edticos: sean del color que sean, deben ser conscientes de la importancia que tiene la industria de la moda, de todo lo que conlleva alrededor, de todos los puestos de trabajo que genera y de c\u00f3mo nos posiciona en el mundo. La moda es arte y cultura, y se tiene que apoyar lo necesario para posicionar el \u201cMade in Spain\u201d como se merece internacionalmente.<\/p>\n<p>He conocido y admirado a la mayor\u00eda de los dise\u00f1adores, modelos y equipos de producci\u00f3n y realizaci\u00f3n que han catapultado nuestra industria hasta donde hoy se encuentra. De aquellos a\u00f1os conservo y quiero a muchos amigos.<\/p>\n<p><img loading=\"lazy\" decoding=\"async\" class=\"aligncenter size-full wp-image-187647\" src=\"https:\/\/graziamagazine.com\/es\/wp-content\/uploads\/sites\/12\/2025\/09\/mbfwmadrid-4.jpg\" alt=\"\" width=\"1080\" height=\"1350\" srcset=\"https:\/\/graziamagazine.com\/es\/wp-content\/uploads\/sites\/12\/2025\/09\/mbfwmadrid-4.jpg 1080w, https:\/\/graziamagazine.com\/es\/wp-content\/uploads\/sites\/12\/2025\/09\/mbfwmadrid-4-240x300.jpg 240w, https:\/\/graziamagazine.com\/es\/wp-content\/uploads\/sites\/12\/2025\/09\/mbfwmadrid-4-819x1024.jpg 819w, https:\/\/graziamagazine.com\/es\/wp-content\/uploads\/sites\/12\/2025\/09\/mbfwmadrid-4-768x960.jpg 768w, https:\/\/graziamagazine.com\/es\/wp-content\/uploads\/sites\/12\/2025\/09\/mbfwmadrid-4-400x500.jpg 400w, https:\/\/graziamagazine.com\/es\/wp-content\/uploads\/sites\/12\/2025\/09\/mbfwmadrid-4-155x194.jpg 155w\" sizes=\"(max-width: 1080px) 100vw, 1080px\" \/><\/p>\n<p><em>\u00bfQu\u00e9 representa la Pasarela dentro de la moda espa\u00f1ola y de tu propia trayectoria?<\/em><\/p>\n<p>He desfilado en contadas ocasiones, como tampoco trabaj\u00e9 mucho como modelo de fotograf\u00eda. En Espa\u00f1a tenemos profesionales internacionales muy importantes y destacadas. Yo hac\u00eda cosas muy puntuales, pero algunas muy especiales para m\u00ed.<\/p>\n<p><em>\u00bfC\u00f3mo imaginas el futuro de la moda espa\u00f1ola en los pr\u00f3ximos 40 a\u00f1os?<\/em><\/p>\n<p>Me encantar\u00eda que logr\u00e1semos que la moda espa\u00f1ola fuera referente de sostenibilidad, artesan\u00eda y calidad, y que nos sintamos orgullosos de ello, como lo est\u00e1n italianos, franceses e incluso ingleses de lo suyo.<\/p>\n<p><img loading=\"lazy\" decoding=\"async\" class=\"aligncenter size-full wp-image-187650\" src=\"https:\/\/graziamagazine.com\/es\/wp-content\/uploads\/sites\/12\/2025\/09\/mbfwmadrid-1.jpg\" alt=\"\" width=\"1080\" height=\"1350\" srcset=\"https:\/\/graziamagazine.com\/es\/wp-content\/uploads\/sites\/12\/2025\/09\/mbfwmadrid-1.jpg 1080w, https:\/\/graziamagazine.com\/es\/wp-content\/uploads\/sites\/12\/2025\/09\/mbfwmadrid-1-240x300.jpg 240w, https:\/\/graziamagazine.com\/es\/wp-content\/uploads\/sites\/12\/2025\/09\/mbfwmadrid-1-819x1024.jpg 819w, https:\/\/graziamagazine.com\/es\/wp-content\/uploads\/sites\/12\/2025\/09\/mbfwmadrid-1-768x960.jpg 768w, https:\/\/graziamagazine.com\/es\/wp-content\/uploads\/sites\/12\/2025\/09\/mbfwmadrid-1-400x500.jpg 400w, https:\/\/graziamagazine.com\/es\/wp-content\/uploads\/sites\/12\/2025\/09\/mbfwmadrid-1-155x194.jpg 155w\" sizes=\"(max-width: 1080px) 100vw, 1080px\" \/><\/p>\n<p>En Espa\u00f1a tenemos empresas referentes mundiales; destaca nuestra industria de calzado y de moda nupcial; quiz\u00e1 las marcas medianas necesiten m\u00e1s apoyo para sobrevivir, porque el talento existe. Tenemos que &#8216;desvestirnos&#8217; de complejos y vestirnos con orgullo nuestro \u201cMade in Spain\u201d.<\/p>\n<p><em>*Im\u00e1genes: cortes\u00eda MBFWMadrid<\/em><\/p>\n<p><b>\u00a0<\/b><\/p>\n","protected":false},"author":11653,"featured_media":187649,"template":"","format":"standard","categories":[11738,1],"acf":[],"yoast_head":"<!-- This site is optimized with the Yoast SEO Premium plugin v18.5 (Yoast SEO v20.4) - https:\/\/yoast.com\/wordpress\/plugins\/seo\/ -->\n<title>Blanca Suelves, imagen del 40 aniversario de MBFWMadrid<\/title>\n<meta name=\"description\" content=\"La modelo espa\u00f1ola regresa a la escena &#039;fashion&#039; convertida en la imagen de la edici\u00f3n m\u00e1s especial de la pasarela madrile\u00f1a.\" \/>\n<meta name=\"robots\" content=\"index, follow, max-snippet:-1, max-image-preview:large, max-video-preview:-1\" \/>\n<link rel=\"canonical\" href=\"https:\/\/graziamagazine.com\/es\/articles\/blanca-suelves-imagen-del-40-aniversario-de-mercedes-benz-fashion-week-madrid\/\" \/>\n<meta property=\"og:locale\" content=\"es_ES\" \/>\n<meta property=\"og:type\" content=\"article\" \/>\n<meta property=\"og:title\" content=\"Blanca Suelves, imagen del 40 aniversario de Mercedes-Benz Fashion Week Madrid\" \/>\n<meta property=\"og:description\" content=\"La modelo espa\u00f1ola regresa a la escena &#039;fashion&#039; convertida en la imagen de la edici\u00f3n m\u00e1s especial de la pasarela madrile\u00f1a.\" \/>\n<meta property=\"og:url\" content=\"https:\/\/graziamagazine.com\/es\/articles\/blanca-suelves-imagen-del-40-aniversario-de-mercedes-benz-fashion-week-madrid\/\" \/>\n<meta property=\"og:site_name\" content=\"Grazia\" \/>\n<meta property=\"article:modified_time\" content=\"2025-09-10T21:27:16+00:00\" \/>\n<meta property=\"og:image\" content=\"https:\/\/graziamagazine.com\/es\/wp-content\/uploads\/sites\/12\/2025\/09\/mbfwmadrid-2-e1757539445267.jpg\" \/>\n\t<meta property=\"og:image:width\" content=\"1044\" \/>\n\t<meta property=\"og:image:height\" content=\"769\" \/>\n\t<meta property=\"og:image:type\" content=\"image\/jpeg\" \/>\n<meta name=\"twitter:card\" content=\"summary_large_image\" \/>\n<meta name=\"twitter:label1\" content=\"Est. reading time\" \/>\n\t<meta name=\"twitter:data1\" content=\"4 minutos\" \/>\n<script type=\"application\/ld+json\" class=\"yoast-schema-graph\">{\"@context\":\"https:\/\/schema.org\",\"@graph\":[{\"@type\":\"WebPage\",\"@id\":\"https:\/\/graziamagazine.com\/es\/articles\/blanca-suelves-imagen-del-40-aniversario-de-mercedes-benz-fashion-week-madrid\/\",\"url\":\"https:\/\/graziamagazine.com\/es\/articles\/blanca-suelves-imagen-del-40-aniversario-de-mercedes-benz-fashion-week-madrid\/\",\"name\":\"Blanca Suelves, imagen del 40 aniversario de MBFWMadrid\",\"isPartOf\":{\"@id\":\"https:\/\/graziamagazine.com\/es\/#website\"},\"datePublished\":\"2025-09-11T06:00:08+00:00\",\"dateModified\":\"2025-09-10T21:27:16+00:00\",\"description\":\"La modelo espa\u00f1ola regresa a la escena 'fashion' convertida en la imagen de la edici\u00f3n m\u00e1s especial de la pasarela madrile\u00f1a.\",\"breadcrumb\":{\"@id\":\"https:\/\/graziamagazine.com\/es\/articles\/blanca-suelves-imagen-del-40-aniversario-de-mercedes-benz-fashion-week-madrid\/#breadcrumb\"},\"inLanguage\":\"es\",\"potentialAction\":[{\"@type\":\"ReadAction\",\"target\":[\"https:\/\/graziamagazine.com\/es\/articles\/blanca-suelves-imagen-del-40-aniversario-de-mercedes-benz-fashion-week-madrid\/\"]}]},{\"@type\":\"BreadcrumbList\",\"@id\":\"https:\/\/graziamagazine.com\/es\/articles\/blanca-suelves-imagen-del-40-aniversario-de-mercedes-benz-fashion-week-madrid\/#breadcrumb\",\"itemListElement\":[{\"@type\":\"ListItem\",\"position\":1,\"name\":\"Portada\",\"item\":\"https:\/\/graziamagazine.com\/es\/\"},{\"@type\":\"ListItem\",\"position\":2,\"name\":\"Blanca Suelves, imagen del 40 aniversario de Mercedes-Benz Fashion Week Madrid\"}]},{\"@type\":\"WebSite\",\"@id\":\"https:\/\/graziamagazine.com\/es\/#website\",\"url\":\"https:\/\/graziamagazine.com\/es\/\",\"name\":\"Grazia\",\"description\":\"Moda, belleza, celebrities, estilo de vida...\",\"potentialAction\":[{\"@type\":\"SearchAction\",\"target\":{\"@type\":\"EntryPoint\",\"urlTemplate\":\"https:\/\/graziamagazine.com\/es\/?s={search_term_string}\"},\"query-input\":\"required name=search_term_string\"}],\"inLanguage\":\"es\"}]}<\/script>\n<!-- \/ Yoast SEO Premium plugin. -->","yoast_head_json":{"title":"Blanca Suelves, imagen del 40 aniversario de MBFWMadrid","description":"La modelo espa\u00f1ola regresa a la escena 'fashion' convertida en la imagen de la edici\u00f3n m\u00e1s especial de la pasarela madrile\u00f1a.","robots":{"index":"index","follow":"follow","max-snippet":"max-snippet:-1","max-image-preview":"max-image-preview:large","max-video-preview":"max-video-preview:-1"},"canonical":"https:\/\/graziamagazine.com\/es\/articles\/blanca-suelves-imagen-del-40-aniversario-de-mercedes-benz-fashion-week-madrid\/","og_locale":"es_ES","og_type":"article","og_title":"Blanca Suelves, imagen del 40 aniversario de Mercedes-Benz Fashion Week Madrid","og_description":"La modelo espa\u00f1ola regresa a la escena 'fashion' convertida en la imagen de la edici\u00f3n m\u00e1s especial de la pasarela madrile\u00f1a.","og_url":"https:\/\/graziamagazine.com\/es\/articles\/blanca-suelves-imagen-del-40-aniversario-de-mercedes-benz-fashion-week-madrid\/","og_site_name":"Grazia","article_modified_time":"2025-09-10T21:27:16+00:00","og_image":[{"width":1044,"height":769,"url":"https:\/\/graziamagazine.com\/es\/wp-content\/uploads\/sites\/12\/2025\/09\/mbfwmadrid-2-e1757539445267.jpg","type":"image\/jpeg"}],"twitter_card":"summary_large_image","twitter_misc":{"Est. reading time":"4 minutos"},"schema":{"@context":"https:\/\/schema.org","@graph":[{"@type":"WebPage","@id":"https:\/\/graziamagazine.com\/es\/articles\/blanca-suelves-imagen-del-40-aniversario-de-mercedes-benz-fashion-week-madrid\/","url":"https:\/\/graziamagazine.com\/es\/articles\/blanca-suelves-imagen-del-40-aniversario-de-mercedes-benz-fashion-week-madrid\/","name":"Blanca Suelves, imagen del 40 aniversario de MBFWMadrid","isPartOf":{"@id":"https:\/\/graziamagazine.com\/es\/#website"},"datePublished":"2025-09-11T06:00:08+00:00","dateModified":"2025-09-10T21:27:16+00:00","description":"La modelo espa\u00f1ola regresa a la escena 'fashion' convertida en la imagen de la edici\u00f3n m\u00e1s especial de la pasarela madrile\u00f1a.","breadcrumb":{"@id":"https:\/\/graziamagazine.com\/es\/articles\/blanca-suelves-imagen-del-40-aniversario-de-mercedes-benz-fashion-week-madrid\/#breadcrumb"},"inLanguage":"es","potentialAction":[{"@type":"ReadAction","target":["https:\/\/graziamagazine.com\/es\/articles\/blanca-suelves-imagen-del-40-aniversario-de-mercedes-benz-fashion-week-madrid\/"]}]},{"@type":"BreadcrumbList","@id":"https:\/\/graziamagazine.com\/es\/articles\/blanca-suelves-imagen-del-40-aniversario-de-mercedes-benz-fashion-week-madrid\/#breadcrumb","itemListElement":[{"@type":"ListItem","position":1,"name":"Portada","item":"https:\/\/graziamagazine.com\/es\/"},{"@type":"ListItem","position":2,"name":"Blanca Suelves, imagen del 40 aniversario de Mercedes-Benz Fashion Week Madrid"}]},{"@type":"WebSite","@id":"https:\/\/graziamagazine.com\/es\/#website","url":"https:\/\/graziamagazine.com\/es\/","name":"Grazia","description":"Moda, belleza, celebrities, estilo de vida...","potentialAction":[{"@type":"SearchAction","target":{"@type":"EntryPoint","urlTemplate":"https:\/\/graziamagazine.com\/es\/?s={search_term_string}"},"query-input":"required name=search_term_string"}],"inLanguage":"es"}]}},"jetpack_sharing_enabled":true,"distributor_meta":false,"distributor_terms":false,"distributor_media":false,"distributor_original_site_name":"Grazia","distributor_original_site_url":"https:\/\/graziamagazine.com\/es","push-errors":false,"_links":{"self":[{"href":"https:\/\/graziamagazine.com\/es\/wp-json\/wp\/v2\/articles\/187646"}],"collection":[{"href":"https:\/\/graziamagazine.com\/es\/wp-json\/wp\/v2\/articles"}],"about":[{"href":"https:\/\/graziamagazine.com\/es\/wp-json\/wp\/v2\/types\/articles"}],"author":[{"embeddable":true,"href":"https:\/\/graziamagazine.com\/es\/wp-json\/wp\/v2\/users\/11653"}],"wp:featuredmedia":[{"embeddable":true,"href":"https:\/\/graziamagazine.com\/es\/wp-json\/wp\/v2\/media\/187649"}],"wp:attachment":[{"href":"https:\/\/graziamagazine.com\/es\/wp-json\/wp\/v2\/media?parent=187646"}],"wp:term":[{"taxonomy":"category","embeddable":true,"href":"https:\/\/graziamagazine.com\/es\/wp-json\/wp\/v2\/categories?post=187646"}],"curies":[{"name":"wp","href":"https:\/\/api.w.org\/{rel}","templated":true}]}}