{"id":187599,"date":"2025-09-09T12:45:02","date_gmt":"2025-09-09T10:45:02","guid":{"rendered":"https:\/\/graziamagazine.com\/es\/?post_type=articles&#038;p=187599"},"modified":"2025-09-09T12:45:02","modified_gmt":"2025-09-09T10:45:02","slug":"ciruela-el-color-en-tendencia-del-proximo-otono","status":"publish","type":"articles","link":"https:\/\/graziamagazine.com\/es\/articles\/ciruela-el-color-en-tendencia-del-proximo-otono\/","title":{"rendered":"Ciruela, el color en tendencia del pr\u00f3ximo oto\u00f1o"},"content":{"rendered":"<p><span style=\"font-weight: 400\">Este oto\u00f1o, un tono hermoso y envolvente se convertir\u00e1 en el gran protagonista de la temporada: el color ciruela. Entre el burdeos y el violeta profundo, esta tonalidad se ha ganado un lugar gracias a su capacidad de recordarnos los tonos de la naturaleza, aportando misterio y sensualidad que se adapta tanto a los looks de d\u00eda como a los de noche.<\/span><\/p>\n<p><img decoding=\"async\" src=\"https:\/\/e00-telva.uecdn.es\/assets\/multimedia\/imagenes\/2025\/09\/02\/17568114195884.jpg\" alt=\"El color m\u00e1s elegante del pr\u00f3ximo oto\u00f1o invierno es el ...\" \/><\/p>\n<p><span style=\"font-weight: 400\">La versatilidad del ciruela es uno de sus mayores encantos. Puede aparecer en un vestido para las tardes frescas, en un abrigo que aporta dramatismo a cualquier atuendo, o en bolsos, zapatos y accesorios. Adem\u00e1s, funciona como un excelente sustituto del cl\u00e1sico negro o de los tonos caf\u00e9 o beige que reinan en esta \u00e9poca del a\u00f1o, ofreciendo una excelente alternativa.<\/span><\/p>\n<p><img decoding=\"async\" src=\"https:\/\/e00-telva.uecdn.es\/assets\/multimedia\/imagenes\/2025\/09\/02\/17568114156948.jpg\" alt=\"El color m\u00e1s elegante del pr\u00f3ximo oto\u00f1o invierno es el ciruela, que en  todos sus tonos es un cl\u00e1sico f\u00e1cil de combinar | Telva.com\" \/><\/p>\n<p><span style=\"font-weight: 400\">En los cosm\u00e9ticos, el ciruela tambi\u00e9n se impone con fuerza. Labiales mate en este tono ya se empiezan a ver y son la clave para sellar un maquillaje sencillo. Las u\u00f1as en ciruela oscuro son otra tendencia, capaces de destacar en nuestras manos y combinar con cualquier atuendo.\u00a0<\/span><\/p>\n<p><img loading=\"lazy\" decoding=\"async\" class=\"aligncenter size-full wp-image-187603\" src=\"https:\/\/graziamagazine.com\/es\/wp-content\/uploads\/sites\/12\/2025\/09\/maxresdefault-e1757414609146.jpg\" alt=\"\" width=\"942\" height=\"699\" srcset=\"https:\/\/graziamagazine.com\/es\/wp-content\/uploads\/sites\/12\/2025\/09\/maxresdefault-e1757414609146.jpg 942w, https:\/\/graziamagazine.com\/es\/wp-content\/uploads\/sites\/12\/2025\/09\/maxresdefault-e1757414609146-300x223.jpg 300w, https:\/\/graziamagazine.com\/es\/wp-content\/uploads\/sites\/12\/2025\/09\/maxresdefault-e1757414609146-768x570.jpg 768w, https:\/\/graziamagazine.com\/es\/wp-content\/uploads\/sites\/12\/2025\/09\/maxresdefault-e1757414609146-400x297.jpg 400w, https:\/\/graziamagazine.com\/es\/wp-content\/uploads\/sites\/12\/2025\/09\/maxresdefault-e1757414609146-155x115.jpg 155w\" sizes=\"(max-width: 942px) 100vw, 942px\" \/><\/p>\n<p><span style=\"font-weight: 400\">De hecho, el color ciruela es considerado un color camale\u00f3n, ya que puede acompa\u00f1arnos m\u00e1s all\u00e1 del oto\u00f1o si durante el invierno lo integramos con b\u00e1sicos como el gris, el blanco o el beige.<\/span><\/p>\n<p><img decoding=\"async\" src=\"https:\/\/e00-telva.uecdn.es\/assets\/multimedia\/imagenes\/2025\/03\/03\/17410032039132.jpg\" alt=\"El color m\u00e1s elegante del pr\u00f3ximo oto\u00f1o invierno es el ciruela, que en  todos sus tonos es un cl\u00e1sico f\u00e1cil de combinar | Telva.com\" \/><\/p>\n<p><span style=\"font-weight: 400\">Sin duda, este color se convierte en la mejor apuesta para darle al oto\u00f1o un tono completamente natural.<\/span><\/p>\n<p><em>*Im\u00e1genes: Getty Images y Redes Sociales<\/em><\/p>\n","protected":false},"author":16349,"featured_media":187602,"template":"","format":"standard","categories":[1],"acf":[],"yoast_head":"<!-- This site is optimized with the Yoast SEO Premium plugin v18.5 (Yoast SEO v20.4) - https:\/\/yoast.com\/wordpress\/plugins\/seo\/ -->\n<title>Ciruela, el color en tendencia del pr\u00f3ximo oto\u00f1o<\/title>\n<meta name=\"description\" content=\"Este oto\u00f1o, un tono hermoso y envolvente se convertir\u00e1 en el gran protagonista de la temporada: el color ciruela. Entre el burdeos y el violeta profundo,\" \/>\n<meta name=\"robots\" content=\"index, follow, max-snippet:-1, max-image-preview:large, max-video-preview:-1\" \/>\n<link rel=\"canonical\" href=\"https:\/\/graziamagazine.com\/es\/articles\/ciruela-el-color-en-tendencia-del-proximo-otono\/\" \/>\n<meta property=\"og:locale\" content=\"es_ES\" \/>\n<meta property=\"og:type\" content=\"article\" \/>\n<meta property=\"og:title\" content=\"Ciruela, el color en tendencia del pr\u00f3ximo oto\u00f1o\" \/>\n<meta property=\"og:description\" content=\"Este oto\u00f1o, un tono hermoso y envolvente se convertir\u00e1 en el gran protagonista de la temporada: el color ciruela. Entre el burdeos y el violeta profundo,\" \/>\n<meta property=\"og:url\" content=\"https:\/\/graziamagazine.com\/es\/articles\/ciruela-el-color-en-tendencia-del-proximo-otono\/\" \/>\n<meta property=\"og:site_name\" content=\"Grazia\" \/>\n<meta property=\"og:image\" content=\"https:\/\/graziamagazine.com\/es\/wp-content\/uploads\/sites\/12\/2025\/09\/17568114156948-e1757414387722.jpg\" \/>\n\t<meta property=\"og:image:width\" content=\"1260\" \/>\n\t<meta property=\"og:image:height\" content=\"1161\" \/>\n\t<meta property=\"og:image:type\" content=\"image\/jpeg\" \/>\n<meta name=\"twitter:card\" content=\"summary_large_image\" \/>\n<meta name=\"twitter:label1\" content=\"Est. reading time\" \/>\n\t<meta name=\"twitter:data1\" content=\"2 minutos\" \/>\n<script type=\"application\/ld+json\" class=\"yoast-schema-graph\">{\"@context\":\"https:\/\/schema.org\",\"@graph\":[{\"@type\":\"WebPage\",\"@id\":\"https:\/\/graziamagazine.com\/es\/articles\/ciruela-el-color-en-tendencia-del-proximo-otono\/\",\"url\":\"https:\/\/graziamagazine.com\/es\/articles\/ciruela-el-color-en-tendencia-del-proximo-otono\/\",\"name\":\"Ciruela, el color en tendencia del pr\u00f3ximo oto\u00f1o\",\"isPartOf\":{\"@id\":\"https:\/\/graziamagazine.com\/es\/#website\"},\"datePublished\":\"2025-09-09T10:45:02+00:00\",\"dateModified\":\"2025-09-09T10:45:02+00:00\",\"description\":\"Este oto\u00f1o, un tono hermoso y envolvente se convertir\u00e1 en el gran protagonista de la temporada: el color ciruela. Entre el burdeos y el violeta profundo,\",\"breadcrumb\":{\"@id\":\"https:\/\/graziamagazine.com\/es\/articles\/ciruela-el-color-en-tendencia-del-proximo-otono\/#breadcrumb\"},\"inLanguage\":\"es\",\"potentialAction\":[{\"@type\":\"ReadAction\",\"target\":[\"https:\/\/graziamagazine.com\/es\/articles\/ciruela-el-color-en-tendencia-del-proximo-otono\/\"]}]},{\"@type\":\"BreadcrumbList\",\"@id\":\"https:\/\/graziamagazine.com\/es\/articles\/ciruela-el-color-en-tendencia-del-proximo-otono\/#breadcrumb\",\"itemListElement\":[{\"@type\":\"ListItem\",\"position\":1,\"name\":\"Portada\",\"item\":\"https:\/\/graziamagazine.com\/es\/\"},{\"@type\":\"ListItem\",\"position\":2,\"name\":\"Ciruela, el color en tendencia del pr\u00f3ximo oto\u00f1o\"}]},{\"@type\":\"WebSite\",\"@id\":\"https:\/\/graziamagazine.com\/es\/#website\",\"url\":\"https:\/\/graziamagazine.com\/es\/\",\"name\":\"Grazia\",\"description\":\"Moda, belleza, celebrities, estilo de vida...\",\"potentialAction\":[{\"@type\":\"SearchAction\",\"target\":{\"@type\":\"EntryPoint\",\"urlTemplate\":\"https:\/\/graziamagazine.com\/es\/?s={search_term_string}\"},\"query-input\":\"required name=search_term_string\"}],\"inLanguage\":\"es\"}]}<\/script>\n<!-- \/ Yoast SEO Premium plugin. -->","yoast_head_json":{"title":"Ciruela, el color en tendencia del pr\u00f3ximo oto\u00f1o","description":"Este oto\u00f1o, un tono hermoso y envolvente se convertir\u00e1 en el gran protagonista de la temporada: el color ciruela. Entre el burdeos y el violeta profundo,","robots":{"index":"index","follow":"follow","max-snippet":"max-snippet:-1","max-image-preview":"max-image-preview:large","max-video-preview":"max-video-preview:-1"},"canonical":"https:\/\/graziamagazine.com\/es\/articles\/ciruela-el-color-en-tendencia-del-proximo-otono\/","og_locale":"es_ES","og_type":"article","og_title":"Ciruela, el color en tendencia del pr\u00f3ximo oto\u00f1o","og_description":"Este oto\u00f1o, un tono hermoso y envolvente se convertir\u00e1 en el gran protagonista de la temporada: el color ciruela. Entre el burdeos y el violeta profundo,","og_url":"https:\/\/graziamagazine.com\/es\/articles\/ciruela-el-color-en-tendencia-del-proximo-otono\/","og_site_name":"Grazia","og_image":[{"width":1260,"height":1161,"url":"https:\/\/graziamagazine.com\/es\/wp-content\/uploads\/sites\/12\/2025\/09\/17568114156948-e1757414387722.jpg","type":"image\/jpeg"}],"twitter_card":"summary_large_image","twitter_misc":{"Est. reading time":"2 minutos"},"schema":{"@context":"https:\/\/schema.org","@graph":[{"@type":"WebPage","@id":"https:\/\/graziamagazine.com\/es\/articles\/ciruela-el-color-en-tendencia-del-proximo-otono\/","url":"https:\/\/graziamagazine.com\/es\/articles\/ciruela-el-color-en-tendencia-del-proximo-otono\/","name":"Ciruela, el color en tendencia del pr\u00f3ximo oto\u00f1o","isPartOf":{"@id":"https:\/\/graziamagazine.com\/es\/#website"},"datePublished":"2025-09-09T10:45:02+00:00","dateModified":"2025-09-09T10:45:02+00:00","description":"Este oto\u00f1o, un tono hermoso y envolvente se convertir\u00e1 en el gran protagonista de la temporada: el color ciruela. Entre el burdeos y el violeta profundo,","breadcrumb":{"@id":"https:\/\/graziamagazine.com\/es\/articles\/ciruela-el-color-en-tendencia-del-proximo-otono\/#breadcrumb"},"inLanguage":"es","potentialAction":[{"@type":"ReadAction","target":["https:\/\/graziamagazine.com\/es\/articles\/ciruela-el-color-en-tendencia-del-proximo-otono\/"]}]},{"@type":"BreadcrumbList","@id":"https:\/\/graziamagazine.com\/es\/articles\/ciruela-el-color-en-tendencia-del-proximo-otono\/#breadcrumb","itemListElement":[{"@type":"ListItem","position":1,"name":"Portada","item":"https:\/\/graziamagazine.com\/es\/"},{"@type":"ListItem","position":2,"name":"Ciruela, el color en tendencia del pr\u00f3ximo oto\u00f1o"}]},{"@type":"WebSite","@id":"https:\/\/graziamagazine.com\/es\/#website","url":"https:\/\/graziamagazine.com\/es\/","name":"Grazia","description":"Moda, belleza, celebrities, estilo de vida...","potentialAction":[{"@type":"SearchAction","target":{"@type":"EntryPoint","urlTemplate":"https:\/\/graziamagazine.com\/es\/?s={search_term_string}"},"query-input":"required name=search_term_string"}],"inLanguage":"es"}]}},"jetpack_sharing_enabled":true,"distributor_meta":false,"distributor_terms":false,"distributor_media":false,"distributor_original_site_name":"Grazia","distributor_original_site_url":"https:\/\/graziamagazine.com\/es","push-errors":false,"_links":{"self":[{"href":"https:\/\/graziamagazine.com\/es\/wp-json\/wp\/v2\/articles\/187599"}],"collection":[{"href":"https:\/\/graziamagazine.com\/es\/wp-json\/wp\/v2\/articles"}],"about":[{"href":"https:\/\/graziamagazine.com\/es\/wp-json\/wp\/v2\/types\/articles"}],"author":[{"embeddable":true,"href":"https:\/\/graziamagazine.com\/es\/wp-json\/wp\/v2\/users\/16349"}],"wp:featuredmedia":[{"embeddable":true,"href":"https:\/\/graziamagazine.com\/es\/wp-json\/wp\/v2\/media\/187602"}],"wp:attachment":[{"href":"https:\/\/graziamagazine.com\/es\/wp-json\/wp\/v2\/media?parent=187599"}],"wp:term":[{"taxonomy":"category","embeddable":true,"href":"https:\/\/graziamagazine.com\/es\/wp-json\/wp\/v2\/categories?post=187599"}],"curies":[{"name":"wp","href":"https:\/\/api.w.org\/{rel}","templated":true}]}}