{"id":187546,"date":"2025-09-08T12:59:18","date_gmt":"2025-09-08T10:59:18","guid":{"rendered":"https:\/\/graziamagazine.com\/es\/?post_type=articles&#038;p=187546"},"modified":"2025-09-08T12:59:18","modified_gmt":"2025-09-08T10:59:18","slug":"los-premios-goya-2026-se-celebraran-en-barcelona","status":"publish","type":"articles","link":"https:\/\/graziamagazine.com\/es\/articles\/los-premios-goya-2026-se-celebraran-en-barcelona\/","title":{"rendered":"Los Premios Goya 2026 se celebrar\u00e1n en Barcelona"},"content":{"rendered":"<p>La Ciudad Condal acoger\u00e1 la 40 edici\u00f3n de los Premios Goya el pr\u00f3ximo 28 de febrero de 2026, una gala que tendr\u00e1 lugar en el Auditori del Centre de Convencions Internacionals de Barcelona, a escasos metros del mar Mediterr\u00e1neo. As\u00ed lo ha anunciado hoy en esta ciudad el presidente de la Academia de Cine,\u00a0<strong>Fernando M\u00e9ndez-Leite<\/strong>, junto a su alcalde,\u00a0<strong>Jaume Collboni<\/strong>; la consellera de Cultura,\u00a0<strong>S\u00f2nia Hern\u00e1ndez<\/strong>; y el vicepresidente de la instituci\u00f3n,\u00a0<strong>Rafael Portela<\/strong>, en un acto celebrado en el Palau de la Generalitat de Catalunya.<\/p>\n<p>\u201cHan pasado cuatro d\u00e9cadas desde aquella primera gala. Y veinticinco a\u00f1os desde que los Goya viajaron por primera vez a Barcelona, en el a\u00f1o 2000. Volver aqu\u00ed, en esta fecha tan simb\u00f3lica, es mucho m\u00e1s que un gesto. Es un reconocimiento profundo a una ciudad que respira cine\u201d, dijo Fernando M\u00e9ndez-Leite, que insisti\u00f3 en que para la instituci\u00f3n es \u201ctodo un honor\u201d viajar a la capital catalana en el 40 aniversario de los premios.<\/p>\n<p>Durante su intervenci\u00f3n, destac\u00f3 que Catalu\u00f1a ha sido y es \u201cimprescindible\u201d para la cinematograf\u00eda espa\u00f1ola. \u201cNo se puede contar nuestra historia sin sus guionistas, productores, directores, t\u00e9cnicos, actores y actrices, y sus escuelas\u201d, apunt\u00f3, subrayando la \u201cindiscutible\u201d presencia de profesionales de todas las ramas del sector en los Premios Goya a lo largo de su historia en un acto al que acudieron los int\u00e9rpretes\u00a0<strong>Laia Marull<\/strong>,\u00a0<strong>\u00c1ngela Cervantes<\/strong>\u00a0y\u00a0<strong>Pol Monen<\/strong>; los cineastas\u00a0<strong>Jos\u00e9 Corbacho<\/strong>,\u00a0<strong>Kike Ma\u00edllo<\/strong>\u00a0y\u00a0<strong>Pol Rodr\u00edguez<\/strong>; y los productores\u00a0<strong>Valerie Delpierre<\/strong>,\u00a0<strong>Tono Folguera, Edmon Roch;<\/strong>\u00a0y la cineasta y presidenta de la Academia de Cine catal\u00e1n,\u00a0<strong>Judith Colell<\/strong>.<\/p>\n        <blockquote class=\"instagram-media \" style=\"background: #ffffff;border: 0;margin: 1px;width: 100%;padding: 0;\"  data-instgrm-permalink=\"https:\/\/www.instagram.com\/p\/DONrkAqit8Z\/\" data-instgrm-version=\"14\"><\/blockquote>\n<p>Celebrado en la sede del Govern catal\u00e1n, el acto de presentaci\u00f3n de la 40 edici\u00f3n de los Premios Goya,\u00a0 tambi\u00e9n cont\u00f3 con la presencia de algunos miembros de la Junta Directiva de la Academia como\u00a0<strong>Josep M. Civit<\/strong>,\u00a0<strong>Josep Amor\u00f3s<\/strong>,\u00a0<strong>Sergio D\u00edaz<\/strong>\u00a0y\u00a0<strong>Piluca Baquero<\/strong>.<\/p>\n<p>Adem\u00e1s, en la cita barcelonesa se reconocer\u00e1 con el premio honor\u00edfico a\u00a0<strong>Gonzalo Su\u00e1rez<\/strong>, cuya trayectoria est\u00e1 \u201cligada a la ciudad, escenario de docenas y docenas de pel\u00edculas del cine de todo el mundo\u201d.<\/p>\n<p>M\u00e9ndez-Leite quiso destacar que el s\u00edntoma m\u00e1s reciente del \u201cgran momento\u201d que vive el audiovisual catal\u00e1n es que los tres largometrajes preseleccionados para representar a Espa\u00f1a en los Oscar, anunciados el pasado mi\u00e9rcoles, cuentan con producci\u00f3n catalana:\u00a0<em>Romer\u00eda<\/em>, dirigida por\u00a0<strong>Carla Sim\u00f3n<\/strong>;\u00a0<em>Sirat<\/em>, dirigida por\u00a0<strong>Oliver Laxe<\/strong>; y\u00a0<em>Sorda<\/em>, dirigida por\u00a0<strong>Eva Libertad<\/strong>.<\/p>\n<p>En la misma l\u00ednea se expresaron las declaraciones de la consellera de Cultura, que asegur\u00f3 que para la Generalitat el cine es un sector \u201cestrat\u00e9gico\u201d y que acoger los Premios Goya 2026 en Barcelona evidencia \u201cun reconocimiento de la fuerza, del talento y del dinamismo de nuestro audiovisual. Estamos muy orgullosos del cine catal\u00e1n, que vive un momento sensacional\u201d, dijo.<\/p>\n<p><img loading=\"lazy\" decoding=\"async\" class=\"aligncenter size-full wp-image-187548\" src=\"https:\/\/graziamagazine.com\/es\/wp-content\/uploads\/sites\/12\/2025\/09\/WhatsApp-Image-2025-09-05-at-11.43.45.jpeg\" alt=\"\" width=\"2560\" height=\"1706\" srcset=\"https:\/\/graziamagazine.com\/es\/wp-content\/uploads\/sites\/12\/2025\/09\/WhatsApp-Image-2025-09-05-at-11.43.45.jpeg 2560w, https:\/\/graziamagazine.com\/es\/wp-content\/uploads\/sites\/12\/2025\/09\/WhatsApp-Image-2025-09-05-at-11.43.45-300x200.jpeg 300w, https:\/\/graziamagazine.com\/es\/wp-content\/uploads\/sites\/12\/2025\/09\/WhatsApp-Image-2025-09-05-at-11.43.45-1024x682.jpeg 1024w, https:\/\/graziamagazine.com\/es\/wp-content\/uploads\/sites\/12\/2025\/09\/WhatsApp-Image-2025-09-05-at-11.43.45-768x512.jpeg 768w, https:\/\/graziamagazine.com\/es\/wp-content\/uploads\/sites\/12\/2025\/09\/WhatsApp-Image-2025-09-05-at-11.43.45-1536x1024.jpeg 1536w, https:\/\/graziamagazine.com\/es\/wp-content\/uploads\/sites\/12\/2025\/09\/WhatsApp-Image-2025-09-05-at-11.43.45-2048x1365.jpeg 2048w, https:\/\/graziamagazine.com\/es\/wp-content\/uploads\/sites\/12\/2025\/09\/WhatsApp-Image-2025-09-05-at-11.43.45-400x267.jpeg 400w, https:\/\/graziamagazine.com\/es\/wp-content\/uploads\/sites\/12\/2025\/09\/WhatsApp-Image-2025-09-05-at-11.43.45-155x103.jpeg 155w\" sizes=\"(max-width: 2560px) 100vw, 2560px\" \/><\/p>\n<p>Por su parte, \u00a0Jaume Collboni, mostr\u00f3 su satisfacci\u00f3n y agradecimiento a la Academia por haber escogido Barcelona \u201cen un momento de eclosi\u00f3n y reconocimiento del cine catal\u00e1n por parte del sector y de la cr\u00edtica pero sobretodo por parte del p\u00fablico\u201d y resalt\u00f3 que el objetivo de la ciudad ante este gran acontecimiento es dotar a la fiesta del cine de una dimensi\u00f3n ciudadana con actividades en distintos puntos de la ciudad que hagan de la gala un acontecimiento \u201clo m\u00e1s abierto, accesible y participado posible y con el objetivo \u00faltimo de atraer de nuevo al p\u00fablico m\u00e1s joven y recuperar la magia de ver el cine en las salas\u201d.<\/p>\n<h3><strong>Una celebraci\u00f3n abierta a toda la ciudad<\/strong><\/h3>\n<p>Durante el acto se avanz\u00f3 que, en las semanas previas a la celebraci\u00f3n de la 40 edici\u00f3n de los Premios Goya, la ciudad acoger\u00e1 un amplio programa de actividades abiertas a la ciudadan\u00eda. Una exposici\u00f3n urbana protagonizada por ganadores y ganadoras catalanas y catalanas, un \u201cpaseo de la fama\u201d con fotograf\u00edas de gran formato de todos los galardonados catalanes de las 39 ediciones de los Goya; y proyecciones de pel\u00edculas nominadas con la presencia de sus protagonistas, que compartir\u00e1n encuentros con el p\u00fablico ser\u00e1n parte de un amplio programa de actividades para que los ciudadanos y ciudadanos disfruten de la magia del cine antes de la celebraci\u00f3n de la gala.<\/p>\n<p>El programa incluir\u00e1 tambi\u00e9n iniciativas sociales y educativas, como sesiones de cine dirigidas a ni\u00f1os, j\u00f3venes y a colectivos en situaci\u00f3n de vulnerabilidad, as\u00ed como propuestas para acercar los Goya a las calles: desde Premios Goya gigantes que ser\u00e1n ubicados en diferentes puntos de la ciudad hasta un photocall en la sede del Ayuntamiento, en el que los ciudadanos y ciudadanas podr\u00e1n fotografiarse con un Premio Goya. El p\u00fablico podr\u00e1, adem\u00e1s, participar en encuentros especiales con el Goya de Honor, Gonzalo Su\u00e1rez, y con el Goya Internacional.<\/p>\n<p><img loading=\"lazy\" decoding=\"async\" class=\"aligncenter size-full wp-image-187547\" src=\"https:\/\/graziamagazine.com\/es\/wp-content\/uploads\/sites\/12\/2025\/09\/IMG_1130-scaled-1.jpg\" alt=\"\" width=\"2560\" height=\"1707\" srcset=\"https:\/\/graziamagazine.com\/es\/wp-content\/uploads\/sites\/12\/2025\/09\/IMG_1130-scaled-1.jpg 2560w, https:\/\/graziamagazine.com\/es\/wp-content\/uploads\/sites\/12\/2025\/09\/IMG_1130-scaled-1-300x200.jpg 300w, https:\/\/graziamagazine.com\/es\/wp-content\/uploads\/sites\/12\/2025\/09\/IMG_1130-scaled-1-1024x683.jpg 1024w, https:\/\/graziamagazine.com\/es\/wp-content\/uploads\/sites\/12\/2025\/09\/IMG_1130-scaled-1-768x512.jpg 768w, https:\/\/graziamagazine.com\/es\/wp-content\/uploads\/sites\/12\/2025\/09\/IMG_1130-scaled-1-1536x1024.jpg 1536w, https:\/\/graziamagazine.com\/es\/wp-content\/uploads\/sites\/12\/2025\/09\/IMG_1130-scaled-1-2048x1366.jpg 2048w, https:\/\/graziamagazine.com\/es\/wp-content\/uploads\/sites\/12\/2025\/09\/IMG_1130-scaled-1-400x267.jpg 400w, https:\/\/graziamagazine.com\/es\/wp-content\/uploads\/sites\/12\/2025\/09\/IMG_1130-scaled-1-155x103.jpg 155w\" sizes=\"(max-width: 2560px) 100vw, 2560px\" \/><\/p>\n<p>El pr\u00f3ximo 28 de febrero de 2026, m\u00e1s de un cuarto de siglo despu\u00e9s, los Goya regresar\u00e1n a Barcelona, que en el a\u00f1o 2000 acogi\u00f3 la ceremonia de entrega de estos premios. Veintis\u00e9is a\u00f1os despu\u00e9s, la Academia de Cine, que en los \u00faltimos a\u00f1os ha apostado por celebrar la gala en diferentes ciudades, viajar\u00e1 a Barcelona para entregar las estatuillas de la que ser\u00e1 su 40 edici\u00f3n. Adem\u00e1s de Madrid y Barcelona, los Premios Goya se han celebrado en Sevilla (2019 y 2023), M\u00e1laga (2020 y 2021), Valencia (2022), Valladolid (2024) y Granada (2025).<\/p>\n<p>&nbsp;<\/p>\n","protected":false},"author":11653,"featured_media":187549,"template":"","format":"standard","categories":[2971],"acf":{"banner":""},"yoast_head":"<!-- This site is optimized with the Yoast SEO Premium plugin v18.5 (Yoast SEO v20.4) - https:\/\/yoast.com\/wordpress\/plugins\/seo\/ -->\n<title>Los Premios Goya 2026 se celebrar\u00e1n en Barcelona<\/title>\n<meta name=\"description\" content=\"La 40 edici\u00f3n de los premios de la Academia de Cine tendr\u00e1n lugar, por segunda vez, en la capital catalana.\" \/>\n<meta name=\"robots\" content=\"index, follow, max-snippet:-1, max-image-preview:large, max-video-preview:-1\" \/>\n<link rel=\"canonical\" href=\"https:\/\/graziamagazine.com\/es\/articles\/los-premios-goya-2026-se-celebraran-en-barcelona\/\" \/>\n<meta property=\"og:locale\" content=\"es_ES\" \/>\n<meta property=\"og:type\" content=\"article\" \/>\n<meta property=\"og:title\" content=\"Los Premios Goya 2026 se celebrar\u00e1n en Barcelona\" \/>\n<meta property=\"og:description\" content=\"La 40 edici\u00f3n de los premios de la Academia de Cine tendr\u00e1n lugar, por segunda vez, en la capital catalana.\" \/>\n<meta property=\"og:url\" content=\"https:\/\/graziamagazine.com\/es\/articles\/los-premios-goya-2026-se-celebraran-en-barcelona\/\" \/>\n<meta property=\"og:site_name\" content=\"Grazia\" \/>\n<meta property=\"og:image\" content=\"https:\/\/graziamagazine.com\/es\/wp-content\/uploads\/sites\/12\/2025\/09\/academiadecine-e1757329121392.jpg\" \/>\n\t<meta property=\"og:image:width\" content=\"1404\" \/>\n\t<meta property=\"og:image:height\" content=\"926\" \/>\n\t<meta property=\"og:image:type\" content=\"image\/jpeg\" \/>\n<meta name=\"twitter:card\" content=\"summary_large_image\" \/>\n<meta name=\"twitter:label1\" content=\"Est. reading time\" \/>\n\t<meta name=\"twitter:data1\" content=\"5 minutos\" \/>\n<script type=\"application\/ld+json\" class=\"yoast-schema-graph\">{\"@context\":\"https:\/\/schema.org\",\"@graph\":[{\"@type\":\"WebPage\",\"@id\":\"https:\/\/graziamagazine.com\/es\/articles\/los-premios-goya-2026-se-celebraran-en-barcelona\/\",\"url\":\"https:\/\/graziamagazine.com\/es\/articles\/los-premios-goya-2026-se-celebraran-en-barcelona\/\",\"name\":\"Los Premios Goya 2026 se celebrar\u00e1n en Barcelona\",\"isPartOf\":{\"@id\":\"https:\/\/graziamagazine.com\/es\/#website\"},\"datePublished\":\"2025-09-08T10:59:18+00:00\",\"dateModified\":\"2025-09-08T10:59:18+00:00\",\"description\":\"La 40 edici\u00f3n de los premios de la Academia de Cine tendr\u00e1n lugar, por segunda vez, en la capital catalana.\",\"breadcrumb\":{\"@id\":\"https:\/\/graziamagazine.com\/es\/articles\/los-premios-goya-2026-se-celebraran-en-barcelona\/#breadcrumb\"},\"inLanguage\":\"es\",\"potentialAction\":[{\"@type\":\"ReadAction\",\"target\":[\"https:\/\/graziamagazine.com\/es\/articles\/los-premios-goya-2026-se-celebraran-en-barcelona\/\"]}]},{\"@type\":\"BreadcrumbList\",\"@id\":\"https:\/\/graziamagazine.com\/es\/articles\/los-premios-goya-2026-se-celebraran-en-barcelona\/#breadcrumb\",\"itemListElement\":[{\"@type\":\"ListItem\",\"position\":1,\"name\":\"Portada\",\"item\":\"https:\/\/graziamagazine.com\/es\/\"},{\"@type\":\"ListItem\",\"position\":2,\"name\":\"Los Premios Goya 2026 se celebrar\u00e1n en Barcelona\"}]},{\"@type\":\"WebSite\",\"@id\":\"https:\/\/graziamagazine.com\/es\/#website\",\"url\":\"https:\/\/graziamagazine.com\/es\/\",\"name\":\"Grazia\",\"description\":\"Moda, belleza, celebrities, estilo de vida...\",\"potentialAction\":[{\"@type\":\"SearchAction\",\"target\":{\"@type\":\"EntryPoint\",\"urlTemplate\":\"https:\/\/graziamagazine.com\/es\/?s={search_term_string}\"},\"query-input\":\"required name=search_term_string\"}],\"inLanguage\":\"es\"}]}<\/script>\n<!-- \/ Yoast SEO Premium plugin. -->","yoast_head_json":{"title":"Los Premios Goya 2026 se celebrar\u00e1n en Barcelona","description":"La 40 edici\u00f3n de los premios de la Academia de Cine tendr\u00e1n lugar, por segunda vez, en la capital catalana.","robots":{"index":"index","follow":"follow","max-snippet":"max-snippet:-1","max-image-preview":"max-image-preview:large","max-video-preview":"max-video-preview:-1"},"canonical":"https:\/\/graziamagazine.com\/es\/articles\/los-premios-goya-2026-se-celebraran-en-barcelona\/","og_locale":"es_ES","og_type":"article","og_title":"Los Premios Goya 2026 se celebrar\u00e1n en Barcelona","og_description":"La 40 edici\u00f3n de los premios de la Academia de Cine tendr\u00e1n lugar, por segunda vez, en la capital catalana.","og_url":"https:\/\/graziamagazine.com\/es\/articles\/los-premios-goya-2026-se-celebraran-en-barcelona\/","og_site_name":"Grazia","og_image":[{"width":1404,"height":926,"url":"https:\/\/graziamagazine.com\/es\/wp-content\/uploads\/sites\/12\/2025\/09\/academiadecine-e1757329121392.jpg","type":"image\/jpeg"}],"twitter_card":"summary_large_image","twitter_misc":{"Est. reading time":"5 minutos"},"schema":{"@context":"https:\/\/schema.org","@graph":[{"@type":"WebPage","@id":"https:\/\/graziamagazine.com\/es\/articles\/los-premios-goya-2026-se-celebraran-en-barcelona\/","url":"https:\/\/graziamagazine.com\/es\/articles\/los-premios-goya-2026-se-celebraran-en-barcelona\/","name":"Los Premios Goya 2026 se celebrar\u00e1n en Barcelona","isPartOf":{"@id":"https:\/\/graziamagazine.com\/es\/#website"},"datePublished":"2025-09-08T10:59:18+00:00","dateModified":"2025-09-08T10:59:18+00:00","description":"La 40 edici\u00f3n de los premios de la Academia de Cine tendr\u00e1n lugar, por segunda vez, en la capital catalana.","breadcrumb":{"@id":"https:\/\/graziamagazine.com\/es\/articles\/los-premios-goya-2026-se-celebraran-en-barcelona\/#breadcrumb"},"inLanguage":"es","potentialAction":[{"@type":"ReadAction","target":["https:\/\/graziamagazine.com\/es\/articles\/los-premios-goya-2026-se-celebraran-en-barcelona\/"]}]},{"@type":"BreadcrumbList","@id":"https:\/\/graziamagazine.com\/es\/articles\/los-premios-goya-2026-se-celebraran-en-barcelona\/#breadcrumb","itemListElement":[{"@type":"ListItem","position":1,"name":"Portada","item":"https:\/\/graziamagazine.com\/es\/"},{"@type":"ListItem","position":2,"name":"Los Premios Goya 2026 se celebrar\u00e1n en Barcelona"}]},{"@type":"WebSite","@id":"https:\/\/graziamagazine.com\/es\/#website","url":"https:\/\/graziamagazine.com\/es\/","name":"Grazia","description":"Moda, belleza, celebrities, estilo de vida...","potentialAction":[{"@type":"SearchAction","target":{"@type":"EntryPoint","urlTemplate":"https:\/\/graziamagazine.com\/es\/?s={search_term_string}"},"query-input":"required name=search_term_string"}],"inLanguage":"es"}]}},"jetpack_sharing_enabled":true,"distributor_meta":false,"distributor_terms":false,"distributor_media":false,"distributor_original_site_name":"Grazia","distributor_original_site_url":"https:\/\/graziamagazine.com\/es","push-errors":false,"_links":{"self":[{"href":"https:\/\/graziamagazine.com\/es\/wp-json\/wp\/v2\/articles\/187546"}],"collection":[{"href":"https:\/\/graziamagazine.com\/es\/wp-json\/wp\/v2\/articles"}],"about":[{"href":"https:\/\/graziamagazine.com\/es\/wp-json\/wp\/v2\/types\/articles"}],"author":[{"embeddable":true,"href":"https:\/\/graziamagazine.com\/es\/wp-json\/wp\/v2\/users\/11653"}],"wp:featuredmedia":[{"embeddable":true,"href":"https:\/\/graziamagazine.com\/es\/wp-json\/wp\/v2\/media\/187549"}],"wp:attachment":[{"href":"https:\/\/graziamagazine.com\/es\/wp-json\/wp\/v2\/media?parent=187546"}],"wp:term":[{"taxonomy":"category","embeddable":true,"href":"https:\/\/graziamagazine.com\/es\/wp-json\/wp\/v2\/categories?post=187546"}],"curies":[{"name":"wp","href":"https:\/\/api.w.org\/{rel}","templated":true}]}}