{"id":187494,"date":"2025-09-08T08:00:34","date_gmt":"2025-09-08T06:00:34","guid":{"rendered":"https:\/\/graziamagazine.com\/es\/?post_type=articles&#038;p=187494"},"modified":"2025-09-07T23:07:04","modified_gmt":"2025-09-07T21:07:04","slug":"loewe-y-palomo-spain-se-suman-al-comite-de-ego-en-mbfwmadrid","status":"publish","type":"articles","link":"https:\/\/graziamagazine.com\/es\/articles\/loewe-y-palomo-spain-se-suman-al-comite-de-ego-en-mbfwmadrid\/","title":{"rendered":"LOEWE y Palomo Spain se suman al comit\u00e9 de EGO en MBFWMadrid"},"content":{"rendered":"<p>La\u00a0plataforma\u00a0<span class=\"markktjn2wlnv\" data-markjs=\"true\" data-ogac=\"\" data-ogab=\"\" data-ogsc=\"\" data-ogsb=\"\">EGO<\/span>\u00a0de Mercedes-Benz Fashion Week Madrid, nacida como\u00a0espacio para la innovaci\u00f3n y el descubrimiento\u00a0del\u00a0nuevo talento\u00a0en la moda espa\u00f1ola,\u00a0entra en una nueva etapa con una mirada firme hacia el futuro. Coincidiendo con la\u00a0cuenta atr\u00e1s hacia su 20\u00ba aniversario\u2014que se\u00a0celebrar\u00e1 en febrero de 2026\u2014, esta plataforma ha\u00a0presentado la creaci\u00f3n de un nuevo comit\u00e9 de selecci\u00f3n\u00a0integrado por profesionales clave del sector de la moda a nivel nacional e internacional.<\/p>\n<p>Esta\u00a0iniciativa supone una evoluci\u00f3n estrat\u00e9gica para\u00a0<span class=\"markktjn2wlnv\" data-markjs=\"true\" data-ogac=\"\" data-ogab=\"\" data-ogsc=\"\" data-ogsb=\"\">EGO<\/span>, en l\u00ednea con su misi\u00f3n de ser la \u201c<i>cantera creativa<\/i>\u201d de la moda en Espa\u00f1a. Este nuevo comit\u00e9 de selecci\u00f3n de\u00a0<span class=\"markktjn2wlnv\" data-markjs=\"true\" data-ogac=\"\" data-ogab=\"\" data-ogsc=\"\" data-ogsb=\"\">EGO<\/span>\u00a0no solo tendr\u00e1 la\u00a0responsabilidad de escoger a los dise\u00f1adores emergentes\u00a0que participar\u00e1n en la pasarela, sino que tambi\u00e9n\u00a0desempe\u00f1ar\u00e1 un papel activo en su desarrollo profesional,\u00a0promoviendo un entorno de di\u00e1logo e inclusi\u00f3n en el sector.<\/p>\n<h3>Una apuesta por la excelencia profesional y la proyecci\u00f3n internacional<\/h3>\n<p>La incorporaci\u00f3n de este comit\u00e9\u00a0responde a una necesidad creciente:\u00a0integrar la visi\u00f3n,\u00a0experiencia\u00a0y\u00a0prestigio de figuras consolidadas en el \u00e1mbito de la moda\u00a0para detectar proyectos con verdadera capacidad de impacto.<\/p>\n<p>El pr\u00f3ximo\u00a0domingo 21 de septiembre, nueve firmas emergentes y una internacional desfilar\u00e1n en\u00a0<span class=\"markktjn2wlnv\" data-markjs=\"true\" data-ogac=\"\" data-ogab=\"\" data-ogsc=\"\" data-ogsb=\"\">EGO<\/span>, la pasarela de\u00a0Mercedes-Benz Fashion Week Madrid\u00a0dedicada a descubrir el talento m\u00e1s prometedor de la moda espa\u00f1ola.\u00a0Antonio Acuario, Antonio Del Canto, Asier Quintana, Dimoni Studio, Emeerree\u00a0(ganador de Mercedes-Benz Fashion Talent en septiembre 2023),\u00a0Guillermo D\u00e9cimo, Skinsfromtheinsideofmymouth, SLV FRR y Studio Cumbre\u00a0son los nueve candidatos al premio Mercedes-Benz Fashion Talent.<\/p>\n<h3>Los miembros del comit\u00e9 de selecci\u00f3n:<\/h3>\n<p>Alejandra de Borb\u00f3n, directora global de PR, eventos y proyectos culturales de Loewe (2013-2024);\u00a0Alba\u00a0Melendo, estilista y consultora creativa;\u00a0Alejandro G\u00f3mez Palomo, director creativo de Palomo Spain;\u00a0Alfredo Santamar\u00eda, estilista y consultor creativo;\u00a0Daniel Garc\u00eda, director de ICON, El Pa\u00eds;\u00a0Iria Dom\u00ednguez, Global PR de Bimba y Lola;\u00a0Joana Bonet, directora de Magazine La Vanguardia;\u00a0Josie, periodista de moda y estilista;\u00a0Judith Pascual, Levi\u2019s PR and Brand Programs Manager Iberia y Lighthouses Marketing Lead Europe;\u00a0Luca Guarini, editor jefe de Dust Magazine y director creativo;\u00a0Marc Forn\u00e9,\u00a0estilista y emprendedor y\u00a0Rub\u00e9n G\u00f3mez, director creativo, asesor y scouting de\u00a0<span class=\"markktjn2wlnv\" data-markjs=\"true\" data-ogac=\"\" data-ogab=\"\" data-ogsc=\"\" data-ogsb=\"\">EGO<\/span> MBFWMadrid.<\/p>\n<h3><span class=\"markktjn2wlnv\" data-markjs=\"true\" data-ogac=\"\" data-ogab=\"\" data-ogsc=\"\" data-ogsb=\"\" data-olk-copy-source=\"MessageBody\">EGO<\/span>: 20 a\u00f1os marcando el ritmo del ma\u00f1ana<\/h3>\n<p>La\u00a0pr\u00f3xima edici\u00f3n de febrero de 2026\u00a0marcar\u00e1 un\u00a0punto de inflexi\u00f3n para\u00a0<span class=\"markktjn2wlnv\" data-markjs=\"true\" data-ogac=\"\" data-ogab=\"\" data-ogsc=\"\" data-ogsb=\"\">EGO<\/span>. Se cumplen\u00a020 ediciones impulsando el talento emergente, a trav\u00e9s de la renovaci\u00f3n constante de la moda espa\u00f1ola. Desde su nacimiento, esta plataforma ha fomentado una\u00a0visi\u00f3n transformadora\u00a0y una\u00a0herramienta fundamental\u00a0para dar\u00a0visibilidad\u00a0a\u00a0creadores\u00a0que hoy generan nuevas narrativas y discursos de la moda.<\/p>\n<p>Desde que comenzase,\u00a0220 marcas han pasado por\u00a0<span class=\"markktjn2wlnv\" data-markjs=\"true\" data-ogac=\"\" data-ogab=\"\" data-ogsc=\"\" data-ogsb=\"\">EGO<\/span>. Su impacto ha sido notable en el desarrollo de una nueva generaci\u00f3n de dise\u00f1adores que han sabido abrirse camino en el panorama nacional e internacional. Por\u00a0<span class=\"markktjn2wlnv\" data-markjs=\"true\" data-ogac=\"\" data-ogab=\"\" data-ogsc=\"\" data-ogsb=\"\">EGO<\/span>\u00a0han pasado nombres hoy imprescindibles como\u00a0Mar\u00eda Escot\u00e9, Montenegro, Mois\u00e9s Nieto, Juan Vidal, Pepa Salazar, Dominnico, JC Pajares, David Catal\u00e1n, Leandro Cano, Man\u00e9man\u00e9, Maya Hansen, Pablo Erroz\u00a0o\u00a0Paloma Su\u00e1rez, entre muchos otros.<\/p>\n<p>En estas dos d\u00e9cadas,\u00a0<span class=\"markktjn2wlnv\" data-markjs=\"true\" data-ogac=\"\" data-ogab=\"\" data-ogsc=\"\" data-ogsb=\"\">EGO<\/span>\u00a0ha servido para consolidar su posici\u00f3n como uno de los programas m\u00e1s relevantes dentro del calendario oficial de\u00a0Mercedes-Benz Fashion Week Madrid. Este legado, que ha sabido evolucionar sin perder su esencia, ser\u00e1 celebrado por todo lo alto en su pr\u00f3xima edici\u00f3n.<\/p>\n<p><em>*Imagen: cortes\u00eda<\/em><\/p>\n","protected":false},"author":11653,"featured_media":187522,"template":"","format":"standard","categories":[11738,1],"acf":[],"yoast_head":"<!-- This site is optimized with the Yoast SEO Premium plugin v18.5 (Yoast SEO v20.4) - https:\/\/yoast.com\/wordpress\/plugins\/seo\/ -->\n<title>LOEWE y Palomo Spain se suman al comit\u00e9 de EGO<\/title>\n<meta name=\"description\" content=\"La pasarela madrile\u00f1a crea un nuevo comit\u00e9 de selecci\u00f3n para EGO, en l\u00ednea con su nuevo plan estrat\u00e9gico, su apuesta con el talento emergente.\" \/>\n<meta name=\"robots\" content=\"index, follow, max-snippet:-1, max-image-preview:large, max-video-preview:-1\" \/>\n<link rel=\"canonical\" href=\"https:\/\/graziamagazine.com\/es\/articles\/loewe-y-palomo-spain-se-suman-al-comite-de-ego-en-mbfwmadrid\/\" \/>\n<meta property=\"og:locale\" content=\"es_ES\" \/>\n<meta property=\"og:type\" content=\"article\" \/>\n<meta property=\"og:title\" content=\"LOEWE y Palomo Spain se suman al comit\u00e9 de EGO en MBFWMadrid\" \/>\n<meta property=\"og:description\" content=\"La pasarela madrile\u00f1a crea un nuevo comit\u00e9 de selecci\u00f3n para EGO, en l\u00ednea con su nuevo plan estrat\u00e9gico, su apuesta con el talento emergente.\" \/>\n<meta property=\"og:url\" content=\"https:\/\/graziamagazine.com\/es\/articles\/loewe-y-palomo-spain-se-suman-al-comite-de-ego-en-mbfwmadrid\/\" \/>\n<meta property=\"og:site_name\" content=\"Grazia\" \/>\n<meta property=\"article:modified_time\" content=\"2025-09-07T21:07:04+00:00\" \/>\n<meta property=\"og:image\" content=\"https:\/\/graziamagazine.com\/es\/wp-content\/uploads\/sites\/12\/2025\/09\/thumbnail_PF25_Alexandri_Studio_0109.jpg\" \/>\n\t<meta property=\"og:image:width\" content=\"1275\" \/>\n\t<meta property=\"og:image:height\" content=\"850\" \/>\n\t<meta property=\"og:image:type\" content=\"image\/jpeg\" \/>\n<meta name=\"twitter:card\" content=\"summary_large_image\" \/>\n<meta name=\"twitter:label1\" content=\"Est. reading time\" \/>\n\t<meta name=\"twitter:data1\" content=\"3 minutos\" \/>\n<script type=\"application\/ld+json\" class=\"yoast-schema-graph\">{\"@context\":\"https:\/\/schema.org\",\"@graph\":[{\"@type\":\"WebPage\",\"@id\":\"https:\/\/graziamagazine.com\/es\/articles\/loewe-y-palomo-spain-se-suman-al-comite-de-ego-en-mbfwmadrid\/\",\"url\":\"https:\/\/graziamagazine.com\/es\/articles\/loewe-y-palomo-spain-se-suman-al-comite-de-ego-en-mbfwmadrid\/\",\"name\":\"LOEWE y Palomo Spain se suman al comit\u00e9 de EGO\",\"isPartOf\":{\"@id\":\"https:\/\/graziamagazine.com\/es\/#website\"},\"datePublished\":\"2025-09-08T06:00:34+00:00\",\"dateModified\":\"2025-09-07T21:07:04+00:00\",\"description\":\"La pasarela madrile\u00f1a crea un nuevo comit\u00e9 de selecci\u00f3n para EGO, en l\u00ednea con su nuevo plan estrat\u00e9gico, su apuesta con el talento emergente.\",\"breadcrumb\":{\"@id\":\"https:\/\/graziamagazine.com\/es\/articles\/loewe-y-palomo-spain-se-suman-al-comite-de-ego-en-mbfwmadrid\/#breadcrumb\"},\"inLanguage\":\"es\",\"potentialAction\":[{\"@type\":\"ReadAction\",\"target\":[\"https:\/\/graziamagazine.com\/es\/articles\/loewe-y-palomo-spain-se-suman-al-comite-de-ego-en-mbfwmadrid\/\"]}]},{\"@type\":\"BreadcrumbList\",\"@id\":\"https:\/\/graziamagazine.com\/es\/articles\/loewe-y-palomo-spain-se-suman-al-comite-de-ego-en-mbfwmadrid\/#breadcrumb\",\"itemListElement\":[{\"@type\":\"ListItem\",\"position\":1,\"name\":\"Portada\",\"item\":\"https:\/\/graziamagazine.com\/es\/\"},{\"@type\":\"ListItem\",\"position\":2,\"name\":\"LOEWE y Palomo Spain se suman al comit\u00e9 de EGO en MBFWMadrid\"}]},{\"@type\":\"WebSite\",\"@id\":\"https:\/\/graziamagazine.com\/es\/#website\",\"url\":\"https:\/\/graziamagazine.com\/es\/\",\"name\":\"Grazia\",\"description\":\"Moda, belleza, celebrities, estilo de vida...\",\"potentialAction\":[{\"@type\":\"SearchAction\",\"target\":{\"@type\":\"EntryPoint\",\"urlTemplate\":\"https:\/\/graziamagazine.com\/es\/?s={search_term_string}\"},\"query-input\":\"required name=search_term_string\"}],\"inLanguage\":\"es\"}]}<\/script>\n<!-- \/ Yoast SEO Premium plugin. -->","yoast_head_json":{"title":"LOEWE y Palomo Spain se suman al comit\u00e9 de EGO","description":"La pasarela madrile\u00f1a crea un nuevo comit\u00e9 de selecci\u00f3n para EGO, en l\u00ednea con su nuevo plan estrat\u00e9gico, su apuesta con el talento emergente.","robots":{"index":"index","follow":"follow","max-snippet":"max-snippet:-1","max-image-preview":"max-image-preview:large","max-video-preview":"max-video-preview:-1"},"canonical":"https:\/\/graziamagazine.com\/es\/articles\/loewe-y-palomo-spain-se-suman-al-comite-de-ego-en-mbfwmadrid\/","og_locale":"es_ES","og_type":"article","og_title":"LOEWE y Palomo Spain se suman al comit\u00e9 de EGO en MBFWMadrid","og_description":"La pasarela madrile\u00f1a crea un nuevo comit\u00e9 de selecci\u00f3n para EGO, en l\u00ednea con su nuevo plan estrat\u00e9gico, su apuesta con el talento emergente.","og_url":"https:\/\/graziamagazine.com\/es\/articles\/loewe-y-palomo-spain-se-suman-al-comite-de-ego-en-mbfwmadrid\/","og_site_name":"Grazia","article_modified_time":"2025-09-07T21:07:04+00:00","og_image":[{"width":1275,"height":850,"url":"https:\/\/graziamagazine.com\/es\/wp-content\/uploads\/sites\/12\/2025\/09\/thumbnail_PF25_Alexandri_Studio_0109.jpg","type":"image\/jpeg"}],"twitter_card":"summary_large_image","twitter_misc":{"Est. reading time":"3 minutos"},"schema":{"@context":"https:\/\/schema.org","@graph":[{"@type":"WebPage","@id":"https:\/\/graziamagazine.com\/es\/articles\/loewe-y-palomo-spain-se-suman-al-comite-de-ego-en-mbfwmadrid\/","url":"https:\/\/graziamagazine.com\/es\/articles\/loewe-y-palomo-spain-se-suman-al-comite-de-ego-en-mbfwmadrid\/","name":"LOEWE y Palomo Spain se suman al comit\u00e9 de EGO","isPartOf":{"@id":"https:\/\/graziamagazine.com\/es\/#website"},"datePublished":"2025-09-08T06:00:34+00:00","dateModified":"2025-09-07T21:07:04+00:00","description":"La pasarela madrile\u00f1a crea un nuevo comit\u00e9 de selecci\u00f3n para EGO, en l\u00ednea con su nuevo plan estrat\u00e9gico, su apuesta con el talento emergente.","breadcrumb":{"@id":"https:\/\/graziamagazine.com\/es\/articles\/loewe-y-palomo-spain-se-suman-al-comite-de-ego-en-mbfwmadrid\/#breadcrumb"},"inLanguage":"es","potentialAction":[{"@type":"ReadAction","target":["https:\/\/graziamagazine.com\/es\/articles\/loewe-y-palomo-spain-se-suman-al-comite-de-ego-en-mbfwmadrid\/"]}]},{"@type":"BreadcrumbList","@id":"https:\/\/graziamagazine.com\/es\/articles\/loewe-y-palomo-spain-se-suman-al-comite-de-ego-en-mbfwmadrid\/#breadcrumb","itemListElement":[{"@type":"ListItem","position":1,"name":"Portada","item":"https:\/\/graziamagazine.com\/es\/"},{"@type":"ListItem","position":2,"name":"LOEWE y Palomo Spain se suman al comit\u00e9 de EGO en MBFWMadrid"}]},{"@type":"WebSite","@id":"https:\/\/graziamagazine.com\/es\/#website","url":"https:\/\/graziamagazine.com\/es\/","name":"Grazia","description":"Moda, belleza, celebrities, estilo de vida...","potentialAction":[{"@type":"SearchAction","target":{"@type":"EntryPoint","urlTemplate":"https:\/\/graziamagazine.com\/es\/?s={search_term_string}"},"query-input":"required name=search_term_string"}],"inLanguage":"es"}]}},"jetpack_sharing_enabled":true,"distributor_meta":false,"distributor_terms":false,"distributor_media":false,"distributor_original_site_name":"Grazia","distributor_original_site_url":"https:\/\/graziamagazine.com\/es","push-errors":false,"_links":{"self":[{"href":"https:\/\/graziamagazine.com\/es\/wp-json\/wp\/v2\/articles\/187494"}],"collection":[{"href":"https:\/\/graziamagazine.com\/es\/wp-json\/wp\/v2\/articles"}],"about":[{"href":"https:\/\/graziamagazine.com\/es\/wp-json\/wp\/v2\/types\/articles"}],"author":[{"embeddable":true,"href":"https:\/\/graziamagazine.com\/es\/wp-json\/wp\/v2\/users\/11653"}],"wp:featuredmedia":[{"embeddable":true,"href":"https:\/\/graziamagazine.com\/es\/wp-json\/wp\/v2\/media\/187522"}],"wp:attachment":[{"href":"https:\/\/graziamagazine.com\/es\/wp-json\/wp\/v2\/media?parent=187494"}],"wp:term":[{"taxonomy":"category","embeddable":true,"href":"https:\/\/graziamagazine.com\/es\/wp-json\/wp\/v2\/categories?post=187494"}],"curies":[{"name":"wp","href":"https:\/\/api.w.org\/{rel}","templated":true}]}}