{"id":187488,"date":"2025-09-05T10:13:48","date_gmt":"2025-09-05T08:13:48","guid":{"rendered":"https:\/\/graziamagazine.com\/es\/?post_type=articles&#038;p=187488"},"modified":"2025-09-05T10:17:36","modified_gmt":"2025-09-05T08:17:36","slug":"mbfwmadrid-estrena-un-area-dedicada-a-la-artesania-aplicada-a-la-moda","status":"publish","type":"articles","link":"https:\/\/graziamagazine.com\/es\/articles\/mbfwmadrid-estrena-un-area-dedicada-a-la-artesania-aplicada-a-la-moda\/","title":{"rendered":"MBFWMadrid estrena un \u00e1rea dedicada a la artesan\u00eda aplicada a la moda"},"content":{"rendered":"<p>Mercedes-Benz Fashion Week Madrid, la gran\u00a0plataforma de la moda espa\u00f1ola, inaugura en su\u00a0pr\u00f3xima edici\u00f3n\u00a0un\u00a0\u00e1rea\u00a0pionera dedicada a la\u00a0Artesan\u00eda Contempor\u00e1nea. Con este nuevo espacio, la pasarela reivindica la fuerza de los oficios tradicionales como motor creativo y apuesta estrat\u00e9gica del futuro de la moda.<\/p>\n<p>Este nuevo espacio diferenciado en el Cibelespacio de Mercedes-Benz Fashion Week Madrid contar\u00e1 con la presencia de Loewe, Casta\u00f1er, Sybilla, y SACo, la Sociedad Artesan\u00eda Contempor\u00e1nea, marcas que han logrado posicionarse como grandes emblemas de la alta artesan\u00eda y ejemplos de caso de \u00e9xito mundial.<\/p>\n<p>La pasarela refuerza su compromiso con la sostenibilidad, la identidad cultural y la innovaci\u00f3n a trav\u00e9s de los oficios artesanos.<\/p>\n<h3><b><span data-olk-copy-source=\"MessageBody\">Un espacio vivo para descubrir la artesan\u00eda aplicada al dise\u00f1o.<\/span><\/b><b>\u00a0<\/b><\/h3>\n<p>Ubicado en el\u00a0Cibelespacio, dentro del\u00a0Pabell\u00f3n 14.1 de IFEMA MADRID, este nuevo recorrido <strong>contar\u00e1 con la presencia de casas emblem\u00e1ticas como\u00a0Loewe, Casta\u00f1er, Sybilla y SACo (Asociaci\u00f3n espa\u00f1ola de artesan\u00eda contempor\u00e1nea)<\/strong>.\u00a0\u00a0El \u00e1rea se concibe como un espacio experiencial, donde habr\u00e1\u00a0demostraciones en vivo, presentaciones y propuestas interactivas\u00a0que permitir\u00e1n descubrir la\u00a0riqueza de oficios\u00a0como el\u00a0bordado, la\u00a0marroquiner\u00eda, la\u00a0alpargater\u00eda\u00a0o la\u00a0cester\u00eda, y entender su\u00a0influencia\u00a0en la\u00a0creaci\u00f3n de moda.<\/p>\n<p><img loading=\"lazy\" decoding=\"async\" class=\"aligncenter size-full wp-image-187489\" src=\"https:\/\/graziamagazine.com\/es\/wp-content\/uploads\/sites\/12\/2025\/09\/mbfwmadrid.jpg\" alt=\"\" width=\"1260\" height=\"1260\" srcset=\"https:\/\/graziamagazine.com\/es\/wp-content\/uploads\/sites\/12\/2025\/09\/mbfwmadrid.jpg 1260w, https:\/\/graziamagazine.com\/es\/wp-content\/uploads\/sites\/12\/2025\/09\/mbfwmadrid-300x300.jpg 300w, https:\/\/graziamagazine.com\/es\/wp-content\/uploads\/sites\/12\/2025\/09\/mbfwmadrid-1024x1024.jpg 1024w, https:\/\/graziamagazine.com\/es\/wp-content\/uploads\/sites\/12\/2025\/09\/mbfwmadrid-150x150.jpg 150w, https:\/\/graziamagazine.com\/es\/wp-content\/uploads\/sites\/12\/2025\/09\/mbfwmadrid-768x768.jpg 768w, https:\/\/graziamagazine.com\/es\/wp-content\/uploads\/sites\/12\/2025\/09\/mbfwmadrid-400x400.jpg 400w, https:\/\/graziamagazine.com\/es\/wp-content\/uploads\/sites\/12\/2025\/09\/mbfwmadrid-155x155.jpg 155w\" sizes=\"(max-width: 1260px) 100vw, 1260px\" \/><\/p>\n<h3><b>Espa\u00f1a: moda y artesan\u00eda, una identidad compartida<\/b><\/h3>\n<p>Con esta apuesta,\u00a0<span class=\"markikbo4nu2v\" data-markjs=\"true\" data-ogac=\"\" data-ogab=\"\" data-ogsc=\"\" data-ogsb=\"\">MBFWMadrid<\/span>\u00a0refuerza su papel como\u00a0altavoz internacional del talento espa\u00f1ol, poniendo en valor la artesan\u00eda como un patrimonio vivo que\u00a0conecta pasado y presente, tradici\u00f3n y vanguardia. Por ello, quedar\u00e1 presente que la artesan\u00eda contempor\u00e1nea no solo define la identidad cultural de la moda en Espa\u00f1a, sino que impulsa una forma de creaci\u00f3n m\u00e1s consciente, sostenible y cercana al consumidor.<\/p>\n<p>M\u00e1s all\u00e1 de la exhibici\u00f3n, este espacio busca convertirse en un\u00a0nexo de colaboraci\u00f3n entre artesanos, dise\u00f1adores, marcas y medios, favoreciendo la visibilidad del oficio y abriendo\u00a0nuevas oportunidades de proyecci\u00f3n internacional.<\/p>\n<p>De esta manera, se pondr\u00e1 el foco en\u00a0destacar su aporte a la identidad cultural de la moda, fomentando una\u00a0relaci\u00f3n m\u00e1s consciente entre creaci\u00f3n, tradici\u00f3n y consumo, poniendo de manifiesto el\u00a0objetivo\u00a0de\u00a0<span class=\"markikbo4nu2v\" data-markjs=\"true\" data-ogac=\"\" data-ogab=\"\" data-ogsc=\"\" data-ogsb=\"\">MBFWMadrid<\/span>\u00a0de abanderar una moda m\u00e1s inclusiva, responsable\u00a0y\u00a0conectada con el territorio y el gran valor que esto representa.<\/p>\n<p><em>*Im\u00e1genes: cortes\u00eda<\/em><\/p>\n","protected":false},"author":11653,"featured_media":187490,"template":"","format":"standard","categories":[11738,1],"acf":[],"yoast_head":"<!-- This site is optimized with the Yoast SEO Premium plugin v18.5 (Yoast SEO v20.4) - https:\/\/yoast.com\/wordpress\/plugins\/seo\/ -->\n<title>MBFWMadrid estrena \u00e1rea de artesan\u00eda aplicada a la moda<\/title>\n<meta name=\"description\" content=\"Este nuevo espacio contar\u00e1 con la presencia de Loewe, Casta\u00f1er, Sybilla, y SACo, la Sociedad Artesan\u00eda Contempor\u00e1nea.\" \/>\n<meta name=\"robots\" content=\"index, follow, max-snippet:-1, max-image-preview:large, max-video-preview:-1\" \/>\n<link rel=\"canonical\" href=\"https:\/\/graziamagazine.com\/es\/articles\/mbfwmadrid-estrena-un-area-dedicada-a-la-artesania-aplicada-a-la-moda\/\" \/>\n<meta property=\"og:locale\" content=\"es_ES\" \/>\n<meta property=\"og:type\" content=\"article\" \/>\n<meta property=\"og:title\" content=\"MBFWMadrid estrena un \u00e1rea dedicada a la artesan\u00eda aplicada a la moda\" \/>\n<meta property=\"og:description\" content=\"Este nuevo espacio contar\u00e1 con la presencia de Loewe, Casta\u00f1er, Sybilla, y SACo, la Sociedad Artesan\u00eda Contempor\u00e1nea.\" \/>\n<meta property=\"og:url\" content=\"https:\/\/graziamagazine.com\/es\/articles\/mbfwmadrid-estrena-un-area-dedicada-a-la-artesania-aplicada-a-la-moda\/\" \/>\n<meta property=\"og:site_name\" content=\"Grazia\" \/>\n<meta property=\"article:modified_time\" content=\"2025-09-05T08:17:36+00:00\" \/>\n<meta property=\"og:image\" content=\"https:\/\/graziamagazine.com\/es\/wp-content\/uploads\/sites\/12\/2025\/09\/PF25_Backstage_Hannibal_Laguna_0053.jpg\" \/>\n\t<meta property=\"og:image:width\" content=\"1275\" \/>\n\t<meta property=\"og:image:height\" content=\"850\" \/>\n\t<meta property=\"og:image:type\" content=\"image\/jpeg\" \/>\n<meta name=\"twitter:card\" content=\"summary_large_image\" \/>\n<meta name=\"twitter:label1\" content=\"Est. reading time\" \/>\n\t<meta name=\"twitter:data1\" content=\"2 minutos\" \/>\n<script type=\"application\/ld+json\" class=\"yoast-schema-graph\">{\"@context\":\"https:\/\/schema.org\",\"@graph\":[{\"@type\":\"WebPage\",\"@id\":\"https:\/\/graziamagazine.com\/es\/articles\/mbfwmadrid-estrena-un-area-dedicada-a-la-artesania-aplicada-a-la-moda\/\",\"url\":\"https:\/\/graziamagazine.com\/es\/articles\/mbfwmadrid-estrena-un-area-dedicada-a-la-artesania-aplicada-a-la-moda\/\",\"name\":\"MBFWMadrid estrena \u00e1rea de artesan\u00eda aplicada a la moda\",\"isPartOf\":{\"@id\":\"https:\/\/graziamagazine.com\/es\/#website\"},\"datePublished\":\"2025-09-05T08:13:48+00:00\",\"dateModified\":\"2025-09-05T08:17:36+00:00\",\"description\":\"Este nuevo espacio contar\u00e1 con la presencia de Loewe, Casta\u00f1er, Sybilla, y SACo, la Sociedad Artesan\u00eda Contempor\u00e1nea.\",\"breadcrumb\":{\"@id\":\"https:\/\/graziamagazine.com\/es\/articles\/mbfwmadrid-estrena-un-area-dedicada-a-la-artesania-aplicada-a-la-moda\/#breadcrumb\"},\"inLanguage\":\"es\",\"potentialAction\":[{\"@type\":\"ReadAction\",\"target\":[\"https:\/\/graziamagazine.com\/es\/articles\/mbfwmadrid-estrena-un-area-dedicada-a-la-artesania-aplicada-a-la-moda\/\"]}]},{\"@type\":\"BreadcrumbList\",\"@id\":\"https:\/\/graziamagazine.com\/es\/articles\/mbfwmadrid-estrena-un-area-dedicada-a-la-artesania-aplicada-a-la-moda\/#breadcrumb\",\"itemListElement\":[{\"@type\":\"ListItem\",\"position\":1,\"name\":\"Portada\",\"item\":\"https:\/\/graziamagazine.com\/es\/\"},{\"@type\":\"ListItem\",\"position\":2,\"name\":\"MBFWMadrid estrena un \u00e1rea dedicada a la artesan\u00eda aplicada a la moda\"}]},{\"@type\":\"WebSite\",\"@id\":\"https:\/\/graziamagazine.com\/es\/#website\",\"url\":\"https:\/\/graziamagazine.com\/es\/\",\"name\":\"Grazia\",\"description\":\"Moda, belleza, celebrities, estilo de vida...\",\"potentialAction\":[{\"@type\":\"SearchAction\",\"target\":{\"@type\":\"EntryPoint\",\"urlTemplate\":\"https:\/\/graziamagazine.com\/es\/?s={search_term_string}\"},\"query-input\":\"required name=search_term_string\"}],\"inLanguage\":\"es\"}]}<\/script>\n<!-- \/ Yoast SEO Premium plugin. -->","yoast_head_json":{"title":"MBFWMadrid estrena \u00e1rea de artesan\u00eda aplicada a la moda","description":"Este nuevo espacio contar\u00e1 con la presencia de Loewe, Casta\u00f1er, Sybilla, y SACo, la Sociedad Artesan\u00eda Contempor\u00e1nea.","robots":{"index":"index","follow":"follow","max-snippet":"max-snippet:-1","max-image-preview":"max-image-preview:large","max-video-preview":"max-video-preview:-1"},"canonical":"https:\/\/graziamagazine.com\/es\/articles\/mbfwmadrid-estrena-un-area-dedicada-a-la-artesania-aplicada-a-la-moda\/","og_locale":"es_ES","og_type":"article","og_title":"MBFWMadrid estrena un \u00e1rea dedicada a la artesan\u00eda aplicada a la moda","og_description":"Este nuevo espacio contar\u00e1 con la presencia de Loewe, Casta\u00f1er, Sybilla, y SACo, la Sociedad Artesan\u00eda Contempor\u00e1nea.","og_url":"https:\/\/graziamagazine.com\/es\/articles\/mbfwmadrid-estrena-un-area-dedicada-a-la-artesania-aplicada-a-la-moda\/","og_site_name":"Grazia","article_modified_time":"2025-09-05T08:17:36+00:00","og_image":[{"width":1275,"height":850,"url":"https:\/\/graziamagazine.com\/es\/wp-content\/uploads\/sites\/12\/2025\/09\/PF25_Backstage_Hannibal_Laguna_0053.jpg","type":"image\/jpeg"}],"twitter_card":"summary_large_image","twitter_misc":{"Est. reading time":"2 minutos"},"schema":{"@context":"https:\/\/schema.org","@graph":[{"@type":"WebPage","@id":"https:\/\/graziamagazine.com\/es\/articles\/mbfwmadrid-estrena-un-area-dedicada-a-la-artesania-aplicada-a-la-moda\/","url":"https:\/\/graziamagazine.com\/es\/articles\/mbfwmadrid-estrena-un-area-dedicada-a-la-artesania-aplicada-a-la-moda\/","name":"MBFWMadrid estrena \u00e1rea de artesan\u00eda aplicada a la moda","isPartOf":{"@id":"https:\/\/graziamagazine.com\/es\/#website"},"datePublished":"2025-09-05T08:13:48+00:00","dateModified":"2025-09-05T08:17:36+00:00","description":"Este nuevo espacio contar\u00e1 con la presencia de Loewe, Casta\u00f1er, Sybilla, y SACo, la Sociedad Artesan\u00eda Contempor\u00e1nea.","breadcrumb":{"@id":"https:\/\/graziamagazine.com\/es\/articles\/mbfwmadrid-estrena-un-area-dedicada-a-la-artesania-aplicada-a-la-moda\/#breadcrumb"},"inLanguage":"es","potentialAction":[{"@type":"ReadAction","target":["https:\/\/graziamagazine.com\/es\/articles\/mbfwmadrid-estrena-un-area-dedicada-a-la-artesania-aplicada-a-la-moda\/"]}]},{"@type":"BreadcrumbList","@id":"https:\/\/graziamagazine.com\/es\/articles\/mbfwmadrid-estrena-un-area-dedicada-a-la-artesania-aplicada-a-la-moda\/#breadcrumb","itemListElement":[{"@type":"ListItem","position":1,"name":"Portada","item":"https:\/\/graziamagazine.com\/es\/"},{"@type":"ListItem","position":2,"name":"MBFWMadrid estrena un \u00e1rea dedicada a la artesan\u00eda aplicada a la moda"}]},{"@type":"WebSite","@id":"https:\/\/graziamagazine.com\/es\/#website","url":"https:\/\/graziamagazine.com\/es\/","name":"Grazia","description":"Moda, belleza, celebrities, estilo de vida...","potentialAction":[{"@type":"SearchAction","target":{"@type":"EntryPoint","urlTemplate":"https:\/\/graziamagazine.com\/es\/?s={search_term_string}"},"query-input":"required name=search_term_string"}],"inLanguage":"es"}]}},"jetpack_sharing_enabled":true,"distributor_meta":false,"distributor_terms":false,"distributor_media":false,"distributor_original_site_name":"Grazia","distributor_original_site_url":"https:\/\/graziamagazine.com\/es","push-errors":false,"_links":{"self":[{"href":"https:\/\/graziamagazine.com\/es\/wp-json\/wp\/v2\/articles\/187488"}],"collection":[{"href":"https:\/\/graziamagazine.com\/es\/wp-json\/wp\/v2\/articles"}],"about":[{"href":"https:\/\/graziamagazine.com\/es\/wp-json\/wp\/v2\/types\/articles"}],"author":[{"embeddable":true,"href":"https:\/\/graziamagazine.com\/es\/wp-json\/wp\/v2\/users\/11653"}],"wp:featuredmedia":[{"embeddable":true,"href":"https:\/\/graziamagazine.com\/es\/wp-json\/wp\/v2\/media\/187490"}],"wp:attachment":[{"href":"https:\/\/graziamagazine.com\/es\/wp-json\/wp\/v2\/media?parent=187488"}],"wp:term":[{"taxonomy":"category","embeddable":true,"href":"https:\/\/graziamagazine.com\/es\/wp-json\/wp\/v2\/categories?post=187488"}],"curies":[{"name":"wp","href":"https:\/\/api.w.org\/{rel}","templated":true}]}}