{"id":187402,"date":"2025-09-03T12:50:35","date_gmt":"2025-09-03T10:50:35","guid":{"rendered":"https:\/\/graziamagazine.com\/es\/?post_type=articles&#038;p=187402"},"modified":"2025-09-03T12:50:35","modified_gmt":"2025-09-03T10:50:35","slug":"las-peliculas-preseleccionadas-para-representar-a-espana-en-los-oscar","status":"publish","type":"articles","link":"https:\/\/graziamagazine.com\/es\/articles\/las-peliculas-preseleccionadas-para-representar-a-espana-en-los-oscar\/","title":{"rendered":"Las pel\u00edculas preseleccionadas para representar a Espa\u00f1a en los Oscar"},"content":{"rendered":"<p><em>Romer\u00eda<\/em>,\u00a0de\u00a0<strong>Carla Sim\u00f3n<\/strong>;\u00a0<em>Sir\u00e2t<\/em>, de\u00a0<strong>Oliver Laxe<\/strong>, y\u00a0<em>Sorda,<\/em>\u00a0de\u00a0<strong>Eva Libertad<\/strong>, son los filmes preseleccionados por los miembros de la Academia de Cine para representar a Espa\u00f1a en la 98 edici\u00f3n de los Premios Oscar, en la categor\u00eda de Mejor Pel\u00edcula Internacional.<\/p>\n<p><strong>Emma Su\u00e1rez\u00a0<\/strong>y\u00a0<strong>Juan Diego Botto<\/strong>\u00a0han realizado la lectura de los t\u00edtulos preseleccionados, acompa\u00f1ados por el presidente de la Academia\u00a0<strong>Fernando M\u00e9ndez-Leite\u00a0<\/strong>y la notaria\u00a0<strong>Eva Fern\u00e1ndez Medina<\/strong>, en un acto que tuvo lugar este mi\u00e9rcoles en la sede de la instituci\u00f3n.<\/p>\n<p>De esta terna saldr\u00e1 la pel\u00edcula elegida finalmente, tras una segunda votaci\u00f3n. El pr\u00f3ximo 17 de septiembre se anunciar\u00e1 el t\u00edtulo que representar\u00e1 a nuestro pa\u00eds en los premios de la Academia de Hollywood.<\/p>\n<p><img loading=\"lazy\" decoding=\"async\" class=\"aligncenter size-full wp-image-187404\" src=\"https:\/\/graziamagazine.com\/es\/wp-content\/uploads\/sites\/12\/2025\/09\/foto-de-familia-anuncio-preseleccionadas-oscars.jpg\" alt=\"\" width=\"1024\" height=\"676\" srcset=\"https:\/\/graziamagazine.com\/es\/wp-content\/uploads\/sites\/12\/2025\/09\/foto-de-familia-anuncio-preseleccionadas-oscars.jpg 1024w, https:\/\/graziamagazine.com\/es\/wp-content\/uploads\/sites\/12\/2025\/09\/foto-de-familia-anuncio-preseleccionadas-oscars-300x198.jpg 300w, https:\/\/graziamagazine.com\/es\/wp-content\/uploads\/sites\/12\/2025\/09\/foto-de-familia-anuncio-preseleccionadas-oscars-768x507.jpg 768w, https:\/\/graziamagazine.com\/es\/wp-content\/uploads\/sites\/12\/2025\/09\/foto-de-familia-anuncio-preseleccionadas-oscars-400x264.jpg 400w, https:\/\/graziamagazine.com\/es\/wp-content\/uploads\/sites\/12\/2025\/09\/foto-de-familia-anuncio-preseleccionadas-oscars-155x102.jpg 155w\" sizes=\"(max-width: 1024px) 100vw, 1024px\" \/><\/p>\n<h3><em>Romer\u00eda<\/em>, de Carla Sim\u00f3n<\/h3>\n<p>El tercer largometraje de Carla Sim\u00f3n se present\u00f3 internacionalmente en la Secci\u00f3n Oficial del Festival de Cannes. En\u00a0<em>Romer\u00eda<\/em>, la cineasta sigue explorando las relaciones familiares, inspir\u00e1ndose esta vez en los or\u00edgenes de su familia paterna, y cierra la trilog\u00eda personal que inici\u00f3 con\u00a0<em>Estiu 1993<\/em>\u00a0y\u00a0<em>Alcarr\u00e0s<\/em>. Protagonizada por la debutante\u00a0<strong>Ll\u00facia Garcia Torras<\/strong>, junto a\u00a0<strong>Mitch<\/strong>\u00a0y\u00a0<strong>Trist\u00e1n Ulloa<\/strong>,\u202fla pel\u00edcula llega a los cines el 5 de septiembre.<\/p>\n<p><iframe loading=\"lazy\" title=\"Romer\u00eda - Trailer\" width=\"500\" height=\"281\" src=\"https:\/\/www.youtube.com\/embed\/TUch0tgMW_Y?feature=oembed\" frameborder=\"0\" allow=\"accelerometer; autoplay; clipboard-write; encrypted-media; gyroscope; picture-in-picture; web-share\" referrerpolicy=\"strict-origin-when-cross-origin\" allowfullscreen><\/iframe><\/p>\n<h3><em>Sir\u00e2t<\/em>, de Oliver Laxe<\/h3>\n<p>Dirigida por Oliver Laxe,\u00a0<em>Sir\u00e2t<\/em>\u00a0se present\u00f3 internacionalmente en la Secci\u00f3n Oficial del Festival de Cannes, donde logr\u00f3 el Premio del Jurado. El cuarto largometraje del cineasta gallego est\u00e1 protagonizado por\u00a0<strong>Sergi L\u00f3pez<\/strong>\u00a0y por el joven\u00a0<strong>Bruno N\u00fa\u00f1ez<\/strong>\u00a0y traslada al espectador al desierto, a una rave perdida en medio de las monta\u00f1as del sur de Marruecos.<\/p>\n<p><iframe loading=\"lazy\" title=\"Sira\u0302t - Official Trailer\" width=\"500\" height=\"281\" src=\"https:\/\/www.youtube.com\/embed\/ww-IXHXvS70?feature=oembed\" frameborder=\"0\" allow=\"accelerometer; autoplay; clipboard-write; encrypted-media; gyroscope; picture-in-picture; web-share\" referrerpolicy=\"strict-origin-when-cross-origin\" allowfullscreen><\/iframe><\/p>\n<h3><em>Sorda<\/em>, la \u00f3pera prima de Eva Libertad<\/h3>\n<p>La \u00f3pera prima de Eva Libertad se present\u00f3 internacionalmente en la Berlinale, donde gan\u00f3 el Premio del P\u00fablico de la secci\u00f3n Panorama, mientras que su paso por el Festival de M\u00e1laga le vali\u00f3 la Biznaga de Oro. Es la primera pel\u00edcula espa\u00f1ola protagonizada por una actriz sorda,\u00a0<strong>Miriam Garlo<\/strong>, y ha sido un punto de encuentro entre la comunidad sorda y oyente en los cines.\u00a0<strong>\u00c1lvaro Cervantes<\/strong>\u00a0coprotagoniza esta historia.<\/p>\n<p><iframe loading=\"lazy\" title=\"SORDA - Tr\u00e1iler oficial\" width=\"500\" height=\"281\" src=\"https:\/\/www.youtube.com\/embed\/K6fdaHZthfI?feature=oembed\" frameborder=\"0\" allow=\"accelerometer; autoplay; clipboard-write; encrypted-media; gyroscope; picture-in-picture; web-share\" referrerpolicy=\"strict-origin-when-cross-origin\" allowfullscreen><\/iframe><\/p>\n<p><em>*Im\u00e1genes: Academia de Cine de Espa\u00f1a\u00a0<\/em><\/p>\n","protected":false},"author":11653,"featured_media":187405,"template":"","format":"standard","categories":[2971],"acf":{"banner":""},"yoast_head":"<!-- This site is optimized with the Yoast SEO Premium plugin v18.5 (Yoast SEO v20.4) - https:\/\/yoast.com\/wordpress\/plugins\/seo\/ -->\n<title>Las pel\u00edculas preseleccionadas de Espa\u00f1a para los Oscar<\/title>\n<meta name=\"description\" content=\"Emma Su\u00e1rez y Juan Diego Botto han anunciado las cintas que aspiran a representar a nuestro pa\u00eds en la 98 edici\u00f3n de los Premios Oscar.\" \/>\n<meta name=\"robots\" content=\"index, follow, max-snippet:-1, max-image-preview:large, max-video-preview:-1\" \/>\n<link rel=\"canonical\" href=\"https:\/\/graziamagazine.com\/es\/articles\/las-peliculas-preseleccionadas-para-representar-a-espana-en-los-oscar\/\" \/>\n<meta property=\"og:locale\" content=\"es_ES\" \/>\n<meta property=\"og:type\" content=\"article\" \/>\n<meta property=\"og:title\" content=\"Las pel\u00edculas preseleccionadas para representar a Espa\u00f1a en los Oscar\" \/>\n<meta property=\"og:description\" content=\"Emma Su\u00e1rez y Juan Diego Botto han anunciado las cintas que aspiran a representar a nuestro pa\u00eds en la 98 edici\u00f3n de los Premios Oscar.\" \/>\n<meta property=\"og:url\" content=\"https:\/\/graziamagazine.com\/es\/articles\/las-peliculas-preseleccionadas-para-representar-a-espana-en-los-oscar\/\" \/>\n<meta property=\"og:site_name\" content=\"Grazia\" \/>\n<meta property=\"og:image\" content=\"https:\/\/graziamagazine.com\/es\/wp-content\/uploads\/sites\/12\/2025\/09\/Captura-de-pantalla-2025-09-03-a-las-12.44.51-copia.jpg\" \/>\n\t<meta property=\"og:image:width\" content=\"2402\" \/>\n\t<meta property=\"og:image:height\" content=\"1172\" \/>\n\t<meta property=\"og:image:type\" content=\"image\/jpeg\" \/>\n<meta name=\"twitter:card\" content=\"summary_large_image\" \/>\n<meta name=\"twitter:label1\" content=\"Est. reading time\" \/>\n\t<meta name=\"twitter:data1\" content=\"2 minutos\" \/>\n<script type=\"application\/ld+json\" class=\"yoast-schema-graph\">{\"@context\":\"https:\/\/schema.org\",\"@graph\":[{\"@type\":\"WebPage\",\"@id\":\"https:\/\/graziamagazine.com\/es\/articles\/las-peliculas-preseleccionadas-para-representar-a-espana-en-los-oscar\/\",\"url\":\"https:\/\/graziamagazine.com\/es\/articles\/las-peliculas-preseleccionadas-para-representar-a-espana-en-los-oscar\/\",\"name\":\"Las pel\u00edculas preseleccionadas de Espa\u00f1a para los Oscar\",\"isPartOf\":{\"@id\":\"https:\/\/graziamagazine.com\/es\/#website\"},\"datePublished\":\"2025-09-03T10:50:35+00:00\",\"dateModified\":\"2025-09-03T10:50:35+00:00\",\"description\":\"Emma Su\u00e1rez y Juan Diego Botto han anunciado las cintas que aspiran a representar a nuestro pa\u00eds en la 98 edici\u00f3n de los Premios Oscar.\",\"breadcrumb\":{\"@id\":\"https:\/\/graziamagazine.com\/es\/articles\/las-peliculas-preseleccionadas-para-representar-a-espana-en-los-oscar\/#breadcrumb\"},\"inLanguage\":\"es\",\"potentialAction\":[{\"@type\":\"ReadAction\",\"target\":[\"https:\/\/graziamagazine.com\/es\/articles\/las-peliculas-preseleccionadas-para-representar-a-espana-en-los-oscar\/\"]}]},{\"@type\":\"BreadcrumbList\",\"@id\":\"https:\/\/graziamagazine.com\/es\/articles\/las-peliculas-preseleccionadas-para-representar-a-espana-en-los-oscar\/#breadcrumb\",\"itemListElement\":[{\"@type\":\"ListItem\",\"position\":1,\"name\":\"Portada\",\"item\":\"https:\/\/graziamagazine.com\/es\/\"},{\"@type\":\"ListItem\",\"position\":2,\"name\":\"Las pel\u00edculas preseleccionadas para representar a Espa\u00f1a en los Oscar\"}]},{\"@type\":\"WebSite\",\"@id\":\"https:\/\/graziamagazine.com\/es\/#website\",\"url\":\"https:\/\/graziamagazine.com\/es\/\",\"name\":\"Grazia\",\"description\":\"Moda, belleza, celebrities, estilo de vida...\",\"potentialAction\":[{\"@type\":\"SearchAction\",\"target\":{\"@type\":\"EntryPoint\",\"urlTemplate\":\"https:\/\/graziamagazine.com\/es\/?s={search_term_string}\"},\"query-input\":\"required name=search_term_string\"}],\"inLanguage\":\"es\"}]}<\/script>\n<!-- \/ Yoast SEO Premium plugin. -->","yoast_head_json":{"title":"Las pel\u00edculas preseleccionadas de Espa\u00f1a para los Oscar","description":"Emma Su\u00e1rez y Juan Diego Botto han anunciado las cintas que aspiran a representar a nuestro pa\u00eds en la 98 edici\u00f3n de los Premios Oscar.","robots":{"index":"index","follow":"follow","max-snippet":"max-snippet:-1","max-image-preview":"max-image-preview:large","max-video-preview":"max-video-preview:-1"},"canonical":"https:\/\/graziamagazine.com\/es\/articles\/las-peliculas-preseleccionadas-para-representar-a-espana-en-los-oscar\/","og_locale":"es_ES","og_type":"article","og_title":"Las pel\u00edculas preseleccionadas para representar a Espa\u00f1a en los Oscar","og_description":"Emma Su\u00e1rez y Juan Diego Botto han anunciado las cintas que aspiran a representar a nuestro pa\u00eds en la 98 edici\u00f3n de los Premios Oscar.","og_url":"https:\/\/graziamagazine.com\/es\/articles\/las-peliculas-preseleccionadas-para-representar-a-espana-en-los-oscar\/","og_site_name":"Grazia","og_image":[{"width":2402,"height":1172,"url":"https:\/\/graziamagazine.com\/es\/wp-content\/uploads\/sites\/12\/2025\/09\/Captura-de-pantalla-2025-09-03-a-las-12.44.51-copia.jpg","type":"image\/jpeg"}],"twitter_card":"summary_large_image","twitter_misc":{"Est. reading time":"2 minutos"},"schema":{"@context":"https:\/\/schema.org","@graph":[{"@type":"WebPage","@id":"https:\/\/graziamagazine.com\/es\/articles\/las-peliculas-preseleccionadas-para-representar-a-espana-en-los-oscar\/","url":"https:\/\/graziamagazine.com\/es\/articles\/las-peliculas-preseleccionadas-para-representar-a-espana-en-los-oscar\/","name":"Las pel\u00edculas preseleccionadas de Espa\u00f1a para los Oscar","isPartOf":{"@id":"https:\/\/graziamagazine.com\/es\/#website"},"datePublished":"2025-09-03T10:50:35+00:00","dateModified":"2025-09-03T10:50:35+00:00","description":"Emma Su\u00e1rez y Juan Diego Botto han anunciado las cintas que aspiran a representar a nuestro pa\u00eds en la 98 edici\u00f3n de los Premios Oscar.","breadcrumb":{"@id":"https:\/\/graziamagazine.com\/es\/articles\/las-peliculas-preseleccionadas-para-representar-a-espana-en-los-oscar\/#breadcrumb"},"inLanguage":"es","potentialAction":[{"@type":"ReadAction","target":["https:\/\/graziamagazine.com\/es\/articles\/las-peliculas-preseleccionadas-para-representar-a-espana-en-los-oscar\/"]}]},{"@type":"BreadcrumbList","@id":"https:\/\/graziamagazine.com\/es\/articles\/las-peliculas-preseleccionadas-para-representar-a-espana-en-los-oscar\/#breadcrumb","itemListElement":[{"@type":"ListItem","position":1,"name":"Portada","item":"https:\/\/graziamagazine.com\/es\/"},{"@type":"ListItem","position":2,"name":"Las pel\u00edculas preseleccionadas para representar a Espa\u00f1a en los Oscar"}]},{"@type":"WebSite","@id":"https:\/\/graziamagazine.com\/es\/#website","url":"https:\/\/graziamagazine.com\/es\/","name":"Grazia","description":"Moda, belleza, celebrities, estilo de vida...","potentialAction":[{"@type":"SearchAction","target":{"@type":"EntryPoint","urlTemplate":"https:\/\/graziamagazine.com\/es\/?s={search_term_string}"},"query-input":"required name=search_term_string"}],"inLanguage":"es"}]}},"jetpack_sharing_enabled":true,"distributor_meta":false,"distributor_terms":false,"distributor_media":false,"distributor_original_site_name":"Grazia","distributor_original_site_url":"https:\/\/graziamagazine.com\/es","push-errors":false,"_links":{"self":[{"href":"https:\/\/graziamagazine.com\/es\/wp-json\/wp\/v2\/articles\/187402"}],"collection":[{"href":"https:\/\/graziamagazine.com\/es\/wp-json\/wp\/v2\/articles"}],"about":[{"href":"https:\/\/graziamagazine.com\/es\/wp-json\/wp\/v2\/types\/articles"}],"author":[{"embeddable":true,"href":"https:\/\/graziamagazine.com\/es\/wp-json\/wp\/v2\/users\/11653"}],"wp:featuredmedia":[{"embeddable":true,"href":"https:\/\/graziamagazine.com\/es\/wp-json\/wp\/v2\/media\/187405"}],"wp:attachment":[{"href":"https:\/\/graziamagazine.com\/es\/wp-json\/wp\/v2\/media?parent=187402"}],"wp:term":[{"taxonomy":"category","embeddable":true,"href":"https:\/\/graziamagazine.com\/es\/wp-json\/wp\/v2\/categories?post=187402"}],"curies":[{"name":"wp","href":"https:\/\/api.w.org\/{rel}","templated":true}]}}