{"id":187377,"date":"2025-09-02T16:04:55","date_gmt":"2025-09-02T14:04:55","guid":{"rendered":"https:\/\/graziamagazine.com\/es\/?post_type=articles&#038;p=187377"},"modified":"2025-09-02T16:12:39","modified_gmt":"2025-09-02T14:12:39","slug":"tilda-swinton-musa-de-la-nueva-black-orchid-reserve-de-tom-ford","status":"publish","type":"articles","link":"https:\/\/graziamagazine.com\/es\/articles\/tilda-swinton-musa-de-la-nueva-black-orchid-reserve-de-tom-ford\/","title":{"rendered":"Tilda Swinton, musa de la nueva Black Orchid Reserve de Tom Ford"},"content":{"rendered":"<p>Cuando una fragancia ic\u00f3nica como <em>Black Orchid<\/em> resucita en clave cinematogr\u00e1fica, solo pod\u00eda hacerlo de la mano de una figura disruptiva, profunda\u2026 y absolutamente inolvidable: <strong>Tilda Swinton<\/strong>. En su nueva versi\u00f3n <em>Black Orchid Reserve<\/em>, la maison reinventa su legado olfativo con un aura de misterio y lujo moderno.<\/p>\n<h3>Un retrato de rareza exquisita<\/h3>\n<p>Bajo la direcci\u00f3n creativa de <strong>Haider Ackermann<\/strong>, la campa\u00f1a\u2014capturada por el d\u00fao de artistas <strong>Inez y Vinoodh<\/strong>\u2014retrata a Swinton en movimiento fluido. Una presencia que trasciende imagen: una fuerza magn\u00e9tica que redefine la fragancia a trav\u00e9s de la mirada y el gesto.<\/p>\n<p>\u00ab<em>Es un honor profundo para m\u00ed formar parte de la historia de la legendaria Black Orchid de TOM FORD. La transformaci\u00f3n, la disoluci\u00f3n de los l\u00edmites y la celebraci\u00f3n de las propiedades m\u00e1gicas siempre me han atra\u00eddo; Black Orchid Reserve es precisamente ese tipo de encantamiento<\/em>\u00ab, afirma Tilda Swinton<\/p>\n<p><img loading=\"lazy\" decoding=\"async\" class=\"aligncenter size-full wp-image-187382\" src=\"https:\/\/graziamagazine.com\/es\/wp-content\/uploads\/sites\/12\/2025\/09\/Foto-del-perfil-de-tomford-1.jpg\" alt=\"\" width=\"1080\" height=\"1350\" srcset=\"https:\/\/graziamagazine.com\/es\/wp-content\/uploads\/sites\/12\/2025\/09\/Foto-del-perfil-de-tomford-1.jpg 1080w, https:\/\/graziamagazine.com\/es\/wp-content\/uploads\/sites\/12\/2025\/09\/Foto-del-perfil-de-tomford-1-240x300.jpg 240w, https:\/\/graziamagazine.com\/es\/wp-content\/uploads\/sites\/12\/2025\/09\/Foto-del-perfil-de-tomford-1-819x1024.jpg 819w, https:\/\/graziamagazine.com\/es\/wp-content\/uploads\/sites\/12\/2025\/09\/Foto-del-perfil-de-tomford-1-768x960.jpg 768w, https:\/\/graziamagazine.com\/es\/wp-content\/uploads\/sites\/12\/2025\/09\/Foto-del-perfil-de-tomford-1-400x500.jpg 400w, https:\/\/graziamagazine.com\/es\/wp-content\/uploads\/sites\/12\/2025\/09\/Foto-del-perfil-de-tomford-1-155x194.jpg 155w\" sizes=\"(max-width: 1080px) 100vw, 1080px\" \/><\/p>\n<h3>Un perfume que retoma su identidad<\/h3>\n<p>Lanzada en 2006, <em>Black Orchid<\/em> renov\u00f3 el panorama del lujo olfativo. <em>Black Orchid Reserve<\/em> recoge ese legado y lo amplifica incorporando la et\u00e9rea <em>Ghost Orchid<\/em>, capturada mediante tecnolog\u00eda <em>headspace<\/em> en su momento m\u00e1s primordial: su floraci\u00f3n. El resultado es un acorde floral blanco y raro que hace contraste con la intensidad oscura del original.<\/p>\n<p><img loading=\"lazy\" decoding=\"async\" class=\"aligncenter size-full wp-image-187381\" src=\"https:\/\/graziamagazine.com\/es\/wp-content\/uploads\/sites\/12\/2025\/09\/thumbnail_image004-scaled.jpg\" alt=\"\" width=\"1907\" height=\"2560\" srcset=\"https:\/\/graziamagazine.com\/es\/wp-content\/uploads\/sites\/12\/2025\/09\/thumbnail_image004-scaled.jpg 1907w, https:\/\/graziamagazine.com\/es\/wp-content\/uploads\/sites\/12\/2025\/09\/thumbnail_image004-224x300.jpg 224w, https:\/\/graziamagazine.com\/es\/wp-content\/uploads\/sites\/12\/2025\/09\/thumbnail_image004-763x1024.jpg 763w, https:\/\/graziamagazine.com\/es\/wp-content\/uploads\/sites\/12\/2025\/09\/thumbnail_image004-768x1031.jpg 768w, https:\/\/graziamagazine.com\/es\/wp-content\/uploads\/sites\/12\/2025\/09\/thumbnail_image004-1144x1536.jpg 1144w, https:\/\/graziamagazine.com\/es\/wp-content\/uploads\/sites\/12\/2025\/09\/thumbnail_image004-1526x2048.jpg 1526w, https:\/\/graziamagazine.com\/es\/wp-content\/uploads\/sites\/12\/2025\/09\/thumbnail_image004-400x537.jpg 400w, https:\/\/graziamagazine.com\/es\/wp-content\/uploads\/sites\/12\/2025\/09\/thumbnail_image004-155x208.jpg 155w\" sizes=\"(max-width: 1907px) 100vw, 1907px\" \/><\/p>\n<p>La Orqu\u00eddea Fantasma \u2014una flor casi fantasmal, considerada una de las m\u00e1s elusivas del mundo\u2014, cuyo aroma capturado mediante tecnolog\u00eda headspace justo en el momento en que florece. Esta nota preciosa es un floral blanco decadente, que proporciona un contraste brillante con los ricos acordes oscuros y especiados de Black Orchid, dando paso a un nuevo cap\u00edtulo en el universo de Black Orchid de TOM FORD<\/p>\n<h3>Elegancia en Venecia<\/h3>\n<p>La campanada del lanzamiento no fue solo digital. En el Festival de Cine de Venecia, Tom Ford ofreci\u00f3 una cena \u00edntima en el hist\u00f3rico Palazzo Contarini Polignac: Tilda Swinton, Kate Moss, Noomi Rapace, Paris Jackson\u2026 iluminaron la velada con su presencia mientras brindaban por esta nueva fragancia.<\/p>\n<p><img loading=\"lazy\" decoding=\"async\" class=\"aligncenter size-full wp-image-187380\" src=\"https:\/\/graziamagazine.com\/es\/wp-content\/uploads\/sites\/12\/2025\/09\/thumbnail_image005.png\" alt=\"\" width=\"835\" height=\"554\" srcset=\"https:\/\/graziamagazine.com\/es\/wp-content\/uploads\/sites\/12\/2025\/09\/thumbnail_image005.png 835w, https:\/\/graziamagazine.com\/es\/wp-content\/uploads\/sites\/12\/2025\/09\/thumbnail_image005-300x199.png 300w, https:\/\/graziamagazine.com\/es\/wp-content\/uploads\/sites\/12\/2025\/09\/thumbnail_image005-768x510.png 768w, https:\/\/graziamagazine.com\/es\/wp-content\/uploads\/sites\/12\/2025\/09\/thumbnail_image005-400x265.png 400w, https:\/\/graziamagazine.com\/es\/wp-content\/uploads\/sites\/12\/2025\/09\/thumbnail_image005-155x103.png 155w\" sizes=\"(max-width: 835px) 100vw, 835px\" \/><\/p>\n<h3>Lo que hace \u00fanico a <em>Black Orchid Reserve<\/em><\/h3>\n<ul>\n<li><strong>Protagonista<\/strong>: Swinton, con su elegancia intelectual y su capacidad para desafiar l\u00edmites, encarna la rareza de la fragancia. \u201cEs un gran honor formar parte de la leyenda de <em>Black Orchid<\/em>\u201d, expres\u00f3 ella con solemnidad.<\/li>\n<li><strong>Visi\u00f3n creativa<\/strong>: Ackermann ha construido esta campa\u00f1a como un retrato de fuerza silenciosa\u2014menos narrativa, m\u00e1s emoci\u00f3n contenida.<\/li>\n<li><strong>Perfume de firma<\/strong>: incorpora ingredientes como trufa negra, patchouli y \u00e1mbar, que refuerzan su potencia y su car\u00e1cter lasting.<\/li>\n<\/ul>\n<p><em>Black Orchid Reserve<\/em> se siente como un ritual revitalizado: mismo legado, nuevo hechizo. Una fragancia profunda, refinada y con una presencia tan poderosa como la de su musa. Este oto\u00f1o, el perfume se reinventa como un objeto de deseo: en botella, campa\u00f1a\u2026 y narrativa.<\/p>\n<p>Es el retrato de una mujer que despierta el mundo a su alrededor mediante la mirada y el gesto, la quietud y la fuerza. Es tan rara como la Orqu\u00eddea Negra: una flor nacida de la b\u00fasqueda de la perfecci\u00f3n. Black Orchid, la primera fragancia de TOM FORD, fue una revelaci\u00f3n cuando se lanz\u00f3 en 2006. Ahora, TOM FORD presenta Black Orchid Reserve. La fragancia introduce la Orqu\u00eddea Fantasma \u2014una flor casi fantasmal, considerada una de las m\u00e1s elusivas del mundo\u2014, con su aroma capturado mediante tecnolog\u00eda headspace justo en el momento en que florece.<\/p>\n<p><img loading=\"lazy\" decoding=\"async\" class=\"aligncenter wp-image-187378 size-full\" src=\"https:\/\/graziamagazine.com\/es\/wp-content\/uploads\/sites\/12\/2025\/09\/YDRAY-TFB_FY26_Black_Orchid_Reserve_50ml_1080x1350-e1756821626434.jpg\" alt=\"\" width=\"1019\" height=\"1289\" srcset=\"https:\/\/graziamagazine.com\/es\/wp-content\/uploads\/sites\/12\/2025\/09\/YDRAY-TFB_FY26_Black_Orchid_Reserve_50ml_1080x1350-e1756821626434.jpg 1019w, https:\/\/graziamagazine.com\/es\/wp-content\/uploads\/sites\/12\/2025\/09\/YDRAY-TFB_FY26_Black_Orchid_Reserve_50ml_1080x1350-e1756821626434-237x300.jpg 237w, https:\/\/graziamagazine.com\/es\/wp-content\/uploads\/sites\/12\/2025\/09\/YDRAY-TFB_FY26_Black_Orchid_Reserve_50ml_1080x1350-e1756821626434-810x1024.jpg 810w, https:\/\/graziamagazine.com\/es\/wp-content\/uploads\/sites\/12\/2025\/09\/YDRAY-TFB_FY26_Black_Orchid_Reserve_50ml_1080x1350-e1756821626434-768x971.jpg 768w, https:\/\/graziamagazine.com\/es\/wp-content\/uploads\/sites\/12\/2025\/09\/YDRAY-TFB_FY26_Black_Orchid_Reserve_50ml_1080x1350-e1756821626434-400x506.jpg 400w, https:\/\/graziamagazine.com\/es\/wp-content\/uploads\/sites\/12\/2025\/09\/YDRAY-TFB_FY26_Black_Orchid_Reserve_50ml_1080x1350-e1756821626434-155x196.jpg 155w\" sizes=\"(max-width: 1019px) 100vw, 1019px\" \/><\/p>\n<p>Esta nota preciosa es un floral blanco decadente, que proporciona un contraste brillante con los ricos acordes oscuros y especiados de Black Orchid, dando paso a un nuevo cap\u00edtulo en el universo de Black Orchid de TOM FORD. Su precio es de 177 euros, el tama\u00f1o de 50 ml y de 247 euros, el tama\u00f1o de 100 ml.<\/p>\n<p><em>*Im\u00e1genes: cortes\u00eda<\/em><\/p>\n","protected":false},"author":11653,"featured_media":187379,"template":"","format":"standard","categories":[7],"acf":[],"yoast_head":"<!-- This site is optimized with the Yoast SEO Premium plugin v18.5 (Yoast SEO v20.4) - https:\/\/yoast.com\/wordpress\/plugins\/seo\/ -->\n<title>Tilda Swinton, musa de Black Orchid Reserve de Tom Ford<\/title>\n<meta name=\"description\" content=\"La actriz protagoniza la campa\u00f1a de la nueva fragancia que trae de regreso la versi\u00f3n creada en 2006 pero mejorada.\" \/>\n<meta name=\"robots\" content=\"index, follow, max-snippet:-1, max-image-preview:large, max-video-preview:-1\" \/>\n<link rel=\"canonical\" href=\"https:\/\/graziamagazine.com\/es\/articles\/tilda-swinton-musa-de-la-nueva-black-orchid-reserve-de-tom-ford\/\" \/>\n<meta property=\"og:locale\" content=\"es_ES\" \/>\n<meta property=\"og:type\" content=\"article\" \/>\n<meta property=\"og:title\" content=\"Tilda Swinton, musa de la nueva Black Orchid Reserve de Tom Ford\" \/>\n<meta property=\"og:description\" content=\"La actriz protagoniza la campa\u00f1a de la nueva fragancia que trae de regreso la versi\u00f3n creada en 2006 pero mejorada.\" \/>\n<meta property=\"og:url\" content=\"https:\/\/graziamagazine.com\/es\/articles\/tilda-swinton-musa-de-la-nueva-black-orchid-reserve-de-tom-ford\/\" \/>\n<meta property=\"og:site_name\" content=\"Grazia\" \/>\n<meta property=\"article:modified_time\" content=\"2025-09-02T14:12:39+00:00\" \/>\n<meta property=\"og:image\" content=\"https:\/\/graziamagazine.com\/es\/wp-content\/uploads\/sites\/12\/2025\/09\/highxtar-tom-ford-beauty-destacada-1440x1080-1.jpg\" \/>\n\t<meta property=\"og:image:width\" content=\"1440\" \/>\n\t<meta property=\"og:image:height\" content=\"1080\" \/>\n\t<meta property=\"og:image:type\" content=\"image\/jpeg\" \/>\n<meta name=\"twitter:card\" content=\"summary_large_image\" \/>\n<meta name=\"twitter:label1\" content=\"Est. reading time\" \/>\n\t<meta name=\"twitter:data1\" content=\"4 minutos\" \/>\n<script type=\"application\/ld+json\" class=\"yoast-schema-graph\">{\"@context\":\"https:\/\/schema.org\",\"@graph\":[{\"@type\":\"WebPage\",\"@id\":\"https:\/\/graziamagazine.com\/es\/articles\/tilda-swinton-musa-de-la-nueva-black-orchid-reserve-de-tom-ford\/\",\"url\":\"https:\/\/graziamagazine.com\/es\/articles\/tilda-swinton-musa-de-la-nueva-black-orchid-reserve-de-tom-ford\/\",\"name\":\"Tilda Swinton, musa de Black Orchid Reserve de Tom Ford\",\"isPartOf\":{\"@id\":\"https:\/\/graziamagazine.com\/es\/#website\"},\"datePublished\":\"2025-09-02T14:04:55+00:00\",\"dateModified\":\"2025-09-02T14:12:39+00:00\",\"description\":\"La actriz protagoniza la campa\u00f1a de la nueva fragancia que trae de regreso la versi\u00f3n creada en 2006 pero mejorada.\",\"breadcrumb\":{\"@id\":\"https:\/\/graziamagazine.com\/es\/articles\/tilda-swinton-musa-de-la-nueva-black-orchid-reserve-de-tom-ford\/#breadcrumb\"},\"inLanguage\":\"es\",\"potentialAction\":[{\"@type\":\"ReadAction\",\"target\":[\"https:\/\/graziamagazine.com\/es\/articles\/tilda-swinton-musa-de-la-nueva-black-orchid-reserve-de-tom-ford\/\"]}]},{\"@type\":\"BreadcrumbList\",\"@id\":\"https:\/\/graziamagazine.com\/es\/articles\/tilda-swinton-musa-de-la-nueva-black-orchid-reserve-de-tom-ford\/#breadcrumb\",\"itemListElement\":[{\"@type\":\"ListItem\",\"position\":1,\"name\":\"Portada\",\"item\":\"https:\/\/graziamagazine.com\/es\/\"},{\"@type\":\"ListItem\",\"position\":2,\"name\":\"Tilda Swinton, musa de la nueva Black Orchid Reserve de Tom Ford\"}]},{\"@type\":\"WebSite\",\"@id\":\"https:\/\/graziamagazine.com\/es\/#website\",\"url\":\"https:\/\/graziamagazine.com\/es\/\",\"name\":\"Grazia\",\"description\":\"Moda, belleza, celebrities, estilo de vida...\",\"potentialAction\":[{\"@type\":\"SearchAction\",\"target\":{\"@type\":\"EntryPoint\",\"urlTemplate\":\"https:\/\/graziamagazine.com\/es\/?s={search_term_string}\"},\"query-input\":\"required name=search_term_string\"}],\"inLanguage\":\"es\"}]}<\/script>\n<!-- \/ Yoast SEO Premium plugin. -->","yoast_head_json":{"title":"Tilda Swinton, musa de Black Orchid Reserve de Tom Ford","description":"La actriz protagoniza la campa\u00f1a de la nueva fragancia que trae de regreso la versi\u00f3n creada en 2006 pero mejorada.","robots":{"index":"index","follow":"follow","max-snippet":"max-snippet:-1","max-image-preview":"max-image-preview:large","max-video-preview":"max-video-preview:-1"},"canonical":"https:\/\/graziamagazine.com\/es\/articles\/tilda-swinton-musa-de-la-nueva-black-orchid-reserve-de-tom-ford\/","og_locale":"es_ES","og_type":"article","og_title":"Tilda Swinton, musa de la nueva Black Orchid Reserve de Tom Ford","og_description":"La actriz protagoniza la campa\u00f1a de la nueva fragancia que trae de regreso la versi\u00f3n creada en 2006 pero mejorada.","og_url":"https:\/\/graziamagazine.com\/es\/articles\/tilda-swinton-musa-de-la-nueva-black-orchid-reserve-de-tom-ford\/","og_site_name":"Grazia","article_modified_time":"2025-09-02T14:12:39+00:00","og_image":[{"width":1440,"height":1080,"url":"https:\/\/graziamagazine.com\/es\/wp-content\/uploads\/sites\/12\/2025\/09\/highxtar-tom-ford-beauty-destacada-1440x1080-1.jpg","type":"image\/jpeg"}],"twitter_card":"summary_large_image","twitter_misc":{"Est. reading time":"4 minutos"},"schema":{"@context":"https:\/\/schema.org","@graph":[{"@type":"WebPage","@id":"https:\/\/graziamagazine.com\/es\/articles\/tilda-swinton-musa-de-la-nueva-black-orchid-reserve-de-tom-ford\/","url":"https:\/\/graziamagazine.com\/es\/articles\/tilda-swinton-musa-de-la-nueva-black-orchid-reserve-de-tom-ford\/","name":"Tilda Swinton, musa de Black Orchid Reserve de Tom Ford","isPartOf":{"@id":"https:\/\/graziamagazine.com\/es\/#website"},"datePublished":"2025-09-02T14:04:55+00:00","dateModified":"2025-09-02T14:12:39+00:00","description":"La actriz protagoniza la campa\u00f1a de la nueva fragancia que trae de regreso la versi\u00f3n creada en 2006 pero mejorada.","breadcrumb":{"@id":"https:\/\/graziamagazine.com\/es\/articles\/tilda-swinton-musa-de-la-nueva-black-orchid-reserve-de-tom-ford\/#breadcrumb"},"inLanguage":"es","potentialAction":[{"@type":"ReadAction","target":["https:\/\/graziamagazine.com\/es\/articles\/tilda-swinton-musa-de-la-nueva-black-orchid-reserve-de-tom-ford\/"]}]},{"@type":"BreadcrumbList","@id":"https:\/\/graziamagazine.com\/es\/articles\/tilda-swinton-musa-de-la-nueva-black-orchid-reserve-de-tom-ford\/#breadcrumb","itemListElement":[{"@type":"ListItem","position":1,"name":"Portada","item":"https:\/\/graziamagazine.com\/es\/"},{"@type":"ListItem","position":2,"name":"Tilda Swinton, musa de la nueva Black Orchid Reserve de Tom Ford"}]},{"@type":"WebSite","@id":"https:\/\/graziamagazine.com\/es\/#website","url":"https:\/\/graziamagazine.com\/es\/","name":"Grazia","description":"Moda, belleza, celebrities, estilo de vida...","potentialAction":[{"@type":"SearchAction","target":{"@type":"EntryPoint","urlTemplate":"https:\/\/graziamagazine.com\/es\/?s={search_term_string}"},"query-input":"required name=search_term_string"}],"inLanguage":"es"}]}},"jetpack_sharing_enabled":true,"distributor_meta":false,"distributor_terms":false,"distributor_media":false,"distributor_original_site_name":"Grazia","distributor_original_site_url":"https:\/\/graziamagazine.com\/es","push-errors":false,"_links":{"self":[{"href":"https:\/\/graziamagazine.com\/es\/wp-json\/wp\/v2\/articles\/187377"}],"collection":[{"href":"https:\/\/graziamagazine.com\/es\/wp-json\/wp\/v2\/articles"}],"about":[{"href":"https:\/\/graziamagazine.com\/es\/wp-json\/wp\/v2\/types\/articles"}],"author":[{"embeddable":true,"href":"https:\/\/graziamagazine.com\/es\/wp-json\/wp\/v2\/users\/11653"}],"wp:featuredmedia":[{"embeddable":true,"href":"https:\/\/graziamagazine.com\/es\/wp-json\/wp\/v2\/media\/187379"}],"wp:attachment":[{"href":"https:\/\/graziamagazine.com\/es\/wp-json\/wp\/v2\/media?parent=187377"}],"wp:term":[{"taxonomy":"category","embeddable":true,"href":"https:\/\/graziamagazine.com\/es\/wp-json\/wp\/v2\/categories?post=187377"}],"curies":[{"name":"wp","href":"https:\/\/api.w.org\/{rel}","templated":true}]}}