{"id":187225,"date":"2025-08-27T20:47:53","date_gmt":"2025-08-27T18:47:53","guid":{"rendered":"https:\/\/graziamagazine.com\/es\/?post_type=articles&#038;p=187225"},"modified":"2025-09-03T14:16:11","modified_gmt":"2025-09-03T12:16:11","slug":"festival-de-venecia-2025-todos-los-looks-de-la-alfombra-roja","status":"publish","type":"articles","link":"https:\/\/graziamagazine.com\/es\/articles\/festival-de-venecia-2025-todos-los-looks-de-la-alfombra-roja\/","title":{"rendered":"Festival de Venecia 2025: todos los looks de la alfombra roja"},"content":{"rendered":"<p>La edici\u00f3n n\u00famero 82 de La Mostra, como se denomina al Festival de Cine de Venecia, va a estar repleta de grandes nombres del s\u00e9ptimo arte. Por la alfombra roja sabemos que vamos a ver desfilar a Julia Roberts, Emma Stone, Cate Blanchett, George Clooney, Guillermo del Toro y muchos m\u00e1s.<\/p>\n<p>Aunque la atenci\u00f3n se centrar\u00e1 en dos de los estrenos m\u00e1s esperados de la temporada, como son <em>After the Hunt<\/em>, de\u00a0<strong>Luca Guadagnino<\/strong>, y\u00a0<em>Frankenstein<\/em>, de\u00a0<strong>Guillermo del Toro,<\/strong> la alfombra roja es siempre la que m\u00e1s atenci\u00f3n capta, as\u00ed como la llegada de los invitados a trav\u00e9s de los canales que llevan al Lido.<\/p>\n<p>no cabe duda de que todos los ojos estar\u00e1n puestos tambi\u00e9n en la espectacular moda de la alfombra roja.<\/p>\n<p><span style=\"font-weight: 400\">Del 27 de agosto al 6 de septiembre Venecia no solo se llena de cine, tambi\u00e9n de moda y tendencias y aqu\u00ed iremos actualizando c\u00f3mo son los estilismos elegidos por las celebrities.<\/span><\/p>\n<h3>Alfombra roja de estrellas<\/h3>\n<div class=\"GalleryPageTextBlock-vtnP dTSBAk\">\n<div class=\"BodyWrapper-kzyFNv cuQSRW body GalleryPageIntroBody-jXgcYV bjAHHa body__container\" data-journey-hook=\"client-content\" data-testid=\"BodyWrapper\">\n<div>\n<p>El\u00a0<a href=\"https:\/\/www.vogue.es\/articulos\/festival-de-venecia-2025-fechas-clave-peliculas-alfombra-roja-y-todo-sobre-el-certamen-de-cine-italiano\" target=\"_blank\">Festival de Cine de Venecia<\/a>\u00a0de este a\u00f1o estar\u00e1 repleto de estrellas, como\u00a0<strong>Julia Roberts, Emma Stone, George Clooney, Cate Blanchett<\/strong>\u00a0y\u00a0<strong>Colman Domingo<\/strong>, que se dar\u00e1n cita en Lido durante las pr\u00f3ximas dos semanas.<\/p>\n<p>Aunque la atenci\u00f3n se centrar\u00e1, por supuesto, en los estrenos m\u00e1s sonados de la temporada, como\u00a0<em>After the Hunt<\/em>, de\u00a0<strong>Luca Guadagnino<\/strong>, y\u00a0<em>Frankenstein<\/em>, de\u00a0<strong>Guillermo del Toro,<\/strong>\u00a0no cabe duda de que todos los ojos estar\u00e1n puestos tambi\u00e9n en la espectacular moda de la alfombra roja.<\/p>\n<p>Hoy arranca la primera jornada del festival y ya se ha visto llegar a la ciudad italiana a figuras de la talla de\u00a0<strong>George y Amal Clooney, Julia Roberts, Emma Stone<\/strong>\u00a0<strong>y Cate Blanchett<\/strong>. A continuaci\u00f3n, los mejores\u00a0<em>looks<\/em>\u00a0del Festival de Venecia 2025.<\/p>\n<h2>Sofia Coppola y Marc Jacobs, de Marc Jacobs<\/h2>\n<p><img loading=\"lazy\" decoding=\"async\" class=\"aligncenter size-full wp-image-187406\" src=\"https:\/\/graziamagazine.com\/es\/wp-content\/uploads\/sites\/12\/2025\/08\/GettyImages-2233337202-2-copia-scaled.jpg\" alt=\"\" width=\"1752\" height=\"2560\" srcset=\"https:\/\/graziamagazine.com\/es\/wp-content\/uploads\/sites\/12\/2025\/08\/GettyImages-2233337202-2-copia-scaled.jpg 1752w, https:\/\/graziamagazine.com\/es\/wp-content\/uploads\/sites\/12\/2025\/08\/GettyImages-2233337202-2-copia-205x300.jpg 205w, https:\/\/graziamagazine.com\/es\/wp-content\/uploads\/sites\/12\/2025\/08\/GettyImages-2233337202-2-copia-701x1024.jpg 701w, https:\/\/graziamagazine.com\/es\/wp-content\/uploads\/sites\/12\/2025\/08\/GettyImages-2233337202-2-copia-768x1122.jpg 768w, https:\/\/graziamagazine.com\/es\/wp-content\/uploads\/sites\/12\/2025\/08\/GettyImages-2233337202-2-copia-1051x1536.jpg 1051w, https:\/\/graziamagazine.com\/es\/wp-content\/uploads\/sites\/12\/2025\/08\/GettyImages-2233337202-2-copia-1402x2048.jpg 1402w, https:\/\/graziamagazine.com\/es\/wp-content\/uploads\/sites\/12\/2025\/08\/GettyImages-2233337202-2-copia-400x584.jpg 400w, https:\/\/graziamagazine.com\/es\/wp-content\/uploads\/sites\/12\/2025\/08\/GettyImages-2233337202-2-copia-147x215.jpg 147w\" sizes=\"(max-width: 1752px) 100vw, 1752px\" \/><\/p>\n<h2>Greta Lee, de Dior<\/h2>\n<p>La actriz llevaba un vestido negro de sat\u00e9n y organza verde, de <span class=\"marko50v2k2vw\" data-markjs=\"true\" data-ogac=\"\" data-ogab=\"\" data-ogsc=\"\" data-ogsb=\"\">Dior<\/span>\u00a0por Jonathan Anderson.<\/p>\n<p><img decoding=\"async\" src=\"https:\/\/hips.hearstapps.com\/hmg-prod\/images\/greta-lee-attends-a-house-of-dynamite-red-carpet-during-the-news-photo-1756883478.pjpeg?crop=1xw:1xh;center,top&amp;resize=980:*\" \/><\/p>\n<h2>Emily Blunt, de Tamara Ralph<\/h2>\n<p><img decoding=\"async\" src=\"https:\/\/hips.hearstapps.com\/hmg-prod\/images\/british-born-american-actress-emily-blunt-at-the-82-venice-news-photo-1756883576.pjpeg?crop=1xw:1xh;center,top&amp;resize=980:*\" alt=\"the smashing machine red carpet 82 venice international film festival 2025\" \/><\/p>\n<\/div>\n<h2 class=\"x_MsoNormal\"><b data-olk-copy-source=\"MessageBody\">Rebecca Marder, de Dior<\/b><\/h2>\n<p class=\"x_MsoNormal\">La actriz eligi\u00f3 un vestido azul de sat\u00e9n de seda, de <span class=\"marko50v2k2vw\" data-markjs=\"true\" data-ogac=\"\" data-ogab=\"\" data-ogsc=\"\" data-ogsb=\"\">Dior<\/span>\u00a0por Jonathan Anderson.<\/p>\n<p><img loading=\"lazy\" decoding=\"async\" class=\"size-full wp-image-187407\" src=\"https:\/\/graziamagazine.com\/es\/wp-content\/uploads\/sites\/12\/2025\/08\/Rebecca-Marder-2nd-September-2025-copia-scaled.jpeg\" alt=\"\" width=\"1707\" height=\"2560\" srcset=\"https:\/\/graziamagazine.com\/es\/wp-content\/uploads\/sites\/12\/2025\/08\/Rebecca-Marder-2nd-September-2025-copia-scaled.jpeg 1707w, https:\/\/graziamagazine.com\/es\/wp-content\/uploads\/sites\/12\/2025\/08\/Rebecca-Marder-2nd-September-2025-copia-200x300.jpeg 200w, https:\/\/graziamagazine.com\/es\/wp-content\/uploads\/sites\/12\/2025\/08\/Rebecca-Marder-2nd-September-2025-copia-683x1024.jpeg 683w, https:\/\/graziamagazine.com\/es\/wp-content\/uploads\/sites\/12\/2025\/08\/Rebecca-Marder-2nd-September-2025-copia-768x1152.jpeg 768w, https:\/\/graziamagazine.com\/es\/wp-content\/uploads\/sites\/12\/2025\/08\/Rebecca-Marder-2nd-September-2025-copia-1024x1536.jpeg 1024w, https:\/\/graziamagazine.com\/es\/wp-content\/uploads\/sites\/12\/2025\/08\/Rebecca-Marder-2nd-September-2025-copia-1366x2048.jpeg 1366w, https:\/\/graziamagazine.com\/es\/wp-content\/uploads\/sites\/12\/2025\/08\/Rebecca-Marder-2nd-September-2025-copia-400x600.jpeg 400w, https:\/\/graziamagazine.com\/es\/wp-content\/uploads\/sites\/12\/2025\/08\/Rebecca-Marder-2nd-September-2025-copia-143x215.jpeg 143w\" sizes=\"(max-width: 1707px) 100vw, 1707px\" \/><\/p>\n<div>\n<h2>Amanda Seyfried, de Prada<\/h2>\n<p>Con joyas Tiffany &amp; Co.<\/p>\n<p><img loading=\"lazy\" decoding=\"async\" class=\"aligncenter size-full wp-image-187315\" src=\"https:\/\/graziamagazine.com\/es\/wp-content\/uploads\/sites\/12\/2025\/08\/GettyImages-2233194291-copia-scaled.jpg\" alt=\"\" width=\"1707\" height=\"2560\" srcset=\"https:\/\/graziamagazine.com\/es\/wp-content\/uploads\/sites\/12\/2025\/08\/GettyImages-2233194291-copia-scaled.jpg 1707w, https:\/\/graziamagazine.com\/es\/wp-content\/uploads\/sites\/12\/2025\/08\/GettyImages-2233194291-copia-200x300.jpg 200w, https:\/\/graziamagazine.com\/es\/wp-content\/uploads\/sites\/12\/2025\/08\/GettyImages-2233194291-copia-683x1024.jpg 683w, https:\/\/graziamagazine.com\/es\/wp-content\/uploads\/sites\/12\/2025\/08\/GettyImages-2233194291-copia-768x1152.jpg 768w, https:\/\/graziamagazine.com\/es\/wp-content\/uploads\/sites\/12\/2025\/08\/GettyImages-2233194291-copia-1024x1536.jpg 1024w, https:\/\/graziamagazine.com\/es\/wp-content\/uploads\/sites\/12\/2025\/08\/GettyImages-2233194291-copia-1365x2048.jpg 1365w, https:\/\/graziamagazine.com\/es\/wp-content\/uploads\/sites\/12\/2025\/08\/GettyImages-2233194291-copia-400x600.jpg 400w, https:\/\/graziamagazine.com\/es\/wp-content\/uploads\/sites\/12\/2025\/08\/GettyImages-2233194291-copia-143x215.jpg 143w\" sizes=\"(max-width: 1707px) 100vw, 1707px\" \/><\/p>\n<h2 class=\"x_MsoNormal\" style=\"text-align: left\" align=\"center\"><b><span data-olk-copy-source=\"MessageBody\">Claudia Salas debuta en el festival de Venecia junto a Atelier EM\u00c9<\/span><\/b><\/h2>\n<p style=\"text-align: left\" align=\"center\"><img loading=\"lazy\" decoding=\"async\" class=\"aligncenter size-full wp-image-187324\" src=\"https:\/\/graziamagazine.com\/es\/wp-content\/uploads\/sites\/12\/2025\/08\/thumbnail_image002-scaled.jpg\" alt=\"\" width=\"1707\" height=\"2560\" srcset=\"https:\/\/graziamagazine.com\/es\/wp-content\/uploads\/sites\/12\/2025\/08\/thumbnail_image002-scaled.jpg 1707w, https:\/\/graziamagazine.com\/es\/wp-content\/uploads\/sites\/12\/2025\/08\/thumbnail_image002-200x300.jpg 200w, https:\/\/graziamagazine.com\/es\/wp-content\/uploads\/sites\/12\/2025\/08\/thumbnail_image002-683x1024.jpg 683w, https:\/\/graziamagazine.com\/es\/wp-content\/uploads\/sites\/12\/2025\/08\/thumbnail_image002-768x1152.jpg 768w, https:\/\/graziamagazine.com\/es\/wp-content\/uploads\/sites\/12\/2025\/08\/thumbnail_image002-1024x1536.jpg 1024w, https:\/\/graziamagazine.com\/es\/wp-content\/uploads\/sites\/12\/2025\/08\/thumbnail_image002-1366x2048.jpg 1366w, https:\/\/graziamagazine.com\/es\/wp-content\/uploads\/sites\/12\/2025\/08\/thumbnail_image002-400x600.jpg 400w, https:\/\/graziamagazine.com\/es\/wp-content\/uploads\/sites\/12\/2025\/08\/thumbnail_image002-143x215.jpg 143w\" sizes=\"(max-width: 1707px) 100vw, 1707px\" \/><\/p>\n<h2>Stacy Martin, de Louis Vuitton<\/h2>\n<p><img loading=\"lazy\" decoding=\"async\" class=\"aligncenter size-full wp-image-187316\" src=\"https:\/\/graziamagazine.com\/es\/wp-content\/uploads\/sites\/12\/2025\/08\/GettyImages-2233199658-copia-scaled.jpg\" alt=\"\" width=\"1707\" height=\"2560\" srcset=\"https:\/\/graziamagazine.com\/es\/wp-content\/uploads\/sites\/12\/2025\/08\/GettyImages-2233199658-copia-scaled.jpg 1707w, https:\/\/graziamagazine.com\/es\/wp-content\/uploads\/sites\/12\/2025\/08\/GettyImages-2233199658-copia-200x300.jpg 200w, https:\/\/graziamagazine.com\/es\/wp-content\/uploads\/sites\/12\/2025\/08\/GettyImages-2233199658-copia-683x1024.jpg 683w, https:\/\/graziamagazine.com\/es\/wp-content\/uploads\/sites\/12\/2025\/08\/GettyImages-2233199658-copia-768x1152.jpg 768w, https:\/\/graziamagazine.com\/es\/wp-content\/uploads\/sites\/12\/2025\/08\/GettyImages-2233199658-copia-1024x1536.jpg 1024w, https:\/\/graziamagazine.com\/es\/wp-content\/uploads\/sites\/12\/2025\/08\/GettyImages-2233199658-copia-1365x2048.jpg 1365w, https:\/\/graziamagazine.com\/es\/wp-content\/uploads\/sites\/12\/2025\/08\/GettyImages-2233199658-copia-400x600.jpg 400w, https:\/\/graziamagazine.com\/es\/wp-content\/uploads\/sites\/12\/2025\/08\/GettyImages-2233199658-copia-143x215.jpg 143w\" sizes=\"(max-width: 1707px) 100vw, 1707px\" \/><\/p>\n<h2>Kaia Gerber y Lewis Pullman confirman su romance en la alfombra roja<\/h2>\n<p><img loading=\"lazy\" decoding=\"async\" class=\"aligncenter size-full wp-image-187317\" src=\"https:\/\/graziamagazine.com\/es\/wp-content\/uploads\/sites\/12\/2025\/08\/GettyImages-2233180034-1-copia-scaled.jpg\" alt=\"\" width=\"1707\" height=\"2560\" srcset=\"https:\/\/graziamagazine.com\/es\/wp-content\/uploads\/sites\/12\/2025\/08\/GettyImages-2233180034-1-copia-scaled.jpg 1707w, https:\/\/graziamagazine.com\/es\/wp-content\/uploads\/sites\/12\/2025\/08\/GettyImages-2233180034-1-copia-200x300.jpg 200w, https:\/\/graziamagazine.com\/es\/wp-content\/uploads\/sites\/12\/2025\/08\/GettyImages-2233180034-1-copia-683x1024.jpg 683w, https:\/\/graziamagazine.com\/es\/wp-content\/uploads\/sites\/12\/2025\/08\/GettyImages-2233180034-1-copia-768x1152.jpg 768w, https:\/\/graziamagazine.com\/es\/wp-content\/uploads\/sites\/12\/2025\/08\/GettyImages-2233180034-1-copia-1024x1536.jpg 1024w, https:\/\/graziamagazine.com\/es\/wp-content\/uploads\/sites\/12\/2025\/08\/GettyImages-2233180034-1-copia-1365x2048.jpg 1365w, https:\/\/graziamagazine.com\/es\/wp-content\/uploads\/sites\/12\/2025\/08\/GettyImages-2233180034-1-copia-400x600.jpg 400w, https:\/\/graziamagazine.com\/es\/wp-content\/uploads\/sites\/12\/2025\/08\/GettyImages-2233180034-1-copia-143x215.jpg 143w\" sizes=\"(max-width: 1707px) 100vw, 1707px\" \/><\/p>\n<h2><span data-olk-copy-source=\"MessageBody\">Vicky Krieps, de Bottega Veneta<\/span><\/h2>\n<\/div>\n<p><img decoding=\"async\" src=\"https:\/\/refresh-bee-production.s3.amazonaws.com\/beefree\/images\/38b877a3bc3344924f307302f2feb4fc5151c7524fcdf7651f5a40c6f7c866ef\/editor_images\/2025\/08\/VICKY%20KRIEPS%20WEARS%20BOTTEGA%20VENETA%20AT%20THE%2082ND%20VENICE%20INTERNATIONAL%20FILM%20FESTIVAL.jpg\" \/><\/p>\n<h2 class=\"BaseWrap-sc-gzmcOU BaseText-eqOrNE GallerySlideCaptionHed-fyvEAc deqABF bOHgAB bdAvQC\"><span class=\"GallerySlideCaptionHedText-ivCEuh kiKZgN\">Alisha Boe, de Miu Miu<\/span><\/h2>\n<p><img loading=\"lazy\" decoding=\"async\" class=\"aligncenter size-full wp-image-187318\" src=\"https:\/\/graziamagazine.com\/es\/wp-content\/uploads\/sites\/12\/2025\/08\/GettyImages-2233127227-1-copia-scaled.jpg\" alt=\"\" width=\"1707\" height=\"2560\" srcset=\"https:\/\/graziamagazine.com\/es\/wp-content\/uploads\/sites\/12\/2025\/08\/GettyImages-2233127227-1-copia-scaled.jpg 1707w, https:\/\/graziamagazine.com\/es\/wp-content\/uploads\/sites\/12\/2025\/08\/GettyImages-2233127227-1-copia-200x300.jpg 200w, https:\/\/graziamagazine.com\/es\/wp-content\/uploads\/sites\/12\/2025\/08\/GettyImages-2233127227-1-copia-683x1024.jpg 683w, https:\/\/graziamagazine.com\/es\/wp-content\/uploads\/sites\/12\/2025\/08\/GettyImages-2233127227-1-copia-768x1152.jpg 768w, https:\/\/graziamagazine.com\/es\/wp-content\/uploads\/sites\/12\/2025\/08\/GettyImages-2233127227-1-copia-1024x1536.jpg 1024w, https:\/\/graziamagazine.com\/es\/wp-content\/uploads\/sites\/12\/2025\/08\/GettyImages-2233127227-1-copia-1365x2048.jpg 1365w, https:\/\/graziamagazine.com\/es\/wp-content\/uploads\/sites\/12\/2025\/08\/GettyImages-2233127227-1-copia-400x600.jpg 400w, https:\/\/graziamagazine.com\/es\/wp-content\/uploads\/sites\/12\/2025\/08\/GettyImages-2233127227-1-copia-143x215.jpg 143w\" sizes=\"(max-width: 1707px) 100vw, 1707px\" \/><\/p>\n<h2 class=\"BaseWrap-sc-gzmcOU BaseText-eqOrNE GallerySlideCaptionHed-fyvEAc deqABF bOHgAB bdAvQC\"><span class=\"GallerySlideCaptionHedText-ivCEuh kiKZgN\">Viola Prettejohn, de Miu Miu<\/span><\/h2>\n<p><img loading=\"lazy\" decoding=\"async\" class=\"aligncenter size-full wp-image-187319\" src=\"https:\/\/graziamagazine.com\/es\/wp-content\/uploads\/sites\/12\/2025\/08\/GettyImages-2233171404-copia-scaled.jpg\" alt=\"\" width=\"1708\" height=\"2560\" srcset=\"https:\/\/graziamagazine.com\/es\/wp-content\/uploads\/sites\/12\/2025\/08\/GettyImages-2233171404-copia-scaled.jpg 1708w, https:\/\/graziamagazine.com\/es\/wp-content\/uploads\/sites\/12\/2025\/08\/GettyImages-2233171404-copia-200x300.jpg 200w, https:\/\/graziamagazine.com\/es\/wp-content\/uploads\/sites\/12\/2025\/08\/GettyImages-2233171404-copia-683x1024.jpg 683w, https:\/\/graziamagazine.com\/es\/wp-content\/uploads\/sites\/12\/2025\/08\/GettyImages-2233171404-copia-768x1151.jpg 768w, https:\/\/graziamagazine.com\/es\/wp-content\/uploads\/sites\/12\/2025\/08\/GettyImages-2233171404-copia-1025x1536.jpg 1025w, https:\/\/graziamagazine.com\/es\/wp-content\/uploads\/sites\/12\/2025\/08\/GettyImages-2233171404-copia-1366x2048.jpg 1366w, https:\/\/graziamagazine.com\/es\/wp-content\/uploads\/sites\/12\/2025\/08\/GettyImages-2233171404-copia-400x600.jpg 400w, https:\/\/graziamagazine.com\/es\/wp-content\/uploads\/sites\/12\/2025\/08\/GettyImages-2233171404-copia-143x215.jpg 143w\" sizes=\"(max-width: 1708px) 100vw, 1708px\" \/><\/p>\n<h2>Emily Blunt, en azul beb\u00e9<\/h2>\n<p><img loading=\"lazy\" decoding=\"async\" class=\"aligncenter size-full wp-image-187320\" src=\"https:\/\/graziamagazine.com\/es\/wp-content\/uploads\/sites\/12\/2025\/08\/GettyImages-2233174354-copia-scaled.jpg\" alt=\"\" width=\"1510\" height=\"2560\" srcset=\"https:\/\/graziamagazine.com\/es\/wp-content\/uploads\/sites\/12\/2025\/08\/GettyImages-2233174354-copia-scaled.jpg 1510w, https:\/\/graziamagazine.com\/es\/wp-content\/uploads\/sites\/12\/2025\/08\/GettyImages-2233174354-copia-177x300.jpg 177w, https:\/\/graziamagazine.com\/es\/wp-content\/uploads\/sites\/12\/2025\/08\/GettyImages-2233174354-copia-604x1024.jpg 604w, https:\/\/graziamagazine.com\/es\/wp-content\/uploads\/sites\/12\/2025\/08\/GettyImages-2233174354-copia-768x1302.jpg 768w, https:\/\/graziamagazine.com\/es\/wp-content\/uploads\/sites\/12\/2025\/08\/GettyImages-2233174354-copia-906x1536.jpg 906w, https:\/\/graziamagazine.com\/es\/wp-content\/uploads\/sites\/12\/2025\/08\/GettyImages-2233174354-copia-1208x2048.jpg 1208w, https:\/\/graziamagazine.com\/es\/wp-content\/uploads\/sites\/12\/2025\/08\/GettyImages-2233174354-copia-400x678.jpg 400w, https:\/\/graziamagazine.com\/es\/wp-content\/uploads\/sites\/12\/2025\/08\/GettyImages-2233174354-copia-127x215.jpg 127w\" sizes=\"(max-width: 1510px) 100vw, 1510px\" \/><\/p>\n<h2>Georgina Rodr\u00edguez, en un custom Roberto Cavalli<\/h2>\n<p><img loading=\"lazy\" decoding=\"async\" class=\"aligncenter size-full wp-image-187333\" src=\"https:\/\/graziamagazine.com\/es\/wp-content\/uploads\/sites\/12\/2025\/08\/GettyImages-2233044181-copia-scaled.jpg\" alt=\"\" width=\"1707\" height=\"2560\" srcset=\"https:\/\/graziamagazine.com\/es\/wp-content\/uploads\/sites\/12\/2025\/08\/GettyImages-2233044181-copia-scaled.jpg 1707w, https:\/\/graziamagazine.com\/es\/wp-content\/uploads\/sites\/12\/2025\/08\/GettyImages-2233044181-copia-200x300.jpg 200w, https:\/\/graziamagazine.com\/es\/wp-content\/uploads\/sites\/12\/2025\/08\/GettyImages-2233044181-copia-683x1024.jpg 683w, https:\/\/graziamagazine.com\/es\/wp-content\/uploads\/sites\/12\/2025\/08\/GettyImages-2233044181-copia-768x1152.jpg 768w, https:\/\/graziamagazine.com\/es\/wp-content\/uploads\/sites\/12\/2025\/08\/GettyImages-2233044181-copia-1024x1536.jpg 1024w, https:\/\/graziamagazine.com\/es\/wp-content\/uploads\/sites\/12\/2025\/08\/GettyImages-2233044181-copia-1365x2048.jpg 1365w, https:\/\/graziamagazine.com\/es\/wp-content\/uploads\/sites\/12\/2025\/08\/GettyImages-2233044181-copia-400x600.jpg 400w, https:\/\/graziamagazine.com\/es\/wp-content\/uploads\/sites\/12\/2025\/08\/GettyImages-2233044181-copia-143x215.jpg 143w\" sizes=\"(max-width: 1707px) 100vw, 1707px\" \/><\/p>\n<h2><span data-olk-copy-source=\"MessageBody\">Alba Rohrwacher, de Dior<\/span><\/h2>\n<\/div>\n<p><img decoding=\"async\" src=\"https:\/\/refresh-bee-production.s3.amazonaws.com\/beefree\/images\/e05f16a6042bbd86604bb1af5a712c26f726d542447c51c9c162aa5001223fac\/editor_images\/2025\/08\/Alba%20Rohrwacher%20-%20Red%20Carpet%20-%2028th%20August.JPG\" \/><\/p>\n<div class=\"BodyWrapper-kzyFNv cuQSRW body GalleryPageIntroBody-jXgcYV bjAHHa body__container\" data-journey-hook=\"client-content\" data-testid=\"BodyWrapper\">\n<div>\n<h2>Cate Blanchett, de Maison Margiela<\/h2>\n<p><img loading=\"lazy\" decoding=\"async\" class=\"aligncenter size-full wp-image-187313\" src=\"https:\/\/graziamagazine.com\/es\/wp-content\/uploads\/sites\/12\/2025\/08\/GettyImages-2233038777-copia-scaled.jpg\" alt=\"\" width=\"1557\" height=\"2560\" srcset=\"https:\/\/graziamagazine.com\/es\/wp-content\/uploads\/sites\/12\/2025\/08\/GettyImages-2233038777-copia-scaled.jpg 1557w, https:\/\/graziamagazine.com\/es\/wp-content\/uploads\/sites\/12\/2025\/08\/GettyImages-2233038777-copia-183x300.jpg 183w, https:\/\/graziamagazine.com\/es\/wp-content\/uploads\/sites\/12\/2025\/08\/GettyImages-2233038777-copia-623x1024.jpg 623w, https:\/\/graziamagazine.com\/es\/wp-content\/uploads\/sites\/12\/2025\/08\/GettyImages-2233038777-copia-768x1262.jpg 768w, https:\/\/graziamagazine.com\/es\/wp-content\/uploads\/sites\/12\/2025\/08\/GettyImages-2233038777-copia-934x1536.jpg 934w, https:\/\/graziamagazine.com\/es\/wp-content\/uploads\/sites\/12\/2025\/08\/GettyImages-2233038777-copia-1246x2048.jpg 1246w, https:\/\/graziamagazine.com\/es\/wp-content\/uploads\/sites\/12\/2025\/08\/GettyImages-2233038777-copia-400x658.jpg 400w, https:\/\/graziamagazine.com\/es\/wp-content\/uploads\/sites\/12\/2025\/08\/GettyImages-2233038777-copia-131x215.jpg 131w\" sizes=\"(max-width: 1557px) 100vw, 1557px\" \/><\/p>\n<h2 class=\"BaseWrap-sc-gzmcOU BaseText-eqOrNE GallerySlideCaptionHed-fyvEAc deqABF bOHgAB bdAvQC\"><span class=\"GallerySlideCaptionHedText-ivCEuh kiKZgN\">Alicia Vikander, de Louis Vuitton<\/span><\/h2>\n<p><img loading=\"lazy\" decoding=\"async\" class=\"aligncenter size-full wp-image-187330\" src=\"https:\/\/graziamagazine.com\/es\/wp-content\/uploads\/sites\/12\/2025\/08\/GettyImages-2233011889-copia-scaled.jpg\" alt=\"\" width=\"1707\" height=\"2560\" srcset=\"https:\/\/graziamagazine.com\/es\/wp-content\/uploads\/sites\/12\/2025\/08\/GettyImages-2233011889-copia-scaled.jpg 1707w, https:\/\/graziamagazine.com\/es\/wp-content\/uploads\/sites\/12\/2025\/08\/GettyImages-2233011889-copia-200x300.jpg 200w, https:\/\/graziamagazine.com\/es\/wp-content\/uploads\/sites\/12\/2025\/08\/GettyImages-2233011889-copia-683x1024.jpg 683w, https:\/\/graziamagazine.com\/es\/wp-content\/uploads\/sites\/12\/2025\/08\/GettyImages-2233011889-copia-768x1152.jpg 768w, https:\/\/graziamagazine.com\/es\/wp-content\/uploads\/sites\/12\/2025\/08\/GettyImages-2233011889-copia-1024x1536.jpg 1024w, https:\/\/graziamagazine.com\/es\/wp-content\/uploads\/sites\/12\/2025\/08\/GettyImages-2233011889-copia-1366x2048.jpg 1366w, https:\/\/graziamagazine.com\/es\/wp-content\/uploads\/sites\/12\/2025\/08\/GettyImages-2233011889-copia-400x600.jpg 400w, https:\/\/graziamagazine.com\/es\/wp-content\/uploads\/sites\/12\/2025\/08\/GettyImages-2233011889-copia-143x215.jpg 143w\" sizes=\"(max-width: 1707px) 100vw, 1707px\" \/><\/p>\n<div class=\"GallerySlideCaptionDekContainer-xhHPk eDRRf\" data-testid=\"GallerySlideCaptionDekContainer\">\n<div class=\"GallerySlideCaptionDek-cHRodn bSapsH\">\n<div><\/div>\n<\/div>\n<\/div>\n<h2>Monica Barbaro, de Dior<\/h2>\n<p><img decoding=\"async\" src=\"https:\/\/refresh-bee-production.s3.amazonaws.com\/beefree\/images\/e05f16a6042bbd86604bb1af5a712c26f726d542447c51c9c162aa5001223fac\/editor_images\/2025\/08\/Monica%20Barbaro%20-%20Dior%20-%2029th%20August%202025.JPG\" \/><\/p>\n<h2>Julia Roberts, de Versace<\/h2>\n<p><img loading=\"lazy\" decoding=\"async\" class=\"aligncenter size-full wp-image-187354\" src=\"https:\/\/graziamagazine.com\/es\/wp-content\/uploads\/sites\/12\/2025\/08\/julia-roberts-festival-de-venecia-elle-2-68b1e1ca09737-copia.jpg\" alt=\"\" width=\"980\" height=\"1471\" srcset=\"https:\/\/graziamagazine.com\/es\/wp-content\/uploads\/sites\/12\/2025\/08\/julia-roberts-festival-de-venecia-elle-2-68b1e1ca09737-copia.jpg 980w, https:\/\/graziamagazine.com\/es\/wp-content\/uploads\/sites\/12\/2025\/08\/julia-roberts-festival-de-venecia-elle-2-68b1e1ca09737-copia-200x300.jpg 200w, https:\/\/graziamagazine.com\/es\/wp-content\/uploads\/sites\/12\/2025\/08\/julia-roberts-festival-de-venecia-elle-2-68b1e1ca09737-copia-682x1024.jpg 682w, https:\/\/graziamagazine.com\/es\/wp-content\/uploads\/sites\/12\/2025\/08\/julia-roberts-festival-de-venecia-elle-2-68b1e1ca09737-copia-768x1153.jpg 768w, https:\/\/graziamagazine.com\/es\/wp-content\/uploads\/sites\/12\/2025\/08\/julia-roberts-festival-de-venecia-elle-2-68b1e1ca09737-copia-400x600.jpg 400w, https:\/\/graziamagazine.com\/es\/wp-content\/uploads\/sites\/12\/2025\/08\/julia-roberts-festival-de-venecia-elle-2-68b1e1ca09737-copia-143x215.jpg 143w\" sizes=\"(max-width: 980px) 100vw, 980px\" \/><\/p>\n<h2>Charlotte Rampling, de YSL<\/h2>\n<\/div>\n<p><img loading=\"lazy\" decoding=\"async\" class=\"aligncenter size-full wp-image-187323\" src=\"https:\/\/graziamagazine.com\/es\/wp-content\/uploads\/sites\/12\/2025\/08\/thumbnail_Screenshot-2025-08-31-at-10.00.50\u202fPM.png\" alt=\"\" width=\"796\" height=\"1240\" srcset=\"https:\/\/graziamagazine.com\/es\/wp-content\/uploads\/sites\/12\/2025\/08\/thumbnail_Screenshot-2025-08-31-at-10.00.50\u202fPM.png 796w, https:\/\/graziamagazine.com\/es\/wp-content\/uploads\/sites\/12\/2025\/08\/thumbnail_Screenshot-2025-08-31-at-10.00.50\u202fPM-193x300.png 193w, https:\/\/graziamagazine.com\/es\/wp-content\/uploads\/sites\/12\/2025\/08\/thumbnail_Screenshot-2025-08-31-at-10.00.50\u202fPM-657x1024.png 657w, https:\/\/graziamagazine.com\/es\/wp-content\/uploads\/sites\/12\/2025\/08\/thumbnail_Screenshot-2025-08-31-at-10.00.50\u202fPM-768x1196.png 768w, https:\/\/graziamagazine.com\/es\/wp-content\/uploads\/sites\/12\/2025\/08\/thumbnail_Screenshot-2025-08-31-at-10.00.50\u202fPM-400x623.png 400w, https:\/\/graziamagazine.com\/es\/wp-content\/uploads\/sites\/12\/2025\/08\/thumbnail_Screenshot-2025-08-31-at-10.00.50\u202fPM-138x215.png 138w\" sizes=\"(max-width: 796px) 100vw, 796px\" \/><\/p>\n<h2><span data-olk-copy-source=\"MessageBody\">Anja Rubik, de YSL<\/span><\/h2>\n<p><img loading=\"lazy\" decoding=\"async\" class=\"aligncenter size-full wp-image-187321\" src=\"https:\/\/graziamagazine.com\/es\/wp-content\/uploads\/sites\/12\/2025\/08\/thumbnail_Screenshot-2025-08-31-at-10.00.11\u202fPM.png\" alt=\"\" width=\"822\" height=\"1278\" srcset=\"https:\/\/graziamagazine.com\/es\/wp-content\/uploads\/sites\/12\/2025\/08\/thumbnail_Screenshot-2025-08-31-at-10.00.11\u202fPM.png 822w, https:\/\/graziamagazine.com\/es\/wp-content\/uploads\/sites\/12\/2025\/08\/thumbnail_Screenshot-2025-08-31-at-10.00.11\u202fPM-193x300.png 193w, https:\/\/graziamagazine.com\/es\/wp-content\/uploads\/sites\/12\/2025\/08\/thumbnail_Screenshot-2025-08-31-at-10.00.11\u202fPM-659x1024.png 659w, https:\/\/graziamagazine.com\/es\/wp-content\/uploads\/sites\/12\/2025\/08\/thumbnail_Screenshot-2025-08-31-at-10.00.11\u202fPM-768x1194.png 768w, https:\/\/graziamagazine.com\/es\/wp-content\/uploads\/sites\/12\/2025\/08\/thumbnail_Screenshot-2025-08-31-at-10.00.11\u202fPM-400x622.png 400w, https:\/\/graziamagazine.com\/es\/wp-content\/uploads\/sites\/12\/2025\/08\/thumbnail_Screenshot-2025-08-31-at-10.00.11\u202fPM-138x215.png 138w\" sizes=\"(max-width: 822px) 100vw, 822px\" \/><\/p>\n<h2>Jacob Elordi, de Bottega Veneta<\/h2>\n<\/div>\n<p><img loading=\"lazy\" decoding=\"async\" class=\"aligncenter size-full wp-image-187331\" src=\"https:\/\/graziamagazine.com\/es\/wp-content\/uploads\/sites\/12\/2025\/08\/GettyImages-2232230907-copia-scaled.jpg\" alt=\"\" width=\"1707\" height=\"2560\" srcset=\"https:\/\/graziamagazine.com\/es\/wp-content\/uploads\/sites\/12\/2025\/08\/GettyImages-2232230907-copia-scaled.jpg 1707w, https:\/\/graziamagazine.com\/es\/wp-content\/uploads\/sites\/12\/2025\/08\/GettyImages-2232230907-copia-200x300.jpg 200w, https:\/\/graziamagazine.com\/es\/wp-content\/uploads\/sites\/12\/2025\/08\/GettyImages-2232230907-copia-683x1024.jpg 683w, https:\/\/graziamagazine.com\/es\/wp-content\/uploads\/sites\/12\/2025\/08\/GettyImages-2232230907-copia-768x1152.jpg 768w, https:\/\/graziamagazine.com\/es\/wp-content\/uploads\/sites\/12\/2025\/08\/GettyImages-2232230907-copia-1024x1536.jpg 1024w, https:\/\/graziamagazine.com\/es\/wp-content\/uploads\/sites\/12\/2025\/08\/GettyImages-2232230907-copia-1365x2048.jpg 1365w, https:\/\/graziamagazine.com\/es\/wp-content\/uploads\/sites\/12\/2025\/08\/GettyImages-2232230907-copia-400x600.jpg 400w, https:\/\/graziamagazine.com\/es\/wp-content\/uploads\/sites\/12\/2025\/08\/GettyImages-2232230907-copia-143x215.jpg 143w\" sizes=\"(max-width: 1707px) 100vw, 1707px\" \/><\/p>\n<div class=\"BodyWrapper-kzyFNv cuQSRW body GalleryPageIntroBody-jXgcYV bjAHHa body__container\" data-journey-hook=\"client-content\" data-testid=\"BodyWrapper\">\n<h2>Fernanda Torres, de Chanel<\/h2>\n<p><img loading=\"lazy\" decoding=\"async\" class=\"aligncenter size-full wp-image-187327\" src=\"https:\/\/graziamagazine.com\/es\/wp-content\/uploads\/sites\/12\/2025\/08\/chanel_fernanda-torres-wore-chanel-at-the-22frankenstein22-red-carpet-the-82nd-venice-international-film-festival-300825_1-LD.jpg\" alt=\"\" width=\"1500\" height=\"2249\" srcset=\"https:\/\/graziamagazine.com\/es\/wp-content\/uploads\/sites\/12\/2025\/08\/chanel_fernanda-torres-wore-chanel-at-the-22frankenstein22-red-carpet-the-82nd-venice-international-film-festival-300825_1-LD.jpg 1500w, https:\/\/graziamagazine.com\/es\/wp-content\/uploads\/sites\/12\/2025\/08\/chanel_fernanda-torres-wore-chanel-at-the-22frankenstein22-red-carpet-the-82nd-venice-international-film-festival-300825_1-LD-200x300.jpg 200w, https:\/\/graziamagazine.com\/es\/wp-content\/uploads\/sites\/12\/2025\/08\/chanel_fernanda-torres-wore-chanel-at-the-22frankenstein22-red-carpet-the-82nd-venice-international-film-festival-300825_1-LD-683x1024.jpg 683w, https:\/\/graziamagazine.com\/es\/wp-content\/uploads\/sites\/12\/2025\/08\/chanel_fernanda-torres-wore-chanel-at-the-22frankenstein22-red-carpet-the-82nd-venice-international-film-festival-300825_1-LD-768x1151.jpg 768w, https:\/\/graziamagazine.com\/es\/wp-content\/uploads\/sites\/12\/2025\/08\/chanel_fernanda-torres-wore-chanel-at-the-22frankenstein22-red-carpet-the-82nd-venice-international-film-festival-300825_1-LD-1024x1536.jpg 1024w, https:\/\/graziamagazine.com\/es\/wp-content\/uploads\/sites\/12\/2025\/08\/chanel_fernanda-torres-wore-chanel-at-the-22frankenstein22-red-carpet-the-82nd-venice-international-film-festival-300825_1-LD-1366x2048.jpg 1366w, https:\/\/graziamagazine.com\/es\/wp-content\/uploads\/sites\/12\/2025\/08\/chanel_fernanda-torres-wore-chanel-at-the-22frankenstein22-red-carpet-the-82nd-venice-international-film-festival-300825_1-LD-400x600.jpg 400w, https:\/\/graziamagazine.com\/es\/wp-content\/uploads\/sites\/12\/2025\/08\/chanel_fernanda-torres-wore-chanel-at-the-22frankenstein22-red-carpet-the-82nd-venice-international-film-festival-300825_1-LD-143x215.jpg 143w\" sizes=\"(max-width: 1500px) 100vw, 1500px\" \/><\/p>\n<h2>Amanda Seyfried, de Versace<\/h2>\n<p><img loading=\"lazy\" decoding=\"async\" class=\"aligncenter size-full wp-image-187329\" src=\"https:\/\/graziamagazine.com\/es\/wp-content\/uploads\/sites\/12\/2025\/08\/GettyImages-2233166651-1-copia-scaled.jpg\" alt=\"\" width=\"1708\" height=\"2560\" srcset=\"https:\/\/graziamagazine.com\/es\/wp-content\/uploads\/sites\/12\/2025\/08\/GettyImages-2233166651-1-copia-scaled.jpg 1708w, https:\/\/graziamagazine.com\/es\/wp-content\/uploads\/sites\/12\/2025\/08\/GettyImages-2233166651-1-copia-200x300.jpg 200w, https:\/\/graziamagazine.com\/es\/wp-content\/uploads\/sites\/12\/2025\/08\/GettyImages-2233166651-1-copia-683x1024.jpg 683w, https:\/\/graziamagazine.com\/es\/wp-content\/uploads\/sites\/12\/2025\/08\/GettyImages-2233166651-1-copia-768x1151.jpg 768w, https:\/\/graziamagazine.com\/es\/wp-content\/uploads\/sites\/12\/2025\/08\/GettyImages-2233166651-1-copia-1025x1536.jpg 1025w, https:\/\/graziamagazine.com\/es\/wp-content\/uploads\/sites\/12\/2025\/08\/GettyImages-2233166651-1-copia-1366x2048.jpg 1366w, https:\/\/graziamagazine.com\/es\/wp-content\/uploads\/sites\/12\/2025\/08\/GettyImages-2233166651-1-copia-400x600.jpg 400w, https:\/\/graziamagazine.com\/es\/wp-content\/uploads\/sites\/12\/2025\/08\/GettyImages-2233166651-1-copia-143x215.jpg 143w\" sizes=\"(max-width: 1708px) 100vw, 1708px\" \/><\/p>\n<h2>Alexa Chung, de Chlo\u00e9<\/h2>\n<p><img loading=\"lazy\" decoding=\"async\" class=\"aligncenter size-full wp-image-187328\" src=\"https:\/\/graziamagazine.com\/es\/wp-content\/uploads\/sites\/12\/2025\/08\/GettyImages-2233016422-copia-scaled.jpg\" alt=\"\" width=\"1503\" height=\"2560\" srcset=\"https:\/\/graziamagazine.com\/es\/wp-content\/uploads\/sites\/12\/2025\/08\/GettyImages-2233016422-copia-scaled.jpg 1503w, https:\/\/graziamagazine.com\/es\/wp-content\/uploads\/sites\/12\/2025\/08\/GettyImages-2233016422-copia-176x300.jpg 176w, https:\/\/graziamagazine.com\/es\/wp-content\/uploads\/sites\/12\/2025\/08\/GettyImages-2233016422-copia-601x1024.jpg 601w, https:\/\/graziamagazine.com\/es\/wp-content\/uploads\/sites\/12\/2025\/08\/GettyImages-2233016422-copia-768x1308.jpg 768w, https:\/\/graziamagazine.com\/es\/wp-content\/uploads\/sites\/12\/2025\/08\/GettyImages-2233016422-copia-902x1536.jpg 902w, https:\/\/graziamagazine.com\/es\/wp-content\/uploads\/sites\/12\/2025\/08\/GettyImages-2233016422-copia-1203x2048.jpg 1203w, https:\/\/graziamagazine.com\/es\/wp-content\/uploads\/sites\/12\/2025\/08\/GettyImages-2233016422-copia-400x681.jpg 400w, https:\/\/graziamagazine.com\/es\/wp-content\/uploads\/sites\/12\/2025\/08\/GettyImages-2233016422-copia-126x215.jpg 126w\" sizes=\"(max-width: 1503px) 100vw, 1503px\" \/><\/p>\n<h2>Cate Blanchett, de Louis Vuitton<\/h2>\n<\/div>\n<p><img loading=\"lazy\" decoding=\"async\" class=\"aligncenter size-full wp-image-187334\" src=\"https:\/\/graziamagazine.com\/es\/wp-content\/uploads\/sites\/12\/2025\/08\/GettyImages-2233003523-copia-scaled.jpg\" alt=\"\" width=\"1786\" height=\"2560\" srcset=\"https:\/\/graziamagazine.com\/es\/wp-content\/uploads\/sites\/12\/2025\/08\/GettyImages-2233003523-copia-scaled.jpg 1786w, https:\/\/graziamagazine.com\/es\/wp-content\/uploads\/sites\/12\/2025\/08\/GettyImages-2233003523-copia-209x300.jpg 209w, https:\/\/graziamagazine.com\/es\/wp-content\/uploads\/sites\/12\/2025\/08\/GettyImages-2233003523-copia-714x1024.jpg 714w, https:\/\/graziamagazine.com\/es\/wp-content\/uploads\/sites\/12\/2025\/08\/GettyImages-2233003523-copia-768x1101.jpg 768w, https:\/\/graziamagazine.com\/es\/wp-content\/uploads\/sites\/12\/2025\/08\/GettyImages-2233003523-copia-1071x1536.jpg 1071w, https:\/\/graziamagazine.com\/es\/wp-content\/uploads\/sites\/12\/2025\/08\/GettyImages-2233003523-copia-1428x2048.jpg 1428w, https:\/\/graziamagazine.com\/es\/wp-content\/uploads\/sites\/12\/2025\/08\/GettyImages-2233003523-copia-400x573.jpg 400w, https:\/\/graziamagazine.com\/es\/wp-content\/uploads\/sites\/12\/2025\/08\/GettyImages-2233003523-copia-150x215.jpg 150w\" sizes=\"(max-width: 1786px) 100vw, 1786px\" \/><\/p>\n<h2>Alicia Vikander, de YSL<\/h2>\n<\/div>\n<p><img loading=\"lazy\" decoding=\"async\" class=\"aligncenter size-full wp-image-187335\" src=\"https:\/\/graziamagazine.com\/es\/wp-content\/uploads\/sites\/12\/2025\/08\/GettyImages-2233000532-1-copia-scaled.jpg\" alt=\"\" width=\"1707\" height=\"2560\" srcset=\"https:\/\/graziamagazine.com\/es\/wp-content\/uploads\/sites\/12\/2025\/08\/GettyImages-2233000532-1-copia-scaled.jpg 1707w, https:\/\/graziamagazine.com\/es\/wp-content\/uploads\/sites\/12\/2025\/08\/GettyImages-2233000532-1-copia-200x300.jpg 200w, https:\/\/graziamagazine.com\/es\/wp-content\/uploads\/sites\/12\/2025\/08\/GettyImages-2233000532-1-copia-683x1024.jpg 683w, https:\/\/graziamagazine.com\/es\/wp-content\/uploads\/sites\/12\/2025\/08\/GettyImages-2233000532-1-copia-768x1152.jpg 768w, https:\/\/graziamagazine.com\/es\/wp-content\/uploads\/sites\/12\/2025\/08\/GettyImages-2233000532-1-copia-1024x1536.jpg 1024w, https:\/\/graziamagazine.com\/es\/wp-content\/uploads\/sites\/12\/2025\/08\/GettyImages-2233000532-1-copia-1365x2048.jpg 1365w, https:\/\/graziamagazine.com\/es\/wp-content\/uploads\/sites\/12\/2025\/08\/GettyImages-2233000532-1-copia-400x600.jpg 400w, https:\/\/graziamagazine.com\/es\/wp-content\/uploads\/sites\/12\/2025\/08\/GettyImages-2233000532-1-copia-143x215.jpg 143w\" sizes=\"(max-width: 1707px) 100vw, 1707px\" \/><\/p>\n<h2 class=\"BaseWrap-sc-gzmcOU BaseText-eqOrNE GallerySlideCaptionHed-fyvEAc deqABF bOHgAB bdAvQC\"><span class=\"GallerySlideCaptionHedText-ivCEuh kiKZgN\">Karla Sof\u00eda Gasc\u00f3n, de Saint Laurent<\/span><\/h2>\n<p>Lo ha completado con\u00a0 joyer\u00eda de Damiani.<\/p>\n<p><img loading=\"lazy\" decoding=\"async\" class=\"aligncenter size-full wp-image-187336\" src=\"https:\/\/graziamagazine.com\/es\/wp-content\/uploads\/sites\/12\/2025\/08\/GettyImages-2232924860-copia-scaled.jpg\" alt=\"\" width=\"1807\" height=\"2560\" srcset=\"https:\/\/graziamagazine.com\/es\/wp-content\/uploads\/sites\/12\/2025\/08\/GettyImages-2232924860-copia-scaled.jpg 1807w, https:\/\/graziamagazine.com\/es\/wp-content\/uploads\/sites\/12\/2025\/08\/GettyImages-2232924860-copia-212x300.jpg 212w, https:\/\/graziamagazine.com\/es\/wp-content\/uploads\/sites\/12\/2025\/08\/GettyImages-2232924860-copia-723x1024.jpg 723w, https:\/\/graziamagazine.com\/es\/wp-content\/uploads\/sites\/12\/2025\/08\/GettyImages-2232924860-copia-768x1088.jpg 768w, https:\/\/graziamagazine.com\/es\/wp-content\/uploads\/sites\/12\/2025\/08\/GettyImages-2232924860-copia-1084x1536.jpg 1084w, https:\/\/graziamagazine.com\/es\/wp-content\/uploads\/sites\/12\/2025\/08\/GettyImages-2232924860-copia-1445x2048.jpg 1445w, https:\/\/graziamagazine.com\/es\/wp-content\/uploads\/sites\/12\/2025\/08\/GettyImages-2232924860-copia-400x567.jpg 400w, https:\/\/graziamagazine.com\/es\/wp-content\/uploads\/sites\/12\/2025\/08\/GettyImages-2232924860-copia-152x215.jpg 152w\" sizes=\"(max-width: 1807px) 100vw, 1807px\" \/><\/p>\n<h2 class=\"BaseWrap-sc-gzmcOU BaseText-eqOrNE GallerySlideCaptionHed-fyvEAc deqABF bOHgAB bdAvQC\"><span class=\"GallerySlideCaptionHedText-ivCEuh kiKZgN\">Rosie Huntington-Whiteley, de Armani Priv\u00e9<\/span><\/h2>\n<p><img loading=\"lazy\" decoding=\"async\" class=\"aligncenter size-full wp-image-187337\" src=\"https:\/\/graziamagazine.com\/es\/wp-content\/uploads\/sites\/12\/2025\/08\/GettyImages-2232228433-copia-scaled.jpg\" alt=\"\" width=\"1707\" height=\"2560\" srcset=\"https:\/\/graziamagazine.com\/es\/wp-content\/uploads\/sites\/12\/2025\/08\/GettyImages-2232228433-copia-scaled.jpg 1707w, https:\/\/graziamagazine.com\/es\/wp-content\/uploads\/sites\/12\/2025\/08\/GettyImages-2232228433-copia-200x300.jpg 200w, https:\/\/graziamagazine.com\/es\/wp-content\/uploads\/sites\/12\/2025\/08\/GettyImages-2232228433-copia-683x1024.jpg 683w, https:\/\/graziamagazine.com\/es\/wp-content\/uploads\/sites\/12\/2025\/08\/GettyImages-2232228433-copia-768x1152.jpg 768w, https:\/\/graziamagazine.com\/es\/wp-content\/uploads\/sites\/12\/2025\/08\/GettyImages-2232228433-copia-1024x1536.jpg 1024w, https:\/\/graziamagazine.com\/es\/wp-content\/uploads\/sites\/12\/2025\/08\/GettyImages-2232228433-copia-1365x2048.jpg 1365w, https:\/\/graziamagazine.com\/es\/wp-content\/uploads\/sites\/12\/2025\/08\/GettyImages-2232228433-copia-400x600.jpg 400w, https:\/\/graziamagazine.com\/es\/wp-content\/uploads\/sites\/12\/2025\/08\/GettyImages-2232228433-copia-143x215.jpg 143w\" sizes=\"(max-width: 1707px) 100vw, 1707px\" \/><\/p>\n<h2 class=\"BaseWrap-sc-gzmcOU BaseText-eqOrNE GallerySlideCaptionHed-fyvEAc deqABF bOHgAB bdAvQC\"><span class=\"GallerySlideCaptionHedText-ivCEuh kiKZgN\">Mia Goth, de Dior<\/span><\/h2>\n<div class=\"GallerySlideCaptionDekContainer-xhHPk eDRRf\" data-testid=\"GallerySlideCaptionDekContainer\">\n<div class=\"GallerySlideCaptionDek-cHRodn bSapsH\">\n<div>\n<p>Y joyas de Tiffany &amp; Co.<\/p>\n<p><img loading=\"lazy\" decoding=\"async\" class=\"aligncenter size-full wp-image-187338\" src=\"https:\/\/graziamagazine.com\/es\/wp-content\/uploads\/sites\/12\/2025\/08\/GettyImages-2232881668-copia-scaled.jpg\" alt=\"\" width=\"1707\" height=\"2560\" srcset=\"https:\/\/graziamagazine.com\/es\/wp-content\/uploads\/sites\/12\/2025\/08\/GettyImages-2232881668-copia-scaled.jpg 1707w, https:\/\/graziamagazine.com\/es\/wp-content\/uploads\/sites\/12\/2025\/08\/GettyImages-2232881668-copia-200x300.jpg 200w, https:\/\/graziamagazine.com\/es\/wp-content\/uploads\/sites\/12\/2025\/08\/GettyImages-2232881668-copia-683x1024.jpg 683w, https:\/\/graziamagazine.com\/es\/wp-content\/uploads\/sites\/12\/2025\/08\/GettyImages-2232881668-copia-768x1152.jpg 768w, https:\/\/graziamagazine.com\/es\/wp-content\/uploads\/sites\/12\/2025\/08\/GettyImages-2232881668-copia-1024x1536.jpg 1024w, https:\/\/graziamagazine.com\/es\/wp-content\/uploads\/sites\/12\/2025\/08\/GettyImages-2232881668-copia-1365x2048.jpg 1365w, https:\/\/graziamagazine.com\/es\/wp-content\/uploads\/sites\/12\/2025\/08\/GettyImages-2232881668-copia-400x600.jpg 400w, https:\/\/graziamagazine.com\/es\/wp-content\/uploads\/sites\/12\/2025\/08\/GettyImages-2232881668-copia-143x215.jpg 143w\" sizes=\"(max-width: 1707px) 100vw, 1707px\" \/><\/p>\n<h2>Clara Galle, de Armani Priv\u00e9<\/h2>\n<p><img loading=\"lazy\" decoding=\"async\" class=\"aligncenter size-full wp-image-187339\" src=\"https:\/\/graziamagazine.com\/es\/wp-content\/uploads\/sites\/12\/2025\/08\/GettyImages-2232873734-copia-2-scaled.jpeg\" alt=\"\" width=\"1736\" height=\"2560\" srcset=\"https:\/\/graziamagazine.com\/es\/wp-content\/uploads\/sites\/12\/2025\/08\/GettyImages-2232873734-copia-2-scaled.jpeg 1736w, https:\/\/graziamagazine.com\/es\/wp-content\/uploads\/sites\/12\/2025\/08\/GettyImages-2232873734-copia-2-203x300.jpeg 203w, https:\/\/graziamagazine.com\/es\/wp-content\/uploads\/sites\/12\/2025\/08\/GettyImages-2232873734-copia-2-694x1024.jpeg 694w, https:\/\/graziamagazine.com\/es\/wp-content\/uploads\/sites\/12\/2025\/08\/GettyImages-2232873734-copia-2-768x1133.jpeg 768w, https:\/\/graziamagazine.com\/es\/wp-content\/uploads\/sites\/12\/2025\/08\/GettyImages-2232873734-copia-2-1041x1536.jpeg 1041w, https:\/\/graziamagazine.com\/es\/wp-content\/uploads\/sites\/12\/2025\/08\/GettyImages-2232873734-copia-2-1389x2048.jpeg 1389w, https:\/\/graziamagazine.com\/es\/wp-content\/uploads\/sites\/12\/2025\/08\/GettyImages-2232873734-copia-2-400x590.jpeg 400w, https:\/\/graziamagazine.com\/es\/wp-content\/uploads\/sites\/12\/2025\/08\/GettyImages-2232873734-copia-2-146x215.jpeg 146w\" sizes=\"(max-width: 1736px) 100vw, 1736px\" \/><\/p>\n<h2>Eugenia Silva, de Armani Priv\u00e9<\/h2>\n<p>La top model eligi\u00f3 las sandalias\u00a0Forever More Crystal Sandal 105 de Aquazzura.<\/p>\n<p><img loading=\"lazy\" decoding=\"async\" class=\"aligncenter size-full wp-image-187340\" src=\"https:\/\/graziamagazine.com\/es\/wp-content\/uploads\/sites\/12\/2025\/08\/GettyImages-2232873471-copia-scaled.jpg\" alt=\"\" width=\"1610\" height=\"2560\" srcset=\"https:\/\/graziamagazine.com\/es\/wp-content\/uploads\/sites\/12\/2025\/08\/GettyImages-2232873471-copia-scaled.jpg 1610w, https:\/\/graziamagazine.com\/es\/wp-content\/uploads\/sites\/12\/2025\/08\/GettyImages-2232873471-copia-189x300.jpg 189w, https:\/\/graziamagazine.com\/es\/wp-content\/uploads\/sites\/12\/2025\/08\/GettyImages-2232873471-copia-644x1024.jpg 644w, https:\/\/graziamagazine.com\/es\/wp-content\/uploads\/sites\/12\/2025\/08\/GettyImages-2232873471-copia-768x1221.jpg 768w, https:\/\/graziamagazine.com\/es\/wp-content\/uploads\/sites\/12\/2025\/08\/GettyImages-2232873471-copia-966x1536.jpg 966w, https:\/\/graziamagazine.com\/es\/wp-content\/uploads\/sites\/12\/2025\/08\/GettyImages-2232873471-copia-1288x2048.jpg 1288w, https:\/\/graziamagazine.com\/es\/wp-content\/uploads\/sites\/12\/2025\/08\/GettyImages-2232873471-copia-400x636.jpg 400w, https:\/\/graziamagazine.com\/es\/wp-content\/uploads\/sites\/12\/2025\/08\/GettyImages-2232873471-copia-135x215.jpg 135w\" sizes=\"(max-width: 1610px) 100vw, 1610px\" \/><\/p>\n<\/div>\n<h2 class=\"BaseWrap-sc-gzmcOU BaseText-eqOrNE GallerySlideCaptionHed-fyvEAc deqABF bOHgAB bdAvQC\"><span class=\"GallerySlideCaptionHedText-ivCEuh kiKZgN\">Shailene Woodley, de Fendi\u00a0<\/span><\/h2>\n<div>\n<p><img loading=\"lazy\" decoding=\"async\" class=\"aligncenter size-full wp-image-187341\" src=\"https:\/\/graziamagazine.com\/es\/wp-content\/uploads\/sites\/12\/2025\/08\/GettyImages-2232913447-copia-scaled.jpg\" alt=\"\" width=\"1707\" height=\"2560\" srcset=\"https:\/\/graziamagazine.com\/es\/wp-content\/uploads\/sites\/12\/2025\/08\/GettyImages-2232913447-copia-scaled.jpg 1707w, https:\/\/graziamagazine.com\/es\/wp-content\/uploads\/sites\/12\/2025\/08\/GettyImages-2232913447-copia-200x300.jpg 200w, https:\/\/graziamagazine.com\/es\/wp-content\/uploads\/sites\/12\/2025\/08\/GettyImages-2232913447-copia-683x1024.jpg 683w, https:\/\/graziamagazine.com\/es\/wp-content\/uploads\/sites\/12\/2025\/08\/GettyImages-2232913447-copia-768x1152.jpg 768w, https:\/\/graziamagazine.com\/es\/wp-content\/uploads\/sites\/12\/2025\/08\/GettyImages-2232913447-copia-1024x1536.jpg 1024w, https:\/\/graziamagazine.com\/es\/wp-content\/uploads\/sites\/12\/2025\/08\/GettyImages-2232913447-copia-1365x2048.jpg 1365w, https:\/\/graziamagazine.com\/es\/wp-content\/uploads\/sites\/12\/2025\/08\/GettyImages-2232913447-copia-400x600.jpg 400w, https:\/\/graziamagazine.com\/es\/wp-content\/uploads\/sites\/12\/2025\/08\/GettyImages-2232913447-copia-143x215.jpg 143w\" sizes=\"(max-width: 1707px) 100vw, 1707px\" \/><\/p>\n<h2>Amanda Seyfried, con total look Max Mara<\/h2>\n<p><img loading=\"lazy\" decoding=\"async\" class=\"aligncenter size-full wp-image-187347\" src=\"https:\/\/graziamagazine.com\/es\/wp-content\/uploads\/sites\/12\/2025\/08\/descarga-4.png\" alt=\"\" width=\"1920\" height=\"2881\" srcset=\"https:\/\/graziamagazine.com\/es\/wp-content\/uploads\/sites\/12\/2025\/08\/descarga-4.png 1920w, https:\/\/graziamagazine.com\/es\/wp-content\/uploads\/sites\/12\/2025\/08\/descarga-4-200x300.png 200w, https:\/\/graziamagazine.com\/es\/wp-content\/uploads\/sites\/12\/2025\/08\/descarga-4-682x1024.png 682w, https:\/\/graziamagazine.com\/es\/wp-content\/uploads\/sites\/12\/2025\/08\/descarga-4-768x1152.png 768w, https:\/\/graziamagazine.com\/es\/wp-content\/uploads\/sites\/12\/2025\/08\/descarga-4-1024x1536.png 1024w, https:\/\/graziamagazine.com\/es\/wp-content\/uploads\/sites\/12\/2025\/08\/descarga-4-1365x2048.png 1365w, https:\/\/graziamagazine.com\/es\/wp-content\/uploads\/sites\/12\/2025\/08\/descarga-4-400x600.png 400w, https:\/\/graziamagazine.com\/es\/wp-content\/uploads\/sites\/12\/2025\/08\/descarga-4-143x215.png 143w\" sizes=\"(max-width: 1920px) 100vw, 1920px\" \/><\/p>\n<h2>Riley Keough, con total look Max Mara<\/h2>\n<p>Actress\u00a0<b>Riley Keough\u00a0<\/b>wears\u00a0<b><span class=\"markbco8heowl\" data-markjs=\"true\" data-ogac=\"\" data-ogab=\"\" data-ogsc=\"\" data-ogsb=\"\">Max<\/span>\u00a0<span class=\"markqp5zrd4mi\" data-markjs=\"true\" data-ogac=\"\" data-ogab=\"\" data-ogsc=\"\" data-ogsb=\"\">Mara<\/span>\u00a0Runway SS25, Whitney Bag and\u00a0<span class=\"markbco8heowl\" data-markjs=\"true\" data-ogac=\"\" data-ogab=\"\" data-ogsc=\"\" data-ogsb=\"\">Max<\/span>\u00a0<span class=\"markqp5zrd4mi\" data-markjs=\"true\" data-ogac=\"\" data-ogab=\"\" data-ogsc=\"\" data-ogsb=\"\">Mara<\/span>\u00a0Eyewear<\/b><\/p>\n<p><img loading=\"lazy\" decoding=\"async\" class=\"aligncenter size-full wp-image-187343\" src=\"https:\/\/graziamagazine.com\/es\/wp-content\/uploads\/sites\/12\/2025\/08\/descarga-3.png\" alt=\"\" width=\"786\" height=\"1092\" srcset=\"https:\/\/graziamagazine.com\/es\/wp-content\/uploads\/sites\/12\/2025\/08\/descarga-3.png 786w, https:\/\/graziamagazine.com\/es\/wp-content\/uploads\/sites\/12\/2025\/08\/descarga-3-216x300.png 216w, https:\/\/graziamagazine.com\/es\/wp-content\/uploads\/sites\/12\/2025\/08\/descarga-3-737x1024.png 737w, https:\/\/graziamagazine.com\/es\/wp-content\/uploads\/sites\/12\/2025\/08\/descarga-3-768x1067.png 768w, https:\/\/graziamagazine.com\/es\/wp-content\/uploads\/sites\/12\/2025\/08\/descarga-3-400x556.png 400w, https:\/\/graziamagazine.com\/es\/wp-content\/uploads\/sites\/12\/2025\/08\/descarga-3-155x215.png 155w\" sizes=\"(max-width: 786px) 100vw, 786px\" \/><\/p>\n<h2 class=\"BaseWrap-sc-gzmcOU BaseText-eqOrNE GallerySlideCaptionHed-fyvEAc deqABF bOHgAB bdAvQC\"><span class=\"GallerySlideCaptionHedText-ivCEuh kiKZgN\">Amal Clooney, de vestido vintage de Jean-Louis Scherrer<\/span><\/h2>\n<div class=\"GallerySlideCaptionDekContainer-xhHPk eDRRf\" data-testid=\"GallerySlideCaptionDekContainer\">\n<div class=\"GallerySlideCaptionDek-cHRodn bSapsH\">\n<p>Con zapatos de Aquazzura y joyas de Cartier.<\/p>\n<p><img loading=\"lazy\" decoding=\"async\" class=\"aligncenter size-full wp-image-187342\" src=\"https:\/\/graziamagazine.com\/es\/wp-content\/uploads\/sites\/12\/2025\/08\/GettyImages-2232584645-copia-scaled.jpg\" alt=\"\" width=\"1707\" height=\"2560\" srcset=\"https:\/\/graziamagazine.com\/es\/wp-content\/uploads\/sites\/12\/2025\/08\/GettyImages-2232584645-copia-scaled.jpg 1707w, https:\/\/graziamagazine.com\/es\/wp-content\/uploads\/sites\/12\/2025\/08\/GettyImages-2232584645-copia-200x300.jpg 200w, https:\/\/graziamagazine.com\/es\/wp-content\/uploads\/sites\/12\/2025\/08\/GettyImages-2232584645-copia-683x1024.jpg 683w, https:\/\/graziamagazine.com\/es\/wp-content\/uploads\/sites\/12\/2025\/08\/GettyImages-2232584645-copia-768x1152.jpg 768w, https:\/\/graziamagazine.com\/es\/wp-content\/uploads\/sites\/12\/2025\/08\/GettyImages-2232584645-copia-1024x1536.jpg 1024w, https:\/\/graziamagazine.com\/es\/wp-content\/uploads\/sites\/12\/2025\/08\/GettyImages-2232584645-copia-1365x2048.jpg 1365w, https:\/\/graziamagazine.com\/es\/wp-content\/uploads\/sites\/12\/2025\/08\/GettyImages-2232584645-copia-400x600.jpg 400w, https:\/\/graziamagazine.com\/es\/wp-content\/uploads\/sites\/12\/2025\/08\/GettyImages-2232584645-copia-143x215.jpg 143w\" sizes=\"(max-width: 1707px) 100vw, 1707px\" \/><\/p>\n<h2 class=\"BaseWrap-sc-gzmcOU BaseText-eqOrNE GallerySlideCaptionHed-fyvEAc deqABF bOHgAB bdAvQC\"><span class=\"GallerySlideCaptionHedText-ivCEuh kiKZgN\">Naomi Watts y Billy Crudup<\/span><\/h2>\n<p>La actriz luci\u00f3 un vestido custom de Valentino y joyas Cartier.<\/p>\n<p><img loading=\"lazy\" decoding=\"async\" class=\"aligncenter size-full wp-image-187344\" src=\"https:\/\/graziamagazine.com\/es\/wp-content\/uploads\/sites\/12\/2025\/08\/GettyImages-2232582545-copia-scaled.jpg\" alt=\"\" width=\"1706\" height=\"2560\" srcset=\"https:\/\/graziamagazine.com\/es\/wp-content\/uploads\/sites\/12\/2025\/08\/GettyImages-2232582545-copia-scaled.jpg 1706w, https:\/\/graziamagazine.com\/es\/wp-content\/uploads\/sites\/12\/2025\/08\/GettyImages-2232582545-copia-200x300.jpg 200w, https:\/\/graziamagazine.com\/es\/wp-content\/uploads\/sites\/12\/2025\/08\/GettyImages-2232582545-copia-682x1024.jpg 682w, https:\/\/graziamagazine.com\/es\/wp-content\/uploads\/sites\/12\/2025\/08\/GettyImages-2232582545-copia-768x1152.jpg 768w, https:\/\/graziamagazine.com\/es\/wp-content\/uploads\/sites\/12\/2025\/08\/GettyImages-2232582545-copia-1024x1536.jpg 1024w, https:\/\/graziamagazine.com\/es\/wp-content\/uploads\/sites\/12\/2025\/08\/GettyImages-2232582545-copia-1365x2048.jpg 1365w, https:\/\/graziamagazine.com\/es\/wp-content\/uploads\/sites\/12\/2025\/08\/GettyImages-2232582545-copia-400x600.jpg 400w, https:\/\/graziamagazine.com\/es\/wp-content\/uploads\/sites\/12\/2025\/08\/GettyImages-2232582545-copia-143x215.jpg 143w\" sizes=\"(max-width: 1706px) 100vw, 1706px\" \/><\/p>\n<h2>Hiba Abouk, de Intimissimi<\/h2>\n<p><img loading=\"lazy\" decoding=\"async\" class=\"aligncenter size-full wp-image-187272\" src=\"https:\/\/graziamagazine.com\/es\/wp-content\/uploads\/sites\/12\/2025\/08\/descarga-2-copia-scaled.jpg\" alt=\"\" width=\"1707\" height=\"2560\" srcset=\"https:\/\/graziamagazine.com\/es\/wp-content\/uploads\/sites\/12\/2025\/08\/descarga-2-copia-scaled.jpg 1707w, https:\/\/graziamagazine.com\/es\/wp-content\/uploads\/sites\/12\/2025\/08\/descarga-2-copia-200x300.jpg 200w, https:\/\/graziamagazine.com\/es\/wp-content\/uploads\/sites\/12\/2025\/08\/descarga-2-copia-683x1024.jpg 683w, https:\/\/graziamagazine.com\/es\/wp-content\/uploads\/sites\/12\/2025\/08\/descarga-2-copia-768x1152.jpg 768w, https:\/\/graziamagazine.com\/es\/wp-content\/uploads\/sites\/12\/2025\/08\/descarga-2-copia-1024x1536.jpg 1024w, https:\/\/graziamagazine.com\/es\/wp-content\/uploads\/sites\/12\/2025\/08\/descarga-2-copia-1366x2048.jpg 1366w, https:\/\/graziamagazine.com\/es\/wp-content\/uploads\/sites\/12\/2025\/08\/descarga-2-copia-400x600.jpg 400w, https:\/\/graziamagazine.com\/es\/wp-content\/uploads\/sites\/12\/2025\/08\/descarga-2-copia-143x215.jpg 143w\" sizes=\"(max-width: 1707px) 100vw, 1707px\" \/><\/p>\n<h2 class=\"BaseWrap-sc-gzmcOU BaseText-eqOrNE GallerySlideCaptionHed-fyvEAc deqABF bOHgAB bdAvQC\"><span class=\"GallerySlideCaptionHedText-ivCEuh kiKZgN\">Shailene Woodley, con joyas Bulgari<\/span><\/h2>\n<div class=\"GallerySlideCaptionDekContainer-xhHPk eDRRf\" data-testid=\"GallerySlideCaptionDekContainer\">\n<div class=\"GallerySlideCaptionDek-cHRodn bSapsH\">\n<div><img loading=\"lazy\" decoding=\"async\" class=\"aligncenter size-full wp-image-187345\" src=\"https:\/\/graziamagazine.com\/es\/wp-content\/uploads\/sites\/12\/2025\/08\/GettyImages-2232581221-copia-scaled.jpg\" alt=\"\" width=\"1707\" height=\"2560\" srcset=\"https:\/\/graziamagazine.com\/es\/wp-content\/uploads\/sites\/12\/2025\/08\/GettyImages-2232581221-copia-scaled.jpg 1707w, https:\/\/graziamagazine.com\/es\/wp-content\/uploads\/sites\/12\/2025\/08\/GettyImages-2232581221-copia-200x300.jpg 200w, https:\/\/graziamagazine.com\/es\/wp-content\/uploads\/sites\/12\/2025\/08\/GettyImages-2232581221-copia-683x1024.jpg 683w, https:\/\/graziamagazine.com\/es\/wp-content\/uploads\/sites\/12\/2025\/08\/GettyImages-2232581221-copia-768x1152.jpg 768w, https:\/\/graziamagazine.com\/es\/wp-content\/uploads\/sites\/12\/2025\/08\/GettyImages-2232581221-copia-1024x1536.jpg 1024w, https:\/\/graziamagazine.com\/es\/wp-content\/uploads\/sites\/12\/2025\/08\/GettyImages-2232581221-copia-1365x2048.jpg 1365w, https:\/\/graziamagazine.com\/es\/wp-content\/uploads\/sites\/12\/2025\/08\/GettyImages-2232581221-copia-400x600.jpg 400w, https:\/\/graziamagazine.com\/es\/wp-content\/uploads\/sites\/12\/2025\/08\/GettyImages-2232581221-copia-143x215.jpg 143w\" sizes=\"(max-width: 1707px) 100vw, 1707px\" \/><\/div>\n<div><\/div>\n<div>\n<h2 class=\"BaseWrap-sc-gzmcOU BaseText-eqOrNE GallerySlideCaptionHed-fyvEAc deqABF bOHgAB bdAvQC\"><span class=\"GallerySlideCaptionHedText-ivCEuh kiKZgN\">Laura Dern, de Armani Priv\u00e9<\/span><\/h2>\n<div class=\"GallerySlideCaptionDekContainer-xhHPk eDRRf\" data-testid=\"GallerySlideCaptionDekContainer\">\n<div class=\"GallerySlideCaptionDek-cHRodn bSapsH\">\n<p>Con joyas de Cartier.<\/p>\n<p><img loading=\"lazy\" decoding=\"async\" class=\"aligncenter size-full wp-image-187346\" src=\"https:\/\/graziamagazine.com\/es\/wp-content\/uploads\/sites\/12\/2025\/08\/GettyImages-2232582608-copia-scaled.jpg\" alt=\"\" width=\"1707\" height=\"2560\" srcset=\"https:\/\/graziamagazine.com\/es\/wp-content\/uploads\/sites\/12\/2025\/08\/GettyImages-2232582608-copia-scaled.jpg 1707w, https:\/\/graziamagazine.com\/es\/wp-content\/uploads\/sites\/12\/2025\/08\/GettyImages-2232582608-copia-200x300.jpg 200w, https:\/\/graziamagazine.com\/es\/wp-content\/uploads\/sites\/12\/2025\/08\/GettyImages-2232582608-copia-683x1024.jpg 683w, https:\/\/graziamagazine.com\/es\/wp-content\/uploads\/sites\/12\/2025\/08\/GettyImages-2232582608-copia-768x1152.jpg 768w, https:\/\/graziamagazine.com\/es\/wp-content\/uploads\/sites\/12\/2025\/08\/GettyImages-2232582608-copia-1024x1536.jpg 1024w, https:\/\/graziamagazine.com\/es\/wp-content\/uploads\/sites\/12\/2025\/08\/GettyImages-2232582608-copia-1365x2048.jpg 1365w, https:\/\/graziamagazine.com\/es\/wp-content\/uploads\/sites\/12\/2025\/08\/GettyImages-2232582608-copia-400x600.jpg 400w, https:\/\/graziamagazine.com\/es\/wp-content\/uploads\/sites\/12\/2025\/08\/GettyImages-2232582608-copia-143x215.jpg 143w\" sizes=\"(max-width: 1707px) 100vw, 1707px\" \/><\/p>\n<h2>Emma Stone, con custom Louis Vuitton<\/h2>\n<div class=\"GallerySlideCaptionDekContainer-xhHPk eDRRf\" data-testid=\"GallerySlideCaptionDekContainer\">\n<div class=\"GallerySlideCaptionDek-cHRodn bSapsH\">\n<div>\n<p>Y zapatos de Roger Vivier.<\/p>\n<\/div>\n<\/div>\n<\/div>\n<\/div>\n<\/div>\n<p><img loading=\"lazy\" decoding=\"async\" class=\"aligncenter size-full wp-image-187348\" src=\"https:\/\/graziamagazine.com\/es\/wp-content\/uploads\/sites\/12\/2025\/08\/GettyImages-2232554709-copia-scaled.jpg\" alt=\"\" width=\"1707\" height=\"2560\" srcset=\"https:\/\/graziamagazine.com\/es\/wp-content\/uploads\/sites\/12\/2025\/08\/GettyImages-2232554709-copia-scaled.jpg 1707w, https:\/\/graziamagazine.com\/es\/wp-content\/uploads\/sites\/12\/2025\/08\/GettyImages-2232554709-copia-200x300.jpg 200w, https:\/\/graziamagazine.com\/es\/wp-content\/uploads\/sites\/12\/2025\/08\/GettyImages-2232554709-copia-683x1024.jpg 683w, https:\/\/graziamagazine.com\/es\/wp-content\/uploads\/sites\/12\/2025\/08\/GettyImages-2232554709-copia-768x1152.jpg 768w, https:\/\/graziamagazine.com\/es\/wp-content\/uploads\/sites\/12\/2025\/08\/GettyImages-2232554709-copia-1024x1536.jpg 1024w, https:\/\/graziamagazine.com\/es\/wp-content\/uploads\/sites\/12\/2025\/08\/GettyImages-2232554709-copia-1365x2048.jpg 1365w, https:\/\/graziamagazine.com\/es\/wp-content\/uploads\/sites\/12\/2025\/08\/GettyImages-2232554709-copia-400x600.jpg 400w, https:\/\/graziamagazine.com\/es\/wp-content\/uploads\/sites\/12\/2025\/08\/GettyImages-2232554709-copia-143x215.jpg 143w\" sizes=\"(max-width: 1707px) 100vw, 1707px\" \/><\/p>\n<h2 class=\"BaseWrap-sc-gzmcOU BaseText-eqOrNE GallerySlideCaptionHed-fyvEAc deqABF bOHgAB bdAvQC\"><span class=\"GallerySlideCaptionHedText-ivCEuh kiKZgN\">Alba Rohrwacher, de Dior<\/span><\/h2>\n<p><img loading=\"lazy\" decoding=\"async\" class=\"aligncenter size-full wp-image-187349\" src=\"https:\/\/graziamagazine.com\/es\/wp-content\/uploads\/sites\/12\/2025\/08\/GettyImages-2232515136-copia-scaled.jpg\" alt=\"\" width=\"1708\" height=\"2560\" srcset=\"https:\/\/graziamagazine.com\/es\/wp-content\/uploads\/sites\/12\/2025\/08\/GettyImages-2232515136-copia-scaled.jpg 1708w, https:\/\/graziamagazine.com\/es\/wp-content\/uploads\/sites\/12\/2025\/08\/GettyImages-2232515136-copia-200x300.jpg 200w, https:\/\/graziamagazine.com\/es\/wp-content\/uploads\/sites\/12\/2025\/08\/GettyImages-2232515136-copia-683x1024.jpg 683w, https:\/\/graziamagazine.com\/es\/wp-content\/uploads\/sites\/12\/2025\/08\/GettyImages-2232515136-copia-768x1151.jpg 768w, https:\/\/graziamagazine.com\/es\/wp-content\/uploads\/sites\/12\/2025\/08\/GettyImages-2232515136-copia-1025x1536.jpg 1025w, https:\/\/graziamagazine.com\/es\/wp-content\/uploads\/sites\/12\/2025\/08\/GettyImages-2232515136-copia-1366x2048.jpg 1366w, https:\/\/graziamagazine.com\/es\/wp-content\/uploads\/sites\/12\/2025\/08\/GettyImages-2232515136-copia-400x600.jpg 400w, https:\/\/graziamagazine.com\/es\/wp-content\/uploads\/sites\/12\/2025\/08\/GettyImages-2232515136-copia-143x215.jpg 143w\" sizes=\"(max-width: 1708px) 100vw, 1708px\" \/><\/p>\n<h2 class=\"BaseWrap-sc-gzmcOU BaseText-eqOrNE GallerySlideCaptionHed-fyvEAc deqABF bOHgAB bdAvQC\"><span class=\"GallerySlideCaptionHedText-ivCEuh kiKZgN\">Alicia Silverstone, de Prada<\/span><\/h2>\n<div class=\"GallerySlideCaptionDekContainer-xhHPk eDRRf\" data-testid=\"GallerySlideCaptionDekContainer\">\n<div class=\"GallerySlideCaptionDek-cHRodn bSapsH\">\n<p><img loading=\"lazy\" decoding=\"async\" class=\"aligncenter size-full wp-image-187350\" src=\"https:\/\/graziamagazine.com\/es\/wp-content\/uploads\/sites\/12\/2025\/08\/GettyImages-2232554029-copia-scaled.jpg\" alt=\"\" width=\"1707\" height=\"2560\" srcset=\"https:\/\/graziamagazine.com\/es\/wp-content\/uploads\/sites\/12\/2025\/08\/GettyImages-2232554029-copia-scaled.jpg 1707w, https:\/\/graziamagazine.com\/es\/wp-content\/uploads\/sites\/12\/2025\/08\/GettyImages-2232554029-copia-200x300.jpg 200w, https:\/\/graziamagazine.com\/es\/wp-content\/uploads\/sites\/12\/2025\/08\/GettyImages-2232554029-copia-683x1024.jpg 683w, https:\/\/graziamagazine.com\/es\/wp-content\/uploads\/sites\/12\/2025\/08\/GettyImages-2232554029-copia-768x1152.jpg 768w, https:\/\/graziamagazine.com\/es\/wp-content\/uploads\/sites\/12\/2025\/08\/GettyImages-2232554029-copia-1024x1536.jpg 1024w, https:\/\/graziamagazine.com\/es\/wp-content\/uploads\/sites\/12\/2025\/08\/GettyImages-2232554029-copia-1365x2048.jpg 1365w, https:\/\/graziamagazine.com\/es\/wp-content\/uploads\/sites\/12\/2025\/08\/GettyImages-2232554029-copia-400x600.jpg 400w, https:\/\/graziamagazine.com\/es\/wp-content\/uploads\/sites\/12\/2025\/08\/GettyImages-2232554029-copia-143x215.jpg 143w\" sizes=\"(max-width: 1707px) 100vw, 1707px\" \/><\/p>\n<h2 class=\"BaseWrap-sc-gzmcOU BaseText-eqOrNE GallerySlideCaptionHed-fyvEAc deqABF bOHgAB bdAvQC\"><span class=\"GallerySlideCaptionHedText-ivCEuh kiKZgN\">Emma Stone, de Louis Vuitton<\/span><\/h2>\n<div class=\"GallerySlideCaptionDekContainer-xhHPk eDRRf\" data-testid=\"GallerySlideCaptionDekContainer\">\n<div class=\"GallerySlideCaptionDek-cHRodn bSapsH\">\n<p><img loading=\"lazy\" decoding=\"async\" class=\"aligncenter size-full wp-image-187351\" src=\"https:\/\/graziamagazine.com\/es\/wp-content\/uploads\/sites\/12\/2025\/08\/GettyImages-2232516691-copia-scaled.jpg\" alt=\"\" width=\"1739\" height=\"2560\" srcset=\"https:\/\/graziamagazine.com\/es\/wp-content\/uploads\/sites\/12\/2025\/08\/GettyImages-2232516691-copia-scaled.jpg 1739w, https:\/\/graziamagazine.com\/es\/wp-content\/uploads\/sites\/12\/2025\/08\/GettyImages-2232516691-copia-204x300.jpg 204w, https:\/\/graziamagazine.com\/es\/wp-content\/uploads\/sites\/12\/2025\/08\/GettyImages-2232516691-copia-696x1024.jpg 696w, https:\/\/graziamagazine.com\/es\/wp-content\/uploads\/sites\/12\/2025\/08\/GettyImages-2232516691-copia-768x1130.jpg 768w, https:\/\/graziamagazine.com\/es\/wp-content\/uploads\/sites\/12\/2025\/08\/GettyImages-2232516691-copia-1044x1536.jpg 1044w, https:\/\/graziamagazine.com\/es\/wp-content\/uploads\/sites\/12\/2025\/08\/GettyImages-2232516691-copia-1392x2048.jpg 1392w, https:\/\/graziamagazine.com\/es\/wp-content\/uploads\/sites\/12\/2025\/08\/GettyImages-2232516691-copia-400x589.jpg 400w, https:\/\/graziamagazine.com\/es\/wp-content\/uploads\/sites\/12\/2025\/08\/GettyImages-2232516691-copia-146x215.jpg 146w\" sizes=\"(max-width: 1739px) 100vw, 1739px\" \/><\/p>\n<h2 class=\"BaseWrap-sc-gzmcOU BaseText-eqOrNE GallerySlideCaptionHed-fyvEAc deqABF bOHgAB bdAvQC\"><span class=\"GallerySlideCaptionHedText-ivCEuh kiKZgN\">Greta Gerwig, de Prada<\/span><\/h2>\n<div class=\"GallerySlideCaptionDekContainer-xhHPk eDRRf\" data-testid=\"GallerySlideCaptionDekContainer\">\n<div class=\"GallerySlideCaptionDek-cHRodn bSapsH\">\n<p><img loading=\"lazy\" decoding=\"async\" class=\"aligncenter size-full wp-image-187352\" src=\"https:\/\/graziamagazine.com\/es\/wp-content\/uploads\/sites\/12\/2025\/08\/GettyImages-2232508382-copia-scaled.jpg\" alt=\"\" width=\"1707\" height=\"2560\" srcset=\"https:\/\/graziamagazine.com\/es\/wp-content\/uploads\/sites\/12\/2025\/08\/GettyImages-2232508382-copia-scaled.jpg 1707w, https:\/\/graziamagazine.com\/es\/wp-content\/uploads\/sites\/12\/2025\/08\/GettyImages-2232508382-copia-200x300.jpg 200w, https:\/\/graziamagazine.com\/es\/wp-content\/uploads\/sites\/12\/2025\/08\/GettyImages-2232508382-copia-683x1024.jpg 683w, https:\/\/graziamagazine.com\/es\/wp-content\/uploads\/sites\/12\/2025\/08\/GettyImages-2232508382-copia-768x1152.jpg 768w, https:\/\/graziamagazine.com\/es\/wp-content\/uploads\/sites\/12\/2025\/08\/GettyImages-2232508382-copia-1024x1536.jpg 1024w, https:\/\/graziamagazine.com\/es\/wp-content\/uploads\/sites\/12\/2025\/08\/GettyImages-2232508382-copia-1365x2048.jpg 1365w, https:\/\/graziamagazine.com\/es\/wp-content\/uploads\/sites\/12\/2025\/08\/GettyImages-2232508382-copia-400x600.jpg 400w, https:\/\/graziamagazine.com\/es\/wp-content\/uploads\/sites\/12\/2025\/08\/GettyImages-2232508382-copia-143x215.jpg 143w\" sizes=\"(max-width: 1707px) 100vw, 1707px\" \/><\/p>\n<h2>Laura Dern, de YSL<\/h2>\n<p><img loading=\"lazy\" decoding=\"async\" class=\"aligncenter size-full wp-image-187353\" src=\"https:\/\/graziamagazine.com\/es\/wp-content\/uploads\/sites\/12\/2025\/08\/GettyImages-2232513598-copia-scaled.jpg\" alt=\"\" width=\"1707\" height=\"2560\" srcset=\"https:\/\/graziamagazine.com\/es\/wp-content\/uploads\/sites\/12\/2025\/08\/GettyImages-2232513598-copia-scaled.jpg 1707w, https:\/\/graziamagazine.com\/es\/wp-content\/uploads\/sites\/12\/2025\/08\/GettyImages-2232513598-copia-200x300.jpg 200w, https:\/\/graziamagazine.com\/es\/wp-content\/uploads\/sites\/12\/2025\/08\/GettyImages-2232513598-copia-683x1024.jpg 683w, https:\/\/graziamagazine.com\/es\/wp-content\/uploads\/sites\/12\/2025\/08\/GettyImages-2232513598-copia-768x1152.jpg 768w, https:\/\/graziamagazine.com\/es\/wp-content\/uploads\/sites\/12\/2025\/08\/GettyImages-2232513598-copia-1024x1536.jpg 1024w, https:\/\/graziamagazine.com\/es\/wp-content\/uploads\/sites\/12\/2025\/08\/GettyImages-2232513598-copia-1365x2048.jpg 1365w, https:\/\/graziamagazine.com\/es\/wp-content\/uploads\/sites\/12\/2025\/08\/GettyImages-2232513598-copia-400x600.jpg 400w, https:\/\/graziamagazine.com\/es\/wp-content\/uploads\/sites\/12\/2025\/08\/GettyImages-2232513598-copia-143x215.jpg 143w\" sizes=\"(max-width: 1707px) 100vw, 1707px\" \/><\/p>\n<\/div>\n<\/div>\n<\/div>\n<\/div>\n<\/div>\n<\/div>\n<\/div>\n<\/div>\n<\/div>\n<\/div>\n<\/div>\n<\/div>\n<\/div>\n<\/div>\n<div class=\"GalleryPageTextBlock-vtnP dTSBAk\">\n<div class=\"BodyWrapper-kzyFNv cuQSRW body GalleryPageIntroBody-jXgcYV bjAHHa body__container\" data-journey-hook=\"client-content\" data-testid=\"BodyWrapper\">\n<div>\n<h2 class=\"BaseWrap-sc-gzmcOU BaseText-eqOrNE GallerySlideCaptionHed-fyvEAc deqABF bOHgAB bdAvQC\"><span class=\"GallerySlideCaptionHedText-ivCEuh kiKZgN\">Tilda Swinton, con custom bicolor de Chanel<\/span><\/h2>\n<\/div>\n<\/div>\n<\/div>\n<div>\n<div class=\"GallerySlideWrapper-teZkM dOPuUR\" data-event-boundary=\"click\" data-in-view=\"{&quot;pattern&quot;:&quot;GallerySlide&quot;}\" data-event-click=\"{&quot;pattern&quot;:&quot;GallerySlide&quot;}\" data-item=\"{&quot;dangerousHed&quot;:&quot;Tilda Swinton&quot;,&quot;brand&quot;:{&quot;name&quot;:&quot;&quot;},&quot;id&quot;:&quot;68af43cff9127580bdde812d&quot;,&quot;index&quot;:0,&quot;contentType&quot;:&quot;photo&quot;,&quot;offers&quot;:[],&quot;component&quot;:&quot;gallery_slide_component&quot;}\" data-testid=\"GallerySlideWrapper\" data-include-experiments=\"true\">\n<figure class=\"GallerySlideFigure-jmVVrd ekqpyA\">\n<div class=\"GallerySlideAssetWrapper-jVwTfA gAJDiy\">\n<div class=\"GallerySlideAssetContainer-hLzgmQ kjdOwl\">\n<div class=\"GallerySlideAssetContainerInner-wAwWK ktPlwH\"><img loading=\"lazy\" decoding=\"async\" class=\"aligncenter size-full wp-image-187233\" src=\"https:\/\/graziamagazine.com\/es\/wp-content\/uploads\/sites\/12\/2025\/08\/539417196_18535111141048768_4444275170355546926_n.jpg\" alt=\"\" width=\"683\" height=\"910\" srcset=\"https:\/\/graziamagazine.com\/es\/wp-content\/uploads\/sites\/12\/2025\/08\/539417196_18535111141048768_4444275170355546926_n.jpg 683w, https:\/\/graziamagazine.com\/es\/wp-content\/uploads\/sites\/12\/2025\/08\/539417196_18535111141048768_4444275170355546926_n-225x300.jpg 225w, https:\/\/graziamagazine.com\/es\/wp-content\/uploads\/sites\/12\/2025\/08\/539417196_18535111141048768_4444275170355546926_n-400x533.jpg 400w, https:\/\/graziamagazine.com\/es\/wp-content\/uploads\/sites\/12\/2025\/08\/539417196_18535111141048768_4444275170355546926_n-155x207.jpg 155w\" sizes=\"(max-width: 683px) 100vw, 683px\" \/><\/div>\n<\/div>\n<div><\/div>\n<\/div>\n<\/figure>\n<\/div>\n<div class=\"gallery-slide__cm-container\">\n<div class=\"ConsumerMarketingUnitThemedWrapper-jkpAEW hssEkF consumer-marketing-unit consumer-marketing-unit--gallery-slide\" role=\"presentation\" aria-hidden=\"true\">\n<h2 class=\"journey-unit\">Cate Blanchett, de Armani Priv\u00e9<\/h2>\n<\/div>\n<\/div>\n<\/div>\n<div>\n<div class=\"GallerySlideWrapper-teZkM dOPuUR\" data-event-boundary=\"click\" data-in-view=\"{&quot;pattern&quot;:&quot;GallerySlide&quot;}\" data-event-click=\"{&quot;pattern&quot;:&quot;GallerySlide&quot;}\" data-item=\"{&quot;dangerousHed&quot;:&quot;Cate Blanchett&quot;,&quot;brand&quot;:{&quot;name&quot;:&quot;&quot;},&quot;id&quot;:&quot;68af43cff9127580bdde812e&quot;,&quot;index&quot;:1,&quot;contentType&quot;:&quot;photo&quot;,&quot;offers&quot;:[],&quot;component&quot;:&quot;gallery_slide_component&quot;}\" data-testid=\"GallerySlideWrapper\" data-include-experiments=\"true\">\n<figure class=\"GallerySlideFigure-jmVVrd ekqpyA\">\n<div class=\"GallerySlideAssetWrapper-jVwTfA gAJDiy\">\n<div class=\"GallerySlideAssetContainer-hLzgmQ kjdOwl\">\n<div class=\"GallerySlideAssetContainerInner-wAwWK ktPlwH\"><img loading=\"lazy\" decoding=\"async\" class=\"aligncenter size-full wp-image-187232\" src=\"https:\/\/graziamagazine.com\/es\/wp-content\/uploads\/sites\/12\/2025\/08\/539582797_18535111138048768_7707131246907324479_n.jpg\" alt=\"\" width=\"683\" height=\"910\" srcset=\"https:\/\/graziamagazine.com\/es\/wp-content\/uploads\/sites\/12\/2025\/08\/539582797_18535111138048768_7707131246907324479_n.jpg 683w, https:\/\/graziamagazine.com\/es\/wp-content\/uploads\/sites\/12\/2025\/08\/539582797_18535111138048768_7707131246907324479_n-225x300.jpg 225w, https:\/\/graziamagazine.com\/es\/wp-content\/uploads\/sites\/12\/2025\/08\/539582797_18535111138048768_7707131246907324479_n-400x533.jpg 400w, https:\/\/graziamagazine.com\/es\/wp-content\/uploads\/sites\/12\/2025\/08\/539582797_18535111138048768_7707131246907324479_n-155x207.jpg 155w\" sizes=\"(max-width: 683px) 100vw, 683px\" \/><\/div>\n<\/div>\n<div><\/div>\n<\/div>\n<\/figure>\n<\/div>\n<\/div>\n<h2>Barbara Palvin, de Intimissimi<\/h2>\n<p><img decoding=\"async\" src=\"https:\/\/media.vogue.es\/photos\/68af43cff9127580bdde812f\/master\/w_2580%2Cc_limit\/GettyImages-2232394275.jpg\" \/><\/p>\n<h2>Heidi Klum y su hija Leni Klum, de Intimissimi<\/h2>\n<p>La top model llevaba las sandalias So Nude Sandal 105 de Aquazzura.<\/p>\n<p><img decoding=\"async\" src=\"https:\/\/media.vogue.es\/photos\/68af43cff9127580bdde8130\/master\/w_2580%2Cc_limit\/GettyImages-2232390434.jpg\" \/><\/p>\n<h2>Fernanda Torres, de Armani<\/h2>\n<p><img loading=\"lazy\" decoding=\"async\" class=\"aligncenter size-full wp-image-187234\" src=\"https:\/\/graziamagazine.com\/es\/wp-content\/uploads\/sites\/12\/2025\/08\/539608796_18535111198048768_2963920692652196833_n.jpg\" alt=\"\" width=\"1080\" height=\"1433\" srcset=\"https:\/\/graziamagazine.com\/es\/wp-content\/uploads\/sites\/12\/2025\/08\/539608796_18535111198048768_2963920692652196833_n.jpg 1080w, https:\/\/graziamagazine.com\/es\/wp-content\/uploads\/sites\/12\/2025\/08\/539608796_18535111198048768_2963920692652196833_n-226x300.jpg 226w, https:\/\/graziamagazine.com\/es\/wp-content\/uploads\/sites\/12\/2025\/08\/539608796_18535111198048768_2963920692652196833_n-772x1024.jpg 772w, https:\/\/graziamagazine.com\/es\/wp-content\/uploads\/sites\/12\/2025\/08\/539608796_18535111198048768_2963920692652196833_n-768x1019.jpg 768w, https:\/\/graziamagazine.com\/es\/wp-content\/uploads\/sites\/12\/2025\/08\/539608796_18535111198048768_2963920692652196833_n-400x531.jpg 400w, https:\/\/graziamagazine.com\/es\/wp-content\/uploads\/sites\/12\/2025\/08\/539608796_18535111198048768_2963920692652196833_n-155x206.jpg 155w\" sizes=\"(max-width: 1080px) 100vw, 1080px\" \/><\/p>\n<h2>El pr\u00edncipe Nicol\u00e1s de Dinamarca<\/h2>\n<p><img loading=\"lazy\" decoding=\"async\" class=\"aligncenter size-full wp-image-187235\" src=\"https:\/\/graziamagazine.com\/es\/wp-content\/uploads\/sites\/12\/2025\/08\/540001449_18535111159048768_5451295005467360115_n.jpg\" alt=\"\" width=\"683\" height=\"910\" srcset=\"https:\/\/graziamagazine.com\/es\/wp-content\/uploads\/sites\/12\/2025\/08\/540001449_18535111159048768_5451295005467360115_n.jpg 683w, https:\/\/graziamagazine.com\/es\/wp-content\/uploads\/sites\/12\/2025\/08\/540001449_18535111159048768_5451295005467360115_n-225x300.jpg 225w, https:\/\/graziamagazine.com\/es\/wp-content\/uploads\/sites\/12\/2025\/08\/540001449_18535111159048768_5451295005467360115_n-400x533.jpg 400w, https:\/\/graziamagazine.com\/es\/wp-content\/uploads\/sites\/12\/2025\/08\/540001449_18535111159048768_5451295005467360115_n-155x207.jpg 155w\" sizes=\"(max-width: 683px) 100vw, 683px\" \/><\/p>\n<h2>Emmanuela Fanelli, de Giorgio Armani<\/h2>\n<p><img loading=\"lazy\" decoding=\"async\" class=\"aligncenter size-full wp-image-187236\" src=\"https:\/\/graziamagazine.com\/es\/wp-content\/uploads\/sites\/12\/2025\/08\/539532471_18535349215006746_3877677191873486129_n-e1756375713945.jpg\" alt=\"\" width=\"877\" height=\"1334\" srcset=\"https:\/\/graziamagazine.com\/es\/wp-content\/uploads\/sites\/12\/2025\/08\/539532471_18535349215006746_3877677191873486129_n-e1756375713945.jpg 877w, https:\/\/graziamagazine.com\/es\/wp-content\/uploads\/sites\/12\/2025\/08\/539532471_18535349215006746_3877677191873486129_n-e1756375713945-197x300.jpg 197w, https:\/\/graziamagazine.com\/es\/wp-content\/uploads\/sites\/12\/2025\/08\/539532471_18535349215006746_3877677191873486129_n-e1756375713945-673x1024.jpg 673w, https:\/\/graziamagazine.com\/es\/wp-content\/uploads\/sites\/12\/2025\/08\/539532471_18535349215006746_3877677191873486129_n-e1756375713945-768x1168.jpg 768w, https:\/\/graziamagazine.com\/es\/wp-content\/uploads\/sites\/12\/2025\/08\/539532471_18535349215006746_3877677191873486129_n-e1756375713945-400x608.jpg 400w, https:\/\/graziamagazine.com\/es\/wp-content\/uploads\/sites\/12\/2025\/08\/539532471_18535349215006746_3877677191873486129_n-e1756375713945-141x215.jpg 141w\" sizes=\"(max-width: 877px) 100vw, 877px\" \/><\/p>\n<h2>Anna Ferzetti, de Alberta Ferretti<\/h2>\n<p><img loading=\"lazy\" decoding=\"async\" class=\"aligncenter size-full wp-image-187237\" src=\"https:\/\/graziamagazine.com\/es\/wp-content\/uploads\/sites\/12\/2025\/08\/539776216_18535349233006746_3098839872959650181_n-e1756375816769.jpg\" alt=\"\" width=\"911\" height=\"1323\" srcset=\"https:\/\/graziamagazine.com\/es\/wp-content\/uploads\/sites\/12\/2025\/08\/539776216_18535349233006746_3098839872959650181_n-e1756375816769.jpg 911w, https:\/\/graziamagazine.com\/es\/wp-content\/uploads\/sites\/12\/2025\/08\/539776216_18535349233006746_3098839872959650181_n-e1756375816769-207x300.jpg 207w, https:\/\/graziamagazine.com\/es\/wp-content\/uploads\/sites\/12\/2025\/08\/539776216_18535349233006746_3098839872959650181_n-e1756375816769-705x1024.jpg 705w, https:\/\/graziamagazine.com\/es\/wp-content\/uploads\/sites\/12\/2025\/08\/539776216_18535349233006746_3098839872959650181_n-e1756375816769-768x1115.jpg 768w, https:\/\/graziamagazine.com\/es\/wp-content\/uploads\/sites\/12\/2025\/08\/539776216_18535349233006746_3098839872959650181_n-e1756375816769-400x581.jpg 400w, https:\/\/graziamagazine.com\/es\/wp-content\/uploads\/sites\/12\/2025\/08\/539776216_18535349233006746_3098839872959650181_n-e1756375816769-148x215.jpg 148w\" sizes=\"(max-width: 911px) 100vw, 911px\" \/><\/p>\n<h2>Rose Villain, de Vivienne Westwood<\/h2>\n<p><img loading=\"lazy\" decoding=\"async\" class=\"aligncenter size-full wp-image-187239\" src=\"https:\/\/graziamagazine.com\/es\/wp-content\/uploads\/sites\/12\/2025\/08\/541172312_18535349281006746_1212080101530549377_n-e1756376019126.jpg\" alt=\"\" width=\"915\" height=\"1323\" srcset=\"https:\/\/graziamagazine.com\/es\/wp-content\/uploads\/sites\/12\/2025\/08\/541172312_18535349281006746_1212080101530549377_n-e1756376019126.jpg 915w, https:\/\/graziamagazine.com\/es\/wp-content\/uploads\/sites\/12\/2025\/08\/541172312_18535349281006746_1212080101530549377_n-e1756376019126-207x300.jpg 207w, https:\/\/graziamagazine.com\/es\/wp-content\/uploads\/sites\/12\/2025\/08\/541172312_18535349281006746_1212080101530549377_n-e1756376019126-708x1024.jpg 708w, https:\/\/graziamagazine.com\/es\/wp-content\/uploads\/sites\/12\/2025\/08\/541172312_18535349281006746_1212080101530549377_n-e1756376019126-768x1110.jpg 768w, https:\/\/graziamagazine.com\/es\/wp-content\/uploads\/sites\/12\/2025\/08\/541172312_18535349281006746_1212080101530549377_n-e1756376019126-400x578.jpg 400w, https:\/\/graziamagazine.com\/es\/wp-content\/uploads\/sites\/12\/2025\/08\/541172312_18535349281006746_1212080101530549377_n-e1756376019126-149x215.jpg 149w\" sizes=\"(max-width: 915px) 100vw, 915px\" \/><\/p>\n<h2>Claire Holt, de Intimissimi<\/h2>\n<p>La actriz eligi\u00f3 las Olie Sandal 105 de Aquazzura.<\/p>\n<p><img loading=\"lazy\" decoding=\"async\" class=\"aligncenter size-full wp-image-187238\" src=\"https:\/\/graziamagazine.com\/es\/wp-content\/uploads\/sites\/12\/2025\/08\/539466581_18535349290006746_1531199896687093444_n-e1756376057764.jpg\" alt=\"\" width=\"929\" height=\"1289\" srcset=\"https:\/\/graziamagazine.com\/es\/wp-content\/uploads\/sites\/12\/2025\/08\/539466581_18535349290006746_1531199896687093444_n-e1756376057764.jpg 929w, https:\/\/graziamagazine.com\/es\/wp-content\/uploads\/sites\/12\/2025\/08\/539466581_18535349290006746_1531199896687093444_n-e1756376057764-216x300.jpg 216w, https:\/\/graziamagazine.com\/es\/wp-content\/uploads\/sites\/12\/2025\/08\/539466581_18535349290006746_1531199896687093444_n-e1756376057764-738x1024.jpg 738w, https:\/\/graziamagazine.com\/es\/wp-content\/uploads\/sites\/12\/2025\/08\/539466581_18535349290006746_1531199896687093444_n-e1756376057764-768x1066.jpg 768w, https:\/\/graziamagazine.com\/es\/wp-content\/uploads\/sites\/12\/2025\/08\/539466581_18535349290006746_1531199896687093444_n-e1756376057764-400x555.jpg 400w, https:\/\/graziamagazine.com\/es\/wp-content\/uploads\/sites\/12\/2025\/08\/539466581_18535349290006746_1531199896687093444_n-e1756376057764-155x215.jpg 155w\" sizes=\"(max-width: 929px) 100vw, 929px\" \/><\/p>\n<h2>Julia Ducournau, de Prada<\/h2>\n<p><img loading=\"lazy\" decoding=\"async\" class=\"aligncenter size-full wp-image-187240\" src=\"https:\/\/graziamagazine.com\/es\/wp-content\/uploads\/sites\/12\/2025\/08\/539808325_18535349308006746_7753591476903330403_n-e1756376154228.jpg\" alt=\"\" width=\"922\" height=\"1325\" srcset=\"https:\/\/graziamagazine.com\/es\/wp-content\/uploads\/sites\/12\/2025\/08\/539808325_18535349308006746_7753591476903330403_n-e1756376154228.jpg 922w, https:\/\/graziamagazine.com\/es\/wp-content\/uploads\/sites\/12\/2025\/08\/539808325_18535349308006746_7753591476903330403_n-e1756376154228-209x300.jpg 209w, https:\/\/graziamagazine.com\/es\/wp-content\/uploads\/sites\/12\/2025\/08\/539808325_18535349308006746_7753591476903330403_n-e1756376154228-713x1024.jpg 713w, https:\/\/graziamagazine.com\/es\/wp-content\/uploads\/sites\/12\/2025\/08\/539808325_18535349308006746_7753591476903330403_n-e1756376154228-768x1104.jpg 768w, https:\/\/graziamagazine.com\/es\/wp-content\/uploads\/sites\/12\/2025\/08\/539808325_18535349308006746_7753591476903330403_n-e1756376154228-400x575.jpg 400w, https:\/\/graziamagazine.com\/es\/wp-content\/uploads\/sites\/12\/2025\/08\/539808325_18535349308006746_7753591476903330403_n-e1756376154228-150x215.jpg 150w\" sizes=\"(max-width: 922px) 100vw, 922px\" \/><\/p>\n<h2>Laura Dern con total look Max Mara<\/h2>\n<p>La actriz llev\u00f3 prendas de la colecci\u00f3n Resor 2026, Whitney Bag y gafas de sol.<\/p>\n<p><img decoding=\"async\" src=\"https:\/\/attachments.office.net\/owa\/rmartin%40graziala.com\/service.svc\/s\/GetAttachmentThumbnail?id=AAkALgAAAAAAHYQDEapmEc2byACqAC%2FEWg0Auwkx2z8bQEW5XIC0XB4eXQAFwpVogwAAARIAEABePuy3H3ffS48rSbzImxwy&amp;thumbnailType=2&amp;token=eyJhbGciOiJSUzI1NiIsInR5cCI6IkpXVCIsImtpZCI6ImU2bnoxT2JEVEVrYlhqT0tDVjBBVC9TMktjYz0iLCJ4NXQiOiJlNm56MU9iRFRFa2JYak9LQ1YwQVQvUzJLY2M9Iiwibm9uY2UiOiJ4bGhNWU4zMDd6WEN6ZC1VNXpMZjN6VW1lblhzcFJlY1Iwb3Jfd1dzOVVDc0l3SG1uTzZVRmdQSVBudlNNVjdrNElFU2hZd2wzb29JZjBvbFNKTGR5eWo1dXQwbFI1MWtQcEUxNkFkdHhxN3VlckM2S0V4Z0daX3hDOUF1TXp4UU1WQ3Q3S3J4ZVVtSFJmb0FjckdKT01DS2o3eFNoYzQ1NXFIR2RZYjI3ZmMiLCJpc3Nsb2MiOiJTQTFQUjE3TUI1MjM3Iiwic3JzbiI6NjM4OTIzMTUzNjk3NzkyMjI2fQ.eyJzYXAtdmVyc2lvbiI6IjMzIiwiYXBwaWQiOiJhZjNlYmJiYS1jMjNmLTQ5MmEtYWE5My04MzQyMTY5NmVjNGIiLCJpc3NyaW5nIjoiV1ciLCJhcHBpZGFjciI6IjIiLCJhcHBfZGlzcGxheW5hbWUiOiIiLCJ1dGkiOiI3M2VlMGE3Zi1hMzA0LTQ4ZjYtODQ4OC0zNDkzMWE0ZWQxYzkiLCJpYXQiOjE3NTY3OTMxMjQsInZlciI6IlNUSS5Vc2VyLkNhbGxiYWNrVG9rZW4uVjEiLCJ0aWQiOiJlNGM3Njc5ZDE4MmU0Y2FkYjM5MzQ4MjAyMWIyZDhlZiIsInRydXN0ZWRmb3JkZWxlZ2F0aW9uIjoiZmFsc2UiLCJ0b3BvbG9neSI6IntcIlR5cGVcIjpcIk1hY2hpbmVcIixcIlZhbHVlXCI6XCJTQTFQUjE3TUI1MjM3Lm5hbXByZDE3LnByb2Qub3V0bG9vay5jb21cIn0iLCJyZXF1ZXN0b3JfYXBwaWQiOiIxNTdjZGZiZi03Mzk4LTRhNTYtOTZjMy1lOTNlOWFiMzA5YjUiLCJyZXF1ZXN0b3JfYXBwX2Rpc3BsYXluYW1lIjoiT2ZmaWNlIDM2NSBFeGNoYW5nZSBNaWNyb3NlcnZpY2UiLCJzY3AiOiJPd2FBdHRhY2htZW50cy5SZWFkIiwib2lkIjoiMjU5OGI0MjItYTkwYi00NGIzLTk5YzUtNTdhNjg1YzVmNGFiIiwicHVpZCI6IjEwMDMyMDAwNTFGMTk4RkEiLCJzbXRwIjoicm1hcnRpbkBncmF6aWFsYS5jb20iLCJ1cG4iOiJybWFydGluQGdyYXppYWxhLmNvbSIsInVzZXJjYWxsYmFja3VzZXJjb250ZXh0aWQiOiI3NTJhY2ZiYmQ2YzE0YTRmYmVmOGRmMzg2NjAxYmQ1YyIsInNpZ25pbl9zdGF0ZSI6Imttc2kiLCJlcGsiOiJ7XCJrdHlcIjpcIlJTQVwiLFwiblwiOlwiN3VHVHRnWEp5eW5zYi1PTTNENHdMNlJrU0xTX0JmNlMwVktXd0JVdkxRSzZRNE5UakM0M2I2R3FqZDRrS09EVVF2eU9QNHZPMlpmTDVjWnBpNGdsR3pmcXhCd0FOcGQxRzNyR3NIZ1d4b2phMFlCa1djQW53aVR2QWpkZExSVW9mUHBDUl9VQU5lYnhIbW9QVFBtQXMxWE1RS3ZERXNKLVB5cDB5V0cwZXR2clJOQXZsMXctX3FKNjFqYkJzZlVycmFRbGZwSkRqSnJRc0pqaUxPWmpvZndwQXdqRFdCUXBseWwxU3hVXy1GU1YwWkd6Vk96LVQ2cVFZX1ppYUhvUU80dDBSeE1wbzltX1RpMDl3TkpNZnBBNFp4T0NWSHlOeUtaLW1uYWlTUXVlWEVWdE4wUHkxdXlGdGFGWG5FRUFoNkp4eUppeDdfREF0eThQOHIxTTZRXCIsXCJlXCI6XCJBUUFCXCIsXCJhbGdcIjpcIlJTMjU2XCIsXCJleHBcIjpcIjE3NTY4ODI0OTRcIixcImV4cF9kaWZmXCI6XCI4NjQwMFwiLFwia2lkXCI6XCJzY1I4ZWFVWEhmcmFPVlRpQ0JqQmlTWXNKSzBcIn0uRGNxTDlxR3NVSWxua05NWnl5Q2FFdjVhTVF0WUlsVHhCbjhtT2xhVTF5S2c4bXkyYVVXa3pNb2E5Q25xL1k1RkdMaFhaS2xwdExWTmpUNkoyaUR5a1EzaTUrNFQzLzY1THNoMnB2d3Vud0cvbUpHa1JZakRlL0EzRldVVXlmc3dnOXVlUnNnckZnbnM3R2dWQ09SMFhFcXJmdHJFWXlXUmpHRkZVdGZZenBFdkxjUncrQWQvcUs5M1pCNkdKQkhhLzd6RVNZeHFBTVNZSXkxSXVDWjdXbzREd1JYbmxBLzlHaTJxdTRRTkF6L3NnanY1UlJOZ3pMVDMxNW9pc1hkYWlvMzNXWHlsTFNGb3VrYkJoUWZpNkh1ZHBObG1sME5PcnFCOG94eUsrQ3RiSTNlRXZSb053VjBxNEpHT0xXSkxvSkMrRWpIL0dSSUI4eVFoTVBUbFVRPT0iLCJuYmYiOjE3NTY3OTMxMjQsImV4cCI6MTc1Njc5MzQyNCwiaXNzIjoiaHR0cHM6Ly9zdWJzdHJhdGUub2ZmaWNlLmNvbS9zdHMvIiwiYXVkIjoiaHR0cHM6Ly9vdXRsb29rLm9mZmljZS5jb20iLCJzc2VjIjoiRTdBUmVsWklPZENzdk1pVCIsImVzc2VjIjoiYXJ0aWZhY3QtYXV0by1wcm9kfE0zNjUyMDI1LTA3LTI0VDA5OjQ0OjU4LjA0NjA5ODRafFpIWElPenVKYXFoQmppIn0.pd1EHszUjTzLNxTrKioWQkcfFgct5YP8Lykhl_skokh5WgEAtjduEyIO4qfcmqYpwlokygce8DwYhEWnwChF-wrxrd9janusQJXSqGoTQmz3NLQSlngObjBqCu8_tpbCB74MLGoKuD5Llj13PEXKW-z7nzaea4kO4qen_lmydlhsntoYRRVmYHbPWtusgojmQFjs5l3edD40_CALR91gqOJGUbRXg9Ikon_nqh2K-TnlRFycaO_AP3G7w4cEr9lD49QsP-cf3MJDF3EeKlsaxNR15IlwheRIS0kyF4sJcF26ijeVbDm61-4LpUOKWcopBoOv-nVe960AA7fQyRT_Cw&amp;X-OWA-CANARY=X-OWA-CANARY_cookie_is_null_or_empty&amp;owa=outlook.office.com&amp;scriptVer=20250822005.26&amp;clientId=3B31F3A04AB541E99AB3610559DFDC8F&amp;animation=true\" alt=\"LAURA DERN_MAX MARA_DEF.jpg\" \/><\/p>\n<h2>Cate Blanchett, con look monocromo en traje<\/h2>\n<p><img loading=\"lazy\" decoding=\"async\" class=\"aligncenter size-full wp-image-187253\" src=\"https:\/\/graziamagazine.com\/es\/wp-content\/uploads\/sites\/12\/2025\/08\/540147879_18547585030032594_6778375667213225438_n.jpg\" alt=\"\" width=\"1440\" height=\"1800\" srcset=\"https:\/\/graziamagazine.com\/es\/wp-content\/uploads\/sites\/12\/2025\/08\/540147879_18547585030032594_6778375667213225438_n.jpg 1440w, https:\/\/graziamagazine.com\/es\/wp-content\/uploads\/sites\/12\/2025\/08\/540147879_18547585030032594_6778375667213225438_n-240x300.jpg 240w, https:\/\/graziamagazine.com\/es\/wp-content\/uploads\/sites\/12\/2025\/08\/540147879_18547585030032594_6778375667213225438_n-819x1024.jpg 819w, https:\/\/graziamagazine.com\/es\/wp-content\/uploads\/sites\/12\/2025\/08\/540147879_18547585030032594_6778375667213225438_n-768x960.jpg 768w, https:\/\/graziamagazine.com\/es\/wp-content\/uploads\/sites\/12\/2025\/08\/540147879_18547585030032594_6778375667213225438_n-1229x1536.jpg 1229w, https:\/\/graziamagazine.com\/es\/wp-content\/uploads\/sites\/12\/2025\/08\/540147879_18547585030032594_6778375667213225438_n-400x500.jpg 400w, https:\/\/graziamagazine.com\/es\/wp-content\/uploads\/sites\/12\/2025\/08\/540147879_18547585030032594_6778375667213225438_n-155x194.jpg 155w\" sizes=\"(max-width: 1440px) 100vw, 1440px\" \/><\/p>\n<h2>Julia Roberts, con chaqueta customizada<\/h2>\n<p>Con bolso C\u00e9line y zapatillas Superga.<\/p>\n<p><img loading=\"lazy\" decoding=\"async\" class=\"aligncenter size-full wp-image-187250\" src=\"https:\/\/graziamagazine.com\/es\/wp-content\/uploads\/sites\/12\/2025\/08\/540979920_18535030369048768_7020314535026197566_n.jpg\" alt=\"\" width=\"1440\" height=\"1920\" srcset=\"https:\/\/graziamagazine.com\/es\/wp-content\/uploads\/sites\/12\/2025\/08\/540979920_18535030369048768_7020314535026197566_n.jpg 1440w, https:\/\/graziamagazine.com\/es\/wp-content\/uploads\/sites\/12\/2025\/08\/540979920_18535030369048768_7020314535026197566_n-225x300.jpg 225w, https:\/\/graziamagazine.com\/es\/wp-content\/uploads\/sites\/12\/2025\/08\/540979920_18535030369048768_7020314535026197566_n-768x1024.jpg 768w, https:\/\/graziamagazine.com\/es\/wp-content\/uploads\/sites\/12\/2025\/08\/540979920_18535030369048768_7020314535026197566_n-1152x1536.jpg 1152w, https:\/\/graziamagazine.com\/es\/wp-content\/uploads\/sites\/12\/2025\/08\/540979920_18535030369048768_7020314535026197566_n-400x533.jpg 400w, https:\/\/graziamagazine.com\/es\/wp-content\/uploads\/sites\/12\/2025\/08\/540979920_18535030369048768_7020314535026197566_n-155x207.jpg 155w\" sizes=\"(max-width: 1440px) 100vw, 1440px\" \/><\/p>\n<h2>Amal Clooney, de Balmain<\/h2>\n<p><img loading=\"lazy\" decoding=\"async\" class=\"aligncenter size-full wp-image-187251\" src=\"https:\/\/graziamagazine.com\/es\/wp-content\/uploads\/sites\/12\/2025\/08\/539839453_18519451909012277_1772313649993235112_n.jpg\" alt=\"\" width=\"1440\" height=\"1920\" srcset=\"https:\/\/graziamagazine.com\/es\/wp-content\/uploads\/sites\/12\/2025\/08\/539839453_18519451909012277_1772313649993235112_n.jpg 1440w, https:\/\/graziamagazine.com\/es\/wp-content\/uploads\/sites\/12\/2025\/08\/539839453_18519451909012277_1772313649993235112_n-225x300.jpg 225w, https:\/\/graziamagazine.com\/es\/wp-content\/uploads\/sites\/12\/2025\/08\/539839453_18519451909012277_1772313649993235112_n-768x1024.jpg 768w, https:\/\/graziamagazine.com\/es\/wp-content\/uploads\/sites\/12\/2025\/08\/539839453_18519451909012277_1772313649993235112_n-1152x1536.jpg 1152w, https:\/\/graziamagazine.com\/es\/wp-content\/uploads\/sites\/12\/2025\/08\/539839453_18519451909012277_1772313649993235112_n-400x533.jpg 400w, https:\/\/graziamagazine.com\/es\/wp-content\/uploads\/sites\/12\/2025\/08\/539839453_18519451909012277_1772313649993235112_n-155x207.jpg 155w\" sizes=\"(max-width: 1440px) 100vw, 1440px\" \/><\/p>\n<h2>Emma Stone, con gorra y gafas Ray-Ban<\/h2>\n<p><img loading=\"lazy\" decoding=\"async\" class=\"aligncenter size-full wp-image-187252\" src=\"https:\/\/graziamagazine.com\/es\/wp-content\/uploads\/sites\/12\/2025\/08\/539872190_18547372114032594_8657816888730994846_n.jpg\" alt=\"\" width=\"1440\" height=\"1800\" srcset=\"https:\/\/graziamagazine.com\/es\/wp-content\/uploads\/sites\/12\/2025\/08\/539872190_18547372114032594_8657816888730994846_n.jpg 1440w, https:\/\/graziamagazine.com\/es\/wp-content\/uploads\/sites\/12\/2025\/08\/539872190_18547372114032594_8657816888730994846_n-240x300.jpg 240w, https:\/\/graziamagazine.com\/es\/wp-content\/uploads\/sites\/12\/2025\/08\/539872190_18547372114032594_8657816888730994846_n-819x1024.jpg 819w, https:\/\/graziamagazine.com\/es\/wp-content\/uploads\/sites\/12\/2025\/08\/539872190_18547372114032594_8657816888730994846_n-768x960.jpg 768w, https:\/\/graziamagazine.com\/es\/wp-content\/uploads\/sites\/12\/2025\/08\/539872190_18547372114032594_8657816888730994846_n-1229x1536.jpg 1229w, https:\/\/graziamagazine.com\/es\/wp-content\/uploads\/sites\/12\/2025\/08\/539872190_18547372114032594_8657816888730994846_n-400x500.jpg 400w, https:\/\/graziamagazine.com\/es\/wp-content\/uploads\/sites\/12\/2025\/08\/539872190_18547372114032594_8657816888730994846_n-155x194.jpg 155w\" sizes=\"(max-width: 1440px) 100vw, 1440px\" \/><\/p>\n<h2>Laura Dern, con falda estampada<\/h2>\n<p><img loading=\"lazy\" decoding=\"async\" class=\"aligncenter size-full wp-image-187254\" src=\"https:\/\/graziamagazine.com\/es\/wp-content\/uploads\/sites\/12\/2025\/08\/539420399_18546795175008181_9141660838241584561_n.jpg\" alt=\"\" width=\"1440\" height=\"1800\" srcset=\"https:\/\/graziamagazine.com\/es\/wp-content\/uploads\/sites\/12\/2025\/08\/539420399_18546795175008181_9141660838241584561_n.jpg 1440w, https:\/\/graziamagazine.com\/es\/wp-content\/uploads\/sites\/12\/2025\/08\/539420399_18546795175008181_9141660838241584561_n-240x300.jpg 240w, https:\/\/graziamagazine.com\/es\/wp-content\/uploads\/sites\/12\/2025\/08\/539420399_18546795175008181_9141660838241584561_n-819x1024.jpg 819w, https:\/\/graziamagazine.com\/es\/wp-content\/uploads\/sites\/12\/2025\/08\/539420399_18546795175008181_9141660838241584561_n-768x960.jpg 768w, https:\/\/graziamagazine.com\/es\/wp-content\/uploads\/sites\/12\/2025\/08\/539420399_18546795175008181_9141660838241584561_n-1229x1536.jpg 1229w, https:\/\/graziamagazine.com\/es\/wp-content\/uploads\/sites\/12\/2025\/08\/539420399_18546795175008181_9141660838241584561_n-400x500.jpg 400w, https:\/\/graziamagazine.com\/es\/wp-content\/uploads\/sites\/12\/2025\/08\/539420399_18546795175008181_9141660838241584561_n-155x194.jpg 155w\" sizes=\"(max-width: 1440px) 100vw, 1440px\" \/><\/p>\n<h2>Fernanda Torres, de Giorgio Armani<\/h2>\n<h3><img decoding=\"async\" src=\"https:\/\/media.vogue.es\/photos\/68af43cff9127580bdde8134\/master\/w_2580%2Cc_limit\/GettyImages-2232339578.jpg\" \/><\/h3>\n<h2>Noomi Rapace, de FENDI<\/h2>\n<p><img decoding=\"async\" src=\"https:\/\/media.vogue.es\/photos\/68af43cff9127580bdde8133\/master\/w_2580%2Cc_limit\/GettyImages-2232342407.jpg\" \/><\/p>\n<p>**Art\u00edculo en actualizaci\u00f3n<\/p>\n<p><em>*Im\u00e1genes: Getty Images<\/em><\/p>\n<p>&nbsp;<\/p>\n","protected":false},"author":11653,"featured_media":187314,"template":"","format":"standard","categories":[2971,5592,1],"acf":{"banner":""},"yoast_head":"<!-- This site is optimized with the Yoast SEO Premium plugin v18.5 (Yoast SEO v20.4) - https:\/\/yoast.com\/wordpress\/plugins\/seo\/ -->\n<title>Festival de Venecia 2025: todos los looks de la alfombra roja<\/title>\n<meta name=\"description\" content=\"Una edici\u00f3n repleta de estrellas de Hollywood en la que recopilamos los mejores estilismos en esta cita del s\u00e9ptimo arte.\" \/>\n<meta name=\"robots\" content=\"index, follow, max-snippet:-1, max-image-preview:large, max-video-preview:-1\" \/>\n<link rel=\"canonical\" href=\"https:\/\/graziamagazine.com\/es\/articles\/festival-de-venecia-2025-todos-los-looks-de-la-alfombra-roja\/\" \/>\n<meta property=\"og:locale\" content=\"es_ES\" \/>\n<meta property=\"og:type\" content=\"article\" \/>\n<meta property=\"og:title\" content=\"Festival de Venecia 2025: todos los looks de la alfombra roja\" \/>\n<meta property=\"og:description\" content=\"Una edici\u00f3n repleta de estrellas de Hollywood en la que recopilamos los mejores estilismos en esta cita del s\u00e9ptimo arte.\" \/>\n<meta property=\"og:url\" content=\"https:\/\/graziamagazine.com\/es\/articles\/festival-de-venecia-2025-todos-los-looks-de-la-alfombra-roja\/\" \/>\n<meta property=\"og:site_name\" content=\"Grazia\" \/>\n<meta property=\"article:modified_time\" content=\"2025-09-03T12:16:11+00:00\" \/>\n<meta property=\"og:image\" content=\"https:\/\/graziamagazine.com\/es\/wp-content\/uploads\/sites\/12\/2025\/08\/GettyImages-2233180034-copia-scaled.jpg\" \/>\n\t<meta property=\"og:image:width\" content=\"2560\" \/>\n\t<meta property=\"og:image:height\" content=\"1440\" \/>\n\t<meta property=\"og:image:type\" content=\"image\/jpeg\" \/>\n<meta name=\"twitter:card\" content=\"summary_large_image\" \/>\n<meta name=\"twitter:label1\" content=\"Est. reading time\" \/>\n\t<meta name=\"twitter:data1\" content=\"17 minutos\" \/>\n<script type=\"application\/ld+json\" class=\"yoast-schema-graph\">{\"@context\":\"https:\/\/schema.org\",\"@graph\":[{\"@type\":\"WebPage\",\"@id\":\"https:\/\/graziamagazine.com\/es\/articles\/festival-de-venecia-2025-todos-los-looks-de-la-alfombra-roja\/\",\"url\":\"https:\/\/graziamagazine.com\/es\/articles\/festival-de-venecia-2025-todos-los-looks-de-la-alfombra-roja\/\",\"name\":\"Festival de Venecia 2025: todos los looks de la alfombra roja\",\"isPartOf\":{\"@id\":\"https:\/\/graziamagazine.com\/es\/#website\"},\"datePublished\":\"2025-08-27T18:47:53+00:00\",\"dateModified\":\"2025-09-03T12:16:11+00:00\",\"description\":\"Una edici\u00f3n repleta de estrellas de Hollywood en la que recopilamos los mejores estilismos en esta cita del s\u00e9ptimo arte.\",\"breadcrumb\":{\"@id\":\"https:\/\/graziamagazine.com\/es\/articles\/festival-de-venecia-2025-todos-los-looks-de-la-alfombra-roja\/#breadcrumb\"},\"inLanguage\":\"es\",\"potentialAction\":[{\"@type\":\"ReadAction\",\"target\":[\"https:\/\/graziamagazine.com\/es\/articles\/festival-de-venecia-2025-todos-los-looks-de-la-alfombra-roja\/\"]}]},{\"@type\":\"BreadcrumbList\",\"@id\":\"https:\/\/graziamagazine.com\/es\/articles\/festival-de-venecia-2025-todos-los-looks-de-la-alfombra-roja\/#breadcrumb\",\"itemListElement\":[{\"@type\":\"ListItem\",\"position\":1,\"name\":\"Portada\",\"item\":\"https:\/\/graziamagazine.com\/es\/\"},{\"@type\":\"ListItem\",\"position\":2,\"name\":\"Festival de Venecia 2025: todos los looks de la alfombra roja\"}]},{\"@type\":\"WebSite\",\"@id\":\"https:\/\/graziamagazine.com\/es\/#website\",\"url\":\"https:\/\/graziamagazine.com\/es\/\",\"name\":\"Grazia\",\"description\":\"Moda, belleza, celebrities, estilo de vida...\",\"potentialAction\":[{\"@type\":\"SearchAction\",\"target\":{\"@type\":\"EntryPoint\",\"urlTemplate\":\"https:\/\/graziamagazine.com\/es\/?s={search_term_string}\"},\"query-input\":\"required name=search_term_string\"}],\"inLanguage\":\"es\"}]}<\/script>\n<!-- \/ Yoast SEO Premium plugin. -->","yoast_head_json":{"title":"Festival de Venecia 2025: todos los looks de la alfombra roja","description":"Una edici\u00f3n repleta de estrellas de Hollywood en la que recopilamos los mejores estilismos en esta cita del s\u00e9ptimo arte.","robots":{"index":"index","follow":"follow","max-snippet":"max-snippet:-1","max-image-preview":"max-image-preview:large","max-video-preview":"max-video-preview:-1"},"canonical":"https:\/\/graziamagazine.com\/es\/articles\/festival-de-venecia-2025-todos-los-looks-de-la-alfombra-roja\/","og_locale":"es_ES","og_type":"article","og_title":"Festival de Venecia 2025: todos los looks de la alfombra roja","og_description":"Una edici\u00f3n repleta de estrellas de Hollywood en la que recopilamos los mejores estilismos en esta cita del s\u00e9ptimo arte.","og_url":"https:\/\/graziamagazine.com\/es\/articles\/festival-de-venecia-2025-todos-los-looks-de-la-alfombra-roja\/","og_site_name":"Grazia","article_modified_time":"2025-09-03T12:16:11+00:00","og_image":[{"width":2560,"height":1440,"url":"https:\/\/graziamagazine.com\/es\/wp-content\/uploads\/sites\/12\/2025\/08\/GettyImages-2233180034-copia-scaled.jpg","type":"image\/jpeg"}],"twitter_card":"summary_large_image","twitter_misc":{"Est. reading time":"17 minutos"},"schema":{"@context":"https:\/\/schema.org","@graph":[{"@type":"WebPage","@id":"https:\/\/graziamagazine.com\/es\/articles\/festival-de-venecia-2025-todos-los-looks-de-la-alfombra-roja\/","url":"https:\/\/graziamagazine.com\/es\/articles\/festival-de-venecia-2025-todos-los-looks-de-la-alfombra-roja\/","name":"Festival de Venecia 2025: todos los looks de la alfombra roja","isPartOf":{"@id":"https:\/\/graziamagazine.com\/es\/#website"},"datePublished":"2025-08-27T18:47:53+00:00","dateModified":"2025-09-03T12:16:11+00:00","description":"Una edici\u00f3n repleta de estrellas de Hollywood en la que recopilamos los mejores estilismos en esta cita del s\u00e9ptimo arte.","breadcrumb":{"@id":"https:\/\/graziamagazine.com\/es\/articles\/festival-de-venecia-2025-todos-los-looks-de-la-alfombra-roja\/#breadcrumb"},"inLanguage":"es","potentialAction":[{"@type":"ReadAction","target":["https:\/\/graziamagazine.com\/es\/articles\/festival-de-venecia-2025-todos-los-looks-de-la-alfombra-roja\/"]}]},{"@type":"BreadcrumbList","@id":"https:\/\/graziamagazine.com\/es\/articles\/festival-de-venecia-2025-todos-los-looks-de-la-alfombra-roja\/#breadcrumb","itemListElement":[{"@type":"ListItem","position":1,"name":"Portada","item":"https:\/\/graziamagazine.com\/es\/"},{"@type":"ListItem","position":2,"name":"Festival de Venecia 2025: todos los looks de la alfombra roja"}]},{"@type":"WebSite","@id":"https:\/\/graziamagazine.com\/es\/#website","url":"https:\/\/graziamagazine.com\/es\/","name":"Grazia","description":"Moda, belleza, celebrities, estilo de vida...","potentialAction":[{"@type":"SearchAction","target":{"@type":"EntryPoint","urlTemplate":"https:\/\/graziamagazine.com\/es\/?s={search_term_string}"},"query-input":"required name=search_term_string"}],"inLanguage":"es"}]}},"jetpack_sharing_enabled":true,"distributor_meta":false,"distributor_terms":false,"distributor_media":false,"distributor_original_site_name":"Grazia","distributor_original_site_url":"https:\/\/graziamagazine.com\/es","push-errors":false,"_links":{"self":[{"href":"https:\/\/graziamagazine.com\/es\/wp-json\/wp\/v2\/articles\/187225"}],"collection":[{"href":"https:\/\/graziamagazine.com\/es\/wp-json\/wp\/v2\/articles"}],"about":[{"href":"https:\/\/graziamagazine.com\/es\/wp-json\/wp\/v2\/types\/articles"}],"author":[{"embeddable":true,"href":"https:\/\/graziamagazine.com\/es\/wp-json\/wp\/v2\/users\/11653"}],"wp:featuredmedia":[{"embeddable":true,"href":"https:\/\/graziamagazine.com\/es\/wp-json\/wp\/v2\/media\/187314"}],"wp:attachment":[{"href":"https:\/\/graziamagazine.com\/es\/wp-json\/wp\/v2\/media?parent=187225"}],"wp:term":[{"taxonomy":"category","embeddable":true,"href":"https:\/\/graziamagazine.com\/es\/wp-json\/wp\/v2\/categories?post=187225"}],"curies":[{"name":"wp","href":"https:\/\/api.w.org\/{rel}","templated":true}]}}