{"id":187171,"date":"2025-08-26T10:11:16","date_gmt":"2025-08-26T08:11:16","guid":{"rendered":"https:\/\/graziamagazine.com\/es\/?post_type=articles&#038;p=187171"},"modified":"2025-08-26T10:11:16","modified_gmt":"2025-08-26T08:11:16","slug":"la-copa-davis-regresa-a-puente-romano-marbella","status":"publish","type":"articles","link":"https:\/\/graziamagazine.com\/es\/articles\/la-copa-davis-regresa-a-puente-romano-marbella\/","title":{"rendered":"La Copa Davis regresa a Puente Romano Marbella"},"content":{"rendered":"<p>El Club de Tenis Puente Romano, en colaboraci\u00f3n con la Real Federaci\u00f3n Espa\u00f1ola de Tenis y el Ayuntamiento de Marbella, ser\u00e1 la sede de las esperadas eliminatorias de la Copa Davis los d\u00edas <strong>13 y 14 de sepiembre de 2025.<\/strong>\u00a0El equipo espa\u00f1ol, capitaneado por\u00a0<strong>David Ferrer<\/strong>, jugar\u00e1 contra Dinamarca en una decisiva eliminatoria de 2\u00aa ronda. Se espera que el joven talento\u00a0<strong>Holger Rune<\/strong>\u00a0lidere al conjunto dan\u00e9s.<\/p>\n<div class=\"field field-name-field-foto-principal field-type-image field-label-hidden\">\n<div class=\"field-items\">\n<p>El capit\u00e1n David Ferrer ha confirmado que el campe\u00f3n de Gran Slam\u00a0<strong>Carlos Alcar\u00e1z<\/strong>\u00a0estar\u00e1 en su convocatoria para la eliminatoria de septiembre frente a Dinamarca, junto a\u00a0<strong>Alejandro Davidovich Fokina, Marcel Granollers y Pedro Mart\u00ednez<\/strong>.<\/p>\n<h3><strong>UNA OFERTA ESPECIAL PARA UNA OCASI\u00d3N ESPECIAL<\/strong><\/h3>\n<p>Para celebrar\u00a0el regreso de la Copa Davis,\u00a0<strong>Puente Romano Marbella<\/strong>\u00a0ha dise\u00f1ado un exclusivo\u00a0<strong>paquete<em>\u00a0David Cup\u00a0Guest<\/em><\/strong> para los aficionados que deseen vivir el evento con estilo.\u00a0Disponible bajo petici\u00f3n, el pack incluye alojamiento en suite con desayuno, dos entradas VIP de palco para ambos d\u00edas y acceso a un \u00e1rea privada.<\/p>\n<p>El resort, cuyo estilo arquitect\u00f3nico es el de un t\u00edpico pueblo blanco andaluz, ofrece a sus hu\u00e9spedes 7 villas privadas (La Pereza, Armon\u00eda, Romana, La Serrana\u2026) y 162 espaciosas suites, rodeadas de exuberantes jardines bot\u00e1nicos que desembocan en el Mediterr\u00e1neo. Puente Romano Marbella, con 55.000 m2, se ha convertido en un referente culinario dentro y fuera del pa\u00eds, con una extraordinaria propuesta de m\u00e1s de 20 restaurantes, entre los que se incluyen los internacionalmente reconocidos Nobu, COYA y COYA Club, Cipriani o GAIA; as\u00ed como los premiados Le\u00f1a, la reciente apertura de bodegas El Pimpi; el Mejor Beach Club de Espa\u00f1a y Portugal, el Chiringuito Puente Romano; y el emblem\u00e1tico Sea Grill.<\/p>\n<p><img loading=\"lazy\" decoding=\"async\" class=\"aligncenter size-full wp-image-187174\" src=\"https:\/\/graziamagazine.com\/es\/wp-content\/uploads\/sites\/12\/2025\/08\/1-Puente-Romano-Marbella_Aerial_Hero_-copia-scaled.jpeg\" alt=\"\" width=\"1920\" height=\"2560\" srcset=\"https:\/\/graziamagazine.com\/es\/wp-content\/uploads\/sites\/12\/2025\/08\/1-Puente-Romano-Marbella_Aerial_Hero_-copia-scaled.jpeg 1920w, https:\/\/graziamagazine.com\/es\/wp-content\/uploads\/sites\/12\/2025\/08\/1-Puente-Romano-Marbella_Aerial_Hero_-copia-225x300.jpeg 225w, https:\/\/graziamagazine.com\/es\/wp-content\/uploads\/sites\/12\/2025\/08\/1-Puente-Romano-Marbella_Aerial_Hero_-copia-768x1024.jpeg 768w, https:\/\/graziamagazine.com\/es\/wp-content\/uploads\/sites\/12\/2025\/08\/1-Puente-Romano-Marbella_Aerial_Hero_-copia-1152x1536.jpeg 1152w, https:\/\/graziamagazine.com\/es\/wp-content\/uploads\/sites\/12\/2025\/08\/1-Puente-Romano-Marbella_Aerial_Hero_-copia-1536x2048.jpeg 1536w, https:\/\/graziamagazine.com\/es\/wp-content\/uploads\/sites\/12\/2025\/08\/1-Puente-Romano-Marbella_Aerial_Hero_-copia-400x533.jpeg 400w, https:\/\/graziamagazine.com\/es\/wp-content\/uploads\/sites\/12\/2025\/08\/1-Puente-Romano-Marbella_Aerial_Hero_-copia-155x207.jpeg 155w\" sizes=\"(max-width: 1920px) 100vw, 1920px\" \/><\/p>\n<h3><strong>UNA CITA IMPRESCINDIBLE<\/strong><\/h3>\n<p>Este\u00a0fin de semana de tenis tiene una enorme relevancia, ya que abre el camino hacia el ansiado\u00a0<strong>Final 8 de la Copa Davis<\/strong>.\u00a0Ser\u00e1 la sexta vez que ambos pa\u00edses se enfrenten en la competici\u00f3n, con una ligera ventaja para Espa\u00f1a.\u00a0En la \u00faltima visita de la Copa Davis en 2022, los aficionados rindieron un emotivo homenaje a la leyenda del tenis\u00a0<strong>Manolo Santana<\/strong>. Este a\u00f1o, la emoci\u00f3n promete alcanzar cotas similares.<\/p>\n<h3><strong>UN ESCENARIO LEGENDARIO<\/strong><\/h3>\n<p>Pilar\u00a0del tenis internacional, el\u00a0<strong>Club de Tenis Puente Romano<\/strong>\u00a0ha acogido a algunas de las grandes figuras de este deporte, entre ellas\u00a0<strong>McEnroe, Becker, Djokovic y Murray<\/strong>.\u00a0El club cuenta con\u00a0<strong>ocho pistas de tierra batida, una de pista dura, cuatro nuevas pistas de p\u00e1del de cristal<\/strong>, adem\u00e1s de un completo centro de bienestar y fitness, consolid\u00e1ndose como un destino de referencia para jugadores de todos los niveles.<\/p>\n<p><em>*Im\u00e1genes: cortes\u00eda<\/em><\/p>\n<p>&nbsp;<\/p>\n<\/div>\n<\/div>\n","protected":false},"author":11653,"featured_media":187173,"template":"","format":"standard","categories":[18],"acf":[],"yoast_head":"<!-- This site is optimized with the Yoast SEO Premium plugin v18.5 (Yoast SEO v20.4) - https:\/\/yoast.com\/wordpress\/plugins\/seo\/ -->\n<title>La Copa Davis regresa a Puente Romano Marbella<\/title>\n<meta name=\"description\" content=\"El 13 y 14 de septiembre\u00a0vuelve el tenis profesional al resort marbell\u00ed donde el equipo espa\u00f1ol se\u00a0enfrentar\u00e1 a Dinamarca.\" \/>\n<meta name=\"robots\" content=\"index, follow, max-snippet:-1, max-image-preview:large, max-video-preview:-1\" \/>\n<link rel=\"canonical\" href=\"https:\/\/graziamagazine.com\/es\/articles\/la-copa-davis-regresa-a-puente-romano-marbella\/\" \/>\n<meta property=\"og:locale\" content=\"es_ES\" \/>\n<meta property=\"og:type\" content=\"article\" \/>\n<meta property=\"og:title\" content=\"La Copa Davis regresa a Puente Romano Marbella\" \/>\n<meta property=\"og:description\" content=\"El 13 y 14 de septiembre\u00a0vuelve el tenis profesional al resort marbell\u00ed donde el equipo espa\u00f1ol se\u00a0enfrentar\u00e1 a Dinamarca.\" \/>\n<meta property=\"og:url\" content=\"https:\/\/graziamagazine.com\/es\/articles\/la-copa-davis-regresa-a-puente-romano-marbella\/\" \/>\n<meta property=\"og:site_name\" content=\"Grazia\" \/>\n<meta property=\"og:image\" content=\"https:\/\/graziamagazine.com\/es\/wp-content\/uploads\/sites\/12\/2025\/08\/davis250821.jpg\" \/>\n\t<meta property=\"og:image:width\" content=\"1024\" \/>\n\t<meta property=\"og:image:height\" content=\"768\" \/>\n\t<meta property=\"og:image:type\" content=\"image\/jpeg\" \/>\n<meta name=\"twitter:card\" content=\"summary_large_image\" \/>\n<meta name=\"twitter:label1\" content=\"Est. reading time\" \/>\n\t<meta name=\"twitter:data1\" content=\"3 minutos\" \/>\n<script type=\"application\/ld+json\" class=\"yoast-schema-graph\">{\"@context\":\"https:\/\/schema.org\",\"@graph\":[{\"@type\":\"WebPage\",\"@id\":\"https:\/\/graziamagazine.com\/es\/articles\/la-copa-davis-regresa-a-puente-romano-marbella\/\",\"url\":\"https:\/\/graziamagazine.com\/es\/articles\/la-copa-davis-regresa-a-puente-romano-marbella\/\",\"name\":\"La Copa Davis regresa a Puente Romano Marbella\",\"isPartOf\":{\"@id\":\"https:\/\/graziamagazine.com\/es\/#website\"},\"datePublished\":\"2025-08-26T08:11:16+00:00\",\"dateModified\":\"2025-08-26T08:11:16+00:00\",\"description\":\"El 13 y 14 de septiembre\u00a0vuelve el tenis profesional al resort marbell\u00ed donde el equipo espa\u00f1ol se\u00a0enfrentar\u00e1 a Dinamarca.\",\"breadcrumb\":{\"@id\":\"https:\/\/graziamagazine.com\/es\/articles\/la-copa-davis-regresa-a-puente-romano-marbella\/#breadcrumb\"},\"inLanguage\":\"es\",\"potentialAction\":[{\"@type\":\"ReadAction\",\"target\":[\"https:\/\/graziamagazine.com\/es\/articles\/la-copa-davis-regresa-a-puente-romano-marbella\/\"]}]},{\"@type\":\"BreadcrumbList\",\"@id\":\"https:\/\/graziamagazine.com\/es\/articles\/la-copa-davis-regresa-a-puente-romano-marbella\/#breadcrumb\",\"itemListElement\":[{\"@type\":\"ListItem\",\"position\":1,\"name\":\"Portada\",\"item\":\"https:\/\/graziamagazine.com\/es\/\"},{\"@type\":\"ListItem\",\"position\":2,\"name\":\"La Copa Davis regresa a Puente Romano Marbella\"}]},{\"@type\":\"WebSite\",\"@id\":\"https:\/\/graziamagazine.com\/es\/#website\",\"url\":\"https:\/\/graziamagazine.com\/es\/\",\"name\":\"Grazia\",\"description\":\"Moda, belleza, celebrities, estilo de vida...\",\"potentialAction\":[{\"@type\":\"SearchAction\",\"target\":{\"@type\":\"EntryPoint\",\"urlTemplate\":\"https:\/\/graziamagazine.com\/es\/?s={search_term_string}\"},\"query-input\":\"required name=search_term_string\"}],\"inLanguage\":\"es\"}]}<\/script>\n<!-- \/ Yoast SEO Premium plugin. -->","yoast_head_json":{"title":"La Copa Davis regresa a Puente Romano Marbella","description":"El 13 y 14 de septiembre\u00a0vuelve el tenis profesional al resort marbell\u00ed donde el equipo espa\u00f1ol se\u00a0enfrentar\u00e1 a Dinamarca.","robots":{"index":"index","follow":"follow","max-snippet":"max-snippet:-1","max-image-preview":"max-image-preview:large","max-video-preview":"max-video-preview:-1"},"canonical":"https:\/\/graziamagazine.com\/es\/articles\/la-copa-davis-regresa-a-puente-romano-marbella\/","og_locale":"es_ES","og_type":"article","og_title":"La Copa Davis regresa a Puente Romano Marbella","og_description":"El 13 y 14 de septiembre\u00a0vuelve el tenis profesional al resort marbell\u00ed donde el equipo espa\u00f1ol se\u00a0enfrentar\u00e1 a Dinamarca.","og_url":"https:\/\/graziamagazine.com\/es\/articles\/la-copa-davis-regresa-a-puente-romano-marbella\/","og_site_name":"Grazia","og_image":[{"width":1024,"height":768,"url":"https:\/\/graziamagazine.com\/es\/wp-content\/uploads\/sites\/12\/2025\/08\/davis250821.jpg","type":"image\/jpeg"}],"twitter_card":"summary_large_image","twitter_misc":{"Est. reading time":"3 minutos"},"schema":{"@context":"https:\/\/schema.org","@graph":[{"@type":"WebPage","@id":"https:\/\/graziamagazine.com\/es\/articles\/la-copa-davis-regresa-a-puente-romano-marbella\/","url":"https:\/\/graziamagazine.com\/es\/articles\/la-copa-davis-regresa-a-puente-romano-marbella\/","name":"La Copa Davis regresa a Puente Romano Marbella","isPartOf":{"@id":"https:\/\/graziamagazine.com\/es\/#website"},"datePublished":"2025-08-26T08:11:16+00:00","dateModified":"2025-08-26T08:11:16+00:00","description":"El 13 y 14 de septiembre\u00a0vuelve el tenis profesional al resort marbell\u00ed donde el equipo espa\u00f1ol se\u00a0enfrentar\u00e1 a Dinamarca.","breadcrumb":{"@id":"https:\/\/graziamagazine.com\/es\/articles\/la-copa-davis-regresa-a-puente-romano-marbella\/#breadcrumb"},"inLanguage":"es","potentialAction":[{"@type":"ReadAction","target":["https:\/\/graziamagazine.com\/es\/articles\/la-copa-davis-regresa-a-puente-romano-marbella\/"]}]},{"@type":"BreadcrumbList","@id":"https:\/\/graziamagazine.com\/es\/articles\/la-copa-davis-regresa-a-puente-romano-marbella\/#breadcrumb","itemListElement":[{"@type":"ListItem","position":1,"name":"Portada","item":"https:\/\/graziamagazine.com\/es\/"},{"@type":"ListItem","position":2,"name":"La Copa Davis regresa a Puente Romano Marbella"}]},{"@type":"WebSite","@id":"https:\/\/graziamagazine.com\/es\/#website","url":"https:\/\/graziamagazine.com\/es\/","name":"Grazia","description":"Moda, belleza, celebrities, estilo de vida...","potentialAction":[{"@type":"SearchAction","target":{"@type":"EntryPoint","urlTemplate":"https:\/\/graziamagazine.com\/es\/?s={search_term_string}"},"query-input":"required name=search_term_string"}],"inLanguage":"es"}]}},"jetpack_sharing_enabled":true,"distributor_meta":false,"distributor_terms":false,"distributor_media":false,"distributor_original_site_name":"Grazia","distributor_original_site_url":"https:\/\/graziamagazine.com\/es","push-errors":false,"_links":{"self":[{"href":"https:\/\/graziamagazine.com\/es\/wp-json\/wp\/v2\/articles\/187171"}],"collection":[{"href":"https:\/\/graziamagazine.com\/es\/wp-json\/wp\/v2\/articles"}],"about":[{"href":"https:\/\/graziamagazine.com\/es\/wp-json\/wp\/v2\/types\/articles"}],"author":[{"embeddable":true,"href":"https:\/\/graziamagazine.com\/es\/wp-json\/wp\/v2\/users\/11653"}],"wp:featuredmedia":[{"embeddable":true,"href":"https:\/\/graziamagazine.com\/es\/wp-json\/wp\/v2\/media\/187173"}],"wp:attachment":[{"href":"https:\/\/graziamagazine.com\/es\/wp-json\/wp\/v2\/media?parent=187171"}],"wp:term":[{"taxonomy":"category","embeddable":true,"href":"https:\/\/graziamagazine.com\/es\/wp-json\/wp\/v2\/categories?post=187171"}],"curies":[{"name":"wp","href":"https:\/\/api.w.org\/{rel}","templated":true}]}}