{"id":187042,"date":"2025-08-21T13:50:11","date_gmt":"2025-08-21T11:50:11","guid":{"rendered":"https:\/\/graziamagazine.com\/es\/?post_type=articles&#038;p=187042"},"modified":"2025-08-21T14:01:00","modified_gmt":"2025-08-21T12:01:00","slug":"louis-vuitton-introduce-la-beaute","status":"publish","type":"articles","link":"https:\/\/graziamagazine.com\/es\/articles\/louis-vuitton-introduce-la-beaute\/","title":{"rendered":"La Beaut\u00e9, el gran debut de Louis Vuitton en la cosm\u00e9tica"},"content":{"rendered":"<p data-start=\"257\" data-end=\"717\">En la historia de la moda existen hitos que definen un antes y un despu\u00e9s, y Louis Vuitton ha sabido escribir varios de ellos. Lo que comenz\u00f3 en 1854 con un ba\u00fal de l\u00edneas rectas, pensado para viajeros exigentes y amantes de la elegancia, se ha transformado en un universo que trasciende el equipaje para convertirse en sin\u00f3nimo de estilo.<\/p>\n<p data-start=\"257\" data-end=\"717\">Con el lanzamiento de <strong data-start=\"619\" data-end=\"632\">La Beaut\u00e9<\/strong>, la maison abre un nuevo cap\u00edtulo: el de su incursi\u00f3n definitiva en el maquillaje.<\/p>\n<figure id=\"attachment_154863\" class=\"wp-caption alignnone\" style=\"width: 774px\" aria-describedby=\"caption-attachment-154863\"><img loading=\"lazy\" decoding=\"async\" class=\"size-large wp-image-154863\" src=\"https:\/\/graziamagazine.com\/mx\/wp-content\/uploads\/sites\/13\/2025\/08\/Captura-de-Pantalla-2025-08-20-a-las-10.47.23-774x1024.png\" alt=\"Louis Vuitton Introduce La Beaut\u00e9\" width=\"774\" height=\"1024\" \/><\/figure>\n<p data-start=\"719\" data-end=\"1200\">Lejos de ser un simple producto cosm\u00e9tico, esta colecci\u00f3n es la materializaci\u00f3n de un legado. Si en los a\u00f1os veinte los cofres y neceseres de Louis Vuitton ya resguardaban brochas de marfil, espejos delicados y frascos de perfume de vidrio, hoy esas memorias sirven de inspiraci\u00f3n para una l\u00ednea que combina modernidad, lujo y funcionalidad.<\/p>\n<p data-start=\"719\" data-end=\"1200\"><img decoding=\"async\" src=\"https:\/\/highxtar.com\/wp-content\/uploads\/2025\/08\/LOUIS-VUITTON_BEAUTY-CAMPAIGN-2025_@Steven-Meisel-6-1440x932.jpg\" \/><\/p>\n<p data-start=\"719\" data-end=\"1200\">Cada pieza parece dise\u00f1ada no solo para embellecer, sino tambi\u00e9n para convertirse en un objeto de deseo digno de exhibirse como una joya.<\/p>\n<p data-start=\"719\" data-end=\"1200\"><img decoding=\"async\" src=\"https:\/\/e00-elmundo.uecdn.es\/assets\/multimedia\/imagenes\/2025\/08\/20\/17556832884872.jpg\" alt=\"Un Louis Vuitton por 140 euros? S\u00ed, se puede: la marca se estrena con barras de labios y sombras de ojos avalada por la (posiblemente) mejor maquilladora del mundo | Belleza\" \/><\/p>\n<p data-start=\"1202\" data-end=\"1708\">La colaboraci\u00f3n con la ic\u00f3nica Pat McGrath otorga a La Beaut\u00e9 un sello \u00fanico, donde innovaci\u00f3n y tradici\u00f3n se encuentran. Desde los labiales con acabados aterciopelados hasta los pigmentos luminosos que evocan reflejos de viaje al atardecer, la propuesta habla un lenguaje sofisticado, pensado para una mujer global, moderna y segura de s\u00ed misma.<\/p>\n<p data-start=\"1202\" data-end=\"1708\">La textura, el color y el empaque han sido concebidos con el mismo rigor artesanal con el que Louis Vuitton ha trabajado sus maletas durante m\u00e1s de un siglo.<\/p>\n<p><img loading=\"lazy\" decoding=\"async\" class=\"size-full wp-image-187043\" src=\"https:\/\/graziamagazine.com\/es\/wp-content\/uploads\/sites\/12\/2025\/08\/Captura-de-Pantalla-2025-08-20-a-las-10.47.18.png\" alt=\"Louis Vuitton Introduce La Beaut\u00e9\" width=\"1470\" height=\"1054\" srcset=\"https:\/\/graziamagazine.com\/es\/wp-content\/uploads\/sites\/12\/2025\/08\/Captura-de-Pantalla-2025-08-20-a-las-10.47.18.png 1470w, https:\/\/graziamagazine.com\/es\/wp-content\/uploads\/sites\/12\/2025\/08\/Captura-de-Pantalla-2025-08-20-a-las-10.47.18-300x215.png 300w, https:\/\/graziamagazine.com\/es\/wp-content\/uploads\/sites\/12\/2025\/08\/Captura-de-Pantalla-2025-08-20-a-las-10.47.18-1024x734.png 1024w, https:\/\/graziamagazine.com\/es\/wp-content\/uploads\/sites\/12\/2025\/08\/Captura-de-Pantalla-2025-08-20-a-las-10.47.18-768x551.png 768w, https:\/\/graziamagazine.com\/es\/wp-content\/uploads\/sites\/12\/2025\/08\/Captura-de-Pantalla-2025-08-20-a-las-10.47.18-400x287.png 400w, https:\/\/graziamagazine.com\/es\/wp-content\/uploads\/sites\/12\/2025\/08\/Captura-de-Pantalla-2025-08-20-a-las-10.47.18-155x111.png 155w\" sizes=\"(max-width: 1470px) 100vw, 1470px\" \/><\/p>\n<p data-start=\"1710\" data-end=\"2083\">\u00bfEl resultado? Una colecci\u00f3n que trasciende la categor\u00eda de maquillaje para convertirse en parte de la experiencia de lujo. Imagina sacar de tu bolso no un simple labial, sino un accesorio que resume toda la herencia de una maison.<\/p>\n<p data-start=\"1710\" data-end=\"2083\"><img decoding=\"async\" src=\"https:\/\/highxtar.com\/wp-content\/uploads\/2025\/08\/LOUIS-VUITTON_BEAUTY-CAMPAIGN-2025_@Steven-Meisel-12-1440x932.jpg\" \/><\/p>\n<p data-start=\"1710\" data-end=\"2083\">En un mundo donde la rapidez domina, La Beaut\u00e9 invita a detenerse y a redescubrir el ritual de maquillarse como un acto de placer y estilo.<\/p>\n<p data-start=\"2085\" data-end=\"2342\">Louis Vuitton no solo presenta cosm\u00e9ticos: entrega un nuevo manifiesto de modernidad, uniendo tradici\u00f3n con vanguardia y belleza con viaje. La Beaut\u00e9 es la confirmaci\u00f3n de que el lujo se reinventa, sin olvidar su historia y siempre mirando hacia adelante.<\/p>\n<p data-start=\"2085\" data-end=\"2342\"><img decoding=\"async\" src=\"https:\/\/highxtar.com\/wp-content\/uploads\/2025\/08\/LOUIS-VUITTON_BEAUTY-CAMPAIGN-2025_@Steven-Meisel-18-1440x932.jpg\" \/><\/p>\n<p data-start=\"2085\" data-end=\"2342\"><em>*Im\u00e1genes: cortes\u00eda<\/em><\/p>\n","protected":false},"author":11653,"featured_media":187053,"template":"","format":"standard","categories":[7],"acf":[],"yoast_head":"<!-- This site is optimized with the Yoast SEO Premium plugin v18.5 (Yoast SEO v20.4) - https:\/\/yoast.com\/wordpress\/plugins\/seo\/ -->\n<title>La Beaut\u00e9, el gran debut de Louis Vuitton en la cosm\u00e9tica<\/title>\n<meta name=\"description\" content=\"Una colecci\u00f3n de maquillaje que reinterpreta el legado viajero con lujo atemporal, modernidad intuitiva y la visi\u00f3n art\u00edstica de Pat McGrath.\" \/>\n<meta name=\"robots\" content=\"index, follow, max-snippet:-1, max-image-preview:large, max-video-preview:-1\" \/>\n<link rel=\"canonical\" href=\"https:\/\/graziamagazine.com\/es\/articles\/louis-vuitton-introduce-la-beaute\/\" \/>\n<meta property=\"og:locale\" content=\"es_ES\" \/>\n<meta property=\"og:type\" content=\"article\" \/>\n<meta property=\"og:title\" content=\"La Beaut\u00e9, el gran debut de Louis Vuitton en la cosm\u00e9tica\" \/>\n<meta property=\"og:description\" content=\"Una colecci\u00f3n de maquillaje que reinterpreta el legado viajero con lujo atemporal, modernidad intuitiva y la visi\u00f3n art\u00edstica de Pat McGrath.\" \/>\n<meta property=\"og:url\" content=\"https:\/\/graziamagazine.com\/es\/articles\/louis-vuitton-introduce-la-beaute\/\" \/>\n<meta property=\"og:site_name\" content=\"Grazia\" \/>\n<meta property=\"article:modified_time\" content=\"2025-08-21T12:01:00+00:00\" \/>\n<meta property=\"og:image\" content=\"https:\/\/graziamagazine.com\/es\/wp-content\/uploads\/sites\/12\/2025\/08\/la-beaute-louis-vuitton-beauty-launch-feature-copia.jpg\" \/>\n\t<meta property=\"og:image:width\" content=\"1600\" \/>\n\t<meta property=\"og:image:height\" content=\"900\" \/>\n\t<meta property=\"og:image:type\" content=\"image\/jpeg\" \/>\n<meta name=\"twitter:card\" content=\"summary_large_image\" \/>\n<meta name=\"twitter:label1\" content=\"Est. reading time\" \/>\n\t<meta name=\"twitter:data1\" content=\"3 minutos\" \/>\n<script type=\"application\/ld+json\" class=\"yoast-schema-graph\">{\"@context\":\"https:\/\/schema.org\",\"@graph\":[{\"@type\":\"WebPage\",\"@id\":\"https:\/\/graziamagazine.com\/es\/articles\/louis-vuitton-introduce-la-beaute\/\",\"url\":\"https:\/\/graziamagazine.com\/es\/articles\/louis-vuitton-introduce-la-beaute\/\",\"name\":\"La Beaut\u00e9, el gran debut de Louis Vuitton en la cosm\u00e9tica\",\"isPartOf\":{\"@id\":\"https:\/\/graziamagazine.com\/es\/#website\"},\"datePublished\":\"2025-08-21T11:50:11+00:00\",\"dateModified\":\"2025-08-21T12:01:00+00:00\",\"description\":\"Una colecci\u00f3n de maquillaje que reinterpreta el legado viajero con lujo atemporal, modernidad intuitiva y la visi\u00f3n art\u00edstica de Pat McGrath.\",\"breadcrumb\":{\"@id\":\"https:\/\/graziamagazine.com\/es\/articles\/louis-vuitton-introduce-la-beaute\/#breadcrumb\"},\"inLanguage\":\"es\",\"potentialAction\":[{\"@type\":\"ReadAction\",\"target\":[\"https:\/\/graziamagazine.com\/es\/articles\/louis-vuitton-introduce-la-beaute\/\"]}]},{\"@type\":\"BreadcrumbList\",\"@id\":\"https:\/\/graziamagazine.com\/es\/articles\/louis-vuitton-introduce-la-beaute\/#breadcrumb\",\"itemListElement\":[{\"@type\":\"ListItem\",\"position\":1,\"name\":\"Portada\",\"item\":\"https:\/\/graziamagazine.com\/es\/\"},{\"@type\":\"ListItem\",\"position\":2,\"name\":\"La Beaut\u00e9, el gran debut de Louis Vuitton en la cosm\u00e9tica\"}]},{\"@type\":\"WebSite\",\"@id\":\"https:\/\/graziamagazine.com\/es\/#website\",\"url\":\"https:\/\/graziamagazine.com\/es\/\",\"name\":\"Grazia\",\"description\":\"Moda, belleza, celebrities, estilo de vida...\",\"potentialAction\":[{\"@type\":\"SearchAction\",\"target\":{\"@type\":\"EntryPoint\",\"urlTemplate\":\"https:\/\/graziamagazine.com\/es\/?s={search_term_string}\"},\"query-input\":\"required name=search_term_string\"}],\"inLanguage\":\"es\"}]}<\/script>\n<!-- \/ Yoast SEO Premium plugin. -->","yoast_head_json":{"title":"La Beaut\u00e9, el gran debut de Louis Vuitton en la cosm\u00e9tica","description":"Una colecci\u00f3n de maquillaje que reinterpreta el legado viajero con lujo atemporal, modernidad intuitiva y la visi\u00f3n art\u00edstica de Pat McGrath.","robots":{"index":"index","follow":"follow","max-snippet":"max-snippet:-1","max-image-preview":"max-image-preview:large","max-video-preview":"max-video-preview:-1"},"canonical":"https:\/\/graziamagazine.com\/es\/articles\/louis-vuitton-introduce-la-beaute\/","og_locale":"es_ES","og_type":"article","og_title":"La Beaut\u00e9, el gran debut de Louis Vuitton en la cosm\u00e9tica","og_description":"Una colecci\u00f3n de maquillaje que reinterpreta el legado viajero con lujo atemporal, modernidad intuitiva y la visi\u00f3n art\u00edstica de Pat McGrath.","og_url":"https:\/\/graziamagazine.com\/es\/articles\/louis-vuitton-introduce-la-beaute\/","og_site_name":"Grazia","article_modified_time":"2025-08-21T12:01:00+00:00","og_image":[{"width":1600,"height":900,"url":"https:\/\/graziamagazine.com\/es\/wp-content\/uploads\/sites\/12\/2025\/08\/la-beaute-louis-vuitton-beauty-launch-feature-copia.jpg","type":"image\/jpeg"}],"twitter_card":"summary_large_image","twitter_misc":{"Est. reading time":"3 minutos"},"schema":{"@context":"https:\/\/schema.org","@graph":[{"@type":"WebPage","@id":"https:\/\/graziamagazine.com\/es\/articles\/louis-vuitton-introduce-la-beaute\/","url":"https:\/\/graziamagazine.com\/es\/articles\/louis-vuitton-introduce-la-beaute\/","name":"La Beaut\u00e9, el gran debut de Louis Vuitton en la cosm\u00e9tica","isPartOf":{"@id":"https:\/\/graziamagazine.com\/es\/#website"},"datePublished":"2025-08-21T11:50:11+00:00","dateModified":"2025-08-21T12:01:00+00:00","description":"Una colecci\u00f3n de maquillaje que reinterpreta el legado viajero con lujo atemporal, modernidad intuitiva y la visi\u00f3n art\u00edstica de Pat McGrath.","breadcrumb":{"@id":"https:\/\/graziamagazine.com\/es\/articles\/louis-vuitton-introduce-la-beaute\/#breadcrumb"},"inLanguage":"es","potentialAction":[{"@type":"ReadAction","target":["https:\/\/graziamagazine.com\/es\/articles\/louis-vuitton-introduce-la-beaute\/"]}]},{"@type":"BreadcrumbList","@id":"https:\/\/graziamagazine.com\/es\/articles\/louis-vuitton-introduce-la-beaute\/#breadcrumb","itemListElement":[{"@type":"ListItem","position":1,"name":"Portada","item":"https:\/\/graziamagazine.com\/es\/"},{"@type":"ListItem","position":2,"name":"La Beaut\u00e9, el gran debut de Louis Vuitton en la cosm\u00e9tica"}]},{"@type":"WebSite","@id":"https:\/\/graziamagazine.com\/es\/#website","url":"https:\/\/graziamagazine.com\/es\/","name":"Grazia","description":"Moda, belleza, celebrities, estilo de vida...","potentialAction":[{"@type":"SearchAction","target":{"@type":"EntryPoint","urlTemplate":"https:\/\/graziamagazine.com\/es\/?s={search_term_string}"},"query-input":"required name=search_term_string"}],"inLanguage":"es"}]}},"jetpack_sharing_enabled":true,"distributor_meta":false,"distributor_terms":false,"distributor_media":false,"distributor_original_site_name":"Grazia","distributor_original_site_url":"https:\/\/graziamagazine.com\/es","push-errors":false,"_links":{"self":[{"href":"https:\/\/graziamagazine.com\/es\/wp-json\/wp\/v2\/articles\/187042"}],"collection":[{"href":"https:\/\/graziamagazine.com\/es\/wp-json\/wp\/v2\/articles"}],"about":[{"href":"https:\/\/graziamagazine.com\/es\/wp-json\/wp\/v2\/types\/articles"}],"author":[{"embeddable":true,"href":"https:\/\/graziamagazine.com\/es\/wp-json\/wp\/v2\/users\/11653"}],"wp:featuredmedia":[{"embeddable":true,"href":"https:\/\/graziamagazine.com\/es\/wp-json\/wp\/v2\/media\/187053"}],"wp:attachment":[{"href":"https:\/\/graziamagazine.com\/es\/wp-json\/wp\/v2\/media?parent=187042"}],"wp:term":[{"taxonomy":"category","embeddable":true,"href":"https:\/\/graziamagazine.com\/es\/wp-json\/wp\/v2\/categories?post=187042"}],"curies":[{"name":"wp","href":"https:\/\/api.w.org\/{rel}","templated":true}]}}