{"id":187009,"date":"2025-08-21T14:44:26","date_gmt":"2025-08-21T12:44:26","guid":{"rendered":"https:\/\/graziamagazine.com\/es\/?post_type=articles&#038;p=187009"},"modified":"2025-08-21T14:44:26","modified_gmt":"2025-08-21T12:44:26","slug":"tendencias-beauty-de-pasarela-que-ya-puedes-copiar","status":"publish","type":"articles","link":"https:\/\/graziamagazine.com\/es\/articles\/tendencias-beauty-de-pasarela-que-ya-puedes-copiar\/","title":{"rendered":"Tendencias beauty de pasarela que ya puedes copiar"},"content":{"rendered":"<p data-start=\"419\" data-end=\"759\">El pulso creativo de las pasarelas nunca se limita al vestuario. Tras cada Fashion Week, el maquillaje se convierte en el lienzo donde las tendencias cobran vida y dictan la pr\u00f3xima ola de estilos que llegar\u00e1n a tu tocador.<\/p>\n<p data-start=\"419\" data-end=\"759\">Lo que se ve en la pasarela no es una fantas\u00eda lejana, sino la inspiraci\u00f3n que define la est\u00e9tica de la temporada.<\/p>\n<div class=\"content-gallery\">\n<div class=\"gallery-placeholder\">\n<div class=\"spinner\"><\/div>\n<\/div>\n<p>&nbsp;<\/p>\n<div id=\"gallery-1\" class=\"gallery galleryid- gallery-columns- gallery-size-\">\n<figure class=\"gallery-item\">\n<div class=\"gallery-icon landscape\"><img loading=\"lazy\" decoding=\"async\" class=\"lazy\" src=\"https:\/\/graziamagazine.com\/mx\/wp-content\/uploads\/sites\/13\/2025\/08\/Captura-de-Pantalla-2025-08-15-a-las-11.58.13.png\" alt=\"\" width=\"864\" height=\"1256\" \/><\/div>\n<\/figure>\n<figure class=\"gallery-item\">\n<div class=\"gallery-icon landscape\"><img loading=\"lazy\" decoding=\"async\" class=\"lazy\" src=\"https:\/\/graziamagazine.com\/mx\/wp-content\/uploads\/sites\/13\/2025\/08\/GettyImages-2202308586-scaled.jpg\" alt=\"\" width=\"2048\" height=\"2560\" \/><\/div>\n<\/figure>\n<\/div>\n<\/div>\n<p data-start=\"761\" data-end=\"1106\">Esta temporada, la piel luminosa y saludable es la protagonista. Se impone una base ligera que respeta la textura natural, acompa\u00f1ada de toques estrat\u00e9gicos de iluminador que capturan la luz de manera sutil.<\/p>\n<p data-start=\"761\" data-end=\"1106\">El objetivo es un rostro que respire frescura, sin caer en excesos ni capas innecesarias. La naturalidad vuelve a ser sin\u00f3nimo de lujo.<\/p>\n<div class=\"content-gallery\">\n<div class=\"gallery-placeholder\">\n<div class=\"spinner\"><\/div>\n<\/div>\n<p>&nbsp;<\/p>\n<div id=\"gallery-2\" class=\"gallery galleryid- gallery-columns- gallery-size-\">\n<figure class=\"gallery-item\">\n<div class=\"gallery-icon landscape\"><img loading=\"lazy\" decoding=\"async\" class=\"lazy\" src=\"https:\/\/graziamagazine.com\/mx\/wp-content\/uploads\/sites\/13\/2025\/08\/Captura-de-Pantalla-2025-08-15-a-las-11.59.09.png\" alt=\"\" width=\"862\" height=\"1266\" \/><\/div>\n<\/figure>\n<figure class=\"gallery-item\">\n<div class=\"gallery-icon landscape\"><img loading=\"lazy\" decoding=\"async\" class=\"lazy\" src=\"https:\/\/graziamagazine.com\/mx\/wp-content\/uploads\/sites\/13\/2025\/08\/Captura-de-Pantalla-2025-08-15-a-las-11.55.16.png\" alt=\"\" width=\"934\" height=\"1358\" \/><\/div>\n<\/figure>\n<figure class=\"gallery-item\">\n<div class=\"gallery-icon landscape\"><img loading=\"lazy\" decoding=\"async\" class=\"lazy\" src=\"https:\/\/graziamagazine.com\/mx\/wp-content\/uploads\/sites\/13\/2025\/08\/Captura-de-Pantalla-2025-08-15-a-las-11.59.30.png\" alt=\"\" width=\"860\" height=\"1268\" \/><\/div>\n<\/figure>\n<\/div>\n<\/div>\n<p data-start=\"1108\" data-end=\"1454\">Los labios se convierten en un punto focal de impacto. Tonos rojos intensos, borgo\u00f1as profundos y rosas vibrantes se alternan con acabados satinados o ligeramente brillantes. La clave est\u00e1 en encontrar un color que potencie la personalidad, m\u00e1s all\u00e1 de las modas pasajeras. Un buen labial, bien aplicado, puede transformar por completo un look.<\/p>\n<p data-start=\"1456\" data-end=\"1852\">En cuanto a los ojos, la experimentaci\u00f3n manda. Sombras metalizadas en tonos cobre, plata y dorado se combinan con delineados gr\u00e1ficos que aportan dramatismo y modernidad.<\/p>\n<div class=\"content-gallery\">\n<div class=\"gallery-placeholder\">\n<div class=\"spinner\"><\/div>\n<\/div>\n<p>&nbsp;<\/p>\n<div id=\"gallery-3\" class=\"gallery galleryid- gallery-columns- gallery-size-\">\n<figure class=\"gallery-item\">\n<div class=\"gallery-icon landscape\"><img loading=\"lazy\" decoding=\"async\" class=\"lazy\" src=\"https:\/\/graziamagazine.com\/mx\/wp-content\/uploads\/sites\/13\/2025\/08\/Captura-de-Pantalla-2025-08-15-a-las-11.58.54.png\" alt=\"\" width=\"866\" height=\"1266\" \/><\/div>\n<\/figure>\n<figure class=\"gallery-item\">\n<div class=\"gallery-icon landscape\"><img loading=\"lazy\" decoding=\"async\" class=\"lazy\" src=\"https:\/\/graziamagazine.com\/mx\/wp-content\/uploads\/sites\/13\/2025\/08\/Captura-de-Pantalla-2025-08-15-a-las-11.58.24.png\" alt=\"\" width=\"864\" height=\"1260\" \/><\/div>\n<\/figure>\n<figure class=\"gallery-item\">\n<div class=\"gallery-icon landscape\"><img loading=\"lazy\" decoding=\"async\" class=\"lazy\" src=\"https:\/\/graziamagazine.com\/mx\/wp-content\/uploads\/sites\/13\/2025\/08\/Captura-de-Pantalla-2025-08-15-a-las-11.58.36.png\" alt=\"\" width=\"872\" height=\"1266\" \/><\/div>\n<\/figure>\n<\/div>\n<\/div>\n<p data-start=\"1456\" data-end=\"1852\">Tambi\u00e9n se abre espacio para los degradados suaves que juegan con una paleta de marrones y terracotas, perfectos para un efecto elegante y vers\u00e1til. La m\u00e1scara de pesta\u00f1as, siempre generosa, a\u00f1ade profundidad y estructura.<\/p>\n<p data-start=\"1854\" data-end=\"2071\">Las cejas, cuidadosamente definidas pero sin rigidez, enmarcan el rostro con un aire juvenil y contempor\u00e1neo. Se busca un equilibrio entre el control y la naturalidad, donde cada trazo realce sin robar protagonismo.<\/p>\n<div class=\"content-gallery\">\n<div class=\"gallery-placeholder\">\n<div class=\"spinner\"><\/div>\n<\/div>\n<p>&nbsp;<\/p>\n<div id=\"gallery-4\" class=\"gallery galleryid- gallery-columns- gallery-size-\">\n<figure class=\"gallery-item\">\n<div class=\"gallery-icon landscape\"><img loading=\"lazy\" decoding=\"async\" class=\"lazy\" src=\"https:\/\/graziamagazine.com\/mx\/wp-content\/uploads\/sites\/13\/2025\/08\/Captura-de-Pantalla-2025-08-15-a-las-12.00.00.png\" alt=\"\" width=\"862\" height=\"1274\" \/><\/div>\n<\/figure>\n<figure class=\"gallery-item\">\n<div class=\"gallery-icon landscape\"><img loading=\"lazy\" decoding=\"async\" class=\"lazy\" src=\"https:\/\/graziamagazine.com\/mx\/wp-content\/uploads\/sites\/13\/2025\/08\/Captura-de-Pantalla-2025-08-15-a-las-12.00.21.png\" alt=\"\" width=\"862\" height=\"1270\" \/><\/div>\n<\/figure>\n<figure class=\"gallery-item\">\n<div class=\"gallery-icon landscape\"><img loading=\"lazy\" decoding=\"async\" class=\"lazy\" src=\"https:\/\/graziamagazine.com\/mx\/wp-content\/uploads\/sites\/13\/2025\/08\/Captura-de-Pantalla-2025-08-15-a-las-11.55.50.png\" alt=\"\" width=\"928\" height=\"1346\" \/><\/div>\n<\/figure>\n<\/div>\n<\/div>\n<p data-start=\"2073\" data-end=\"2376\">Para trasladar estas tendencias a tu tocador, el secreto est\u00e1 en la adaptabilidad. No se trata de copiar cada detalle, sino de reinterpretar con tu propio estilo lo que m\u00e1s te favorezca. Invertir en buenos productos y herramientas es fundamental para conseguir un acabado profesional, incluso en casa.<\/p>\n<figure id=\"attachment_187010\" aria-describedby=\"caption-attachment-187010\" style=\"width: 1706px\" class=\"wp-caption aligncenter\"><img loading=\"lazy\" decoding=\"async\" class=\"size-full wp-image-187010\" src=\"https:\/\/graziamagazine.com\/es\/wp-content\/uploads\/sites\/12\/2025\/08\/GettyImages-2228647037-scaled-e1755280922957.jpg\" alt=\"Del catwalk a tu tocador\" width=\"1706\" height=\"1292\" srcset=\"https:\/\/graziamagazine.com\/es\/wp-content\/uploads\/sites\/12\/2025\/08\/GettyImages-2228647037-scaled-e1755280922957.jpg 1706w, https:\/\/graziamagazine.com\/es\/wp-content\/uploads\/sites\/12\/2025\/08\/GettyImages-2228647037-scaled-e1755280922957-300x227.jpg 300w, https:\/\/graziamagazine.com\/es\/wp-content\/uploads\/sites\/12\/2025\/08\/GettyImages-2228647037-scaled-e1755280922957-1024x776.jpg 1024w, https:\/\/graziamagazine.com\/es\/wp-content\/uploads\/sites\/12\/2025\/08\/GettyImages-2228647037-scaled-e1755280922957-768x582.jpg 768w, https:\/\/graziamagazine.com\/es\/wp-content\/uploads\/sites\/12\/2025\/08\/GettyImages-2228647037-scaled-e1755280922957-1536x1163.jpg 1536w, https:\/\/graziamagazine.com\/es\/wp-content\/uploads\/sites\/12\/2025\/08\/GettyImages-2228647037-scaled-e1755280922957-400x303.jpg 400w, https:\/\/graziamagazine.com\/es\/wp-content\/uploads\/sites\/12\/2025\/08\/GettyImages-2228647037-scaled-e1755280922957-155x117.jpg 155w\" sizes=\"(max-width: 1706px) 100vw, 1706px\" \/><figcaption id=\"caption-attachment-187010\" class=\"wp-caption-text\">Del catwalk a tu tocador<\/figcaption><\/figure>\n<p data-start=\"2378\" data-end=\"2723\">El maquillaje pos Fashion Week es un recordatorio de que la belleza es un lenguaje en constante evoluci\u00f3n. Es la oportunidad de jugar, reinventarse y disfrutar del ritual de preparaci\u00f3n como un momento personal y creativo. Lo que comienza sobre el <em>catwalk<\/em> se convierte en parte de tu d\u00eda a d\u00eda, transformando cada ocasi\u00f3n en un desfile propio.<\/p>\n<p data-start=\"2378\" data-end=\"2723\"><em>*Im\u00e1genes: Getty Images<\/em><\/p>\n","protected":false},"author":16349,"featured_media":187055,"template":"","format":"standard","categories":[7],"acf":[],"yoast_head":"<!-- This site is optimized with the Yoast SEO Premium plugin v18.5 (Yoast SEO v20.4) - https:\/\/yoast.com\/wordpress\/plugins\/seo\/ -->\n<title>Tendencias beauty de pasarela que ya puedes copiar<\/title>\n<meta name=\"description\" content=\"Despu\u00e9s de cada Fashion Week surgen nuevas tendencias que transforman nuestro tocador para conseguir beauty looks irresistibles.\" \/>\n<meta name=\"robots\" content=\"index, follow, max-snippet:-1, max-image-preview:large, max-video-preview:-1\" \/>\n<link rel=\"canonical\" href=\"https:\/\/graziamagazine.com\/es\/articles\/tendencias-beauty-de-pasarela-que-ya-puedes-copiar\/\" \/>\n<meta property=\"og:locale\" content=\"es_ES\" \/>\n<meta property=\"og:type\" content=\"article\" \/>\n<meta property=\"og:title\" content=\"Tendencias beauty de pasarela que ya puedes copiar\" \/>\n<meta property=\"og:description\" content=\"Despu\u00e9s de cada Fashion Week surgen nuevas tendencias que transforman nuestro tocador para conseguir beauty looks irresistibles.\" \/>\n<meta property=\"og:url\" content=\"https:\/\/graziamagazine.com\/es\/articles\/tendencias-beauty-de-pasarela-que-ya-puedes-copiar\/\" \/>\n<meta property=\"og:site_name\" content=\"Grazia\" \/>\n<meta property=\"og:image\" content=\"https:\/\/graziamagazine.com\/es\/wp-content\/uploads\/sites\/12\/2025\/08\/tendencias-belleza-New-York-fashion-week-primavera-verano-2025-5-copia-e1755780247757.jpg\" \/>\n\t<meta property=\"og:image:width\" content=\"1398\" \/>\n\t<meta property=\"og:image:height\" content=\"1074\" \/>\n\t<meta property=\"og:image:type\" content=\"image\/jpeg\" \/>\n<meta name=\"twitter:card\" content=\"summary_large_image\" \/>\n<meta name=\"twitter:label1\" content=\"Est. reading time\" \/>\n\t<meta name=\"twitter:data1\" content=\"5 minutos\" \/>\n<script type=\"application\/ld+json\" class=\"yoast-schema-graph\">{\"@context\":\"https:\/\/schema.org\",\"@graph\":[{\"@type\":\"WebPage\",\"@id\":\"https:\/\/graziamagazine.com\/es\/articles\/tendencias-beauty-de-pasarela-que-ya-puedes-copiar\/\",\"url\":\"https:\/\/graziamagazine.com\/es\/articles\/tendencias-beauty-de-pasarela-que-ya-puedes-copiar\/\",\"name\":\"Tendencias beauty de pasarela que ya puedes copiar\",\"isPartOf\":{\"@id\":\"https:\/\/graziamagazine.com\/es\/#website\"},\"datePublished\":\"2025-08-21T12:44:26+00:00\",\"dateModified\":\"2025-08-21T12:44:26+00:00\",\"description\":\"Despu\u00e9s de cada Fashion Week surgen nuevas tendencias que transforman nuestro tocador para conseguir beauty looks irresistibles.\",\"breadcrumb\":{\"@id\":\"https:\/\/graziamagazine.com\/es\/articles\/tendencias-beauty-de-pasarela-que-ya-puedes-copiar\/#breadcrumb\"},\"inLanguage\":\"es\",\"potentialAction\":[{\"@type\":\"ReadAction\",\"target\":[\"https:\/\/graziamagazine.com\/es\/articles\/tendencias-beauty-de-pasarela-que-ya-puedes-copiar\/\"]}]},{\"@type\":\"BreadcrumbList\",\"@id\":\"https:\/\/graziamagazine.com\/es\/articles\/tendencias-beauty-de-pasarela-que-ya-puedes-copiar\/#breadcrumb\",\"itemListElement\":[{\"@type\":\"ListItem\",\"position\":1,\"name\":\"Portada\",\"item\":\"https:\/\/graziamagazine.com\/es\/\"},{\"@type\":\"ListItem\",\"position\":2,\"name\":\"Tendencias beauty de pasarela que ya puedes copiar\"}]},{\"@type\":\"WebSite\",\"@id\":\"https:\/\/graziamagazine.com\/es\/#website\",\"url\":\"https:\/\/graziamagazine.com\/es\/\",\"name\":\"Grazia\",\"description\":\"Moda, belleza, celebrities, estilo de vida...\",\"potentialAction\":[{\"@type\":\"SearchAction\",\"target\":{\"@type\":\"EntryPoint\",\"urlTemplate\":\"https:\/\/graziamagazine.com\/es\/?s={search_term_string}\"},\"query-input\":\"required name=search_term_string\"}],\"inLanguage\":\"es\"}]}<\/script>\n<!-- \/ Yoast SEO Premium plugin. -->","yoast_head_json":{"title":"Tendencias beauty de pasarela que ya puedes copiar","description":"Despu\u00e9s de cada Fashion Week surgen nuevas tendencias que transforman nuestro tocador para conseguir beauty looks irresistibles.","robots":{"index":"index","follow":"follow","max-snippet":"max-snippet:-1","max-image-preview":"max-image-preview:large","max-video-preview":"max-video-preview:-1"},"canonical":"https:\/\/graziamagazine.com\/es\/articles\/tendencias-beauty-de-pasarela-que-ya-puedes-copiar\/","og_locale":"es_ES","og_type":"article","og_title":"Tendencias beauty de pasarela que ya puedes copiar","og_description":"Despu\u00e9s de cada Fashion Week surgen nuevas tendencias que transforman nuestro tocador para conseguir beauty looks irresistibles.","og_url":"https:\/\/graziamagazine.com\/es\/articles\/tendencias-beauty-de-pasarela-que-ya-puedes-copiar\/","og_site_name":"Grazia","og_image":[{"width":1398,"height":1074,"url":"https:\/\/graziamagazine.com\/es\/wp-content\/uploads\/sites\/12\/2025\/08\/tendencias-belleza-New-York-fashion-week-primavera-verano-2025-5-copia-e1755780247757.jpg","type":"image\/jpeg"}],"twitter_card":"summary_large_image","twitter_misc":{"Est. reading time":"5 minutos"},"schema":{"@context":"https:\/\/schema.org","@graph":[{"@type":"WebPage","@id":"https:\/\/graziamagazine.com\/es\/articles\/tendencias-beauty-de-pasarela-que-ya-puedes-copiar\/","url":"https:\/\/graziamagazine.com\/es\/articles\/tendencias-beauty-de-pasarela-que-ya-puedes-copiar\/","name":"Tendencias beauty de pasarela que ya puedes copiar","isPartOf":{"@id":"https:\/\/graziamagazine.com\/es\/#website"},"datePublished":"2025-08-21T12:44:26+00:00","dateModified":"2025-08-21T12:44:26+00:00","description":"Despu\u00e9s de cada Fashion Week surgen nuevas tendencias que transforman nuestro tocador para conseguir beauty looks irresistibles.","breadcrumb":{"@id":"https:\/\/graziamagazine.com\/es\/articles\/tendencias-beauty-de-pasarela-que-ya-puedes-copiar\/#breadcrumb"},"inLanguage":"es","potentialAction":[{"@type":"ReadAction","target":["https:\/\/graziamagazine.com\/es\/articles\/tendencias-beauty-de-pasarela-que-ya-puedes-copiar\/"]}]},{"@type":"BreadcrumbList","@id":"https:\/\/graziamagazine.com\/es\/articles\/tendencias-beauty-de-pasarela-que-ya-puedes-copiar\/#breadcrumb","itemListElement":[{"@type":"ListItem","position":1,"name":"Portada","item":"https:\/\/graziamagazine.com\/es\/"},{"@type":"ListItem","position":2,"name":"Tendencias beauty de pasarela que ya puedes copiar"}]},{"@type":"WebSite","@id":"https:\/\/graziamagazine.com\/es\/#website","url":"https:\/\/graziamagazine.com\/es\/","name":"Grazia","description":"Moda, belleza, celebrities, estilo de vida...","potentialAction":[{"@type":"SearchAction","target":{"@type":"EntryPoint","urlTemplate":"https:\/\/graziamagazine.com\/es\/?s={search_term_string}"},"query-input":"required name=search_term_string"}],"inLanguage":"es"}]}},"jetpack_sharing_enabled":true,"distributor_meta":false,"distributor_terms":false,"distributor_media":false,"distributor_original_site_name":"Grazia","distributor_original_site_url":"https:\/\/graziamagazine.com\/es","push-errors":false,"_links":{"self":[{"href":"https:\/\/graziamagazine.com\/es\/wp-json\/wp\/v2\/articles\/187009"}],"collection":[{"href":"https:\/\/graziamagazine.com\/es\/wp-json\/wp\/v2\/articles"}],"about":[{"href":"https:\/\/graziamagazine.com\/es\/wp-json\/wp\/v2\/types\/articles"}],"author":[{"embeddable":true,"href":"https:\/\/graziamagazine.com\/es\/wp-json\/wp\/v2\/users\/16349"}],"wp:featuredmedia":[{"embeddable":true,"href":"https:\/\/graziamagazine.com\/es\/wp-json\/wp\/v2\/media\/187055"}],"wp:attachment":[{"href":"https:\/\/graziamagazine.com\/es\/wp-json\/wp\/v2\/media?parent=187009"}],"wp:term":[{"taxonomy":"category","embeddable":true,"href":"https:\/\/graziamagazine.com\/es\/wp-json\/wp\/v2\/categories?post=187009"}],"curies":[{"name":"wp","href":"https:\/\/api.w.org\/{rel}","templated":true}]}}