{"id":186898,"date":"2025-08-13T10:55:47","date_gmt":"2025-08-13T08:55:47","guid":{"rendered":"https:\/\/graziamagazine.com\/es\/?post_type=articles&#038;p=186898"},"modified":"2025-08-13T10:55:47","modified_gmt":"2025-08-13T08:55:47","slug":"mercedes-benz-fashion-week-madrid-presenta-su-calendario","status":"publish","type":"articles","link":"https:\/\/graziamagazine.com\/es\/articles\/mercedes-benz-fashion-week-madrid-presenta-su-calendario\/","title":{"rendered":"Mercedes-Benz Fashion Week Madrid presenta su calendario"},"content":{"rendered":"<p>Mercedes-Benz Fashion Week Madrid\u00a0celebra su\u00a040 aniversario\u00a0el pr\u00f3ximo mes de\u00a0septiembre\u00a0entre los d\u00edas 17 y 21. Esta convocatoria,\u00a0en la que se presentar\u00e1n las colecciones de\u00a0Primavera\/Verano 2026,\u00a0supondr\u00e1\u00a0mucho m\u00e1s que una cita con la moda de autor; ser\u00e1 una\u00a0mirada al pasado\u00a0de la moda en nuestro pa\u00eds y, sobre todo, una\u00a0declaraci\u00f3n de futuro.\u00a0Organizada por IFEMA MADRID\u00a0con el apoyo del\u00a0Ayuntamiento de Madrid, marcar\u00e1 el\u00a0inicio de una nueva etapa\u00a0con una\u00a0programaci\u00f3n renovada\u00a0y\u00a0tres grandes bloques de desfiles\u00a0que se desarrollar\u00e1n en diferentes espacios de la ciudad;\u00a0Desfiles OFF, Showcases y Programa General de Desfiles en la pasarela del\u00a0 Pabell\u00f3n 14.1 del recinto ferial.<\/p>\n<p>Con esta edici\u00f3n,\u00a0MBFWMadrid\u00a0reafirma su\u00a0compromiso con la industria de la moda espa\u00f1ola, apostando por la\u00a0creatividad, la sostenibilidad, la artesan\u00eda y la internacionalizaci\u00f3n\u00a0como sus principales valores para presentar un\u00a0espacio vivo\u00a0donde se celebran tanto la\u00a0tradici\u00f3n como la innovaci\u00f3n, y donde el\u00a0talento nacional\u00a0brilla con luz propia.<\/p>\n<p><span data-olk-copy-source=\"MessageBody\">Prueba de ello es el creciente inter\u00e9s por formar parte de esta cita, que ha registrado un incremento del 30<\/span>\u00a0% en las solicitudes de participaci\u00f3n respecto a la edici\u00f3n anterior, y un aumento de casi el 40\u00a0% en el caso de EGO, la plataforma dedicada a los nuevos talentos. Adem\u00e1s, el evento volver\u00e1 a abrir sus puertas al p\u00fablico general, que podr\u00e1 adquirir entradas para asistir a los desfiles a trav\u00e9s del canal oficial de venta de Mercedes-Benz Fashion Week Madrid.<\/p>\n<figure id=\"attachment_186899\" aria-describedby=\"caption-attachment-186899\" style=\"width: 1440px\" class=\"wp-caption aligncenter\"><img loading=\"lazy\" decoding=\"async\" class=\"wp-image-186899 size-full\" src=\"https:\/\/graziamagazine.com\/es\/wp-content\/uploads\/sites\/12\/2025\/08\/clarocouture.jpg\" alt=\"\" width=\"1440\" height=\"1849\" srcset=\"https:\/\/graziamagazine.com\/es\/wp-content\/uploads\/sites\/12\/2025\/08\/clarocouture.jpg 1440w, https:\/\/graziamagazine.com\/es\/wp-content\/uploads\/sites\/12\/2025\/08\/clarocouture-234x300.jpg 234w, https:\/\/graziamagazine.com\/es\/wp-content\/uploads\/sites\/12\/2025\/08\/clarocouture-797x1024.jpg 797w, https:\/\/graziamagazine.com\/es\/wp-content\/uploads\/sites\/12\/2025\/08\/clarocouture-768x986.jpg 768w, https:\/\/graziamagazine.com\/es\/wp-content\/uploads\/sites\/12\/2025\/08\/clarocouture-1196x1536.jpg 1196w, https:\/\/graziamagazine.com\/es\/wp-content\/uploads\/sites\/12\/2025\/08\/clarocouture-400x514.jpg 400w, https:\/\/graziamagazine.com\/es\/wp-content\/uploads\/sites\/12\/2025\/08\/clarocouture-155x199.jpg 155w\" sizes=\"(max-width: 1440px) 100vw, 1440px\" \/><figcaption id=\"caption-attachment-186899\" class=\"wp-caption-text\">Desfile Claro Couture.<\/figcaption><\/figure>\n<h3><b><span data-olk-copy-source=\"MessageBody\">Desfiles OFF en la Galer\u00eda de Cristal del Palacio de Cibeles\u00a0\u00a0<\/span><\/b><\/h3>\n<p>La\u00a0edici\u00f3n del 40 aniversario de MBFWMadrid\u00a0arrancar\u00e1 el\u00a017 de septiembre\u00a0con una jornada de desfiles en\u00a0formato OFF\u00a0que se celebrar\u00e1 en la\u00a0Galer\u00eda de Cristal del Palacio de Cibeles, uno de los espacios m\u00e1s emblem\u00e1ticos de la ciudad. La programaci\u00f3n reunir\u00e1 a cinco nombres clave del panorama internacional. Abrir\u00e1 la jornada\u00a0Silvia Tcherassi,\u00a0la\u00a0dise\u00f1adora internacional invitada en el 40\u00a0\u00a0aniversario de MBFWMadrid, que fusiona arte y sofisticaci\u00f3n; seguir\u00e1\u00a0Palomo, que se traslada a\u00a0The Palace Hotel Madrid para hacer la presentaci\u00f3n de una de las firmas que ha revolucionado el lenguaje de la moda espa\u00f1ola; a continuaci\u00f3n,\u00a0Pedro\u00a0del Hierro, firma espa\u00f1ola con una larga trayectoria en el dise\u00f1o contempor\u00e1neo, reconocida por su lujo accesible y elegancia atemporal; por la tarde, ser\u00e1 turno de\u00a0Adolfo Dom\u00ednguez, referente pionero del minimalismo y la sostenibilidad en Espa\u00f1a para cerrar la jornada con\u00a0Simorra, la firma que fusiona alta calidad, arquitectura textil y feminidad funcional.<\/p>\n<p>La actividad en la ciudad comenzar\u00e1 el lunes 15 de septiembre con un desfile previo de\u00a0UDIT, la Universidad de Dise\u00f1o, Innovaci\u00f3n y Tecnolog\u00eda. Ya el\u00a0mi\u00e9rcoles por la tarde, presentar\u00e1n sus colecciones en diferentes ubicaciones de Madrid\u00a0F\u00e9lix Ramiro, Pilar Dalbat\u00a0y\u00a0Rafael Urqu\u00edzar. Cerrar\u00e1n la jornada\u00a0Juan Vidal\u00a0y\u00a0Erroz,\u00a0quienes mostrar\u00e1n sus colecciones en formato Showcase.<\/p>\n<figure id=\"attachment_186900\" aria-describedby=\"caption-attachment-186900\" style=\"width: 1080px\" class=\"wp-caption aligncenter\"><img loading=\"lazy\" decoding=\"async\" class=\"size-full wp-image-186900\" src=\"https:\/\/graziamagazine.com\/es\/wp-content\/uploads\/sites\/12\/2025\/08\/img_download-3.jpg\" alt=\"\" width=\"1080\" height=\"1350\" srcset=\"https:\/\/graziamagazine.com\/es\/wp-content\/uploads\/sites\/12\/2025\/08\/img_download-3.jpg 1080w, https:\/\/graziamagazine.com\/es\/wp-content\/uploads\/sites\/12\/2025\/08\/img_download-3-240x300.jpg 240w, https:\/\/graziamagazine.com\/es\/wp-content\/uploads\/sites\/12\/2025\/08\/img_download-3-819x1024.jpg 819w, https:\/\/graziamagazine.com\/es\/wp-content\/uploads\/sites\/12\/2025\/08\/img_download-3-768x960.jpg 768w, https:\/\/graziamagazine.com\/es\/wp-content\/uploads\/sites\/12\/2025\/08\/img_download-3-400x500.jpg 400w, https:\/\/graziamagazine.com\/es\/wp-content\/uploads\/sites\/12\/2025\/08\/img_download-3-155x194.jpg 155w\" sizes=\"(max-width: 1080px) 100vw, 1080px\" \/><figcaption id=\"caption-attachment-186900\" class=\"wp-caption-text\">Backstage Mercedes-Benz Fashion Week Madrid.<\/figcaption><\/figure>\n<h3><b>Pabell\u00f3n 14.1 de IFEMA MADRID\u00a0<\/b><\/h3>\n<p>El programa general abrir\u00e1 sus puertas el jueves 18 de septiembre con\u00a0<b>Agatha Ruiz de la Prada<\/b>, con su habitual explosi\u00f3n de color. Le seguir\u00e1n\u00a0<b>Claro<\/b>\u00a0<b>Couture<\/b>, con sus propuestas de alta costura;\u00a0<b>The Label Edition<\/b>, firma de dise\u00f1o independiente que apuesta por la atemporalidad\u00a0 y sofisticaci\u00f3n en sus prendas,\u00a0<b>Par\u00eds64<\/b>, la marca de accesorios premium y confecci\u00f3n artesanal,\u00a0<a name=\"x_x__Hlk204867253\"><\/a><strong>Yolancris<\/strong>, que reinterpreta la moda con sensibilidad moderna y un fuerte sello artesanal.\u00a0Le seguir\u00e1n dos nuevos desfiles a \u00faltima hora de la tarde; el primero, un desfile\u00a0<b>TBC<\/b>,\u00a0y\u00a0<b>Flabelus<\/b>, la marca de calzado artesanal, que se estrena\u00a0en la pasarela en formato performance<\/p>\n<p><span data-olk-copy-source=\"MessageBody\">El\u00a0<b>viernes 19<\/b>\u00a0mantiene el ritmo con propuestas que combinan talento, tradici\u00f3n e innovaci\u00f3n: el d\u00fao creativo\u00a0<b>De la Cierva y Nicol\u00e1s<\/b>, la elegancia femenina de\u00a0<b>Isabel Sanchis<\/b>,\u00a0<\/span>y\u00a0el glamour de\u00a0<b>Hannibal Laguna<\/b>.\u00a0La jornada continua con\u00a0<b>Custo Barcelona,<\/b>\u00a0con su inconfundible lenguaje visual y riqueza en color y estampado,\u00a0<strong>Baro Lucas<\/strong>, que apuesta por la experimentaci\u00f3n textil con una est\u00e9tica refinada, y\u00a0<strong>Lola Casademunt by Maite<\/strong>, que destaca por su visi\u00f3n vibrante y sofisticada del pr\u00eat-\u00e0-porter.<\/p>\n<p><img loading=\"lazy\" decoding=\"async\" class=\"aligncenter size-full wp-image-186902\" src=\"https:\/\/graziamagazine.com\/es\/wp-content\/uploads\/sites\/12\/2025\/08\/tetebyodette.jpg\" alt=\"\" width=\"1080\" height=\"1350\" srcset=\"https:\/\/graziamagazine.com\/es\/wp-content\/uploads\/sites\/12\/2025\/08\/tetebyodette.jpg 1080w, https:\/\/graziamagazine.com\/es\/wp-content\/uploads\/sites\/12\/2025\/08\/tetebyodette-240x300.jpg 240w, https:\/\/graziamagazine.com\/es\/wp-content\/uploads\/sites\/12\/2025\/08\/tetebyodette-819x1024.jpg 819w, https:\/\/graziamagazine.com\/es\/wp-content\/uploads\/sites\/12\/2025\/08\/tetebyodette-768x960.jpg 768w, https:\/\/graziamagazine.com\/es\/wp-content\/uploads\/sites\/12\/2025\/08\/tetebyodette-400x500.jpg 400w, https:\/\/graziamagazine.com\/es\/wp-content\/uploads\/sites\/12\/2025\/08\/tetebyodette-155x194.jpg 155w\" sizes=\"(max-width: 1080px) 100vw, 1080px\" \/><\/p>\n<p>El\u00a0<b>s\u00e1bado 20,<\/b>\u00a0los desfiles comenzar\u00e1n comenzar\u00e1\u00a0 con una performance con modelos a cargo de la dise\u00f1adora\u00a0<b>Mar\u00eda Lafuente<\/b>; tras ella,\u00a0<b>Paloma Su\u00e1rez,<\/b>\u00a0presentar\u00e1 en el mismo formato. A continuaci\u00f3n,\u00a0<b>Fely Campo<\/b>, con su fusi\u00f3n tradici\u00f3n y modernidad; la feminidad contempor\u00e1nea de\u00a0<b>Odette \u00c1lvarez<\/b>\u00a0y los dise\u00f1os de\u00a0<b>Dolores Cort\u00e9s<\/b>.\u00a0Cerrar\u00e1n la jornada\u00a0<strong>Malne<\/strong>, con su propuesta de alta costura contempor\u00e1nea, y\u00a0<strong>\u00c1ngel Schlesser<\/strong>, s\u00edmbolo del minimalismo elegante, en un desfile precedido por la entrega del premio\u00a0<strong>L\u2019Or\u00e9al Par\u00eds<\/strong>.<\/p>\n<p>El <b>40 aniversario de MBFWMadrid<\/b>\u00a0culminar\u00e1 el\u00a0<b>domingo 21 con los desfiles de la plataforma EGO,<\/b>\u00a0dedicada a los nuevos talentos que definir\u00e1n el futuro de la moda espa\u00f1ola. En esta jornada destacan las firmas emergentes\u00a0<b>SLV FRR,\u00a0<\/b><b>Antonio del Canto,\u00a0Dimoni Studio,\u00a0<\/b><b>Skinsfromtheinsideofmymouth<\/b><b>, Antonio Acuario, Asier Quintana, Emeerree, Studio Cumbre y Guillermo D\u00e9cimo<\/b>, quienes aportan\u00a0<b>propuestas innovadoras<\/b>\u00a0y ser\u00e1n los candidatos al\u00a0<b>premio Mercedes-Benz Fashion Talent<\/b>\u00a0que se entregar\u00e1\u00a0\u00a0tras el \u00faltimo desfile que\u00a0presentar\u00e1 las propuestas de\u00a0<b>Ale\u0161 Hn\u00e1tek, dise\u00f1ador internacional en\u00a0<\/b><b>Mercedes-Benz Prague Fashion Week.\u00a0<\/b><\/p>\n<p>Adem\u00e1s,\u00a0<b>EGO<\/b>\u00a0volver\u00e1 a contar con el showroom de marcas emergentes, consolid\u00e1ndose como un escaparate clave del talento joven. Esta edici\u00f3n refuerza el salto cualitativo de la plataforma de cara a su pr\u00f3xima convocatoria, en la que celebrar\u00e1 su 20 aniversario.<\/p>\n<p><img loading=\"lazy\" decoding=\"async\" class=\"aligncenter size-full wp-image-186903\" src=\"https:\/\/graziamagazine.com\/es\/wp-content\/uploads\/sites\/12\/2025\/08\/img_download-5.jpg\" alt=\"\" width=\"1280\" height=\"1600\" srcset=\"https:\/\/graziamagazine.com\/es\/wp-content\/uploads\/sites\/12\/2025\/08\/img_download-5.jpg 1280w, https:\/\/graziamagazine.com\/es\/wp-content\/uploads\/sites\/12\/2025\/08\/img_download-5-240x300.jpg 240w, https:\/\/graziamagazine.com\/es\/wp-content\/uploads\/sites\/12\/2025\/08\/img_download-5-819x1024.jpg 819w, https:\/\/graziamagazine.com\/es\/wp-content\/uploads\/sites\/12\/2025\/08\/img_download-5-768x960.jpg 768w, https:\/\/graziamagazine.com\/es\/wp-content\/uploads\/sites\/12\/2025\/08\/img_download-5-1229x1536.jpg 1229w, https:\/\/graziamagazine.com\/es\/wp-content\/uploads\/sites\/12\/2025\/08\/img_download-5-400x500.jpg 400w, https:\/\/graziamagazine.com\/es\/wp-content\/uploads\/sites\/12\/2025\/08\/img_download-5-155x194.jpg 155w\" sizes=\"(max-width: 1280px) 100vw, 1280px\" \/><\/p>\n<p><span data-olk-copy-source=\"MessageBody\">La edici\u00f3n de septiembre de 2025 no ser\u00e1 una edici\u00f3n m\u00e1s.\u00a0<b>MBFWMadrid\u00a0<\/b>conmemora cuatro d\u00e9cadas como el\u00a0<b>gran referente la moda espa\u00f1ola,<\/b>\u00a0y lo hace con una mirada firme hacia el futuro.<\/span><\/p>\n<p>Este aniversario marca el inicio de una nueva etapa m\u00e1s abierta, m\u00e1s internacional y conectada con la artesan\u00eda y la creatividad contempor\u00e1nea. Una edici\u00f3n que apostar\u00e1 decididamente por el talento emergente y consagrado fomentar\u00e1 el di\u00e1logo entre generaciones de dise\u00f1adores y reforzar\u00e1 la proyecci\u00f3n exterior del talento local.<\/p>\n<p><a href=\"https:\/\/www.ifema.es\/mbfw-madrid\/agenda\"id=\"anchor-37185505-763c-f7f5-509a-327b03ba9f9c\" title=\"https:\/\/www.ifema.es\/mbfw-madrid\/agenda\"  target=\"_blank\" rel=\"noopener noreferrer\" data-auth=\"NotApplicable\" data-linkindex=\"1\" target=\"_blank\">Descubre el calendario oficial de Mercedes-Benz Fashion Week Madrid septiembre\u00a02025.<\/a><\/p>\n<p>*Im\u00e1genes:<\/p>\n","protected":false},"author":11653,"featured_media":186904,"template":"","format":"standard","categories":[2971],"acf":{"banner":""},"yoast_head":"<!-- This site is optimized with the Yoast SEO Premium plugin v18.5 (Yoast SEO v20.4) - https:\/\/yoast.com\/wordpress\/plugins\/seo\/ -->\n<title>Mercedes-Benz Fashion Week Madrid presenta su calendario<\/title>\n<meta name=\"description\" content=\"La pasarela m\u00e1s importante de la moda espa\u00f1ola celebra 40 a\u00f1os de moda, talento y futuro del 17 al 21 de septiembre.\" \/>\n<meta name=\"robots\" content=\"index, follow, max-snippet:-1, max-image-preview:large, max-video-preview:-1\" \/>\n<link rel=\"canonical\" href=\"https:\/\/graziamagazine.com\/es\/articles\/mercedes-benz-fashion-week-madrid-presenta-su-calendario\/\" \/>\n<meta property=\"og:locale\" content=\"es_ES\" \/>\n<meta property=\"og:type\" content=\"article\" \/>\n<meta property=\"og:title\" content=\"Mercedes-Benz Fashion Week Madrid presenta su calendario\" \/>\n<meta property=\"og:description\" content=\"La pasarela m\u00e1s importante de la moda espa\u00f1ola celebra 40 a\u00f1os de moda, talento y futuro del 17 al 21 de septiembre.\" \/>\n<meta property=\"og:url\" content=\"https:\/\/graziamagazine.com\/es\/articles\/mercedes-benz-fashion-week-madrid-presenta-su-calendario\/\" \/>\n<meta property=\"og:site_name\" content=\"Grazia\" \/>\n<meta property=\"og:image\" content=\"https:\/\/graziamagazine.com\/es\/wp-content\/uploads\/sites\/12\/2025\/08\/img_download-4-e1755075286797.jpg\" \/>\n\t<meta property=\"og:image:width\" content=\"1413\" \/>\n\t<meta property=\"og:image:height\" content=\"1005\" \/>\n\t<meta property=\"og:image:type\" content=\"image\/jpeg\" \/>\n<meta name=\"twitter:card\" content=\"summary_large_image\" \/>\n<meta name=\"twitter:label1\" content=\"Est. reading time\" \/>\n\t<meta name=\"twitter:data1\" content=\"6 minutos\" \/>\n<script type=\"application\/ld+json\" class=\"yoast-schema-graph\">{\"@context\":\"https:\/\/schema.org\",\"@graph\":[{\"@type\":\"WebPage\",\"@id\":\"https:\/\/graziamagazine.com\/es\/articles\/mercedes-benz-fashion-week-madrid-presenta-su-calendario\/\",\"url\":\"https:\/\/graziamagazine.com\/es\/articles\/mercedes-benz-fashion-week-madrid-presenta-su-calendario\/\",\"name\":\"Mercedes-Benz Fashion Week Madrid presenta su calendario\",\"isPartOf\":{\"@id\":\"https:\/\/graziamagazine.com\/es\/#website\"},\"datePublished\":\"2025-08-13T08:55:47+00:00\",\"dateModified\":\"2025-08-13T08:55:47+00:00\",\"description\":\"La pasarela m\u00e1s importante de la moda espa\u00f1ola celebra 40 a\u00f1os de moda, talento y futuro del 17 al 21 de septiembre.\",\"breadcrumb\":{\"@id\":\"https:\/\/graziamagazine.com\/es\/articles\/mercedes-benz-fashion-week-madrid-presenta-su-calendario\/#breadcrumb\"},\"inLanguage\":\"es\",\"potentialAction\":[{\"@type\":\"ReadAction\",\"target\":[\"https:\/\/graziamagazine.com\/es\/articles\/mercedes-benz-fashion-week-madrid-presenta-su-calendario\/\"]}]},{\"@type\":\"BreadcrumbList\",\"@id\":\"https:\/\/graziamagazine.com\/es\/articles\/mercedes-benz-fashion-week-madrid-presenta-su-calendario\/#breadcrumb\",\"itemListElement\":[{\"@type\":\"ListItem\",\"position\":1,\"name\":\"Portada\",\"item\":\"https:\/\/graziamagazine.com\/es\/\"},{\"@type\":\"ListItem\",\"position\":2,\"name\":\"Mercedes-Benz Fashion Week Madrid presenta su calendario\"}]},{\"@type\":\"WebSite\",\"@id\":\"https:\/\/graziamagazine.com\/es\/#website\",\"url\":\"https:\/\/graziamagazine.com\/es\/\",\"name\":\"Grazia\",\"description\":\"Moda, belleza, celebrities, estilo de vida...\",\"potentialAction\":[{\"@type\":\"SearchAction\",\"target\":{\"@type\":\"EntryPoint\",\"urlTemplate\":\"https:\/\/graziamagazine.com\/es\/?s={search_term_string}\"},\"query-input\":\"required name=search_term_string\"}],\"inLanguage\":\"es\"}]}<\/script>\n<!-- \/ Yoast SEO Premium plugin. -->","yoast_head_json":{"title":"Mercedes-Benz Fashion Week Madrid presenta su calendario","description":"La pasarela m\u00e1s importante de la moda espa\u00f1ola celebra 40 a\u00f1os de moda, talento y futuro del 17 al 21 de septiembre.","robots":{"index":"index","follow":"follow","max-snippet":"max-snippet:-1","max-image-preview":"max-image-preview:large","max-video-preview":"max-video-preview:-1"},"canonical":"https:\/\/graziamagazine.com\/es\/articles\/mercedes-benz-fashion-week-madrid-presenta-su-calendario\/","og_locale":"es_ES","og_type":"article","og_title":"Mercedes-Benz Fashion Week Madrid presenta su calendario","og_description":"La pasarela m\u00e1s importante de la moda espa\u00f1ola celebra 40 a\u00f1os de moda, talento y futuro del 17 al 21 de septiembre.","og_url":"https:\/\/graziamagazine.com\/es\/articles\/mercedes-benz-fashion-week-madrid-presenta-su-calendario\/","og_site_name":"Grazia","og_image":[{"width":1413,"height":1005,"url":"https:\/\/graziamagazine.com\/es\/wp-content\/uploads\/sites\/12\/2025\/08\/img_download-4-e1755075286797.jpg","type":"image\/jpeg"}],"twitter_card":"summary_large_image","twitter_misc":{"Est. reading time":"6 minutos"},"schema":{"@context":"https:\/\/schema.org","@graph":[{"@type":"WebPage","@id":"https:\/\/graziamagazine.com\/es\/articles\/mercedes-benz-fashion-week-madrid-presenta-su-calendario\/","url":"https:\/\/graziamagazine.com\/es\/articles\/mercedes-benz-fashion-week-madrid-presenta-su-calendario\/","name":"Mercedes-Benz Fashion Week Madrid presenta su calendario","isPartOf":{"@id":"https:\/\/graziamagazine.com\/es\/#website"},"datePublished":"2025-08-13T08:55:47+00:00","dateModified":"2025-08-13T08:55:47+00:00","description":"La pasarela m\u00e1s importante de la moda espa\u00f1ola celebra 40 a\u00f1os de moda, talento y futuro del 17 al 21 de septiembre.","breadcrumb":{"@id":"https:\/\/graziamagazine.com\/es\/articles\/mercedes-benz-fashion-week-madrid-presenta-su-calendario\/#breadcrumb"},"inLanguage":"es","potentialAction":[{"@type":"ReadAction","target":["https:\/\/graziamagazine.com\/es\/articles\/mercedes-benz-fashion-week-madrid-presenta-su-calendario\/"]}]},{"@type":"BreadcrumbList","@id":"https:\/\/graziamagazine.com\/es\/articles\/mercedes-benz-fashion-week-madrid-presenta-su-calendario\/#breadcrumb","itemListElement":[{"@type":"ListItem","position":1,"name":"Portada","item":"https:\/\/graziamagazine.com\/es\/"},{"@type":"ListItem","position":2,"name":"Mercedes-Benz Fashion Week Madrid presenta su calendario"}]},{"@type":"WebSite","@id":"https:\/\/graziamagazine.com\/es\/#website","url":"https:\/\/graziamagazine.com\/es\/","name":"Grazia","description":"Moda, belleza, celebrities, estilo de vida...","potentialAction":[{"@type":"SearchAction","target":{"@type":"EntryPoint","urlTemplate":"https:\/\/graziamagazine.com\/es\/?s={search_term_string}"},"query-input":"required name=search_term_string"}],"inLanguage":"es"}]}},"jetpack_sharing_enabled":true,"distributor_meta":false,"distributor_terms":false,"distributor_media":false,"distributor_original_site_name":"Grazia","distributor_original_site_url":"https:\/\/graziamagazine.com\/es","push-errors":false,"_links":{"self":[{"href":"https:\/\/graziamagazine.com\/es\/wp-json\/wp\/v2\/articles\/186898"}],"collection":[{"href":"https:\/\/graziamagazine.com\/es\/wp-json\/wp\/v2\/articles"}],"about":[{"href":"https:\/\/graziamagazine.com\/es\/wp-json\/wp\/v2\/types\/articles"}],"author":[{"embeddable":true,"href":"https:\/\/graziamagazine.com\/es\/wp-json\/wp\/v2\/users\/11653"}],"wp:featuredmedia":[{"embeddable":true,"href":"https:\/\/graziamagazine.com\/es\/wp-json\/wp\/v2\/media\/186904"}],"wp:attachment":[{"href":"https:\/\/graziamagazine.com\/es\/wp-json\/wp\/v2\/media?parent=186898"}],"wp:term":[{"taxonomy":"category","embeddable":true,"href":"https:\/\/graziamagazine.com\/es\/wp-json\/wp\/v2\/categories?post=186898"}],"curies":[{"name":"wp","href":"https:\/\/api.w.org\/{rel}","templated":true}]}}