{"id":186874,"date":"2025-08-20T17:00:48","date_gmt":"2025-08-20T15:00:48","guid":{"rendered":"https:\/\/graziamagazine.com\/es\/?post_type=articles&#038;p=186874"},"modified":"2025-08-20T17:00:48","modified_gmt":"2025-08-20T15:00:48","slug":"el-naranja-apperol-es-el-nuevo-amarillo-mantequilla-para-otono","status":"publish","type":"articles","link":"https:\/\/graziamagazine.com\/es\/articles\/el-naranja-apperol-es-el-nuevo-amarillo-mantequilla-para-otono\/","title":{"rendered":"El naranja (Apperol) es el nuevo amarillo mantequilla para oto\u00f1o"},"content":{"rendered":"<p><span style=\"font-weight: 400\">Este pr\u00f3ximo oto\u00f1o, la industria de la moda nos prepara una jugada crom\u00e1tica inesperada. El color naranja se coronar\u00e1 como el nuevo protagonista, desplazando al amarillo que ha reinado en temporadas pasadas.\u00a0<\/span><\/p>\n<p><span style=\"font-weight: 400\">Los dise\u00f1adores lo han dejado claro en sus pasarelas: el naranja, en todas sus versiones, desde el mandarina hasta el terracota, ser\u00e1 el tono estrella en abrigos, sweaters, vestidos y accesorios. Es un cambio que se siente natural, pero que al mismo tiempo inyecta energ\u00eda a\u00a0 nuestros outfits oto\u00f1ales.<\/span><\/p>\n<p><img decoding=\"async\" src=\"https:\/\/hips.hearstapps.com\/hmg-prod\/images\/gettyimages-1033931358.jpg?crop=1xw:1xh;center,top&amp;resize=980:*\" alt=\"Bag, Outerwear, Style, Orange, Street fashion, Amber, Luggage and bags, Street, Fashion, Tan, \" \/><\/p>\n<p><span style=\"font-weight: 400\">Este relevo de color no es casualidad. El amarillo hab\u00eda sido un gesto de optimismo post-pandemia, pero el naranja llega para aportar calidez, convirti\u00e9ndose en el perfecto compa\u00f1ero de los colores terrosos, beiges y verdes boscosos t\u00edpicos de la estaci\u00f3n. Adem\u00e1s, es un color que favorece a diferentes tonos de piel, aportando un brillo saludable que ilumina el rostro.<\/span><\/p>\n<div class=\"content-gallery\"><div class=\"gallery-placeholder\"><div class=\"spinner\"><\/div><\/div><span class=\"gallery-pagination\"><\/span><div id=\"gallery-1\" class=\"gallery galleryid-186874 gallery-columns- gallery-size-\"><figure class=\"gallery-item\"><div class=\"gallery-icon landscape\"><img loading=\"lazy\" decoding=\"async\" width=\"980\" height=\"1225\" src=\"https:\/\/graziamagazine.com\/es\/wp-content\/uploads\/sites\/12\/2025\/08\/harpersbazaares-5.jpg\" class=\"lazy\" alt=\"\" srcset=\"https:\/\/graziamagazine.com\/es\/wp-content\/uploads\/sites\/12\/2025\/08\/harpersbazaares-5.jpg 980w, https:\/\/graziamagazine.com\/es\/wp-content\/uploads\/sites\/12\/2025\/08\/harpersbazaares-5-240x300.jpg 240w, https:\/\/graziamagazine.com\/es\/wp-content\/uploads\/sites\/12\/2025\/08\/harpersbazaares-5-819x1024.jpg 819w, https:\/\/graziamagazine.com\/es\/wp-content\/uploads\/sites\/12\/2025\/08\/harpersbazaares-5-768x960.jpg 768w, https:\/\/graziamagazine.com\/es\/wp-content\/uploads\/sites\/12\/2025\/08\/harpersbazaares-5-400x500.jpg 400w, https:\/\/graziamagazine.com\/es\/wp-content\/uploads\/sites\/12\/2025\/08\/harpersbazaares-5-155x194.jpg 155w\" sizes=\"(max-width: 980px) 100vw, 980px\" \/><\/div><\/figure><figure class=\"gallery-item\"><div class=\"gallery-icon landscape\"><img loading=\"lazy\" decoding=\"async\" width=\"838\" height=\"1047\" src=\"https:\/\/graziamagazine.com\/es\/wp-content\/uploads\/sites\/12\/2025\/08\/harpersbazaares.jpg\" class=\"lazy\" alt=\"\" srcset=\"https:\/\/graziamagazine.com\/es\/wp-content\/uploads\/sites\/12\/2025\/08\/harpersbazaares.jpg 838w, https:\/\/graziamagazine.com\/es\/wp-content\/uploads\/sites\/12\/2025\/08\/harpersbazaares-240x300.jpg 240w, https:\/\/graziamagazine.com\/es\/wp-content\/uploads\/sites\/12\/2025\/08\/harpersbazaares-820x1024.jpg 820w, https:\/\/graziamagazine.com\/es\/wp-content\/uploads\/sites\/12\/2025\/08\/harpersbazaares-768x960.jpg 768w, https:\/\/graziamagazine.com\/es\/wp-content\/uploads\/sites\/12\/2025\/08\/harpersbazaares-400x500.jpg 400w, https:\/\/graziamagazine.com\/es\/wp-content\/uploads\/sites\/12\/2025\/08\/harpersbazaares-155x194.jpg 155w\" sizes=\"(max-width: 838px) 100vw, 838px\" \/><\/div><\/figure><figure class=\"gallery-item\"><div class=\"gallery-icon landscape\"><img loading=\"lazy\" decoding=\"async\" width=\"980\" height=\"1225\" src=\"https:\/\/graziamagazine.com\/es\/wp-content\/uploads\/sites\/12\/2025\/08\/harpersbazaares-1.jpg\" class=\"lazy\" alt=\"\" srcset=\"https:\/\/graziamagazine.com\/es\/wp-content\/uploads\/sites\/12\/2025\/08\/harpersbazaares-1.jpg 980w, https:\/\/graziamagazine.com\/es\/wp-content\/uploads\/sites\/12\/2025\/08\/harpersbazaares-1-240x300.jpg 240w, https:\/\/graziamagazine.com\/es\/wp-content\/uploads\/sites\/12\/2025\/08\/harpersbazaares-1-819x1024.jpg 819w, https:\/\/graziamagazine.com\/es\/wp-content\/uploads\/sites\/12\/2025\/08\/harpersbazaares-1-768x960.jpg 768w, https:\/\/graziamagazine.com\/es\/wp-content\/uploads\/sites\/12\/2025\/08\/harpersbazaares-1-400x500.jpg 400w, https:\/\/graziamagazine.com\/es\/wp-content\/uploads\/sites\/12\/2025\/08\/harpersbazaares-1-155x194.jpg 155w\" sizes=\"(max-width: 980px) 100vw, 980px\" \/><\/div><\/figure><figure class=\"gallery-item\"><div class=\"gallery-icon landscape\"><img loading=\"lazy\" decoding=\"async\" width=\"980\" height=\"1225\" src=\"https:\/\/graziamagazine.com\/es\/wp-content\/uploads\/sites\/12\/2025\/08\/harpersbazaares-3.jpg\" class=\"lazy\" alt=\"\" srcset=\"https:\/\/graziamagazine.com\/es\/wp-content\/uploads\/sites\/12\/2025\/08\/harpersbazaares-3.jpg 980w, https:\/\/graziamagazine.com\/es\/wp-content\/uploads\/sites\/12\/2025\/08\/harpersbazaares-3-240x300.jpg 240w, https:\/\/graziamagazine.com\/es\/wp-content\/uploads\/sites\/12\/2025\/08\/harpersbazaares-3-819x1024.jpg 819w, https:\/\/graziamagazine.com\/es\/wp-content\/uploads\/sites\/12\/2025\/08\/harpersbazaares-3-768x960.jpg 768w, https:\/\/graziamagazine.com\/es\/wp-content\/uploads\/sites\/12\/2025\/08\/harpersbazaares-3-400x500.jpg 400w, https:\/\/graziamagazine.com\/es\/wp-content\/uploads\/sites\/12\/2025\/08\/harpersbazaares-3-155x194.jpg 155w\" sizes=\"(max-width: 980px) 100vw, 980px\" \/><\/div><\/figure><figure class=\"gallery-item\"><div class=\"gallery-icon landscape\"><img loading=\"lazy\" decoding=\"async\" width=\"980\" height=\"1225\" src=\"https:\/\/graziamagazine.com\/es\/wp-content\/uploads\/sites\/12\/2025\/08\/harpersbazaares-4.jpg\" class=\"lazy\" alt=\"\" srcset=\"https:\/\/graziamagazine.com\/es\/wp-content\/uploads\/sites\/12\/2025\/08\/harpersbazaares-4.jpg 980w, https:\/\/graziamagazine.com\/es\/wp-content\/uploads\/sites\/12\/2025\/08\/harpersbazaares-4-240x300.jpg 240w, https:\/\/graziamagazine.com\/es\/wp-content\/uploads\/sites\/12\/2025\/08\/harpersbazaares-4-819x1024.jpg 819w, https:\/\/graziamagazine.com\/es\/wp-content\/uploads\/sites\/12\/2025\/08\/harpersbazaares-4-768x960.jpg 768w, https:\/\/graziamagazine.com\/es\/wp-content\/uploads\/sites\/12\/2025\/08\/harpersbazaares-4-400x500.jpg 400w, https:\/\/graziamagazine.com\/es\/wp-content\/uploads\/sites\/12\/2025\/08\/harpersbazaares-4-155x194.jpg 155w\" sizes=\"(max-width: 980px) 100vw, 980px\" \/><\/div><\/figure><figure class=\"gallery-item\"><div class=\"gallery-icon landscape\"><img loading=\"lazy\" decoding=\"async\" width=\"980\" height=\"1225\" src=\"https:\/\/graziamagazine.com\/es\/wp-content\/uploads\/sites\/12\/2025\/08\/harpersbazaares-2.jpg\" class=\"lazy\" alt=\"\" srcset=\"https:\/\/graziamagazine.com\/es\/wp-content\/uploads\/sites\/12\/2025\/08\/harpersbazaares-2.jpg 980w, https:\/\/graziamagazine.com\/es\/wp-content\/uploads\/sites\/12\/2025\/08\/harpersbazaares-2-240x300.jpg 240w, https:\/\/graziamagazine.com\/es\/wp-content\/uploads\/sites\/12\/2025\/08\/harpersbazaares-2-819x1024.jpg 819w, https:\/\/graziamagazine.com\/es\/wp-content\/uploads\/sites\/12\/2025\/08\/harpersbazaares-2-768x960.jpg 768w, https:\/\/graziamagazine.com\/es\/wp-content\/uploads\/sites\/12\/2025\/08\/harpersbazaares-2-400x500.jpg 400w, https:\/\/graziamagazine.com\/es\/wp-content\/uploads\/sites\/12\/2025\/08\/harpersbazaares-2-155x194.jpg 155w\" sizes=\"(max-width: 980px) 100vw, 980px\" \/><\/div><\/figure><\/div><\/div>\n<p><span style=\"font-weight: 400\">Las firmas m\u00e1s importantes ya han apostado por esta tendencia. En Max Mara vimos abrigos de lana en color naranja quemado, mientras que Valentino opt\u00f3 por vestidos fluidos en un tono zanahoria intenso, perfectos para destacar en eventos nocturnos. Incluso en los accesorios, el naranja se posiciona fuerte, con bolsos, botas y bufandas en este color que est\u00e1n listos para convertirse en piezas clave.<\/span><\/p>\n<p><img loading=\"lazy\" decoding=\"async\" class=\"aligncenter size-full wp-image-187039\" src=\"https:\/\/graziamagazine.com\/es\/wp-content\/uploads\/sites\/12\/2025\/08\/gettyimages-1166982677-copia.jpg\" alt=\"\" width=\"706\" height=\"1024\" srcset=\"https:\/\/graziamagazine.com\/es\/wp-content\/uploads\/sites\/12\/2025\/08\/gettyimages-1166982677-copia.jpg 706w, https:\/\/graziamagazine.com\/es\/wp-content\/uploads\/sites\/12\/2025\/08\/gettyimages-1166982677-copia-207x300.jpg 207w, https:\/\/graziamagazine.com\/es\/wp-content\/uploads\/sites\/12\/2025\/08\/gettyimages-1166982677-copia-400x580.jpg 400w, https:\/\/graziamagazine.com\/es\/wp-content\/uploads\/sites\/12\/2025\/08\/gettyimages-1166982677-copia-148x215.jpg 148w\" sizes=\"(max-width: 706px) 100vw, 706px\" \/><\/p>\n<p><span style=\"font-weight: 400\">Adoptar el naranja esta temporada no significa abandonar por completo el amarillo, sino dejar que este \u00faltimo tome un papel m\u00e1s secundario, apareciendo en detalles y accesorios. Sin duda, este oto\u00f1o la calidez y la vitalidad del naranja marcar\u00e1n el paso de la temporada.<\/span><\/p>\n<p><em>*Im\u00e1genes: Getty Images<\/em><\/p>\n","protected":false},"author":16349,"featured_media":187040,"template":"","format":"standard","categories":[1],"acf":[],"yoast_head":"<!-- This site is optimized with the Yoast SEO Premium plugin v18.5 (Yoast SEO v20.4) - https:\/\/yoast.com\/wordpress\/plugins\/seo\/ -->\n<title>El naranja (Apperol) es el nuevo amarillo mantequilla para oto\u00f1o<\/title>\n<meta name=\"description\" content=\"Si el amarillo mantequilla conquist\u00f3 las calles estivales, el naranja intenso es el color que no puede faltar en tu armario.\" \/>\n<meta name=\"robots\" content=\"index, follow, max-snippet:-1, max-image-preview:large, max-video-preview:-1\" \/>\n<link rel=\"canonical\" href=\"https:\/\/graziamagazine.com\/es\/articles\/el-naranja-apperol-es-el-nuevo-amarillo-mantequilla-para-otono\/\" \/>\n<meta property=\"og:locale\" content=\"es_ES\" \/>\n<meta property=\"og:type\" content=\"article\" \/>\n<meta property=\"og:title\" content=\"El naranja (Apperol) es el nuevo amarillo mantequilla para oto\u00f1o\" \/>\n<meta property=\"og:description\" content=\"Si el amarillo mantequilla conquist\u00f3 las calles estivales, el naranja intenso es el color que no puede faltar en tu armario.\" \/>\n<meta property=\"og:url\" content=\"https:\/\/graziamagazine.com\/es\/articles\/el-naranja-apperol-es-el-nuevo-amarillo-mantequilla-para-otono\/\" \/>\n<meta property=\"og:site_name\" content=\"Grazia\" \/>\n<meta property=\"og:image\" content=\"https:\/\/graziamagazine.com\/es\/wp-content\/uploads\/sites\/12\/2025\/08\/66ce2186f33fe-copia.jpg\" \/>\n\t<meta property=\"og:image:width\" content=\"1536\" \/>\n\t<meta property=\"og:image:height\" content=\"1024\" \/>\n\t<meta property=\"og:image:type\" content=\"image\/jpeg\" \/>\n<meta name=\"twitter:card\" content=\"summary_large_image\" \/>\n<meta name=\"twitter:label1\" content=\"Est. reading time\" \/>\n\t<meta name=\"twitter:data1\" content=\"2 minutos\" \/>\n<script type=\"application\/ld+json\" class=\"yoast-schema-graph\">{\"@context\":\"https:\/\/schema.org\",\"@graph\":[{\"@type\":\"WebPage\",\"@id\":\"https:\/\/graziamagazine.com\/es\/articles\/el-naranja-apperol-es-el-nuevo-amarillo-mantequilla-para-otono\/\",\"url\":\"https:\/\/graziamagazine.com\/es\/articles\/el-naranja-apperol-es-el-nuevo-amarillo-mantequilla-para-otono\/\",\"name\":\"El naranja (Apperol) es el nuevo amarillo mantequilla para oto\u00f1o\",\"isPartOf\":{\"@id\":\"https:\/\/graziamagazine.com\/es\/#website\"},\"datePublished\":\"2025-08-20T15:00:48+00:00\",\"dateModified\":\"2025-08-20T15:00:48+00:00\",\"description\":\"Si el amarillo mantequilla conquist\u00f3 las calles estivales, el naranja intenso es el color que no puede faltar en tu armario.\",\"breadcrumb\":{\"@id\":\"https:\/\/graziamagazine.com\/es\/articles\/el-naranja-apperol-es-el-nuevo-amarillo-mantequilla-para-otono\/#breadcrumb\"},\"inLanguage\":\"es\",\"potentialAction\":[{\"@type\":\"ReadAction\",\"target\":[\"https:\/\/graziamagazine.com\/es\/articles\/el-naranja-apperol-es-el-nuevo-amarillo-mantequilla-para-otono\/\"]}]},{\"@type\":\"BreadcrumbList\",\"@id\":\"https:\/\/graziamagazine.com\/es\/articles\/el-naranja-apperol-es-el-nuevo-amarillo-mantequilla-para-otono\/#breadcrumb\",\"itemListElement\":[{\"@type\":\"ListItem\",\"position\":1,\"name\":\"Portada\",\"item\":\"https:\/\/graziamagazine.com\/es\/\"},{\"@type\":\"ListItem\",\"position\":2,\"name\":\"El naranja (Apperol) es el nuevo amarillo mantequilla para oto\u00f1o\"}]},{\"@type\":\"WebSite\",\"@id\":\"https:\/\/graziamagazine.com\/es\/#website\",\"url\":\"https:\/\/graziamagazine.com\/es\/\",\"name\":\"Grazia\",\"description\":\"Moda, belleza, celebrities, estilo de vida...\",\"potentialAction\":[{\"@type\":\"SearchAction\",\"target\":{\"@type\":\"EntryPoint\",\"urlTemplate\":\"https:\/\/graziamagazine.com\/es\/?s={search_term_string}\"},\"query-input\":\"required name=search_term_string\"}],\"inLanguage\":\"es\"}]}<\/script>\n<!-- \/ Yoast SEO Premium plugin. -->","yoast_head_json":{"title":"El naranja (Apperol) es el nuevo amarillo mantequilla para oto\u00f1o","description":"Si el amarillo mantequilla conquist\u00f3 las calles estivales, el naranja intenso es el color que no puede faltar en tu armario.","robots":{"index":"index","follow":"follow","max-snippet":"max-snippet:-1","max-image-preview":"max-image-preview:large","max-video-preview":"max-video-preview:-1"},"canonical":"https:\/\/graziamagazine.com\/es\/articles\/el-naranja-apperol-es-el-nuevo-amarillo-mantequilla-para-otono\/","og_locale":"es_ES","og_type":"article","og_title":"El naranja (Apperol) es el nuevo amarillo mantequilla para oto\u00f1o","og_description":"Si el amarillo mantequilla conquist\u00f3 las calles estivales, el naranja intenso es el color que no puede faltar en tu armario.","og_url":"https:\/\/graziamagazine.com\/es\/articles\/el-naranja-apperol-es-el-nuevo-amarillo-mantequilla-para-otono\/","og_site_name":"Grazia","og_image":[{"width":1536,"height":1024,"url":"https:\/\/graziamagazine.com\/es\/wp-content\/uploads\/sites\/12\/2025\/08\/66ce2186f33fe-copia.jpg","type":"image\/jpeg"}],"twitter_card":"summary_large_image","twitter_misc":{"Est. reading time":"2 minutos"},"schema":{"@context":"https:\/\/schema.org","@graph":[{"@type":"WebPage","@id":"https:\/\/graziamagazine.com\/es\/articles\/el-naranja-apperol-es-el-nuevo-amarillo-mantequilla-para-otono\/","url":"https:\/\/graziamagazine.com\/es\/articles\/el-naranja-apperol-es-el-nuevo-amarillo-mantequilla-para-otono\/","name":"El naranja (Apperol) es el nuevo amarillo mantequilla para oto\u00f1o","isPartOf":{"@id":"https:\/\/graziamagazine.com\/es\/#website"},"datePublished":"2025-08-20T15:00:48+00:00","dateModified":"2025-08-20T15:00:48+00:00","description":"Si el amarillo mantequilla conquist\u00f3 las calles estivales, el naranja intenso es el color que no puede faltar en tu armario.","breadcrumb":{"@id":"https:\/\/graziamagazine.com\/es\/articles\/el-naranja-apperol-es-el-nuevo-amarillo-mantequilla-para-otono\/#breadcrumb"},"inLanguage":"es","potentialAction":[{"@type":"ReadAction","target":["https:\/\/graziamagazine.com\/es\/articles\/el-naranja-apperol-es-el-nuevo-amarillo-mantequilla-para-otono\/"]}]},{"@type":"BreadcrumbList","@id":"https:\/\/graziamagazine.com\/es\/articles\/el-naranja-apperol-es-el-nuevo-amarillo-mantequilla-para-otono\/#breadcrumb","itemListElement":[{"@type":"ListItem","position":1,"name":"Portada","item":"https:\/\/graziamagazine.com\/es\/"},{"@type":"ListItem","position":2,"name":"El naranja (Apperol) es el nuevo amarillo mantequilla para oto\u00f1o"}]},{"@type":"WebSite","@id":"https:\/\/graziamagazine.com\/es\/#website","url":"https:\/\/graziamagazine.com\/es\/","name":"Grazia","description":"Moda, belleza, celebrities, estilo de vida...","potentialAction":[{"@type":"SearchAction","target":{"@type":"EntryPoint","urlTemplate":"https:\/\/graziamagazine.com\/es\/?s={search_term_string}"},"query-input":"required name=search_term_string"}],"inLanguage":"es"}]}},"jetpack_sharing_enabled":true,"distributor_meta":false,"distributor_terms":false,"distributor_media":false,"distributor_original_site_name":"Grazia","distributor_original_site_url":"https:\/\/graziamagazine.com\/es","push-errors":false,"_links":{"self":[{"href":"https:\/\/graziamagazine.com\/es\/wp-json\/wp\/v2\/articles\/186874"}],"collection":[{"href":"https:\/\/graziamagazine.com\/es\/wp-json\/wp\/v2\/articles"}],"about":[{"href":"https:\/\/graziamagazine.com\/es\/wp-json\/wp\/v2\/types\/articles"}],"author":[{"embeddable":true,"href":"https:\/\/graziamagazine.com\/es\/wp-json\/wp\/v2\/users\/16349"}],"wp:featuredmedia":[{"embeddable":true,"href":"https:\/\/graziamagazine.com\/es\/wp-json\/wp\/v2\/media\/187040"}],"wp:attachment":[{"href":"https:\/\/graziamagazine.com\/es\/wp-json\/wp\/v2\/media?parent=186874"}],"wp:term":[{"taxonomy":"category","embeddable":true,"href":"https:\/\/graziamagazine.com\/es\/wp-json\/wp\/v2\/categories?post=186874"}],"curies":[{"name":"wp","href":"https:\/\/api.w.org\/{rel}","templated":true}]}}