{"id":186872,"date":"2025-08-13T16:50:43","date_gmt":"2025-08-13T14:50:43","guid":{"rendered":"https:\/\/graziamagazine.com\/es\/?post_type=articles&#038;p=186872"},"modified":"2025-08-13T17:02:13","modified_gmt":"2025-08-13T15:02:13","slug":"los-estampados-que-vienen-segun-el-street-style-de-copenhague","status":"publish","type":"articles","link":"https:\/\/graziamagazine.com\/es\/articles\/los-estampados-que-vienen-segun-el-street-style-de-copenhague\/","title":{"rendered":"Los estampados que vienen (seg\u00fan el street style de Copenhague)"},"content":{"rendered":"<p>Adem\u00e1s de los pantalones bombachos y los muy originales gorros de crochet en la semana de la moda de Copenhague, hay otro elemento de moda que brill\u00f3: la variedad de estampados. Las chicas danesas entienden a la perfecci\u00f3n c\u00f3mo evolucionar el\u00a0<em>cool style,\u00a0<\/em>y entre cuadros, print de leopardo y m\u00faltiples patrones florales, las front rows de la capital se vuelve foco de atenci\u00f3n para saber c\u00f3mo integrar los estampados a nuestro street style del diario.<\/p>\n<h3>Estampados de moda seg\u00fan Copenhague<\/h3>\n<p>Las influencers y dem\u00e1s asistentes a los desfiles encontraron un nuevo encanto para las faldas con transparencias: puedes llevarla con camisas a rayas (para un look m\u00e1s ejecutivo y de\u00a0<em>office-core\u00a0<\/em>con un toque ultrafemenino) o con un su\u00e9ter de algod\u00f3n oversize con el que puedes jugar con siluetas y texturas. El chiste es que esta falda tenga algunos detalles, como figuras en chaquira.<\/p>\n<figure id=\"attachment_154502\" class=\"wp-caption alignnone\" style=\"width: 900px\" aria-describedby=\"caption-attachment-154502\"><img loading=\"lazy\" decoding=\"async\" class=\"wp-image-154502 size-full\" src=\"https:\/\/graziamagazine.com\/mx\/wp-content\/uploads\/sites\/13\/2025\/08\/los-estampados-que-estaran-de-moda-segun-el-street-style-de-copenhague-9.jpg\" alt=\"Los estampados que estar\u00e1n de moda seg\u00fan el street style de Copenhague\" width=\"900\" height=\"1200\" \/><\/figure>\n<figure id=\"attachment_154496\" class=\"wp-caption alignnone\" style=\"width: 900px\" aria-describedby=\"caption-attachment-154496\"><img loading=\"lazy\" decoding=\"async\" class=\"wp-image-154496 size-full\" src=\"https:\/\/graziamagazine.com\/mx\/wp-content\/uploads\/sites\/13\/2025\/08\/los-estampados-que-estaran-de-moda-segun-el-street-style-de-copenhague-3.jpg\" alt=\"Los estampados que estar\u00e1n de moda seg\u00fan el street style de Copenhague\" width=\"900\" height=\"1200\" \/><\/figure>\n<p>Los cuadros tambi\u00e9n tuvieron un espacio digno en las primera filas. Todos los colores pastel est\u00e1n m\u00e1s que bienvenidos y los puedes llevar con zapatos en tonos neutros (o un rojo vibrante, por ejemplo), para que destaquen las prendas.<\/p>\n<figure id=\"attachment_154494\" class=\"wp-caption alignnone\" style=\"width: 900px\" aria-describedby=\"caption-attachment-154494\"><img loading=\"lazy\" decoding=\"async\" class=\"wp-image-154494 size-full\" src=\"https:\/\/graziamagazine.com\/mx\/wp-content\/uploads\/sites\/13\/2025\/08\/los-estampados-que-estaran-de-moda-segun-el-street-style-de-copenhague-1.jpg\" alt=\"Los estampados que estar\u00e1n de moda seg\u00fan el street style de Copenhague\" width=\"900\" height=\"1200\" \/><\/figure>\n<figure id=\"attachment_154498\" class=\"wp-caption alignnone\" style=\"width: 900px\" aria-describedby=\"caption-attachment-154498\"><img loading=\"lazy\" decoding=\"async\" class=\"wp-image-154498 size-full\" src=\"https:\/\/graziamagazine.com\/mx\/wp-content\/uploads\/sites\/13\/2025\/08\/los-estampados-que-estaran-de-moda-segun-el-street-style-de-copenhague-5.jpg\" alt=\"Los estampados que estar\u00e1n de moda seg\u00fan el street style de Copenhague\" width=\"900\" height=\"1200\" \/><\/figure>\n<p>La mezcla de hippie chic con estampados psicod\u00e9licos tambi\u00e9n figura entre las asistentes. Y es que mientras m\u00e1s colorido sea tu look, mejor. Es una de las combinaciones ideales para ir cerrando el verano \u2014que adem\u00e1s puedes complementar con accesorios brillantes, como un bolso mini o un cintur\u00f3n mediano.<\/p>\n<figure id=\"attachment_154501\" class=\"wp-caption alignnone\" style=\"width: 900px\" aria-describedby=\"caption-attachment-154501\"><img loading=\"lazy\" decoding=\"async\" class=\"wp-image-154501 size-full\" src=\"https:\/\/graziamagazine.com\/mx\/wp-content\/uploads\/sites\/13\/2025\/08\/los-estampados-que-estaran-de-moda-segun-el-street-style-de-copenhague-8.jpg\" alt=\"Los estampados que estar\u00e1n de moda seg\u00fan el street style de Copenhague\" width=\"900\" height=\"1200\" \/><\/figure>\n<figure id=\"attachment_154497\" class=\"wp-caption alignnone\" style=\"width: 900px\" aria-describedby=\"caption-attachment-154497\"><img loading=\"lazy\" decoding=\"async\" class=\"wp-image-154497 size-full\" src=\"https:\/\/graziamagazine.com\/mx\/wp-content\/uploads\/sites\/13\/2025\/08\/los-estampados-que-estaran-de-moda-segun-el-street-style-de-copenhague-4.jpg\" alt=\"Los estampados que estar\u00e1n de moda seg\u00fan el street style de Copenhague\" width=\"900\" height=\"1200\" \/><\/figure>\n<p>Si te gusta el estilo del denim, busca los estampados en color azul: puedes combinarlos con camisas de mezclilla estampadas con una falda estampada, o unos jeans acampanados con una camisa de diferentes tonalidades de azul.<\/p>\n<figure id=\"attachment_154500\" class=\"wp-caption alignnone\" style=\"width: 900px\" aria-describedby=\"caption-attachment-154500\"><img loading=\"lazy\" decoding=\"async\" class=\"wp-image-154500 size-full\" src=\"https:\/\/graziamagazine.com\/mx\/wp-content\/uploads\/sites\/13\/2025\/08\/los-estampados-que-estaran-de-moda-segun-el-street-style-de-copenhague-7.jpg\" alt=\"Los estampados que estar\u00e1n de moda seg\u00fan el street style de Copenhague\" width=\"900\" height=\"1200\" \/><\/figure>\n<p>Ya si quieres verte muy maximalista con los estampados, la mezcla de todos \u00e9stos est\u00e1 muy bien vista, \u00a1mientras m\u00e1s, mejor! Por d\u00e9cadas los polka dots con rayas han sido de los preferidos, as\u00ed que busca las mejores combinaciones entre tonos neutros, tonos pastel o un color block llamativo \u2014incluso si es con una chaqueta de un estampado en particular, con una falda a rayas o cuadros.<\/p>\n<figure id=\"attachment_154499\" class=\"wp-caption alignnone\" style=\"width: 900px\" aria-describedby=\"caption-attachment-154499\"><img loading=\"lazy\" decoding=\"async\" class=\"wp-image-154499 size-full\" src=\"https:\/\/graziamagazine.com\/mx\/wp-content\/uploads\/sites\/13\/2025\/08\/los-estampados-que-estaran-de-moda-segun-el-street-style-de-copenhague-6.jpg\" alt=\"Los estampados que estar\u00e1n de moda seg\u00fan el street style de Copenhague\" width=\"900\" height=\"1200\" \/><\/figure>\n<figure id=\"attachment_154495\" class=\"wp-caption alignnone\" style=\"width: 900px\" aria-describedby=\"caption-attachment-154495\"><img loading=\"lazy\" decoding=\"async\" class=\"wp-image-154495 size-full\" src=\"https:\/\/graziamagazine.com\/mx\/wp-content\/uploads\/sites\/13\/2025\/08\/los-estampados-que-estaran-de-moda-segun-el-street-style-de-copenhague-2.jpg\" alt=\"Los estampados que estar\u00e1n de moda seg\u00fan el street style de Copenhague\" width=\"900\" height=\"1200\" \/><\/figure>\n<p><img decoding=\"async\" src=\"https:\/\/images.squarespace-cdn.com\/content\/v1\/6765a6f4ed3c016135be51da\/9d490f18-9887-4a65-b4ec-4b47ee6e892a\/15.png\" alt=\"Arranc\u00f3 la Copenhagen Fashion Week: estas son las tendencias que nos ha dejado \u2014 Somoslapercha\" \/><\/p>\n<p><img decoding=\"async\" src=\"https:\/\/hips.hearstapps.com\/hmg-prod\/images\/gettyimages-2228548907-6891dbc0ae19d.jpg?crop=1xw:1xh;center,top&amp;resize=980:*\" alt=\"Copenhague Fashion Week: cu\u00e1les son las 12 tendencias que est\u00e1n llevando las expertas en moda y que todas podemos lucir\" \/><\/p>\n<p><img decoding=\"async\" src=\"https:\/\/revistamusa.cl\/wp-content\/uploads\/2025\/08\/DSC_0424.jpg\" alt=\"Los mejores looks de street style durante la Semana de la Moda en Copenhague | Revista M\u016bSA\" \/><\/p>\n<p><em>*Im\u00e1genes: Getty Images y Redes Sociales<\/em><\/p>\n","protected":false},"author":16349,"featured_media":186949,"template":"","format":"standard","categories":[1],"acf":[],"yoast_head":"<!-- This site is optimized with the Yoast SEO Premium plugin v18.5 (Yoast SEO v20.4) - https:\/\/yoast.com\/wordpress\/plugins\/seo\/ -->\n<title>Los estampados que vienen, seg\u00fan el street style de Copenhague<\/title>\n<meta name=\"description\" content=\"La Semana de la Moda de Copenhague lo ha dejado claro: esta temporada (y la que viene) se llevan los estampados y estos son los favoritos.\" \/>\n<meta name=\"robots\" content=\"index, follow, max-snippet:-1, max-image-preview:large, max-video-preview:-1\" \/>\n<link rel=\"canonical\" href=\"https:\/\/graziamagazine.com\/es\/articles\/los-estampados-que-vienen-segun-el-street-style-de-copenhague\/\" \/>\n<meta property=\"og:locale\" content=\"es_ES\" \/>\n<meta property=\"og:type\" content=\"article\" \/>\n<meta property=\"og:title\" content=\"Los estampados que vienen (seg\u00fan el street style de Copenhague)\" \/>\n<meta property=\"og:description\" content=\"La Semana de la Moda de Copenhague lo ha dejado claro: esta temporada (y la que viene) se llevan los estampados y estos son los favoritos.\" \/>\n<meta property=\"og:url\" content=\"https:\/\/graziamagazine.com\/es\/articles\/los-estampados-que-vienen-segun-el-street-style-de-copenhague\/\" \/>\n<meta property=\"og:site_name\" content=\"Grazia\" \/>\n<meta property=\"article:modified_time\" content=\"2025-08-13T15:02:13+00:00\" \/>\n<meta property=\"og:image\" content=\"https:\/\/graziamagazine.com\/es\/wp-content\/uploads\/sites\/12\/2025\/08\/gettyimages-2228547522-1-6891eee74681f-scaled.jpg\" \/>\n\t<meta property=\"og:image:width\" content=\"2560\" \/>\n\t<meta property=\"og:image:height\" content=\"1706\" \/>\n\t<meta property=\"og:image:type\" content=\"image\/jpeg\" \/>\n<meta name=\"twitter:card\" content=\"summary_large_image\" \/>\n<meta name=\"twitter:label1\" content=\"Est. reading time\" \/>\n\t<meta name=\"twitter:data1\" content=\"4 minutos\" \/>\n<script type=\"application\/ld+json\" class=\"yoast-schema-graph\">{\"@context\":\"https:\/\/schema.org\",\"@graph\":[{\"@type\":\"WebPage\",\"@id\":\"https:\/\/graziamagazine.com\/es\/articles\/los-estampados-que-vienen-segun-el-street-style-de-copenhague\/\",\"url\":\"https:\/\/graziamagazine.com\/es\/articles\/los-estampados-que-vienen-segun-el-street-style-de-copenhague\/\",\"name\":\"Los estampados que vienen, seg\u00fan el street style de Copenhague\",\"isPartOf\":{\"@id\":\"https:\/\/graziamagazine.com\/es\/#website\"},\"datePublished\":\"2025-08-13T14:50:43+00:00\",\"dateModified\":\"2025-08-13T15:02:13+00:00\",\"description\":\"La Semana de la Moda de Copenhague lo ha dejado claro: esta temporada (y la que viene) se llevan los estampados y estos son los favoritos.\",\"breadcrumb\":{\"@id\":\"https:\/\/graziamagazine.com\/es\/articles\/los-estampados-que-vienen-segun-el-street-style-de-copenhague\/#breadcrumb\"},\"inLanguage\":\"es\",\"potentialAction\":[{\"@type\":\"ReadAction\",\"target\":[\"https:\/\/graziamagazine.com\/es\/articles\/los-estampados-que-vienen-segun-el-street-style-de-copenhague\/\"]}]},{\"@type\":\"BreadcrumbList\",\"@id\":\"https:\/\/graziamagazine.com\/es\/articles\/los-estampados-que-vienen-segun-el-street-style-de-copenhague\/#breadcrumb\",\"itemListElement\":[{\"@type\":\"ListItem\",\"position\":1,\"name\":\"Portada\",\"item\":\"https:\/\/graziamagazine.com\/es\/\"},{\"@type\":\"ListItem\",\"position\":2,\"name\":\"Los estampados que vienen (seg\u00fan el street style de Copenhague)\"}]},{\"@type\":\"WebSite\",\"@id\":\"https:\/\/graziamagazine.com\/es\/#website\",\"url\":\"https:\/\/graziamagazine.com\/es\/\",\"name\":\"Grazia\",\"description\":\"Moda, belleza, celebrities, estilo de vida...\",\"potentialAction\":[{\"@type\":\"SearchAction\",\"target\":{\"@type\":\"EntryPoint\",\"urlTemplate\":\"https:\/\/graziamagazine.com\/es\/?s={search_term_string}\"},\"query-input\":\"required name=search_term_string\"}],\"inLanguage\":\"es\"}]}<\/script>\n<!-- \/ Yoast SEO Premium plugin. -->","yoast_head_json":{"title":"Los estampados que vienen, seg\u00fan el street style de Copenhague","description":"La Semana de la Moda de Copenhague lo ha dejado claro: esta temporada (y la que viene) se llevan los estampados y estos son los favoritos.","robots":{"index":"index","follow":"follow","max-snippet":"max-snippet:-1","max-image-preview":"max-image-preview:large","max-video-preview":"max-video-preview:-1"},"canonical":"https:\/\/graziamagazine.com\/es\/articles\/los-estampados-que-vienen-segun-el-street-style-de-copenhague\/","og_locale":"es_ES","og_type":"article","og_title":"Los estampados que vienen (seg\u00fan el street style de Copenhague)","og_description":"La Semana de la Moda de Copenhague lo ha dejado claro: esta temporada (y la que viene) se llevan los estampados y estos son los favoritos.","og_url":"https:\/\/graziamagazine.com\/es\/articles\/los-estampados-que-vienen-segun-el-street-style-de-copenhague\/","og_site_name":"Grazia","article_modified_time":"2025-08-13T15:02:13+00:00","og_image":[{"width":2560,"height":1706,"url":"https:\/\/graziamagazine.com\/es\/wp-content\/uploads\/sites\/12\/2025\/08\/gettyimages-2228547522-1-6891eee74681f-scaled.jpg","type":"image\/jpeg"}],"twitter_card":"summary_large_image","twitter_misc":{"Est. reading time":"4 minutos"},"schema":{"@context":"https:\/\/schema.org","@graph":[{"@type":"WebPage","@id":"https:\/\/graziamagazine.com\/es\/articles\/los-estampados-que-vienen-segun-el-street-style-de-copenhague\/","url":"https:\/\/graziamagazine.com\/es\/articles\/los-estampados-que-vienen-segun-el-street-style-de-copenhague\/","name":"Los estampados que vienen, seg\u00fan el street style de Copenhague","isPartOf":{"@id":"https:\/\/graziamagazine.com\/es\/#website"},"datePublished":"2025-08-13T14:50:43+00:00","dateModified":"2025-08-13T15:02:13+00:00","description":"La Semana de la Moda de Copenhague lo ha dejado claro: esta temporada (y la que viene) se llevan los estampados y estos son los favoritos.","breadcrumb":{"@id":"https:\/\/graziamagazine.com\/es\/articles\/los-estampados-que-vienen-segun-el-street-style-de-copenhague\/#breadcrumb"},"inLanguage":"es","potentialAction":[{"@type":"ReadAction","target":["https:\/\/graziamagazine.com\/es\/articles\/los-estampados-que-vienen-segun-el-street-style-de-copenhague\/"]}]},{"@type":"BreadcrumbList","@id":"https:\/\/graziamagazine.com\/es\/articles\/los-estampados-que-vienen-segun-el-street-style-de-copenhague\/#breadcrumb","itemListElement":[{"@type":"ListItem","position":1,"name":"Portada","item":"https:\/\/graziamagazine.com\/es\/"},{"@type":"ListItem","position":2,"name":"Los estampados que vienen (seg\u00fan el street style de Copenhague)"}]},{"@type":"WebSite","@id":"https:\/\/graziamagazine.com\/es\/#website","url":"https:\/\/graziamagazine.com\/es\/","name":"Grazia","description":"Moda, belleza, celebrities, estilo de vida...","potentialAction":[{"@type":"SearchAction","target":{"@type":"EntryPoint","urlTemplate":"https:\/\/graziamagazine.com\/es\/?s={search_term_string}"},"query-input":"required name=search_term_string"}],"inLanguage":"es"}]}},"jetpack_sharing_enabled":true,"distributor_meta":false,"distributor_terms":false,"distributor_media":false,"distributor_original_site_name":"Grazia","distributor_original_site_url":"https:\/\/graziamagazine.com\/es","push-errors":false,"_links":{"self":[{"href":"https:\/\/graziamagazine.com\/es\/wp-json\/wp\/v2\/articles\/186872"}],"collection":[{"href":"https:\/\/graziamagazine.com\/es\/wp-json\/wp\/v2\/articles"}],"about":[{"href":"https:\/\/graziamagazine.com\/es\/wp-json\/wp\/v2\/types\/articles"}],"author":[{"embeddable":true,"href":"https:\/\/graziamagazine.com\/es\/wp-json\/wp\/v2\/users\/16349"}],"wp:featuredmedia":[{"embeddable":true,"href":"https:\/\/graziamagazine.com\/es\/wp-json\/wp\/v2\/media\/186949"}],"wp:attachment":[{"href":"https:\/\/graziamagazine.com\/es\/wp-json\/wp\/v2\/media?parent=186872"}],"wp:term":[{"taxonomy":"category","embeddable":true,"href":"https:\/\/graziamagazine.com\/es\/wp-json\/wp\/v2\/categories?post=186872"}],"curies":[{"name":"wp","href":"https:\/\/api.w.org\/{rel}","templated":true}]}}