{"id":186844,"date":"2025-08-11T08:00:34","date_gmt":"2025-08-11T06:00:34","guid":{"rendered":"https:\/\/graziamagazine.com\/es\/?post_type=articles&#038;p=186844"},"modified":"2025-08-11T00:13:59","modified_gmt":"2025-08-10T22:13:59","slug":"zendaya-crea-junto-a-on-su-primera-colaboracion","status":"publish","type":"articles","link":"https:\/\/graziamagazine.com\/es\/articles\/zendaya-crea-junto-a-on-su-primera-colaboracion\/","title":{"rendered":"Zendaya crea junto a On su primera colaboraci\u00f3n"},"content":{"rendered":"<p>La marca suiza de ropa deportiva On y Zendaya han lanzado una nueva campa\u00f1a titulada \u00abBe Every You\u00bb, que invita a descubrir la identidad propia y a moverse con libertad en todas tus versiones. Un nuevo cap\u00edtulo en la colaboraci\u00f3n entre la marca y la artista, quien adem\u00e1s se convierte en la protagonista de la campa\u00f1a con piezas in\u00e9ditas de la colecci\u00f3n oto\u00f1o\/invierno 2025, junto con los Cloudzone Moon, el primer calzado que ha creado en colaboraci\u00f3n con On.<\/p>\n<p>Adem\u00e1s de musa, la actriz forma parte del proceso creativo y da forma a la narrativa visual junto a su colaborador de siempre, Law Roach, responsable de los looks principales. La esencia de la historia reside precisamente en los contrastes y en las m\u00faltiples capas que definen qui\u00e9nes somos. Narrado por Zendaya, el guion tiene un tono \u00edntimo y reflexivo. Captura c\u00f3mo la colecci\u00f3n, que va desde piezas inspiradas en el rendimiento hasta looks sofisticados para el d\u00eda a d\u00eda, evoluciona al ritmo de nuestros estados de \u00e1nimo y c\u00f3mo elegimos mostrarnos.<\/p>\n<p><img loading=\"lazy\" decoding=\"async\" class=\"aligncenter size-full wp-image-186846\" src=\"https:\/\/graziamagazine.com\/es\/wp-content\/uploads\/sites\/12\/2025\/08\/Create-Small-JPG-fw25-zendaya_brand_build-pad-head_to_toe_still-sand-1x1-04.jpg\" alt=\"\" width=\"1024\" height=\"1024\" srcset=\"https:\/\/graziamagazine.com\/es\/wp-content\/uploads\/sites\/12\/2025\/08\/Create-Small-JPG-fw25-zendaya_brand_build-pad-head_to_toe_still-sand-1x1-04.jpg 1024w, https:\/\/graziamagazine.com\/es\/wp-content\/uploads\/sites\/12\/2025\/08\/Create-Small-JPG-fw25-zendaya_brand_build-pad-head_to_toe_still-sand-1x1-04-300x300.jpg 300w, https:\/\/graziamagazine.com\/es\/wp-content\/uploads\/sites\/12\/2025\/08\/Create-Small-JPG-fw25-zendaya_brand_build-pad-head_to_toe_still-sand-1x1-04-150x150.jpg 150w, https:\/\/graziamagazine.com\/es\/wp-content\/uploads\/sites\/12\/2025\/08\/Create-Small-JPG-fw25-zendaya_brand_build-pad-head_to_toe_still-sand-1x1-04-768x768.jpg 768w, https:\/\/graziamagazine.com\/es\/wp-content\/uploads\/sites\/12\/2025\/08\/Create-Small-JPG-fw25-zendaya_brand_build-pad-head_to_toe_still-sand-1x1-04-400x400.jpg 400w, https:\/\/graziamagazine.com\/es\/wp-content\/uploads\/sites\/12\/2025\/08\/Create-Small-JPG-fw25-zendaya_brand_build-pad-head_to_toe_still-sand-1x1-04-155x155.jpg 155w\" sizes=\"(max-width: 1024px) 100vw, 1024px\" \/><\/p>\n<p><strong>Las Cloudzone Moon son las primeras zapatillas cocreadas por Zendaya y On<\/strong>. Una audaz actualizaci\u00f3n de la silueta Cloudzone, combina una parte superior de malla transpirable con un tal\u00f3n con soporte y un acolchado adicional en el antepi\u00e9 para amortiguar cada paso, equilibrando un estilo llamativo con comodidad durante todo el d\u00eda. La entresuela esculpida cuenta con amortiguaci\u00f3n CloudTec\u00ae de \u00faltima generaci\u00f3n para una mayor suavidad y estabilidad.<\/p>\n<p dir=\"ltr\"><span style=\"color: #000000\" data-olk-copy-source=\"MessageBody\">\u00abEl movimiento siempre ha formado parte de mi conexi\u00f3n conmigo misma, y el movimiento se percibe de forma diferente para cada persona. Esta historia es personal: un recordatorio de que todos somos seres multifac\u00e9ticos, con tantas piezas brillantes que, en \u00faltima instancia, nos conforman, nos hacen completos. Para m\u00ed, se trata de aceptar cada parte de nosotros mismos y estar presente en cada versi\u00f3n de uno mismo\u00bb, afirma Zendaya.<\/span><\/p>\n<blockquote>\n<p dir=\"ltr\">\u00ab<span style=\"color: #000000\" data-olk-copy-source=\"MessageBody\">Esta historia es personal: un recordatorio de que todos somos seres multifac\u00e9ticos, con tantas piezas brillantes que, en \u00faltima instancia, nos conforman, nos hacen completos\u00bb (Zendaya)<\/span><\/p>\n<\/blockquote>\n<p dir=\"ltr\"><img loading=\"lazy\" decoding=\"async\" class=\"aligncenter size-full wp-image-186847\" src=\"https:\/\/graziamagazine.com\/es\/wp-content\/uploads\/sites\/12\/2025\/08\/Create-Small-JPG-fw25-zendaya_brand_build-pad-head_to_toe_still-neutral-1x1-06.1.jpg\" alt=\"\" width=\"1024\" height=\"1024\" srcset=\"https:\/\/graziamagazine.com\/es\/wp-content\/uploads\/sites\/12\/2025\/08\/Create-Small-JPG-fw25-zendaya_brand_build-pad-head_to_toe_still-neutral-1x1-06.1.jpg 1024w, https:\/\/graziamagazine.com\/es\/wp-content\/uploads\/sites\/12\/2025\/08\/Create-Small-JPG-fw25-zendaya_brand_build-pad-head_to_toe_still-neutral-1x1-06.1-300x300.jpg 300w, https:\/\/graziamagazine.com\/es\/wp-content\/uploads\/sites\/12\/2025\/08\/Create-Small-JPG-fw25-zendaya_brand_build-pad-head_to_toe_still-neutral-1x1-06.1-150x150.jpg 150w, https:\/\/graziamagazine.com\/es\/wp-content\/uploads\/sites\/12\/2025\/08\/Create-Small-JPG-fw25-zendaya_brand_build-pad-head_to_toe_still-neutral-1x1-06.1-768x768.jpg 768w, https:\/\/graziamagazine.com\/es\/wp-content\/uploads\/sites\/12\/2025\/08\/Create-Small-JPG-fw25-zendaya_brand_build-pad-head_to_toe_still-neutral-1x1-06.1-400x400.jpg 400w, https:\/\/graziamagazine.com\/es\/wp-content\/uploads\/sites\/12\/2025\/08\/Create-Small-JPG-fw25-zendaya_brand_build-pad-head_to_toe_still-neutral-1x1-06.1-155x155.jpg 155w\" sizes=\"(max-width: 1024px) 100vw, 1024px\" \/><\/p>\n<p dir=\"ltr\">El film est\u00e1 dirigido por Bardia Zeinali, conocido por crear narrativas visuales que fusionan el mundo de la moda y el deporte. Filmado en cuatro escenarios naturales iluminados por la luna, explora la dualidad a trav\u00e9s de sutiles contrastes de luz y movimiento. Zendaya pasa por diferentes etapas y revela sus m\u00faltiples facetas: la rom\u00e1ntica y la rebelde; el caos y la calma. Las tomas fueron realizadas por la fot\u00f3grafa Emily Lipson, cuyo enfoque en moda aporta nuevas dimensiones y contrastes de luz a las im\u00e1genes.<strong> La campa\u00f1a presenta los Cloudzone Moon, el primer calzado creado por Zendaya, Law Roach y On.<\/strong> Esta versi\u00f3n de los Cloudzone se actualiza con un upper de malla transpirable, soporte en el tal\u00f3n y amortiguaci\u00f3n adicional en el antepi\u00e9, combinando estilo con comodidad para todo el d\u00eda. La entresuela integra CloudTec\u00ae de \u00faltima generaci\u00f3n para ofrecer una mayor suavidad y estabilidad.<\/p>\n<blockquote>\n<p class=\"_headline_oj35y_68\">\u201c\u00bfQui\u00e9n dijo que tienes que escoger?\u2028Cuando te digan qui\u00e9n debes ser, responde: Yo soy yo\u201d (Zendaya)<\/p><\/blockquote>\n<p dir=\"ltr\">Se lanza tambi\u00e9n la nueva l\u00ednea de prendas de On, con dise\u00f1os innovadores confeccionados en tejidos ligeros y transpirables, pensados para mayor versatilidad. Entre las piezas clave se encuentran la Bomber Jacket de corte estructurado, el Studio Bodysuit de l\u00edneas definidas y el conjunto de Track Jacket con los shorts a juego. En octubre saldr\u00e1n otros tenis: los Cloudtilt Moon. Con un dise\u00f1o y funcionalidad m\u00e1s suaves, est\u00e1n dise\u00f1ados para la recuperaci\u00f3n y la comodidad diaria, con un upper de punto tipo calcet\u00edn y una suela CloudTec\u00ae Phase con amortiguaci\u00f3n extra.<\/p>\n<div class=\"content-gallery\"><div class=\"gallery-placeholder\"><div class=\"spinner\"><\/div><\/div><span class=\"gallery-pagination\"><\/span><div id=\"gallery-1\" class=\"gallery galleryid-186844 gallery-columns- gallery-size-\"><figure class=\"gallery-item\"><div class=\"gallery-icon landscape\"><img loading=\"lazy\" decoding=\"async\" width=\"2504\" height=\"1608\" src=\"https:\/\/graziamagazine.com\/es\/wp-content\/uploads\/sites\/12\/2025\/08\/997d88a8ed74a109508514bcafbfee612e75326a-copia-scaled-e1754863815503.jpg\" class=\"lazy\" alt=\"\" srcset=\"https:\/\/graziamagazine.com\/es\/wp-content\/uploads\/sites\/12\/2025\/08\/997d88a8ed74a109508514bcafbfee612e75326a-copia-scaled-e1754863815503.jpg 2504w, https:\/\/graziamagazine.com\/es\/wp-content\/uploads\/sites\/12\/2025\/08\/997d88a8ed74a109508514bcafbfee612e75326a-copia-scaled-e1754863815503-300x193.jpg 300w, https:\/\/graziamagazine.com\/es\/wp-content\/uploads\/sites\/12\/2025\/08\/997d88a8ed74a109508514bcafbfee612e75326a-copia-scaled-e1754863815503-1024x658.jpg 1024w, https:\/\/graziamagazine.com\/es\/wp-content\/uploads\/sites\/12\/2025\/08\/997d88a8ed74a109508514bcafbfee612e75326a-copia-scaled-e1754863815503-768x493.jpg 768w, https:\/\/graziamagazine.com\/es\/wp-content\/uploads\/sites\/12\/2025\/08\/997d88a8ed74a109508514bcafbfee612e75326a-copia-scaled-e1754863815503-1536x986.jpg 1536w, https:\/\/graziamagazine.com\/es\/wp-content\/uploads\/sites\/12\/2025\/08\/997d88a8ed74a109508514bcafbfee612e75326a-copia-scaled-e1754863815503-2048x1315.jpg 2048w, https:\/\/graziamagazine.com\/es\/wp-content\/uploads\/sites\/12\/2025\/08\/997d88a8ed74a109508514bcafbfee612e75326a-copia-scaled-e1754863815503-400x257.jpg 400w, https:\/\/graziamagazine.com\/es\/wp-content\/uploads\/sites\/12\/2025\/08\/997d88a8ed74a109508514bcafbfee612e75326a-copia-scaled-e1754863815503-155x100.jpg 155w\" sizes=\"(max-width: 2504px) 100vw, 2504px\" \/><\/div><\/figure><figure class=\"gallery-item\"><div class=\"gallery-icon landscape\"><img loading=\"lazy\" decoding=\"async\" width=\"2530\" height=\"1446\" src=\"https:\/\/graziamagazine.com\/es\/wp-content\/uploads\/sites\/12\/2025\/08\/ebd031fa4e76e0ff269a2777e8c822b315161ef0-copia-scaled-e1754863834812.jpg\" class=\"lazy\" alt=\"\" srcset=\"https:\/\/graziamagazine.com\/es\/wp-content\/uploads\/sites\/12\/2025\/08\/ebd031fa4e76e0ff269a2777e8c822b315161ef0-copia-scaled-e1754863834812.jpg 2530w, https:\/\/graziamagazine.com\/es\/wp-content\/uploads\/sites\/12\/2025\/08\/ebd031fa4e76e0ff269a2777e8c822b315161ef0-copia-scaled-e1754863834812-300x171.jpg 300w, https:\/\/graziamagazine.com\/es\/wp-content\/uploads\/sites\/12\/2025\/08\/ebd031fa4e76e0ff269a2777e8c822b315161ef0-copia-scaled-e1754863834812-1024x585.jpg 1024w, https:\/\/graziamagazine.com\/es\/wp-content\/uploads\/sites\/12\/2025\/08\/ebd031fa4e76e0ff269a2777e8c822b315161ef0-copia-scaled-e1754863834812-768x439.jpg 768w, https:\/\/graziamagazine.com\/es\/wp-content\/uploads\/sites\/12\/2025\/08\/ebd031fa4e76e0ff269a2777e8c822b315161ef0-copia-scaled-e1754863834812-1536x878.jpg 1536w, https:\/\/graziamagazine.com\/es\/wp-content\/uploads\/sites\/12\/2025\/08\/ebd031fa4e76e0ff269a2777e8c822b315161ef0-copia-scaled-e1754863834812-2048x1171.jpg 2048w, https:\/\/graziamagazine.com\/es\/wp-content\/uploads\/sites\/12\/2025\/08\/ebd031fa4e76e0ff269a2777e8c822b315161ef0-copia-scaled-e1754863834812-400x229.jpg 400w, https:\/\/graziamagazine.com\/es\/wp-content\/uploads\/sites\/12\/2025\/08\/ebd031fa4e76e0ff269a2777e8c822b315161ef0-copia-scaled-e1754863834812-155x89.jpg 155w\" sizes=\"(max-width: 2530px) 100vw, 2530px\" \/><\/div><\/figure><figure class=\"gallery-item\"><div class=\"gallery-icon landscape\"><img loading=\"lazy\" decoding=\"async\" width=\"2483\" height=\"1514\" src=\"https:\/\/graziamagazine.com\/es\/wp-content\/uploads\/sites\/12\/2025\/08\/f7ba23c0a14dda8553add38696d4c7ed9adaf75c-copia-scaled-e1754863850400.jpg\" class=\"lazy\" alt=\"\" srcset=\"https:\/\/graziamagazine.com\/es\/wp-content\/uploads\/sites\/12\/2025\/08\/f7ba23c0a14dda8553add38696d4c7ed9adaf75c-copia-scaled-e1754863850400.jpg 2483w, https:\/\/graziamagazine.com\/es\/wp-content\/uploads\/sites\/12\/2025\/08\/f7ba23c0a14dda8553add38696d4c7ed9adaf75c-copia-scaled-e1754863850400-300x183.jpg 300w, https:\/\/graziamagazine.com\/es\/wp-content\/uploads\/sites\/12\/2025\/08\/f7ba23c0a14dda8553add38696d4c7ed9adaf75c-copia-scaled-e1754863850400-1024x624.jpg 1024w, https:\/\/graziamagazine.com\/es\/wp-content\/uploads\/sites\/12\/2025\/08\/f7ba23c0a14dda8553add38696d4c7ed9adaf75c-copia-scaled-e1754863850400-768x468.jpg 768w, https:\/\/graziamagazine.com\/es\/wp-content\/uploads\/sites\/12\/2025\/08\/f7ba23c0a14dda8553add38696d4c7ed9adaf75c-copia-scaled-e1754863850400-1536x937.jpg 1536w, https:\/\/graziamagazine.com\/es\/wp-content\/uploads\/sites\/12\/2025\/08\/f7ba23c0a14dda8553add38696d4c7ed9adaf75c-copia-scaled-e1754863850400-2048x1249.jpg 2048w, https:\/\/graziamagazine.com\/es\/wp-content\/uploads\/sites\/12\/2025\/08\/f7ba23c0a14dda8553add38696d4c7ed9adaf75c-copia-scaled-e1754863850400-400x244.jpg 400w, https:\/\/graziamagazine.com\/es\/wp-content\/uploads\/sites\/12\/2025\/08\/f7ba23c0a14dda8553add38696d4c7ed9adaf75c-copia-scaled-e1754863850400-155x95.jpg 155w\" sizes=\"(max-width: 2483px) 100vw, 2483px\" \/><\/div><\/figure><\/div><\/div>\n<p dir=\"ltr\"><span style=\"color: #000000\" data-olk-copy-source=\"MessageBody\">L<\/span><span style=\"color: #000000\" data-olk-copy-source=\"MessageBody\">a Cloudzone Moon y las \u00faltimas novedades en ropa est\u00e1n disponibles en <a href=\"http:\/\/on.com\/\"title=\"http:\/\/on.com\"  target=\"_blank\" rel=\"noopener noreferrer\" data-auth=\"NotApplicable\" data-linkindex=\"12\" target=\"_blank\">on.com<\/a> y en las tiendas On de todo el mundo. Puedes elegirlas en tres colores (blanco, negro y lilac) y <a href=\"https:\/\/www.on.com\/es-es\/products\/cloudzone-moon-w-3wf3061\/womens\/ivory-wolf-shoes-3WF30613045\" target=\"_blank\">su precio es de 190 euros<\/a>.\u00a0<\/span><\/p>\n<p dir=\"ltr\"><em>*Im\u00e1genes: cortes\u00eda<\/em><\/p>\n<p>&nbsp;<\/p>\n","protected":false},"author":11653,"featured_media":186845,"template":"","format":"standard","categories":[2971,13],"acf":{"banner":""},"yoast_head":"<!-- This site is optimized with the Yoast SEO Premium plugin v18.5 (Yoast SEO v20.4) - https:\/\/yoast.com\/wordpress\/plugins\/seo\/ -->\n<title>Zendaya crea junto a On su primera colaboraci\u00f3n<\/title>\n<meta name=\"description\" content=\"&#039;S\u00e9 todos tus yos&#039;, una nueva campa\u00f1a que invita a descubrir la identidad propia y a moverse con libertad en todas tus versiones.\" \/>\n<meta name=\"robots\" content=\"index, follow, max-snippet:-1, max-image-preview:large, max-video-preview:-1\" \/>\n<link rel=\"canonical\" href=\"https:\/\/graziamagazine.com\/es\/articles\/zendaya-crea-junto-a-on-su-primera-colaboracion\/\" \/>\n<meta property=\"og:locale\" content=\"es_ES\" \/>\n<meta property=\"og:type\" content=\"article\" \/>\n<meta property=\"og:title\" content=\"Zendaya crea junto a On su primera colaboraci\u00f3n\" \/>\n<meta property=\"og:description\" content=\"&#039;S\u00e9 todos tus yos&#039;, una nueva campa\u00f1a que invita a descubrir la identidad propia y a moverse con libertad en todas tus versiones.\" \/>\n<meta property=\"og:url\" content=\"https:\/\/graziamagazine.com\/es\/articles\/zendaya-crea-junto-a-on-su-primera-colaboracion\/\" \/>\n<meta property=\"og:site_name\" content=\"Grazia\" \/>\n<meta property=\"article:modified_time\" content=\"2025-08-10T22:13:59+00:00\" \/>\n<meta property=\"og:image\" content=\"https:\/\/graziamagazine.com\/es\/wp-content\/uploads\/sites\/12\/2025\/08\/unnamed.jpg\" \/>\n\t<meta property=\"og:image:width\" content=\"1600\" \/>\n\t<meta property=\"og:image:height\" content=\"948\" \/>\n\t<meta property=\"og:image:type\" content=\"image\/jpeg\" \/>\n<meta name=\"twitter:card\" content=\"summary_large_image\" \/>\n<meta name=\"twitter:label1\" content=\"Est. reading time\" \/>\n\t<meta name=\"twitter:data1\" content=\"4 minutos\" \/>\n<script type=\"application\/ld+json\" class=\"yoast-schema-graph\">{\"@context\":\"https:\/\/schema.org\",\"@graph\":[{\"@type\":\"WebPage\",\"@id\":\"https:\/\/graziamagazine.com\/es\/articles\/zendaya-crea-junto-a-on-su-primera-colaboracion\/\",\"url\":\"https:\/\/graziamagazine.com\/es\/articles\/zendaya-crea-junto-a-on-su-primera-colaboracion\/\",\"name\":\"Zendaya crea junto a On su primera colaboraci\u00f3n\",\"isPartOf\":{\"@id\":\"https:\/\/graziamagazine.com\/es\/#website\"},\"datePublished\":\"2025-08-11T06:00:34+00:00\",\"dateModified\":\"2025-08-10T22:13:59+00:00\",\"description\":\"'S\u00e9 todos tus yos', una nueva campa\u00f1a que invita a descubrir la identidad propia y a moverse con libertad en todas tus versiones.\",\"breadcrumb\":{\"@id\":\"https:\/\/graziamagazine.com\/es\/articles\/zendaya-crea-junto-a-on-su-primera-colaboracion\/#breadcrumb\"},\"inLanguage\":\"es\",\"potentialAction\":[{\"@type\":\"ReadAction\",\"target\":[\"https:\/\/graziamagazine.com\/es\/articles\/zendaya-crea-junto-a-on-su-primera-colaboracion\/\"]}]},{\"@type\":\"BreadcrumbList\",\"@id\":\"https:\/\/graziamagazine.com\/es\/articles\/zendaya-crea-junto-a-on-su-primera-colaboracion\/#breadcrumb\",\"itemListElement\":[{\"@type\":\"ListItem\",\"position\":1,\"name\":\"Portada\",\"item\":\"https:\/\/graziamagazine.com\/es\/\"},{\"@type\":\"ListItem\",\"position\":2,\"name\":\"Zendaya crea junto a On su primera colaboraci\u00f3n\"}]},{\"@type\":\"WebSite\",\"@id\":\"https:\/\/graziamagazine.com\/es\/#website\",\"url\":\"https:\/\/graziamagazine.com\/es\/\",\"name\":\"Grazia\",\"description\":\"Moda, belleza, celebrities, estilo de vida...\",\"potentialAction\":[{\"@type\":\"SearchAction\",\"target\":{\"@type\":\"EntryPoint\",\"urlTemplate\":\"https:\/\/graziamagazine.com\/es\/?s={search_term_string}\"},\"query-input\":\"required name=search_term_string\"}],\"inLanguage\":\"es\"}]}<\/script>\n<!-- \/ Yoast SEO Premium plugin. -->","yoast_head_json":{"title":"Zendaya crea junto a On su primera colaboraci\u00f3n","description":"'S\u00e9 todos tus yos', una nueva campa\u00f1a que invita a descubrir la identidad propia y a moverse con libertad en todas tus versiones.","robots":{"index":"index","follow":"follow","max-snippet":"max-snippet:-1","max-image-preview":"max-image-preview:large","max-video-preview":"max-video-preview:-1"},"canonical":"https:\/\/graziamagazine.com\/es\/articles\/zendaya-crea-junto-a-on-su-primera-colaboracion\/","og_locale":"es_ES","og_type":"article","og_title":"Zendaya crea junto a On su primera colaboraci\u00f3n","og_description":"'S\u00e9 todos tus yos', una nueva campa\u00f1a que invita a descubrir la identidad propia y a moverse con libertad en todas tus versiones.","og_url":"https:\/\/graziamagazine.com\/es\/articles\/zendaya-crea-junto-a-on-su-primera-colaboracion\/","og_site_name":"Grazia","article_modified_time":"2025-08-10T22:13:59+00:00","og_image":[{"width":1600,"height":948,"url":"https:\/\/graziamagazine.com\/es\/wp-content\/uploads\/sites\/12\/2025\/08\/unnamed.jpg","type":"image\/jpeg"}],"twitter_card":"summary_large_image","twitter_misc":{"Est. reading time":"4 minutos"},"schema":{"@context":"https:\/\/schema.org","@graph":[{"@type":"WebPage","@id":"https:\/\/graziamagazine.com\/es\/articles\/zendaya-crea-junto-a-on-su-primera-colaboracion\/","url":"https:\/\/graziamagazine.com\/es\/articles\/zendaya-crea-junto-a-on-su-primera-colaboracion\/","name":"Zendaya crea junto a On su primera colaboraci\u00f3n","isPartOf":{"@id":"https:\/\/graziamagazine.com\/es\/#website"},"datePublished":"2025-08-11T06:00:34+00:00","dateModified":"2025-08-10T22:13:59+00:00","description":"'S\u00e9 todos tus yos', una nueva campa\u00f1a que invita a descubrir la identidad propia y a moverse con libertad en todas tus versiones.","breadcrumb":{"@id":"https:\/\/graziamagazine.com\/es\/articles\/zendaya-crea-junto-a-on-su-primera-colaboracion\/#breadcrumb"},"inLanguage":"es","potentialAction":[{"@type":"ReadAction","target":["https:\/\/graziamagazine.com\/es\/articles\/zendaya-crea-junto-a-on-su-primera-colaboracion\/"]}]},{"@type":"BreadcrumbList","@id":"https:\/\/graziamagazine.com\/es\/articles\/zendaya-crea-junto-a-on-su-primera-colaboracion\/#breadcrumb","itemListElement":[{"@type":"ListItem","position":1,"name":"Portada","item":"https:\/\/graziamagazine.com\/es\/"},{"@type":"ListItem","position":2,"name":"Zendaya crea junto a On su primera colaboraci\u00f3n"}]},{"@type":"WebSite","@id":"https:\/\/graziamagazine.com\/es\/#website","url":"https:\/\/graziamagazine.com\/es\/","name":"Grazia","description":"Moda, belleza, celebrities, estilo de vida...","potentialAction":[{"@type":"SearchAction","target":{"@type":"EntryPoint","urlTemplate":"https:\/\/graziamagazine.com\/es\/?s={search_term_string}"},"query-input":"required name=search_term_string"}],"inLanguage":"es"}]}},"jetpack_sharing_enabled":true,"distributor_meta":false,"distributor_terms":false,"distributor_media":false,"distributor_original_site_name":"Grazia","distributor_original_site_url":"https:\/\/graziamagazine.com\/es","push-errors":false,"_links":{"self":[{"href":"https:\/\/graziamagazine.com\/es\/wp-json\/wp\/v2\/articles\/186844"}],"collection":[{"href":"https:\/\/graziamagazine.com\/es\/wp-json\/wp\/v2\/articles"}],"about":[{"href":"https:\/\/graziamagazine.com\/es\/wp-json\/wp\/v2\/types\/articles"}],"author":[{"embeddable":true,"href":"https:\/\/graziamagazine.com\/es\/wp-json\/wp\/v2\/users\/11653"}],"wp:featuredmedia":[{"embeddable":true,"href":"https:\/\/graziamagazine.com\/es\/wp-json\/wp\/v2\/media\/186845"}],"wp:attachment":[{"href":"https:\/\/graziamagazine.com\/es\/wp-json\/wp\/v2\/media?parent=186844"}],"wp:term":[{"taxonomy":"category","embeddable":true,"href":"https:\/\/graziamagazine.com\/es\/wp-json\/wp\/v2\/categories?post=186844"}],"curies":[{"name":"wp","href":"https:\/\/api.w.org\/{rel}","templated":true}]}}