{"id":186836,"date":"2025-08-12T08:00:55","date_gmt":"2025-08-12T06:00:55","guid":{"rendered":"https:\/\/graziamagazine.com\/es\/?post_type=articles&#038;p=186836"},"modified":"2025-08-12T14:05:06","modified_gmt":"2025-08-12T12:05:06","slug":"el-street-style-de-copenhague-lo-confirma-regresa-el-pantalon-bombacho","status":"publish","type":"articles","link":"https:\/\/graziamagazine.com\/es\/articles\/el-street-style-de-copenhague-lo-confirma-regresa-el-pantalon-bombacho\/","title":{"rendered":"Street style de Copenhague: regresa el pantal\u00f3n bombacho"},"content":{"rendered":"<article class=\"text-token-text-primary w-full focus:outline-none scroll-mt-[calc(var(--header-height)+min(200px,max(70px,20svh)))]\" dir=\"auto\" data-turn-id=\"request-WEB:0882fabe-c72d-4049-b6df-ba7cbcfa5282-1\" data-testid=\"conversation-turn-4\" data-scroll-anchor=\"true\" data-turn=\"assistant\">\n<div class=\"text-base my-auto mx-auto pb-10 [--thread-content-margin:--spacing(4)] @[37rem]:[--thread-content-margin:--spacing(6)] @[72rem]:[--thread-content-margin:--spacing(16)] px-(--thread-content-margin)\">\n<div class=\"[--thread-content-max-width:32rem] @[34rem]:[--thread-content-max-width:40rem] @[64rem]:[--thread-content-max-width:48rem] mx-auto max-w-(--thread-content-max-width) flex-1 group\/turn-messages focus-visible:outline-hidden relative flex w-full min-w-0 flex-col agent-turn\">\n<div class=\"flex max-w-full flex-col grow\">\n<div class=\"min-h-8 text-message relative flex w-full flex-col items-end gap-2 text-start break-words whitespace-normal [.text-message+&amp;]:mt-5\" dir=\"auto\" data-message-author-role=\"assistant\" data-message-id=\"4aaa416d-e356-4118-9426-0bf00b40d779\" data-message-model-slug=\"gpt-5\">\n<div class=\"flex w-full flex-col gap-1 empty:hidden first:pt-[3px]\">\n<div class=\"markdown prose dark:prose-invert w-full break-words light markdown-new-styling\">\n<p data-start=\"0\" data-end=\"346\" data-is-last-node=\"\" data-is-only-node=\"\">Los pantalones bombachos est\u00e1n de vuelta \u2014 y estamos aqu\u00ed por ello. \u00bfBuscando esa mezcla perfecta de comodidad y estilo? Este estilo de pantalones (alias pantalones Aladdin, pantalones Harem o pantalones globo) est\u00e1n haciendo un gran regreso, y son m\u00e1s vers\u00e1tiles que nunca. Prueba de ello fue su repetido uso durante la semana de la moda de Copenhague 2025, donde influencers y p\u00fablico en general apost\u00f3 por este estilo con una silueta peculiar.<\/p>\n<figure id=\"attachment_154366\" class=\"wp-caption alignnone\" style=\"width: 900px\" aria-describedby=\"caption-attachment-154366\"><img loading=\"lazy\" decoding=\"async\" class=\"wp-image-154366 size-full\" src=\"https:\/\/graziamagazine.com\/mx\/wp-content\/uploads\/sites\/13\/2025\/08\/del-street-style-de-copenhague-a-tu-armario-el-regreso-del-pantalon-bombacho-4.jpg\" alt=\"Del street style de Copenhague a tu armario: el regreso del pantal\u00f3n bombacho\" width=\"900\" height=\"1200\" \/><\/figure>\n<h3 data-start=\"0\" data-end=\"346\">Los pantalones bombachos seg\u00fan la Copenhague Fashion Week<\/h3>\n<p>Los pantalones bombachos traen una inspiraci\u00f3n oriental con un aire bohemio, se distinguen por su tiro semi bajo, telas fluidas y pu\u00f1os ajustados en los tobillos para crear ese volumen tan caracter\u00edstico (el efecto\u00a0<em>balloon<\/em>). Ya sea en seda con alg\u00fan estampado, de algod\u00f3n ligero o en versiones satinadas, la propuesta de relanzar los pantalones bombachos tiene nuevas combinaciones para llevarse.<\/p>\n<p>Esta prenda que rompe con la silueta cl\u00e1sica de un pantal\u00f3n es ideal para llevar en verano \u2014y en Copenhague la gente los estuvo combinando hasta con la \u2018scarf belt\u2019 como accesorio. El modelo con pu\u00f1os en los tobillos acapar\u00f3 miradas desde las colecciones de Chloe, Alaia y Zimmermann, llegando ahora a la pasarela del street style \u2014y como dato curioso, fue el dise\u00f1ador de principios del siglo XX, Paul Poiret, quien se atrevi\u00f3 a transferir la inspiraci\u00f3n oriental con sus pantalones \u201ca lo odalisca\u201d (una esclava o concubina en el har\u00e9n del Imperio otomano), una prenda que caus\u00f3 pol\u00e9mica en su momento y con el tiempo se transform\u00f3.<\/p>\n<p><img loading=\"lazy\" decoding=\"async\" class=\"aligncenter size-full wp-image-186840\" src=\"https:\/\/graziamagazine.com\/es\/wp-content\/uploads\/sites\/12\/2025\/08\/telva-2.jpg\" alt=\"\" width=\"1440\" height=\"1913\" srcset=\"https:\/\/graziamagazine.com\/es\/wp-content\/uploads\/sites\/12\/2025\/08\/telva-2.jpg 1440w, https:\/\/graziamagazine.com\/es\/wp-content\/uploads\/sites\/12\/2025\/08\/telva-2-226x300.jpg 226w, https:\/\/graziamagazine.com\/es\/wp-content\/uploads\/sites\/12\/2025\/08\/telva-2-771x1024.jpg 771w, https:\/\/graziamagazine.com\/es\/wp-content\/uploads\/sites\/12\/2025\/08\/telva-2-768x1020.jpg 768w, https:\/\/graziamagazine.com\/es\/wp-content\/uploads\/sites\/12\/2025\/08\/telva-2-1156x1536.jpg 1156w, https:\/\/graziamagazine.com\/es\/wp-content\/uploads\/sites\/12\/2025\/08\/telva-2-400x531.jpg 400w, https:\/\/graziamagazine.com\/es\/wp-content\/uploads\/sites\/12\/2025\/08\/telva-2-155x206.jpg 155w\" sizes=\"(max-width: 1440px) 100vw, 1440px\" \/><\/p>\n<figure id=\"attachment_154367\" class=\"wp-caption alignnone\" style=\"width: 900px\" aria-describedby=\"caption-attachment-154367\"><img loading=\"lazy\" decoding=\"async\" class=\"wp-image-154367 size-full\" src=\"https:\/\/graziamagazine.com\/mx\/wp-content\/uploads\/sites\/13\/2025\/08\/del-street-style-de-copenhague-a-tu-armario-el-regreso-del-pantalon-bombacho-5.jpg\" alt=\"Del street style de Copenhague a tu armario: el regreso del pantal\u00f3n bombacho\" width=\"900\" height=\"1200\" \/><\/figure>\n<figure id=\"attachment_154365\" class=\"wp-caption alignnone\" style=\"width: 900px\" aria-describedby=\"caption-attachment-154365\"><img loading=\"lazy\" decoding=\"async\" class=\"wp-image-154365 size-full\" src=\"https:\/\/graziamagazine.com\/mx\/wp-content\/uploads\/sites\/13\/2025\/08\/del-street-style-de-copenhague-a-tu-armario-el-regreso-del-pantalon-bombacho-3.jpg\" alt=\"Del street style de Copenhague a tu armario: el regreso del pantal\u00f3n bombacho\" width=\"900\" height=\"1200\" \/><\/figure>\n<p>Los pantalones bombachos son audaces, transpirables y sorprendentemente vers\u00e1tiles; \u00fasalos con tank tops, blazers estructurados, o incluso sandalias planas o de tac\u00f3n kitten. Con forma ancha, cintura marcada y suave ca\u00edda, esta prenda se convierte en un b\u00e1sico necesario para cualquier temporada.<\/p>\n<figure id=\"attachment_154364\" class=\"wp-caption alignnone\" style=\"width: 900px\" aria-describedby=\"caption-attachment-154364\"><img loading=\"lazy\" decoding=\"async\" class=\"wp-image-154364 size-full\" src=\"https:\/\/graziamagazine.com\/mx\/wp-content\/uploads\/sites\/13\/2025\/08\/del-street-style-de-copenhague-a-tu-armario-el-regreso-del-pantalon-bombacho-2.jpg\" alt=\"Del street style de Copenhague a tu armario: el regreso del pantal\u00f3n bombacho\" width=\"900\" height=\"1200\" \/><\/figure>\n<figure id=\"attachment_154363\" class=\"wp-caption alignnone\" style=\"width: 900px\" aria-describedby=\"caption-attachment-154363\"><img loading=\"lazy\" decoding=\"async\" class=\"wp-image-154363 size-full\" src=\"https:\/\/graziamagazine.com\/mx\/wp-content\/uploads\/sites\/13\/2025\/08\/del-street-style-de-copenhague-a-tu-armario-el-regreso-del-pantalon-bombacho-1.jpg\" alt=\"Del street style de Copenhague a tu armario: el regreso del pantal\u00f3n bombacho\" width=\"900\" height=\"1200\" \/><\/figure>\n<p><img decoding=\"async\" src=\"https:\/\/editorialtelevisa.brightspotcdn.com\/dims4\/default\/0bd769a\/2147483647\/strip\/true\/crop\/3837x5755+0+0\/resize\/1440x2160!\/quality\/90\/?url=https%3A%2F%2Fk2-prod-editorial-televisa.s3.us-east-1.amazonaws.com%2Fbrightspot%2F88%2F36%2F31d4cb5441f2a65e8985c6162dcf%2Fgettyimages-2228891326.jpg\" alt=\"Street Style At Copenhagen Fashion Week SS26 - Day 3\" \/><\/p>\n<p><img loading=\"lazy\" decoding=\"async\" class=\"aligncenter size-full wp-image-186839\" src=\"https:\/\/graziamagazine.com\/es\/wp-content\/uploads\/sites\/12\/2025\/08\/telva-4.jpg\" alt=\"\" width=\"1320\" height=\"1746\" srcset=\"https:\/\/graziamagazine.com\/es\/wp-content\/uploads\/sites\/12\/2025\/08\/telva-4.jpg 1320w, https:\/\/graziamagazine.com\/es\/wp-content\/uploads\/sites\/12\/2025\/08\/telva-4-227x300.jpg 227w, https:\/\/graziamagazine.com\/es\/wp-content\/uploads\/sites\/12\/2025\/08\/telva-4-774x1024.jpg 774w, https:\/\/graziamagazine.com\/es\/wp-content\/uploads\/sites\/12\/2025\/08\/telva-4-768x1016.jpg 768w, https:\/\/graziamagazine.com\/es\/wp-content\/uploads\/sites\/12\/2025\/08\/telva-4-1161x1536.jpg 1161w, https:\/\/graziamagazine.com\/es\/wp-content\/uploads\/sites\/12\/2025\/08\/telva-4-400x529.jpg 400w, https:\/\/graziamagazine.com\/es\/wp-content\/uploads\/sites\/12\/2025\/08\/telva-4-155x205.jpg 155w\" sizes=\"(max-width: 1320px) 100vw, 1320px\" \/><\/p>\n<\/div>\n<\/div>\n<p><em>*Im\u00e1genes: Instagram<\/em><\/p>\n<\/div>\n<\/div>\n<\/div>\n<\/div>\n<\/article>\n","protected":false},"author":16349,"featured_media":186841,"template":"","format":"standard","categories":[1],"acf":[],"yoast_head":"<!-- This site is optimized with the Yoast SEO Premium plugin v18.5 (Yoast SEO v20.4) - https:\/\/yoast.com\/wordpress\/plugins\/seo\/ -->\n<title>Street style de Copenhague: regresa el pantal\u00f3n bombacho<\/title>\n<meta name=\"description\" content=\"Las calles de la capital danesa lo han dejado claro: regresan los pantalones anchos para desbancar a las siluetas m\u00e1s rectas.\" \/>\n<meta name=\"robots\" content=\"index, follow, max-snippet:-1, max-image-preview:large, max-video-preview:-1\" \/>\n<link rel=\"canonical\" href=\"https:\/\/graziamagazine.com\/es\/articles\/el-street-style-de-copenhague-lo-confirma-regresa-el-pantalon-bombacho\/\" \/>\n<meta property=\"og:locale\" content=\"es_ES\" \/>\n<meta property=\"og:type\" content=\"article\" \/>\n<meta property=\"og:title\" content=\"Street style de Copenhague: regresa el pantal\u00f3n bombacho\" \/>\n<meta property=\"og:description\" content=\"Las calles de la capital danesa lo han dejado claro: regresan los pantalones anchos para desbancar a las siluetas m\u00e1s rectas.\" \/>\n<meta property=\"og:url\" content=\"https:\/\/graziamagazine.com\/es\/articles\/el-street-style-de-copenhague-lo-confirma-regresa-el-pantalon-bombacho\/\" \/>\n<meta property=\"og:site_name\" content=\"Grazia\" \/>\n<meta property=\"article:modified_time\" content=\"2025-08-12T12:05:06+00:00\" \/>\n<meta property=\"og:image\" content=\"https:\/\/graziamagazine.com\/es\/wp-content\/uploads\/sites\/12\/2025\/08\/descarga-copia-scaled-e1754861490952.jpg\" \/>\n\t<meta property=\"og:image:width\" content=\"1693\" \/>\n\t<meta property=\"og:image:height\" content=\"1403\" \/>\n\t<meta property=\"og:image:type\" content=\"image\/jpeg\" \/>\n<meta name=\"twitter:card\" content=\"summary_large_image\" \/>\n<meta name=\"twitter:label1\" content=\"Est. reading time\" \/>\n\t<meta name=\"twitter:data1\" content=\"3 minutos\" \/>\n<script type=\"application\/ld+json\" class=\"yoast-schema-graph\">{\"@context\":\"https:\/\/schema.org\",\"@graph\":[{\"@type\":\"WebPage\",\"@id\":\"https:\/\/graziamagazine.com\/es\/articles\/el-street-style-de-copenhague-lo-confirma-regresa-el-pantalon-bombacho\/\",\"url\":\"https:\/\/graziamagazine.com\/es\/articles\/el-street-style-de-copenhague-lo-confirma-regresa-el-pantalon-bombacho\/\",\"name\":\"Street style de Copenhague: regresa el pantal\u00f3n bombacho\",\"isPartOf\":{\"@id\":\"https:\/\/graziamagazine.com\/es\/#website\"},\"datePublished\":\"2025-08-12T06:00:55+00:00\",\"dateModified\":\"2025-08-12T12:05:06+00:00\",\"description\":\"Las calles de la capital danesa lo han dejado claro: regresan los pantalones anchos para desbancar a las siluetas m\u00e1s rectas.\",\"breadcrumb\":{\"@id\":\"https:\/\/graziamagazine.com\/es\/articles\/el-street-style-de-copenhague-lo-confirma-regresa-el-pantalon-bombacho\/#breadcrumb\"},\"inLanguage\":\"es\",\"potentialAction\":[{\"@type\":\"ReadAction\",\"target\":[\"https:\/\/graziamagazine.com\/es\/articles\/el-street-style-de-copenhague-lo-confirma-regresa-el-pantalon-bombacho\/\"]}]},{\"@type\":\"BreadcrumbList\",\"@id\":\"https:\/\/graziamagazine.com\/es\/articles\/el-street-style-de-copenhague-lo-confirma-regresa-el-pantalon-bombacho\/#breadcrumb\",\"itemListElement\":[{\"@type\":\"ListItem\",\"position\":1,\"name\":\"Portada\",\"item\":\"https:\/\/graziamagazine.com\/es\/\"},{\"@type\":\"ListItem\",\"position\":2,\"name\":\"Street style de Copenhague: regresa el pantal\u00f3n bombacho\"}]},{\"@type\":\"WebSite\",\"@id\":\"https:\/\/graziamagazine.com\/es\/#website\",\"url\":\"https:\/\/graziamagazine.com\/es\/\",\"name\":\"Grazia\",\"description\":\"Moda, belleza, celebrities, estilo de vida...\",\"potentialAction\":[{\"@type\":\"SearchAction\",\"target\":{\"@type\":\"EntryPoint\",\"urlTemplate\":\"https:\/\/graziamagazine.com\/es\/?s={search_term_string}\"},\"query-input\":\"required name=search_term_string\"}],\"inLanguage\":\"es\"}]}<\/script>\n<!-- \/ Yoast SEO Premium plugin. -->","yoast_head_json":{"title":"Street style de Copenhague: regresa el pantal\u00f3n bombacho","description":"Las calles de la capital danesa lo han dejado claro: regresan los pantalones anchos para desbancar a las siluetas m\u00e1s rectas.","robots":{"index":"index","follow":"follow","max-snippet":"max-snippet:-1","max-image-preview":"max-image-preview:large","max-video-preview":"max-video-preview:-1"},"canonical":"https:\/\/graziamagazine.com\/es\/articles\/el-street-style-de-copenhague-lo-confirma-regresa-el-pantalon-bombacho\/","og_locale":"es_ES","og_type":"article","og_title":"Street style de Copenhague: regresa el pantal\u00f3n bombacho","og_description":"Las calles de la capital danesa lo han dejado claro: regresan los pantalones anchos para desbancar a las siluetas m\u00e1s rectas.","og_url":"https:\/\/graziamagazine.com\/es\/articles\/el-street-style-de-copenhague-lo-confirma-regresa-el-pantalon-bombacho\/","og_site_name":"Grazia","article_modified_time":"2025-08-12T12:05:06+00:00","og_image":[{"width":1693,"height":1403,"url":"https:\/\/graziamagazine.com\/es\/wp-content\/uploads\/sites\/12\/2025\/08\/descarga-copia-scaled-e1754861490952.jpg","type":"image\/jpeg"}],"twitter_card":"summary_large_image","twitter_misc":{"Est. reading time":"3 minutos"},"schema":{"@context":"https:\/\/schema.org","@graph":[{"@type":"WebPage","@id":"https:\/\/graziamagazine.com\/es\/articles\/el-street-style-de-copenhague-lo-confirma-regresa-el-pantalon-bombacho\/","url":"https:\/\/graziamagazine.com\/es\/articles\/el-street-style-de-copenhague-lo-confirma-regresa-el-pantalon-bombacho\/","name":"Street style de Copenhague: regresa el pantal\u00f3n bombacho","isPartOf":{"@id":"https:\/\/graziamagazine.com\/es\/#website"},"datePublished":"2025-08-12T06:00:55+00:00","dateModified":"2025-08-12T12:05:06+00:00","description":"Las calles de la capital danesa lo han dejado claro: regresan los pantalones anchos para desbancar a las siluetas m\u00e1s rectas.","breadcrumb":{"@id":"https:\/\/graziamagazine.com\/es\/articles\/el-street-style-de-copenhague-lo-confirma-regresa-el-pantalon-bombacho\/#breadcrumb"},"inLanguage":"es","potentialAction":[{"@type":"ReadAction","target":["https:\/\/graziamagazine.com\/es\/articles\/el-street-style-de-copenhague-lo-confirma-regresa-el-pantalon-bombacho\/"]}]},{"@type":"BreadcrumbList","@id":"https:\/\/graziamagazine.com\/es\/articles\/el-street-style-de-copenhague-lo-confirma-regresa-el-pantalon-bombacho\/#breadcrumb","itemListElement":[{"@type":"ListItem","position":1,"name":"Portada","item":"https:\/\/graziamagazine.com\/es\/"},{"@type":"ListItem","position":2,"name":"Street style de Copenhague: regresa el pantal\u00f3n bombacho"}]},{"@type":"WebSite","@id":"https:\/\/graziamagazine.com\/es\/#website","url":"https:\/\/graziamagazine.com\/es\/","name":"Grazia","description":"Moda, belleza, celebrities, estilo de vida...","potentialAction":[{"@type":"SearchAction","target":{"@type":"EntryPoint","urlTemplate":"https:\/\/graziamagazine.com\/es\/?s={search_term_string}"},"query-input":"required name=search_term_string"}],"inLanguage":"es"}]}},"jetpack_sharing_enabled":true,"distributor_meta":false,"distributor_terms":false,"distributor_media":false,"distributor_original_site_name":"Grazia","distributor_original_site_url":"https:\/\/graziamagazine.com\/es","push-errors":false,"_links":{"self":[{"href":"https:\/\/graziamagazine.com\/es\/wp-json\/wp\/v2\/articles\/186836"}],"collection":[{"href":"https:\/\/graziamagazine.com\/es\/wp-json\/wp\/v2\/articles"}],"about":[{"href":"https:\/\/graziamagazine.com\/es\/wp-json\/wp\/v2\/types\/articles"}],"author":[{"embeddable":true,"href":"https:\/\/graziamagazine.com\/es\/wp-json\/wp\/v2\/users\/16349"}],"wp:featuredmedia":[{"embeddable":true,"href":"https:\/\/graziamagazine.com\/es\/wp-json\/wp\/v2\/media\/186841"}],"wp:attachment":[{"href":"https:\/\/graziamagazine.com\/es\/wp-json\/wp\/v2\/media?parent=186836"}],"wp:term":[{"taxonomy":"category","embeddable":true,"href":"https:\/\/graziamagazine.com\/es\/wp-json\/wp\/v2\/categories?post=186836"}],"curies":[{"name":"wp","href":"https:\/\/api.w.org\/{rel}","templated":true}]}}