{"id":186832,"date":"2025-08-11T08:30:52","date_gmt":"2025-08-11T06:30:52","guid":{"rendered":"https:\/\/graziamagazine.com\/es\/?post_type=articles&#038;p=186832"},"modified":"2025-08-11T14:26:50","modified_gmt":"2025-08-11T12:26:50","slug":"gorro-de-crochet-el-accesorio-favorito-de-las-chicas-danesas","status":"publish","type":"articles","link":"https:\/\/graziamagazine.com\/es\/articles\/gorro-de-crochet-el-accesorio-favorito-de-las-chicas-danesas\/","title":{"rendered":"Casquete de crochet, el accesorio favorito de las chicas danesas"},"content":{"rendered":"<p>Sombreros de crochet, gorros tejidos, bucket hats artesanales: esta pieza de nostalgia setentera lleg\u00f3 con fuerza al rada del street style de Copenhague. Pero lo hizo en una versi\u00f3n muy peculiar, que asemeja los gorros de las abuelitas (y por eso les llaman\u00a0<em>grandma cap<\/em>), elaborados con una t\u00e9cnica delicada para generar mayor impacto en la moda. As\u00ed como los pantalones bombachos llegaron a la semana de la moda de Copenhague, tambi\u00e9n lo hizo este accesorio para la cabeza.<\/p>\n<h3>Gorros de crochet en Copenhague Fashion Week<\/h3>\n<p>La crochet cap fue un elemento sorpresa dentro del outfit de las influencers de Copenhague, quienes apostaron por este accesorio para elevar el look veraniego con mucha frescura. No solo es un gui\u00f1o a la moda boho, sino que lleva d\u00e9cadas existiendo dentro y fuera de la industria de las pasarelas.<\/p>\n<p><img loading=\"lazy\" decoding=\"async\" class=\"aligncenter size-full wp-image-186861\" src=\"https:\/\/graziamagazine.com\/es\/wp-content\/uploads\/sites\/12\/2025\/08\/telva-7.jpg\" alt=\"\" width=\"1440\" height=\"1800\" srcset=\"https:\/\/graziamagazine.com\/es\/wp-content\/uploads\/sites\/12\/2025\/08\/telva-7.jpg 1440w, https:\/\/graziamagazine.com\/es\/wp-content\/uploads\/sites\/12\/2025\/08\/telva-7-240x300.jpg 240w, https:\/\/graziamagazine.com\/es\/wp-content\/uploads\/sites\/12\/2025\/08\/telva-7-819x1024.jpg 819w, https:\/\/graziamagazine.com\/es\/wp-content\/uploads\/sites\/12\/2025\/08\/telva-7-768x960.jpg 768w, https:\/\/graziamagazine.com\/es\/wp-content\/uploads\/sites\/12\/2025\/08\/telva-7-1229x1536.jpg 1229w, https:\/\/graziamagazine.com\/es\/wp-content\/uploads\/sites\/12\/2025\/08\/telva-7-400x500.jpg 400w, https:\/\/graziamagazine.com\/es\/wp-content\/uploads\/sites\/12\/2025\/08\/telva-7-155x194.jpg 155w\" sizes=\"(max-width: 1440px) 100vw, 1440px\" \/><\/p>\n<p>Hechos con una t\u00e9cnica de tejido que floreci\u00f3 en Europa durante el siglo XIX, pas\u00f3 el tiempo hacia los sesenta y setenta tuvo un gran empuje gracias al esp\u00edritu de aquella \u00e9poca: crochet caps con flores de colores, colores vibrantes y una silueta muy relajada que reflejara ese aspecto creativo.<\/p>\n<p><img loading=\"lazy\" decoding=\"async\" class=\"aligncenter size-full wp-image-186860\" src=\"https:\/\/graziamagazine.com\/es\/wp-content\/uploads\/sites\/12\/2025\/08\/telva-8.jpg\" alt=\"\" width=\"1440\" height=\"1800\" srcset=\"https:\/\/graziamagazine.com\/es\/wp-content\/uploads\/sites\/12\/2025\/08\/telva-8.jpg 1440w, https:\/\/graziamagazine.com\/es\/wp-content\/uploads\/sites\/12\/2025\/08\/telva-8-240x300.jpg 240w, https:\/\/graziamagazine.com\/es\/wp-content\/uploads\/sites\/12\/2025\/08\/telva-8-819x1024.jpg 819w, https:\/\/graziamagazine.com\/es\/wp-content\/uploads\/sites\/12\/2025\/08\/telva-8-768x960.jpg 768w, https:\/\/graziamagazine.com\/es\/wp-content\/uploads\/sites\/12\/2025\/08\/telva-8-1229x1536.jpg 1229w, https:\/\/graziamagazine.com\/es\/wp-content\/uploads\/sites\/12\/2025\/08\/telva-8-400x500.jpg 400w, https:\/\/graziamagazine.com\/es\/wp-content\/uploads\/sites\/12\/2025\/08\/telva-8-155x194.jpg 155w\" sizes=\"(max-width: 1440px) 100vw, 1440px\" \/><\/p>\n<p>De acuerdo con\u00a0<em>WWD,\u00a0<\/em>las ra\u00edces del \u2018crochet cap\u2019 vienen desde que en 1910 ayudaban a que los rizos de las mujeres se enredaran durante la noche; para los a\u00f1os veinte, se volvi\u00f3 parte del atuendo de las flappers, y en los cincuenta se tradujo en una gorra de ba\u00f1o (con mucho estilo).<\/p>\n<p><img loading=\"lazy\" decoding=\"async\" class=\"aligncenter size-full wp-image-186859\" src=\"https:\/\/graziamagazine.com\/es\/wp-content\/uploads\/sites\/12\/2025\/08\/telva-5.jpg\" alt=\"\" width=\"1440\" height=\"1799\" srcset=\"https:\/\/graziamagazine.com\/es\/wp-content\/uploads\/sites\/12\/2025\/08\/telva-5.jpg 1440w, https:\/\/graziamagazine.com\/es\/wp-content\/uploads\/sites\/12\/2025\/08\/telva-5-240x300.jpg 240w, https:\/\/graziamagazine.com\/es\/wp-content\/uploads\/sites\/12\/2025\/08\/telva-5-820x1024.jpg 820w, https:\/\/graziamagazine.com\/es\/wp-content\/uploads\/sites\/12\/2025\/08\/telva-5-768x959.jpg 768w, https:\/\/graziamagazine.com\/es\/wp-content\/uploads\/sites\/12\/2025\/08\/telva-5-1229x1536.jpg 1229w, https:\/\/graziamagazine.com\/es\/wp-content\/uploads\/sites\/12\/2025\/08\/telva-5-400x500.jpg 400w, https:\/\/graziamagazine.com\/es\/wp-content\/uploads\/sites\/12\/2025\/08\/telva-5-155x194.jpg 155w\" sizes=\"(max-width: 1440px) 100vw, 1440px\" \/><\/p>\n<p>Hoy en d\u00eda se antoja usarlo para llevar a un <em>farmers market\u00a0<\/em>o a la playa, pero tambi\u00e9n se pueden combinar con blazers estructurados y conjuntos sastre para crear un look m\u00e1s distintivo. Lo mejor es que cada uno de estos gorros cuenta con su propia historia: puede ser una pieza vintage heredada, el hallazgo de un viaje o incluso un proyecto DIY (nunca est\u00e1 de m\u00e1s a\u00f1adir el tejido entre nuestros hobbies, es sumamente relajante).<\/p>\n<p><img decoding=\"async\" src=\"https:\/\/estaticos-cdn.prensaiberica.es\/clip\/517f3edd-93c7-430a-a1c5-2fba84becc9f_source-aspect-ratio_default_0.jpg\" alt=\"Raquel Hammerh\u00f8j y Marianela Hern\u00e1ndez han llevado a Copenhague el estilo canario\" \/><\/p>\n<p>Pero es en momentos como la Copenhague Fashion Week que vemos el\u00a0<em>revival\u00a0<\/em>de una pieza que nos da mucho estilismo de resort con una mezcla kitsch, y es que la \u2018crochet bath cap\u2019 puede usarse en variedad de colores (como azul y rosa pastel) o lo m\u00e1s tradicional y combinable (que son negro y blanco).<\/p>\n<p><img loading=\"lazy\" decoding=\"async\" class=\"aligncenter size-full wp-image-186858\" src=\"https:\/\/graziamagazine.com\/es\/wp-content\/uploads\/sites\/12\/2025\/08\/telva-6.jpg\" alt=\"\" width=\"1440\" height=\"1800\" srcset=\"https:\/\/graziamagazine.com\/es\/wp-content\/uploads\/sites\/12\/2025\/08\/telva-6.jpg 1440w, https:\/\/graziamagazine.com\/es\/wp-content\/uploads\/sites\/12\/2025\/08\/telva-6-240x300.jpg 240w, https:\/\/graziamagazine.com\/es\/wp-content\/uploads\/sites\/12\/2025\/08\/telva-6-819x1024.jpg 819w, https:\/\/graziamagazine.com\/es\/wp-content\/uploads\/sites\/12\/2025\/08\/telva-6-768x960.jpg 768w, https:\/\/graziamagazine.com\/es\/wp-content\/uploads\/sites\/12\/2025\/08\/telva-6-1229x1536.jpg 1229w, https:\/\/graziamagazine.com\/es\/wp-content\/uploads\/sites\/12\/2025\/08\/telva-6-400x500.jpg 400w, https:\/\/graziamagazine.com\/es\/wp-content\/uploads\/sites\/12\/2025\/08\/telva-6-155x194.jpg 155w\" sizes=\"(max-width: 1440px) 100vw, 1440px\" \/><\/p>\n<h3>Algunas ideas para sumarlo a tu armario<\/h3>\n<p><a href=\"https:\/\/www.massimodutti.com\/es\/gorro-calado-crochet-l04613661?cS=318&amp;tduid=6b9e23c8469cea69a5172f85f814d4bd&amp;utm_source=tradedoubler&amp;utm_medium=affiliates&amp;utm_campaign=MD_PER_ALWAYSON_TRADEDOUBLER_ES_AFFILIATES_MIX_MIX_MIX_3123210&amp;utm_term=3123210&amp;utm_content=5\" target=\"_blank\">Gorro de crochet con mezcla de algod\u00f3n y tejido calada, de Massimo Dutti (49,95 euros)<\/a><\/p>\n<p><img loading=\"lazy\" decoding=\"async\" class=\"aligncenter size-full wp-image-186864\" src=\"https:\/\/graziamagazine.com\/es\/wp-content\/uploads\/sites\/12\/2025\/08\/04613661318-o1-e1754895276284.jpg\" alt=\"\" width=\"1376\" height=\"1171\" srcset=\"https:\/\/graziamagazine.com\/es\/wp-content\/uploads\/sites\/12\/2025\/08\/04613661318-o1-e1754895276284.jpg 1376w, https:\/\/graziamagazine.com\/es\/wp-content\/uploads\/sites\/12\/2025\/08\/04613661318-o1-e1754895276284-300x255.jpg 300w, https:\/\/graziamagazine.com\/es\/wp-content\/uploads\/sites\/12\/2025\/08\/04613661318-o1-e1754895276284-1024x871.jpg 1024w, https:\/\/graziamagazine.com\/es\/wp-content\/uploads\/sites\/12\/2025\/08\/04613661318-o1-e1754895276284-768x654.jpg 768w, https:\/\/graziamagazine.com\/es\/wp-content\/uploads\/sites\/12\/2025\/08\/04613661318-o1-e1754895276284-400x340.jpg 400w, https:\/\/graziamagazine.com\/es\/wp-content\/uploads\/sites\/12\/2025\/08\/04613661318-o1-e1754895276284-155x132.jpg 155w\" sizes=\"(max-width: 1376px) 100vw, 1376px\" \/><\/p>\n<p><a href=\"https:\/\/www.antikbatik.com\/es-es\/products\/tinga-hat?variant=48971927945493&amp;gad_source=1&amp;gad_campaignid=22549830432&amp;gbraid=0AAAAADs5SRe9KPoB4VFmcJPOFH9d1yUY0&amp;gclid=CjwKCAjwhuHEBhBHEiwAZrvdcoW7rAv_aKj5DKcVxsCP3BR3r98VAGICtHrYgqIhsY2nx1-kXAoksBoCsJUQAvD_BwE\" target=\"_blank\">Casquete de la colaboraci\u00f3n Antik Batik &amp; PARDOhats (220 euros)\u00a0<\/a><\/p>\n<div class=\"product-form\">\n<div class=\"product-meta__short-description\">\n<div class=\"metafield-rich_text_field\">\n<p><img loading=\"lazy\" decoding=\"async\" class=\"aligncenter size-full wp-image-186865\" src=\"https:\/\/graziamagazine.com\/es\/wp-content\/uploads\/sites\/12\/2025\/08\/ANTIK-BATIK-X-PARDO-HATS-SS25-TINGA-HAT-CROCHET-BLACK-24-copia-scaled-e1754895460681.jpg\" alt=\"\" width=\"1847\" height=\"1557\" srcset=\"https:\/\/graziamagazine.com\/es\/wp-content\/uploads\/sites\/12\/2025\/08\/ANTIK-BATIK-X-PARDO-HATS-SS25-TINGA-HAT-CROCHET-BLACK-24-copia-scaled-e1754895460681.jpg 1847w, https:\/\/graziamagazine.com\/es\/wp-content\/uploads\/sites\/12\/2025\/08\/ANTIK-BATIK-X-PARDO-HATS-SS25-TINGA-HAT-CROCHET-BLACK-24-copia-scaled-e1754895460681-300x253.jpg 300w, https:\/\/graziamagazine.com\/es\/wp-content\/uploads\/sites\/12\/2025\/08\/ANTIK-BATIK-X-PARDO-HATS-SS25-TINGA-HAT-CROCHET-BLACK-24-copia-scaled-e1754895460681-1024x863.jpg 1024w, https:\/\/graziamagazine.com\/es\/wp-content\/uploads\/sites\/12\/2025\/08\/ANTIK-BATIK-X-PARDO-HATS-SS25-TINGA-HAT-CROCHET-BLACK-24-copia-scaled-e1754895460681-768x647.jpg 768w, https:\/\/graziamagazine.com\/es\/wp-content\/uploads\/sites\/12\/2025\/08\/ANTIK-BATIK-X-PARDO-HATS-SS25-TINGA-HAT-CROCHET-BLACK-24-copia-scaled-e1754895460681-1536x1295.jpg 1536w, https:\/\/graziamagazine.com\/es\/wp-content\/uploads\/sites\/12\/2025\/08\/ANTIK-BATIK-X-PARDO-HATS-SS25-TINGA-HAT-CROCHET-BLACK-24-copia-scaled-e1754895460681-400x337.jpg 400w, https:\/\/graziamagazine.com\/es\/wp-content\/uploads\/sites\/12\/2025\/08\/ANTIK-BATIK-X-PARDO-HATS-SS25-TINGA-HAT-CROCHET-BLACK-24-copia-scaled-e1754895460681-155x131.jpg 155w\" sizes=\"(max-width: 1847px) 100vw, 1847px\" \/><\/p>\n<p class=\"product-name\"><a href=\"https:\/\/www.ralphlauren.es\/es\/gorro-de-algodon-de-croche-con-abalorios-3616854647895.html?gclsrc=aw.ds&amp;utm_subchannel=shopping&amp;utm_source=google&amp;utm_medium=paidshopping&amp;utm_campaign=zero_converting&amp;utm_term=pmax&amp;utm_content=crid_campaign21646757932_adgroup_tid_pid3616854647895&amp;gad_source=1&amp;gad_campaignid=21643013672&amp;gbraid=0AAAAADnESOwYyZJfds_KXd6sDiafBK8Sq&amp;gclid=CjwKCAjwhuHEBhBHEiwAZrvdci_rnkj0llerjizeurCSHs4tIncmDsMaGjtuxWF6Qi6CU8id9u9XvhoCe0EQAvD_BwE\" target=\"_blank\">Gorro de algod\u00f3n de croch\u00e9 con abalorios, de Ralph Lauren (1.195 euros)<\/a><\/p>\n<div class=\"refresh-pdp-favorites\">\n<div class=\"wishlist-pdp add-to-favorites\" data-item=\"3616854647895\"><img loading=\"lazy\" decoding=\"async\" class=\"aligncenter size-full wp-image-186866\" src=\"https:\/\/graziamagazine.com\/es\/wp-content\/uploads\/sites\/12\/2025\/08\/s7-AI211A91384001_lifestyle-copia-e1754895538550.jpg\" alt=\"\" width=\"781\" height=\"749\" srcset=\"https:\/\/graziamagazine.com\/es\/wp-content\/uploads\/sites\/12\/2025\/08\/s7-AI211A91384001_lifestyle-copia-e1754895538550.jpg 781w, https:\/\/graziamagazine.com\/es\/wp-content\/uploads\/sites\/12\/2025\/08\/s7-AI211A91384001_lifestyle-copia-e1754895538550-300x288.jpg 300w, https:\/\/graziamagazine.com\/es\/wp-content\/uploads\/sites\/12\/2025\/08\/s7-AI211A91384001_lifestyle-copia-e1754895538550-768x737.jpg 768w, https:\/\/graziamagazine.com\/es\/wp-content\/uploads\/sites\/12\/2025\/08\/s7-AI211A91384001_lifestyle-copia-e1754895538550-400x384.jpg 400w, https:\/\/graziamagazine.com\/es\/wp-content\/uploads\/sites\/12\/2025\/08\/s7-AI211A91384001_lifestyle-copia-e1754895538550-155x149.jpg 155w\" sizes=\"(max-width: 781px) 100vw, 781px\" \/><\/div>\n<div data-item=\"3616854647895\"><\/div>\n<div data-item=\"3616854647895\">\n<div class=\"product__area__branding\">\n<p class=\"product__area__branding__name\"><a href=\"https:\/\/www.mytheresa.com\/euro\/es\/mujer\/loro-piana-gorro-en-croche-de-algodon-beige-p00762600?dplink=true&amp;utm_source=sea_pla&amp;utm_medium=google&amp;utm_campaign=google_sea&amp;chn=sea_shopping&amp;src=google&amp;cmp=17373742474&amp;tarea=es&amp;tar=&amp;ag=&amp;ptyp=&amp;feed_num=P00762600-1&amp;gclid=CjwKCAjwhuHEBhBHEiwAZrvdcpPD2riLizV7kGhngLfPAydW-yydr9Xn5_19EgWgJtHKuW8rUOBwQhoCohwQAvD_BwE&amp;gbraid=0AAAAAD3Pw-m5utPKaRCrBiH_I2oQAll2f&amp;gad_source=1&amp;gad_campaignid=17373743662&amp;gbraid=0AAAAAD3Pw-m5utPKaRCrBiH_I2oQAll2f&amp;slink_id=9d9157e0-2337-46f9-91ae-0f57e6cddcab&amp;slink=1\" target=\"_blank\">Gorro en croch\u00e9 de algod\u00f3n, de Loro Piana (490 euros en MyTheresa)<\/a><\/p>\n<p><img loading=\"lazy\" decoding=\"async\" class=\"aligncenter size-full wp-image-186867\" src=\"https:\/\/graziamagazine.com\/es\/wp-content\/uploads\/sites\/12\/2025\/08\/P00762600-copia-e1754895656137.jpg\" alt=\"\" width=\"1065\" height=\"905\" srcset=\"https:\/\/graziamagazine.com\/es\/wp-content\/uploads\/sites\/12\/2025\/08\/P00762600-copia-e1754895656137.jpg 1065w, https:\/\/graziamagazine.com\/es\/wp-content\/uploads\/sites\/12\/2025\/08\/P00762600-copia-e1754895656137-300x255.jpg 300w, https:\/\/graziamagazine.com\/es\/wp-content\/uploads\/sites\/12\/2025\/08\/P00762600-copia-e1754895656137-1024x870.jpg 1024w, https:\/\/graziamagazine.com\/es\/wp-content\/uploads\/sites\/12\/2025\/08\/P00762600-copia-e1754895656137-768x653.jpg 768w, https:\/\/graziamagazine.com\/es\/wp-content\/uploads\/sites\/12\/2025\/08\/P00762600-copia-e1754895656137-400x340.jpg 400w, https:\/\/graziamagazine.com\/es\/wp-content\/uploads\/sites\/12\/2025\/08\/P00762600-copia-e1754895656137-155x132.jpg 155w\" sizes=\"(max-width: 1065px) 100vw, 1065px\" \/><\/p>\n<p><a href=\"https:\/\/www.farfetch.com\/es\/shopping\/women\/rabanne-gorro-de-ganchillo-con-cuentas-item-30639211.aspx?clickref=1110lmDMoat&amp;utm_source=skimlinks_phg&amp;utm_medium=affiliate&amp;utm_campaign=PHES&amp;pid=performancehorizon_int&amp;c=PHES&amp;clickid=1110lmDMoat&amp;af_siteid=skimlinks_phg&amp;af_cost_model=CPA&amp;af_channel=affiliate&amp;is_retargeting=true\" target=\"_blank\">Gorro de ganchillo con cuentas, de Rabanne (666 euros en Farfetch)<\/a><\/p>\n<p><img loading=\"lazy\" decoding=\"async\" class=\"aligncenter size-full wp-image-186868\" src=\"https:\/\/graziamagazine.com\/es\/wp-content\/uploads\/sites\/12\/2025\/08\/30639211_59505739_1000-copia-e1754895919904.jpg\" alt=\"\" width=\"984\" height=\"813\" srcset=\"https:\/\/graziamagazine.com\/es\/wp-content\/uploads\/sites\/12\/2025\/08\/30639211_59505739_1000-copia-e1754895919904.jpg 984w, https:\/\/graziamagazine.com\/es\/wp-content\/uploads\/sites\/12\/2025\/08\/30639211_59505739_1000-copia-e1754895919904-300x248.jpg 300w, https:\/\/graziamagazine.com\/es\/wp-content\/uploads\/sites\/12\/2025\/08\/30639211_59505739_1000-copia-e1754895919904-768x635.jpg 768w, https:\/\/graziamagazine.com\/es\/wp-content\/uploads\/sites\/12\/2025\/08\/30639211_59505739_1000-copia-e1754895919904-400x330.jpg 400w, https:\/\/graziamagazine.com\/es\/wp-content\/uploads\/sites\/12\/2025\/08\/30639211_59505739_1000-copia-e1754895919904-155x128.jpg 155w\" sizes=\"(max-width: 984px) 100vw, 984px\" \/><\/p>\n<p><a href=\"http:\/\/Gorro de crochet con conchas\" target=\"_blank\">Gorro de crochet con conchas, de Parfois (23,99 euros)<\/a><\/p>\n<p><img loading=\"lazy\" decoding=\"async\" class=\"aligncenter size-full wp-image-186870\" src=\"https:\/\/graziamagazine.com\/es\/wp-content\/uploads\/sites\/12\/2025\/08\/234824_HM_1yf-1-copia-scaled-e1754914847327.jpg\" alt=\"\" width=\"1838\" height=\"1454\" srcset=\"https:\/\/graziamagazine.com\/es\/wp-content\/uploads\/sites\/12\/2025\/08\/234824_HM_1yf-1-copia-scaled-e1754914847327.jpg 1838w, https:\/\/graziamagazine.com\/es\/wp-content\/uploads\/sites\/12\/2025\/08\/234824_HM_1yf-1-copia-scaled-e1754914847327-300x237.jpg 300w, https:\/\/graziamagazine.com\/es\/wp-content\/uploads\/sites\/12\/2025\/08\/234824_HM_1yf-1-copia-scaled-e1754914847327-1024x810.jpg 1024w, https:\/\/graziamagazine.com\/es\/wp-content\/uploads\/sites\/12\/2025\/08\/234824_HM_1yf-1-copia-scaled-e1754914847327-768x608.jpg 768w, https:\/\/graziamagazine.com\/es\/wp-content\/uploads\/sites\/12\/2025\/08\/234824_HM_1yf-1-copia-scaled-e1754914847327-1536x1215.jpg 1536w, https:\/\/graziamagazine.com\/es\/wp-content\/uploads\/sites\/12\/2025\/08\/234824_HM_1yf-1-copia-scaled-e1754914847327-400x316.jpg 400w, https:\/\/graziamagazine.com\/es\/wp-content\/uploads\/sites\/12\/2025\/08\/234824_HM_1yf-1-copia-scaled-e1754914847327-155x123.jpg 155w\" sizes=\"(max-width: 1838px) 100vw, 1838px\" \/><\/p>\n<p><a href=\"https:\/\/shop.mango.com\/es\/es\/p\/mujer\/sombreros-y-gorras\/gorros\/gorro-crochet-estrellas_17081126?c=85&amp;utm_source=TnL5HPStwNw&amp;utm_medium=affiliate&amp;utm_campaign=rakuteneu&amp;ranMID=53120&amp;ranEAID=TnL5HPStwNw&amp;ranSiteID=TnL5HPStwNw-epGRYhGLbBcpQW4MuvTn4A\" target=\"_blank\">Gorro con estrellas, de Mango (ahora 12,99 euros)\u00a0<\/a><\/p>\n<p><img loading=\"lazy\" decoding=\"async\" class=\"aligncenter size-full wp-image-186871\" src=\"https:\/\/graziamagazine.com\/es\/wp-content\/uploads\/sites\/12\/2025\/08\/Producto-2025-06-27T121957.512-copia-e1754914976468.jpg\" alt=\"\" width=\"611\" height=\"450\" srcset=\"https:\/\/graziamagazine.com\/es\/wp-content\/uploads\/sites\/12\/2025\/08\/Producto-2025-06-27T121957.512-copia-e1754914976468.jpg 611w, https:\/\/graziamagazine.com\/es\/wp-content\/uploads\/sites\/12\/2025\/08\/Producto-2025-06-27T121957.512-copia-e1754914976468-300x221.jpg 300w, https:\/\/graziamagazine.com\/es\/wp-content\/uploads\/sites\/12\/2025\/08\/Producto-2025-06-27T121957.512-copia-e1754914976468-400x295.jpg 400w, https:\/\/graziamagazine.com\/es\/wp-content\/uploads\/sites\/12\/2025\/08\/Producto-2025-06-27T121957.512-copia-e1754914976468-155x114.jpg 155w\" sizes=\"(max-width: 611px) 100vw, 611px\" \/><\/p>\n<\/div>\n<\/div>\n<\/div>\n<\/div>\n<\/div>\n<\/div>\n<div class=\"col-xs-12 mb-56\">\n<div class=\"product-info-detail container-20\">\n<section class=\"row mt-24 product-page-product-info\">\n<div class=\"col-xs-12\">\n<div class=\"info ma-product-ac-inner\">\n<div class=\"toggle-pdp-description\">\n<p class=\"text-l\" style=\"margin: 0px;padding: 0px;border: 0px;font-size: 12px;vertical-align: baseline;background: transparent;font-family: suisse-regular, Helvetica, arial, sans-serif;font-weight: 500;line-height: 1.5\" aria-label=\" &lt;br&gt;&lt;br&gt; Gorro tejido croch\u00e9 mezcla algod\u00f3n. Tejido calado .\">\n<\/div>\n<\/div>\n<\/div>\n<\/section>\n<\/div>\n<\/div>\n<div class=\"col-xs-12 sm:hidden\">\n<div id=\"product-color-selector\">\n<div class=\"row mb-32\">\n<div class=\"col-xs-12\">\n<div id=\"product-color-selector\">\n<div class=\"row\">\n<div class=\"col-xs-12\">\n<div class=\"title-s ttu is-flex content-center\"><\/div>\n<\/div>\n<\/div>\n<\/div>\n<\/div>\n<\/div>\n<\/div>\n<\/div>\n<p><em>*Im\u00e1genes: Getty Images<\/em><\/p>\n<figure id=\"attachment_154379\" class=\"wp-caption alignnone\" style=\"width: 900px\" aria-describedby=\"caption-attachment-154379\"><\/figure>\n<figure id=\"attachment_154378\" class=\"wp-caption alignnone\" style=\"width: 900px\" aria-describedby=\"caption-attachment-154378\"><\/figure>\n","protected":false},"author":11653,"featured_media":186863,"template":"","format":"standard","categories":[1],"acf":[],"yoast_head":"<!-- This site is optimized with the Yoast SEO Premium plugin v18.5 (Yoast SEO v20.4) - https:\/\/yoast.com\/wordpress\/plugins\/seo\/ -->\n<title>Gorro de crochet, el accesorio favorito de las chicas danesas<\/title>\n<meta name=\"description\" content=\"Durante la Copenhague Fashion Week, las calles de la capital danesa nos han dejado un completo inesperado: la &#039;crochet cap&#039;.\" \/>\n<meta name=\"robots\" content=\"index, follow, max-snippet:-1, max-image-preview:large, max-video-preview:-1\" \/>\n<link rel=\"canonical\" href=\"https:\/\/graziamagazine.com\/es\/articles\/gorro-de-crochet-el-accesorio-favorito-de-las-chicas-danesas\/\" \/>\n<meta property=\"og:locale\" content=\"es_ES\" \/>\n<meta property=\"og:type\" content=\"article\" \/>\n<meta property=\"og:title\" content=\"Casquete de crochet, el accesorio favorito de las chicas danesas\" \/>\n<meta property=\"og:description\" content=\"Durante la Copenhague Fashion Week, las calles de la capital danesa nos han dejado un completo inesperado: la &#039;crochet cap&#039;.\" \/>\n<meta property=\"og:url\" content=\"https:\/\/graziamagazine.com\/es\/articles\/gorro-de-crochet-el-accesorio-favorito-de-las-chicas-danesas\/\" \/>\n<meta property=\"og:site_name\" content=\"Grazia\" \/>\n<meta property=\"article:modified_time\" content=\"2025-08-11T12:26:50+00:00\" \/>\n<meta property=\"og:image\" content=\"https:\/\/graziamagazine.com\/es\/wp-content\/uploads\/sites\/12\/2025\/08\/telva-6-1-e1754893819527.jpg\" \/>\n\t<meta property=\"og:image:width\" content=\"1419\" \/>\n\t<meta property=\"og:image:height\" content=\"849\" \/>\n\t<meta property=\"og:image:type\" content=\"image\/jpeg\" \/>\n<meta name=\"twitter:card\" content=\"summary_large_image\" \/>\n<meta name=\"twitter:label1\" content=\"Est. reading time\" \/>\n\t<meta name=\"twitter:data1\" content=\"5 minutos\" \/>\n<script type=\"application\/ld+json\" class=\"yoast-schema-graph\">{\"@context\":\"https:\/\/schema.org\",\"@graph\":[{\"@type\":\"WebPage\",\"@id\":\"https:\/\/graziamagazine.com\/es\/articles\/gorro-de-crochet-el-accesorio-favorito-de-las-chicas-danesas\/\",\"url\":\"https:\/\/graziamagazine.com\/es\/articles\/gorro-de-crochet-el-accesorio-favorito-de-las-chicas-danesas\/\",\"name\":\"Gorro de crochet, el accesorio favorito de las chicas danesas\",\"isPartOf\":{\"@id\":\"https:\/\/graziamagazine.com\/es\/#website\"},\"datePublished\":\"2025-08-11T06:30:52+00:00\",\"dateModified\":\"2025-08-11T12:26:50+00:00\",\"description\":\"Durante la Copenhague Fashion Week, las calles de la capital danesa nos han dejado un completo inesperado: la 'crochet cap'.\",\"breadcrumb\":{\"@id\":\"https:\/\/graziamagazine.com\/es\/articles\/gorro-de-crochet-el-accesorio-favorito-de-las-chicas-danesas\/#breadcrumb\"},\"inLanguage\":\"es\",\"potentialAction\":[{\"@type\":\"ReadAction\",\"target\":[\"https:\/\/graziamagazine.com\/es\/articles\/gorro-de-crochet-el-accesorio-favorito-de-las-chicas-danesas\/\"]}]},{\"@type\":\"BreadcrumbList\",\"@id\":\"https:\/\/graziamagazine.com\/es\/articles\/gorro-de-crochet-el-accesorio-favorito-de-las-chicas-danesas\/#breadcrumb\",\"itemListElement\":[{\"@type\":\"ListItem\",\"position\":1,\"name\":\"Portada\",\"item\":\"https:\/\/graziamagazine.com\/es\/\"},{\"@type\":\"ListItem\",\"position\":2,\"name\":\"Casquete de crochet, el accesorio favorito de las chicas danesas\"}]},{\"@type\":\"WebSite\",\"@id\":\"https:\/\/graziamagazine.com\/es\/#website\",\"url\":\"https:\/\/graziamagazine.com\/es\/\",\"name\":\"Grazia\",\"description\":\"Moda, belleza, celebrities, estilo de vida...\",\"potentialAction\":[{\"@type\":\"SearchAction\",\"target\":{\"@type\":\"EntryPoint\",\"urlTemplate\":\"https:\/\/graziamagazine.com\/es\/?s={search_term_string}\"},\"query-input\":\"required name=search_term_string\"}],\"inLanguage\":\"es\"}]}<\/script>\n<!-- \/ Yoast SEO Premium plugin. -->","yoast_head_json":{"title":"Gorro de crochet, el accesorio favorito de las chicas danesas","description":"Durante la Copenhague Fashion Week, las calles de la capital danesa nos han dejado un completo inesperado: la 'crochet cap'.","robots":{"index":"index","follow":"follow","max-snippet":"max-snippet:-1","max-image-preview":"max-image-preview:large","max-video-preview":"max-video-preview:-1"},"canonical":"https:\/\/graziamagazine.com\/es\/articles\/gorro-de-crochet-el-accesorio-favorito-de-las-chicas-danesas\/","og_locale":"es_ES","og_type":"article","og_title":"Casquete de crochet, el accesorio favorito de las chicas danesas","og_description":"Durante la Copenhague Fashion Week, las calles de la capital danesa nos han dejado un completo inesperado: la 'crochet cap'.","og_url":"https:\/\/graziamagazine.com\/es\/articles\/gorro-de-crochet-el-accesorio-favorito-de-las-chicas-danesas\/","og_site_name":"Grazia","article_modified_time":"2025-08-11T12:26:50+00:00","og_image":[{"width":1419,"height":849,"url":"https:\/\/graziamagazine.com\/es\/wp-content\/uploads\/sites\/12\/2025\/08\/telva-6-1-e1754893819527.jpg","type":"image\/jpeg"}],"twitter_card":"summary_large_image","twitter_misc":{"Est. reading time":"5 minutos"},"schema":{"@context":"https:\/\/schema.org","@graph":[{"@type":"WebPage","@id":"https:\/\/graziamagazine.com\/es\/articles\/gorro-de-crochet-el-accesorio-favorito-de-las-chicas-danesas\/","url":"https:\/\/graziamagazine.com\/es\/articles\/gorro-de-crochet-el-accesorio-favorito-de-las-chicas-danesas\/","name":"Gorro de crochet, el accesorio favorito de las chicas danesas","isPartOf":{"@id":"https:\/\/graziamagazine.com\/es\/#website"},"datePublished":"2025-08-11T06:30:52+00:00","dateModified":"2025-08-11T12:26:50+00:00","description":"Durante la Copenhague Fashion Week, las calles de la capital danesa nos han dejado un completo inesperado: la 'crochet cap'.","breadcrumb":{"@id":"https:\/\/graziamagazine.com\/es\/articles\/gorro-de-crochet-el-accesorio-favorito-de-las-chicas-danesas\/#breadcrumb"},"inLanguage":"es","potentialAction":[{"@type":"ReadAction","target":["https:\/\/graziamagazine.com\/es\/articles\/gorro-de-crochet-el-accesorio-favorito-de-las-chicas-danesas\/"]}]},{"@type":"BreadcrumbList","@id":"https:\/\/graziamagazine.com\/es\/articles\/gorro-de-crochet-el-accesorio-favorito-de-las-chicas-danesas\/#breadcrumb","itemListElement":[{"@type":"ListItem","position":1,"name":"Portada","item":"https:\/\/graziamagazine.com\/es\/"},{"@type":"ListItem","position":2,"name":"Casquete de crochet, el accesorio favorito de las chicas danesas"}]},{"@type":"WebSite","@id":"https:\/\/graziamagazine.com\/es\/#website","url":"https:\/\/graziamagazine.com\/es\/","name":"Grazia","description":"Moda, belleza, celebrities, estilo de vida...","potentialAction":[{"@type":"SearchAction","target":{"@type":"EntryPoint","urlTemplate":"https:\/\/graziamagazine.com\/es\/?s={search_term_string}"},"query-input":"required name=search_term_string"}],"inLanguage":"es"}]}},"jetpack_sharing_enabled":true,"distributor_meta":false,"distributor_terms":false,"distributor_media":false,"distributor_original_site_name":"Grazia","distributor_original_site_url":"https:\/\/graziamagazine.com\/es","push-errors":false,"_links":{"self":[{"href":"https:\/\/graziamagazine.com\/es\/wp-json\/wp\/v2\/articles\/186832"}],"collection":[{"href":"https:\/\/graziamagazine.com\/es\/wp-json\/wp\/v2\/articles"}],"about":[{"href":"https:\/\/graziamagazine.com\/es\/wp-json\/wp\/v2\/types\/articles"}],"author":[{"embeddable":true,"href":"https:\/\/graziamagazine.com\/es\/wp-json\/wp\/v2\/users\/11653"}],"wp:featuredmedia":[{"embeddable":true,"href":"https:\/\/graziamagazine.com\/es\/wp-json\/wp\/v2\/media\/186863"}],"wp:attachment":[{"href":"https:\/\/graziamagazine.com\/es\/wp-json\/wp\/v2\/media?parent=186832"}],"wp:term":[{"taxonomy":"category","embeddable":true,"href":"https:\/\/graziamagazine.com\/es\/wp-json\/wp\/v2\/categories?post=186832"}],"curies":[{"name":"wp","href":"https:\/\/api.w.org\/{rel}","templated":true}]}}